{"id":3198,"date":"2009-03-03T10:07:03","date_gmt":"2009-03-03T09:07:03","guid":{"rendered":"http:\/\/konsumpf.de\/?p=3198"},"modified":"2009-03-02T22:11:14","modified_gmt":"2009-03-02T21:11:14","slug":"die-grunen-retter","status":"publish","type":"post","link":"https:\/\/konsumpf.de\/?p=3198","title":{"rendered":"Die gr\u00fcnen Retter"},"content":{"rendered":"<p><a href=\"http:\/\/konsumpf.de\/wp-content\/uploads\/2009\/03\/odys.jpg\"><img loading=\"lazy\" decoding=\"async\" class=\"size-full wp-image-3277 aligncenter\" style=\"margin-bottom: 8px;\" title=\"odys\" src=\"http:\/\/konsumpf.de\/wp-content\/uploads\/2009\/03\/odys.jpg\" alt=\"odys\" width=\"500\" height=\"39\" srcset=\"https:\/\/konsumpf.de\/wp-content\/uploads\/2009\/03\/odys.jpg 765w, https:\/\/konsumpf.de\/wp-content\/uploads\/2009\/03\/odys-300x23.jpg 300w\" sizes=\"(max-width: 500px) 100vw, 500px\" \/><\/a>Ein sch\u00f6nes Beispiel daf\u00fcr, wie weit das Konzept des <strong>\u201enachhaltigen Konsums<\/strong>\u201c inzwischen auch im Mainstream angekommen ist, liefert derzeit das <strong>SWR-Fernsehen<\/strong> in seiner Sendung <strong>Odysso<\/strong>. Unter dem Titel <strong>\u201eDie gr\u00fcnen Retter \u2013 Mit Innovationen die Welt verbessern\u201c<\/strong> wird in mehreren Folgen auf dieses Ph\u00e4nomen (plump als \u201eMega-Trend\u201c bezeichnet) eingegangen und anhand ausgew\u00e4hlter Beispiele engagierter Menschen (Verbraucher wie Forscher) gezeigt, was man selbst tun kann und was von Seiten der Wissenschaft getan wird, um der Zerst\u00f6rung des Planeten Einhalt zu gebieten. Bemerkenswert an der ersten Folge war f\u00fcr mich zum einen, wie stark man hier doch auf die \u201eCO2-Hysterie\u201c einsteigt (so als wenn es bei der Umweltbelastung fast nur auf den CO2-Aussto\u00df ankommt) und nat\u00fcrlich auch die von mir auch schon einigen Stellen ge\u00e4u\u00dferte Skepsis, dass man mit einem LOHAS-Lebenswandel, also mit einer blo\u00dfen \u201eBegr\u00fcnung\u201c des Konsums, tats\u00e4chlich eine Wende wird einleiten k\u00f6nnen. Nat\u00fcrlich hat der Verbraucher in diesem Land eine gewisse (letztlich aber doch begrenzte) Macht und sollte sich auch darum bem\u00fchen, sein Dasein einigerma\u00dfen \u201enachhaltig\u201c zu gestalten, nur wird dies, so f\u00fcrchte ich, in einem Wirtschaftssystem, das auf permanentes Wachstum angewiesen ist, leider den Raubbau mit all seinen Folgen f\u00fcr die Umwelt und die Gesellschaft nur etwas verlangsamen, nicht stoppen oder gar umkehren.<\/p>\n<p>Mal schauen, was die weiteren Folgen dieser SWR-Serie so zu bieten haben (laufen immer <strong>Donnerstags um 22 Uhr<\/strong>), ich hoffe mal, dass dann auch noch ein paar weitere Facetten zur Sprache kommen \u2013 die <a href=\"http:\/\/www.swr.de\/odysso\/-\/id=1046894\/nid=1046894\/did=4407914\/xow0rv\/index.html\">erste Folge kann man sich netter Weise auf der Homepage anschauen<\/a>, aufgeteilt in einzelne Beitragsh\u00e4ppchen.<\/p>\n<blockquote>\n<div class=\"einleitung\">\n<p>Die Krise boomt. Ob Finanzkrise, Wirtschaftskrise oder Klimakrise \u2013 die Welt hat sich ver\u00e4ndert. Unwiederbringlich. Und das ist gut so, denn es ist h\u00f6chste Zeit, einiges grundlegend zu \u00e4ndern. Zum Beispiel die Verschwendung von Energie und Rohstoffen, oder den massiven Aussto\u00df des Treibhausgases CO2. Das Wissen und das technische Know-how dazu ist da. Jetzt geht es darum, Nachhaltigkeit und klimagerechtes Produzieren konsequent umzusetzen. Der Welt ist zu helfen, und jeder kann dazu beitragen. Odysso stellt Menschen vor die wissen, was wirklich z\u00e4hlt und mit guten Ideen und Engagement unsere Zukunft neu erfinden.<\/p><\/div>\n<p>Tu was! Aber was? Das fragen sich viele B\u00fcrger, wenn es darum geht, im Kampf gegen den Klimawandel selbst aktiv zu werden. Nicht Verzicht lautet die L\u00f6sung, sondern strategisch einkaufen, sagt der studierte \u00d6konom Michael Billharz. Und verr\u00e4t auch gleich wie das geht. Jedes Produkt, aber auch jeder Mensch, hinterl\u00e4sst n\u00e4mlich einen sogenannten \u00f6kologischen Fu\u00dfabdruck. Und der l\u00e4sst sich messen in Kilowattstunden und Tonnen CO2. So l\u00e4sst sich die Warenwelt in gute und schlechte Produkte einteilen. Das hat auch die Wirtschaft erkannt, denn Nachhaltigkeit ist nicht nur gut f\u00fcrs Klima, sondern auch f\u00fcr die Bilanzen. Odysso verr\u00e4t, warum moralischer Konsum der neue Mega-Trend ist und zeigt, wie man einfach das Richtige tut.<\/p><\/blockquote>\n<p>&gt;&gt; <a href=\"http:\/\/www.swr.de\/odysso\/-\/id=4550154\/property=download\/nid=1046894\/1xqxbno\/Odysso_090226.pdf\">Download der Sendungsbrosch\u00fcre als pdf<\/a><\/p>\n<h3 class='related_post_title'>Verwandte Beitr\u00e4ge:<\/h3><ul class='related_post'><li><a href=\"http:\/\/konsumpf.de\/?p=7199\" title=\"Der Rat f\u00fcr Nachhaltige Entwicklung\">Der Rat f\u00fcr Nachhaltige Entwicklung<\/a><\/li><li><a href=\"http:\/\/konsumpf.de\/?p=2856\" title=\"Vom Wissen zum Handeln \/ Sozial-\u00f6kologische Forschung\">Vom Wissen zum Handeln \/ Sozial-\u00f6kologische Forschung<\/a><\/li><li><a href=\"http:\/\/konsumpf.de\/?p=15303\" title=\"Zeit zu entgiften\">Zeit zu entgiften<\/a><\/li><li><a href=\"http:\/\/konsumpf.de\/?p=15174\" title=\"Dumme W\u00e4hler und kurzsichtige Konsumenten\">Dumme W\u00e4hler und kurzsichtige Konsumenten<\/a><\/li><li><a href=\"http:\/\/konsumpf.de\/?p=15112\" title=\"Fernsehtipp: Weniger ist mehr \u2013 Die Grenzen des Wachstums und das bessere Leben\">Fernsehtipp: Weniger ist mehr \u2013 Die Grenzen des Wachstums und das bessere Leben<\/a><\/li><\/ul>","protected":false},"excerpt":{"rendered":"<p>Ein sch\u00f6nes Beispiel daf\u00fcr, wie weit das Konzept des \u201enachhaltigen Konsums\u201c inzwischen auch im Mainstream angekommen ist, liefert derzeit das SWR-Fernsehen in seiner Sendung Odysso. Unter dem Titel \u201eDie gr\u00fcnen Retter \u2013 Mit Innovationen die Welt verbessern\u201c wird in mehreren Folgen auf dieses Ph\u00e4nomen (plump als \u201eMega-Trend\u201c bezeichnet) eingegangen und anhand ausgew\u00e4hlter Beispiele engagierter Menschen [&hellip;]<\/p>\n","protected":false},"author":1,"featured_media":0,"comment_status":"open","ping_status":"open","sticky":false,"template":"","format":"standard","meta":{"footnotes":""},"categories":[259,12,54,50,78],"tags":[565,17,2870,563,564],"yoast_head":"<!-- This site is optimized with the Yoast SEO plugin v24.4 - https:\/\/yoast.com\/wordpress\/plugins\/seo\/ -->\n<title>Die gr\u00fcnen Retter - Konsumpf - Forum f\u00fcr kreative Konsumkritik - Culture Jamming, Nachhaltigkeit, Konzernkritik, Adbusting<\/title>\n<meta name=\"robots\" content=\"index, follow, max-snippet:-1, max-image-preview:large, max-video-preview:-1\" \/>\n<link rel=\"canonical\" href=\"https:\/\/konsumpf.de\/?p=3198\" \/>\n<meta property=\"og:locale\" content=\"de_DE\" \/>\n<meta property=\"og:type\" content=\"article\" \/>\n<meta property=\"og:title\" content=\"Die gr\u00fcnen Retter - Konsumpf - Forum f\u00fcr kreative Konsumkritik - Culture Jamming, Nachhaltigkeit, Konzernkritik, Adbusting\" \/>\n<meta property=\"og:description\" content=\"Ein sch\u00f6nes Beispiel daf\u00fcr, wie weit das Konzept des \u201enachhaltigen Konsums\u201c inzwischen auch im Mainstream angekommen ist, liefert derzeit das SWR-Fernsehen in seiner Sendung Odysso. Unter dem Titel \u201eDie gr\u00fcnen Retter \u2013 Mit Innovationen die Welt verbessern\u201c wird in mehreren Folgen auf dieses Ph\u00e4nomen (plump als \u201eMega-Trend\u201c bezeichnet) eingegangen und anhand ausgew\u00e4hlter Beispiele engagierter Menschen [&hellip;]\" \/>\n<meta property=\"og:url\" content=\"https:\/\/konsumpf.de\/?p=3198\" \/>\n<meta property=\"og:site_name\" content=\"Konsumpf - Forum f\u00fcr kreative Konsumkritik - Culture Jamming, Nachhaltigkeit, Konzernkritik, Adbusting\" \/>\n<meta property=\"article:published_time\" content=\"2009-03-03T09:07:03+00:00\" \/>\n<meta property=\"og:image\" content=\"http:\/\/konsumpf.de\/wp-content\/uploads\/2009\/03\/odys.jpg\" \/>\n<meta name=\"author\" content=\"Peter M.\" \/>\n<meta name=\"twitter:card\" content=\"summary_large_image\" \/>\n<meta name=\"twitter:label1\" content=\"Verfasst von\" \/>\n\t<meta name=\"twitter:data1\" content=\"Peter M.\" \/>\n\t<meta name=\"twitter:label2\" content=\"Gesch\u00e4tzte Lesezeit\" \/>\n\t<meta name=\"twitter:data2\" content=\"2\u00a0Minuten\" \/>\n<script type=\"application\/ld+json\" class=\"yoast-schema-graph\">{\"@context\":\"https:\/\/schema.org\",\"@graph\":[{\"@type\":\"WebPage\",\"@id\":\"https:\/\/konsumpf.de\/?p=3198\",\"url\":\"https:\/\/konsumpf.de\/?p=3198\",\"name\":\"Die gr\u00fcnen Retter - Konsumpf - Forum f\u00fcr kreative Konsumkritik - Culture Jamming, Nachhaltigkeit, Konzernkritik, Adbusting\",\"isPartOf\":{\"@id\":\"https:\/\/konsumpf.de\/#website\"},\"primaryImageOfPage\":{\"@id\":\"https:\/\/konsumpf.de\/?p=3198#primaryimage\"},\"image\":{\"@id\":\"https:\/\/konsumpf.de\/?p=3198#primaryimage\"},\"thumbnailUrl\":\"http:\/\/konsumpf.de\/wp-content\/uploads\/2009\/03\/odys.jpg\",\"datePublished\":\"2009-03-03T09:07:03+00:00\",\"author\":{\"@id\":\"https:\/\/konsumpf.de\/#\/schema\/person\/e595a6d286b26994e7e0926d70699070\"},\"breadcrumb\":{\"@id\":\"https:\/\/konsumpf.de\/?p=3198#breadcrumb\"},\"inLanguage\":\"de\",\"potentialAction\":[{\"@type\":\"ReadAction\",\"target\":[\"https:\/\/konsumpf.de\/?p=3198\"]}]},{\"@type\":\"ImageObject\",\"inLanguage\":\"de\",\"@id\":\"https:\/\/konsumpf.de\/?p=3198#primaryimage\",\"url\":\"https:\/\/konsumpf.de\/wp-content\/uploads\/2009\/03\/odys.jpg\",\"contentUrl\":\"https:\/\/konsumpf.de\/wp-content\/uploads\/2009\/03\/odys.jpg\",\"width\":\"765\",\"height\":\"61\"},{\"@type\":\"BreadcrumbList\",\"@id\":\"https:\/\/konsumpf.de\/?p=3198#breadcrumb\",\"itemListElement\":[{\"@type\":\"ListItem\",\"position\":1,\"name\":\"Startseite\",\"item\":\"https:\/\/konsumpf.de\/\"},{\"@type\":\"ListItem\",\"position\":2,\"name\":\"Die gr\u00fcnen Retter\"}]},{\"@type\":\"WebSite\",\"@id\":\"https:\/\/konsumpf.de\/#website\",\"url\":\"https:\/\/konsumpf.de\/\",\"name\":\"Konsumpf - Forum f\u00fcr kreative Konsumkritik - Culture Jamming, Nachhaltigkeit, Konzernkritik, Adbusting\",\"description\":\"\",\"potentialAction\":[{\"@type\":\"SearchAction\",\"target\":{\"@type\":\"EntryPoint\",\"urlTemplate\":\"https:\/\/konsumpf.de\/?s={search_term_string}\"},\"query-input\":{\"@type\":\"PropertyValueSpecification\",\"valueRequired\":true,\"valueName\":\"search_term_string\"}}],\"inLanguage\":\"de\"},{\"@type\":\"Person\",\"@id\":\"https:\/\/konsumpf.de\/#\/schema\/person\/e595a6d286b26994e7e0926d70699070\",\"name\":\"Peter M.\",\"sameAs\":[\"http:\/\/konsumpf.de\"]}]}<\/script>\n<!-- \/ Yoast SEO plugin. -->","yoast_head_json":{"title":"Die gr\u00fcnen Retter - Konsumpf - Forum f\u00fcr kreative Konsumkritik - Culture Jamming, Nachhaltigkeit, Konzernkritik, Adbusting","robots":{"index":"index","follow":"follow","max-snippet":"max-snippet:-1","max-image-preview":"max-image-preview:large","max-video-preview":"max-video-preview:-1"},"canonical":"https:\/\/konsumpf.de\/?p=3198","og_locale":"de_DE","og_type":"article","og_title":"Die gr\u00fcnen Retter - Konsumpf - Forum f\u00fcr kreative Konsumkritik - Culture Jamming, Nachhaltigkeit, Konzernkritik, Adbusting","og_description":"Ein sch\u00f6nes Beispiel daf\u00fcr, wie weit das Konzept des \u201enachhaltigen Konsums\u201c inzwischen auch im Mainstream angekommen ist, liefert derzeit das SWR-Fernsehen in seiner Sendung Odysso. Unter dem Titel \u201eDie gr\u00fcnen Retter \u2013 Mit Innovationen die Welt verbessern\u201c wird in mehreren Folgen auf dieses Ph\u00e4nomen (plump als \u201eMega-Trend\u201c bezeichnet) eingegangen und anhand ausgew\u00e4hlter Beispiele engagierter Menschen [&hellip;]","og_url":"https:\/\/konsumpf.de\/?p=3198","og_site_name":"Konsumpf - Forum f\u00fcr kreative Konsumkritik - Culture Jamming, Nachhaltigkeit, Konzernkritik, Adbusting","article_published_time":"2009-03-03T09:07:03+00:00","og_image":[{"url":"http:\/\/konsumpf.de\/wp-content\/uploads\/2009\/03\/odys.jpg","type":"","width":"","height":""}],"author":"Peter M.","twitter_card":"summary_large_image","twitter_misc":{"Verfasst von":"Peter M.","Gesch\u00e4tzte Lesezeit":"2\u00a0Minuten"},"schema":{"@context":"https:\/\/schema.org","@graph":[{"@type":"WebPage","@id":"https:\/\/konsumpf.de\/?p=3198","url":"https:\/\/konsumpf.de\/?p=3198","name":"Die gr\u00fcnen Retter - Konsumpf - Forum f\u00fcr kreative Konsumkritik - Culture Jamming, Nachhaltigkeit, Konzernkritik, Adbusting","isPartOf":{"@id":"https:\/\/konsumpf.de\/#website"},"primaryImageOfPage":{"@id":"https:\/\/konsumpf.de\/?p=3198#primaryimage"},"image":{"@id":"https:\/\/konsumpf.de\/?p=3198#primaryimage"},"thumbnailUrl":"http:\/\/konsumpf.de\/wp-content\/uploads\/2009\/03\/odys.jpg","datePublished":"2009-03-03T09:07:03+00:00","author":{"@id":"https:\/\/konsumpf.de\/#\/schema\/person\/e595a6d286b26994e7e0926d70699070"},"breadcrumb":{"@id":"https:\/\/konsumpf.de\/?p=3198#breadcrumb"},"inLanguage":"de","potentialAction":[{"@type":"ReadAction","target":["https:\/\/konsumpf.de\/?p=3198"]}]},{"@type":"ImageObject","inLanguage":"de","@id":"https:\/\/konsumpf.de\/?p=3198#primaryimage","url":"https:\/\/konsumpf.de\/wp-content\/uploads\/2009\/03\/odys.jpg","contentUrl":"https:\/\/konsumpf.de\/wp-content\/uploads\/2009\/03\/odys.jpg","width":"765","height":"61"},{"@type":"BreadcrumbList","@id":"https:\/\/konsumpf.de\/?p=3198#breadcrumb","itemListElement":[{"@type":"ListItem","position":1,"name":"Startseite","item":"https:\/\/konsumpf.de\/"},{"@type":"ListItem","position":2,"name":"Die gr\u00fcnen Retter"}]},{"@type":"WebSite","@id":"https:\/\/konsumpf.de\/#website","url":"https:\/\/konsumpf.de\/","name":"Konsumpf - Forum f\u00fcr kreative Konsumkritik - Culture Jamming, Nachhaltigkeit, Konzernkritik, Adbusting","description":"","potentialAction":[{"@type":"SearchAction","target":{"@type":"EntryPoint","urlTemplate":"https:\/\/konsumpf.de\/?s={search_term_string}"},"query-input":{"@type":"PropertyValueSpecification","valueRequired":true,"valueName":"search_term_string"}}],"inLanguage":"de"},{"@type":"Person","@id":"https:\/\/konsumpf.de\/#\/schema\/person\/e595a6d286b26994e7e0926d70699070","name":"Peter M.","sameAs":["http:\/\/konsumpf.de"]}]}},"_links":{"self":[{"href":"https:\/\/konsumpf.de\/index.php?rest_route=\/wp\/v2\/posts\/3198"}],"collection":[{"href":"https:\/\/konsumpf.de\/index.php?rest_route=\/wp\/v2\/posts"}],"about":[{"href":"https:\/\/konsumpf.de\/index.php?rest_route=\/wp\/v2\/types\/post"}],"author":[{"embeddable":true,"href":"https:\/\/konsumpf.de\/index.php?rest_route=\/wp\/v2\/users\/1"}],"replies":[{"embeddable":true,"href":"https:\/\/konsumpf.de\/index.php?rest_route=%2Fwp%2Fv2%2Fcomments&post=3198"}],"version-history":[{"count":7,"href":"https:\/\/konsumpf.de\/index.php?rest_route=\/wp\/v2\/posts\/3198\/revisions"}],"predecessor-version":[{"id":3282,"href":"https:\/\/konsumpf.de\/index.php?rest_route=\/wp\/v2\/posts\/3198\/revisions\/3282"}],"wp:attachment":[{"href":"https:\/\/konsumpf.de\/index.php?rest_route=%2Fwp%2Fv2%2Fmedia&parent=3198"}],"wp:term":[{"taxonomy":"category","embeddable":true,"href":"https:\/\/konsumpf.de\/index.php?rest_route=%2Fwp%2Fv2%2Fcategories&post=3198"},{"taxonomy":"post_tag","embeddable":true,"href":"https:\/\/konsumpf.de\/index.php?rest_route=%2Fwp%2Fv2%2Ftags&post=3198"}],"curies":[{"name":"wp","href":"https:\/\/api.w.org\/{rel}","templated":true}]}}