{"id":3085,"date":"2009-07-15T10:25:38","date_gmt":"2009-07-15T08:25:38","guid":{"rendered":"http:\/\/konsumpf.de\/?p=3085"},"modified":"2009-07-15T10:53:27","modified_gmt":"2009-07-15T08:53:27","slug":"hacktivisten-%e2%80%93-rebellen-im-internet","status":"publish","type":"post","link":"https:\/\/konsumpf.de\/?p=3085","title":{"rendered":"Hacktivisten \u2013 Rebellen im Internet"},"content":{"rendered":"<p>Der Fernsehsender <strong>arte<\/strong> befasste sich im Jahre 2002 mit dem Thema des \u201eCyber-Aktivismus\u201c, also dem Widerstand gegen Ungerechtigkeit und herrschende Zust\u00e4nde via Internet und Computer \u2013 \u201e<a href=\"http:\/\/archives.arte.tv\/de\/archive_18997.html\"><strong>Hacktivisten \u2013 Rebellen im Internet<\/strong><\/a>\u201c. In Zeiten von Zensursula und den nun beschlossenen Internetsperren ist dies nat\u00fcrlich aktueller denn je und stellt zudem einen Kampf um den Erhalt von B\u00fcrgerrechten und freiheitlicher Demokratie dar. [via <a href=\"http:\/\/www.dokumentarfilm24.de\/2009\/02\/13\/hacktivisten-die-maus-ist-staerker-als-der-schlagstock\/\">dokumentarfilm24<\/a>] Die Reportage ist deshalb interessant, denke ich, weil man einen Einblick in den \u201edigitalen Untergrund\u201c erh\u00e4lt. Besonders nett fand ich ja die Aktion, wie die Firma etoys u.a. durch \u201eHacktivisten\u201c in den Ruin getrieben wurde, hehe.<\/p>\n<blockquote><p>Das Filmteam von arte ist im April 2001 dabei, als die Protestveranstaltungen beim <strong>Wirtschaftsgipfel in Quebec<\/strong> vorbereitet werden. Doch neben den spektakul\u00e4ren Bildern dieser gewaltt\u00e4tigen Stra\u00dfenproteste zeichnet sich ein anderer Krieg ab, in dem die Waffen \u2018Maus\u2019 und \u2018Modem\u2019 hei\u00dfen: Tausende von Internetbenutzern bereiten in aller Stille eine <strong>Online-Protestaktion<\/strong> vor, mit der die offizielle Website der Veranstaltung lahmgelegt werden soll. Das Motto der Aktion \u201c<strong>Die Maus ist st\u00e4rker als der Schlagstock<\/strong>.\u201d Anhand der Portr\u00e4ts einiger der f\u00fchrenden K\u00f6pfe der <strong>Hacktivisten-Szene<\/strong> liefert diese Doku Einblicke in das Innenleben dieser im Verborgenen arbeitenden Organisation, Bilder aus dem Zentrum des<strong> Cyber-Aktivismus<\/strong>. Die Bewegung hat sich zum Ziel gesetzt, in einer vollst\u00e4ndig auf Handel und Wirtschaft ausgerichteten globalisierten Welt Unruhe zu stiften und ihren eigenen Zukunftsentwurf, gepr\u00e4gt von einem gewissen zivilen, politischen und informationsmedialen Widerstand, zu gestalten.<\/p><\/blockquote>\n<p><object width=\"450\" height=\"351\" data=\"http:\/\/video.google.com\/googleplayer.swf?docId=199165682400449088&amp;hl=de&amp;hl=en\" type=\"application\/x-shockwave-flash\"><param name=\"src\" value=\"http:\/\/video.google.com\/googleplayer.swf?docId=199165682400449088&amp;hl=de&amp;hl=en\" \/><\/object><\/p>\n<h3 class='related_post_title'>Verwandte Beitr\u00e4ge:<\/h3><ul class='related_post'><li><a href=\"http:\/\/konsumpf.de\/?p=14157\" title=\"Adbusting in Paris, London und Berlin \u2013 Kampf gegen den Reklamewahnsinn\">Adbusting in Paris, London und Berlin \u2013 Kampf gegen den Reklamewahnsinn<\/a><\/li><li><a href=\"http:\/\/konsumpf.de\/?p=10749\" title=\"Fernsehtipp: Rebellen im Namen der Erde und Tokyo Freeters\">Fernsehtipp: Rebellen im Namen der Erde und Tokyo Freeters<\/a><\/li><li><a href=\"http:\/\/konsumpf.de\/?p=9006\" title=\"Der Kampf gegen die Depublizierung\">Der Kampf gegen die Depublizierung<\/a><\/li><li><a href=\"http:\/\/konsumpf.de\/?p=7045\" title=\"Ein paar Lesetipps zum Wochenende: \u201eSie k\u00f6nnen nur billig\u201c, \u201eFacebook wei\u00df alles \u00fcber uns\u201c und \u201eWann stehen die Deutschen auf?\u201c\">Ein paar Lesetipps zum Wochenende: \u201eSie k\u00f6nnen nur billig\u201c, \u201eFacebook wei\u00df alles \u00fcber uns\u201c und \u201eWann stehen die Deutschen auf?\u201c<\/a><\/li><li><a href=\"http:\/\/konsumpf.de\/?p=15404\" title=\"Mein Leben als Werbefl\u00e4che: Youtube und die Generation Z\">Mein Leben als Werbefl\u00e4che: Youtube und die Generation Z<\/a><\/li><\/ul>","protected":false},"excerpt":{"rendered":"<p>Der Fernsehsender arte befasste sich im Jahre 2002 mit dem Thema des \u201eCyber-Aktivismus\u201c, also dem Widerstand gegen Ungerechtigkeit und herrschende Zust\u00e4nde via Internet und Computer \u2013 \u201eHacktivisten \u2013 Rebellen im Internet\u201c. In Zeiten von Zensursula und den nun beschlossenen Internetsperren ist dies nat\u00fcrlich aktueller denn je und stellt zudem einen Kampf um den Erhalt von [&hellip;]<\/p>\n","protected":false},"author":1,"featured_media":0,"comment_status":"open","ping_status":"open","sticky":false,"template":"","format":"standard","meta":{"footnotes":""},"categories":[5,259,265,33],"tags":[362,532,2882,479],"yoast_head":"<!-- This site is optimized with the Yoast SEO plugin v24.4 - https:\/\/yoast.com\/wordpress\/plugins\/seo\/ -->\n<title>Hacktivisten \u2013 Rebellen im Internet - Konsumpf - Forum f\u00fcr kreative Konsumkritik - Culture Jamming, Nachhaltigkeit, Konzernkritik, Adbusting<\/title>\n<meta name=\"robots\" content=\"index, follow, max-snippet:-1, max-image-preview:large, max-video-preview:-1\" \/>\n<link rel=\"canonical\" href=\"https:\/\/konsumpf.de\/?p=3085\" \/>\n<meta property=\"og:locale\" content=\"de_DE\" \/>\n<meta property=\"og:type\" content=\"article\" \/>\n<meta property=\"og:title\" content=\"Hacktivisten \u2013 Rebellen im Internet - Konsumpf - Forum f\u00fcr kreative Konsumkritik - Culture Jamming, Nachhaltigkeit, Konzernkritik, Adbusting\" \/>\n<meta property=\"og:description\" content=\"Der Fernsehsender arte befasste sich im Jahre 2002 mit dem Thema des \u201eCyber-Aktivismus\u201c, also dem Widerstand gegen Ungerechtigkeit und herrschende Zust\u00e4nde via Internet und Computer \u2013 \u201eHacktivisten \u2013 Rebellen im Internet\u201c. In Zeiten von Zensursula und den nun beschlossenen Internetsperren ist dies nat\u00fcrlich aktueller denn je und stellt zudem einen Kampf um den Erhalt von [&hellip;]\" \/>\n<meta property=\"og:url\" content=\"https:\/\/konsumpf.de\/?p=3085\" \/>\n<meta property=\"og:site_name\" content=\"Konsumpf - Forum f\u00fcr kreative Konsumkritik - Culture Jamming, Nachhaltigkeit, Konzernkritik, Adbusting\" \/>\n<meta property=\"article:published_time\" content=\"2009-07-15T08:25:38+00:00\" \/>\n<meta property=\"article:modified_time\" content=\"2009-07-15T08:53:27+00:00\" \/>\n<meta name=\"author\" content=\"Peter M.\" \/>\n<meta name=\"twitter:card\" content=\"summary_large_image\" \/>\n<meta name=\"twitter:label1\" content=\"Verfasst von\" \/>\n\t<meta name=\"twitter:data1\" content=\"Peter M.\" \/>\n\t<meta name=\"twitter:label2\" content=\"Gesch\u00e4tzte Lesezeit\" \/>\n\t<meta name=\"twitter:data2\" content=\"1\u00a0Minute\" \/>\n<script type=\"application\/ld+json\" class=\"yoast-schema-graph\">{\"@context\":\"https:\/\/schema.org\",\"@graph\":[{\"@type\":\"WebPage\",\"@id\":\"https:\/\/konsumpf.de\/?p=3085\",\"url\":\"https:\/\/konsumpf.de\/?p=3085\",\"name\":\"Hacktivisten \u2013 Rebellen im Internet - Konsumpf - Forum f\u00fcr kreative Konsumkritik - Culture Jamming, Nachhaltigkeit, Konzernkritik, Adbusting\",\"isPartOf\":{\"@id\":\"https:\/\/konsumpf.de\/#website\"},\"datePublished\":\"2009-07-15T08:25:38+00:00\",\"dateModified\":\"2009-07-15T08:53:27+00:00\",\"author\":{\"@id\":\"https:\/\/konsumpf.de\/#\/schema\/person\/e595a6d286b26994e7e0926d70699070\"},\"breadcrumb\":{\"@id\":\"https:\/\/konsumpf.de\/?p=3085#breadcrumb\"},\"inLanguage\":\"de\",\"potentialAction\":[{\"@type\":\"ReadAction\",\"target\":[\"https:\/\/konsumpf.de\/?p=3085\"]}]},{\"@type\":\"BreadcrumbList\",\"@id\":\"https:\/\/konsumpf.de\/?p=3085#breadcrumb\",\"itemListElement\":[{\"@type\":\"ListItem\",\"position\":1,\"name\":\"Startseite\",\"item\":\"https:\/\/konsumpf.de\/\"},{\"@type\":\"ListItem\",\"position\":2,\"name\":\"Hacktivisten \u2013 Rebellen im Internet\"}]},{\"@type\":\"WebSite\",\"@id\":\"https:\/\/konsumpf.de\/#website\",\"url\":\"https:\/\/konsumpf.de\/\",\"name\":\"Konsumpf - Forum f\u00fcr kreative Konsumkritik - Culture Jamming, Nachhaltigkeit, Konzernkritik, Adbusting\",\"description\":\"\",\"potentialAction\":[{\"@type\":\"SearchAction\",\"target\":{\"@type\":\"EntryPoint\",\"urlTemplate\":\"https:\/\/konsumpf.de\/?s={search_term_string}\"},\"query-input\":{\"@type\":\"PropertyValueSpecification\",\"valueRequired\":true,\"valueName\":\"search_term_string\"}}],\"inLanguage\":\"de\"},{\"@type\":\"Person\",\"@id\":\"https:\/\/konsumpf.de\/#\/schema\/person\/e595a6d286b26994e7e0926d70699070\",\"name\":\"Peter M.\",\"sameAs\":[\"http:\/\/konsumpf.de\"]}]}<\/script>\n<!-- \/ Yoast SEO plugin. -->","yoast_head_json":{"title":"Hacktivisten \u2013 Rebellen im Internet - Konsumpf - Forum f\u00fcr kreative Konsumkritik - Culture Jamming, Nachhaltigkeit, Konzernkritik, Adbusting","robots":{"index":"index","follow":"follow","max-snippet":"max-snippet:-1","max-image-preview":"max-image-preview:large","max-video-preview":"max-video-preview:-1"},"canonical":"https:\/\/konsumpf.de\/?p=3085","og_locale":"de_DE","og_type":"article","og_title":"Hacktivisten \u2013 Rebellen im Internet - Konsumpf - Forum f\u00fcr kreative Konsumkritik - Culture Jamming, Nachhaltigkeit, Konzernkritik, Adbusting","og_description":"Der Fernsehsender arte befasste sich im Jahre 2002 mit dem Thema des \u201eCyber-Aktivismus\u201c, also dem Widerstand gegen Ungerechtigkeit und herrschende Zust\u00e4nde via Internet und Computer \u2013 \u201eHacktivisten \u2013 Rebellen im Internet\u201c. In Zeiten von Zensursula und den nun beschlossenen Internetsperren ist dies nat\u00fcrlich aktueller denn je und stellt zudem einen Kampf um den Erhalt von [&hellip;]","og_url":"https:\/\/konsumpf.de\/?p=3085","og_site_name":"Konsumpf - Forum f\u00fcr kreative Konsumkritik - Culture Jamming, Nachhaltigkeit, Konzernkritik, Adbusting","article_published_time":"2009-07-15T08:25:38+00:00","article_modified_time":"2009-07-15T08:53:27+00:00","author":"Peter M.","twitter_card":"summary_large_image","twitter_misc":{"Verfasst von":"Peter M.","Gesch\u00e4tzte Lesezeit":"1\u00a0Minute"},"schema":{"@context":"https:\/\/schema.org","@graph":[{"@type":"WebPage","@id":"https:\/\/konsumpf.de\/?p=3085","url":"https:\/\/konsumpf.de\/?p=3085","name":"Hacktivisten \u2013 Rebellen im Internet - Konsumpf - Forum f\u00fcr kreative Konsumkritik - Culture Jamming, Nachhaltigkeit, Konzernkritik, Adbusting","isPartOf":{"@id":"https:\/\/konsumpf.de\/#website"},"datePublished":"2009-07-15T08:25:38+00:00","dateModified":"2009-07-15T08:53:27+00:00","author":{"@id":"https:\/\/konsumpf.de\/#\/schema\/person\/e595a6d286b26994e7e0926d70699070"},"breadcrumb":{"@id":"https:\/\/konsumpf.de\/?p=3085#breadcrumb"},"inLanguage":"de","potentialAction":[{"@type":"ReadAction","target":["https:\/\/konsumpf.de\/?p=3085"]}]},{"@type":"BreadcrumbList","@id":"https:\/\/konsumpf.de\/?p=3085#breadcrumb","itemListElement":[{"@type":"ListItem","position":1,"name":"Startseite","item":"https:\/\/konsumpf.de\/"},{"@type":"ListItem","position":2,"name":"Hacktivisten \u2013 Rebellen im Internet"}]},{"@type":"WebSite","@id":"https:\/\/konsumpf.de\/#website","url":"https:\/\/konsumpf.de\/","name":"Konsumpf - Forum f\u00fcr kreative Konsumkritik - Culture Jamming, Nachhaltigkeit, Konzernkritik, Adbusting","description":"","potentialAction":[{"@type":"SearchAction","target":{"@type":"EntryPoint","urlTemplate":"https:\/\/konsumpf.de\/?s={search_term_string}"},"query-input":{"@type":"PropertyValueSpecification","valueRequired":true,"valueName":"search_term_string"}}],"inLanguage":"de"},{"@type":"Person","@id":"https:\/\/konsumpf.de\/#\/schema\/person\/e595a6d286b26994e7e0926d70699070","name":"Peter M.","sameAs":["http:\/\/konsumpf.de"]}]}},"_links":{"self":[{"href":"https:\/\/konsumpf.de\/index.php?rest_route=\/wp\/v2\/posts\/3085"}],"collection":[{"href":"https:\/\/konsumpf.de\/index.php?rest_route=\/wp\/v2\/posts"}],"about":[{"href":"https:\/\/konsumpf.de\/index.php?rest_route=\/wp\/v2\/types\/post"}],"author":[{"embeddable":true,"href":"https:\/\/konsumpf.de\/index.php?rest_route=\/wp\/v2\/users\/1"}],"replies":[{"embeddable":true,"href":"https:\/\/konsumpf.de\/index.php?rest_route=%2Fwp%2Fv2%2Fcomments&post=3085"}],"version-history":[{"count":11,"href":"https:\/\/konsumpf.de\/index.php?rest_route=\/wp\/v2\/posts\/3085\/revisions"}],"predecessor-version":[{"id":5135,"href":"https:\/\/konsumpf.de\/index.php?rest_route=\/wp\/v2\/posts\/3085\/revisions\/5135"}],"wp:attachment":[{"href":"https:\/\/konsumpf.de\/index.php?rest_route=%2Fwp%2Fv2%2Fmedia&parent=3085"}],"wp:term":[{"taxonomy":"category","embeddable":true,"href":"https:\/\/konsumpf.de\/index.php?rest_route=%2Fwp%2Fv2%2Fcategories&post=3085"},{"taxonomy":"post_tag","embeddable":true,"href":"https:\/\/konsumpf.de\/index.php?rest_route=%2Fwp%2Fv2%2Ftags&post=3085"}],"curies":[{"name":"wp","href":"https:\/\/api.w.org\/{rel}","templated":true}]}}