{"id":2856,"date":"2009-02-12T10:04:30","date_gmt":"2009-02-12T09:04:30","guid":{"rendered":"http:\/\/konsumpf.de\/?p=2856"},"modified":"2009-02-11T17:45:13","modified_gmt":"2009-02-11T16:45:13","slug":"vom-wissen-zum-handeln-sozial-okologische-forschung","status":"publish","type":"post","link":"https:\/\/konsumpf.de\/?p=2856","title":{"rendered":"Vom Wissen zum Handeln \/ Sozial-\u00f6kologische Forschung"},"content":{"rendered":"<p><img loading=\"lazy\" decoding=\"async\" class=\"imgleft alignright\" src=\"http:\/\/www.sozial-oekologische-forschung.org\/_img\/article\/strichcode_photocase361534213.jpg\" alt=\"\" width=\"170\" height=\"127\" \/>Aha, wird in den Ministerien also auch mal was halbwegs Sinnvolles gef\u00f6rdert und nach vorne gebracht \u2013 gerade eben entdecke ich doch diesen Unterbereich auf der Website des <strong>Bundesministeriums f\u00fcr Bildung und Forschung<\/strong>: \u201e<a href=\"http:\/\/www.sozial-oekologische-forschung.org\/\">Sozial-\u00f6kologische Forschung<\/a>\u201c, mit der dort nachzulesenden Absicht:<\/p>\n<blockquote><p>Ziel des F\u00f6rderschwerpunktes ist die Entwicklung von Strategien zur L\u00f6sung konkreter gesellschaftlicher Nachhaltigkeitsprobleme: z.B. zur Umsetzung der \u201eAgrarwende\u201c, der Verbesserung der Ern\u00e4hrung der Bev\u00f6lkerung, der Liberalisierung netzgebundener Ver- und Entsorgungssysteme (z.B. Wasser, Energie) und Emissionshandel.\u00a0Eine derartige\u00a0Forschung\u00a0 erfordert ein Zusammenwirken der Wissenschaftler\/-innen der Natur- und Gesellschaftswissenschaften. Dabei werden gesellschaftliche Akteure \u2013 z.B. Verbraucher\/-innen, Kommunen, Unternehmen und Nichtregierungs-Organisationen \u2013 in den Forschungsprozess einbezogen. Damit soll der \u00f6kologische Umbau der Gesellschaft unterst\u00fctzt werden, ohne dabei die soziale Gerechtigkeit und die wirtschaftlichen Belange aus den Augen zu verlieren.<\/p><\/blockquote>\n<p>Inwieweit in diesen Forschungen tats\u00e4chlich nachhaltige Konzepte \u2013 und nicht nur von den neoliberalen Thinktanks wie der INSM eingefl\u00fcsterte Strategien \u2013 erarbeitet und untersucht werden, ist nat\u00fcrlich die Frage. Immerhin k\u00f6nnen wir uns dort die <strong>Info-Brosch\u00fcre<\/strong> \u201e<a href=\"http:\/\/www.sozial-oekologische-forschung.org\/de\/947.php\">Vom Wissen zum Handeln \u2013 Neue Wege zum nachhaltigen Konsum<\/a>\u201c als <a href=\"http:\/\/www.sozial-oekologische-forschung.org\/pot\/download.php\/M%3A1333+Info-Brosch%26uuml%3Bre\/~\/_media\/BMBF_Nachhaltiger_Konsum_ND.pdf\">8seitige pdf-Datei herunterladen<\/a>, die sich mit der Frage auseinandersetzt:<\/p>\n<blockquote><p>\u201eBio-Lebensmittel verkaufen sich schon ganz gut, auch das ein oder andere Produkt aus Fairem Handel. Warum wechseln aber nur wenige zu einem \u00d6kostrom-Anbieter? Warum sind umweltfreundliche Autos noch kein Verkaufs-Hit? Warum setzen sich energiesparende und energieeffiziente Ger\u00e4te nur so langsam durch?\u201c (<a href=\"http:\/\/www.agenda21-treffpunkt.de\/doku\/\">Agenda 21<\/a>)<\/p><\/blockquote>\n<p>Bzw. im offiziellen, nicht mehr so plastischen Beh\u00f6rden-Wortlaut:<\/p>\n<blockquote><p><a href=\"http:\/\/konsumpf.de\/wp-content\/uploads\/2009\/02\/bmb-soef-nh-konsum.jpg\"><img loading=\"lazy\" decoding=\"async\" class=\"alignright size-full wp-image-2859\" title=\"bmb-soef-nh-konsum\" src=\"http:\/\/konsumpf.de\/wp-content\/uploads\/2009\/02\/bmb-soef-nh-konsum.jpg\" alt=\"bmb-soef-nh-konsum\" width=\"140\" height=\"185\" \/><\/a>Zum Thema f\u00f6rdert das Bundesministerium f\u00fcr Bildung und Forschung seit 2008 zehn (Verbund)projekte.<\/p>\n<p>Mit der neuen F\u00f6rderbekanntmachung des BMBF zum Themenschwerpunkt Nachhaltiger Konsum wird ein gesellschaftliches Handlungsfeld aufgegriffen, das in den letzten Jahren an politischer Aktualit\u00e4t kontinuierlich zugenommen hat. Trotz umfangreichen Wissens hinsichtlich der Notwendigkeit nachhaltiger Konsummuster und einer breiten Ma\u00dfnahmenpalette im Bereich der Verbraucheraufkl\u00e4rung ist es bisher aber kaum gelungen, einen generellen Trend in Richtung nachhaltigem Konsum zu bewirken.<\/p>\n<p>Die sozial-\u00f6kologische Forschung hat sich die Aufgabe gestellt, Blockaden, die einer Umsetzung vom Wissen zum Handeln entgegenstehen, zu identifizieren und zu analysieren. Als Ausgangspunkte werden die Verbraucherperspektive und das individuelle Handeln gew\u00e4hlt. Es soll Orientierungs- und Handlungswissen generiert werden, das f\u00fcr unterschiedliche Akteursgruppen nutzbar ist und zur St\u00e4rkung der Verbraucherkompetenz beitr\u00e4gt. Die Vorhaben sollen die im jeweiligen Bed\u00fcrfnisfeld erwarteten Nachhaltigkeitsgewinne konkretisieren und insbesondere im Hinblick auf Fortschritte der Energieeffizienz absch\u00e4tzen. Eine besondere Herausforderung besteht darin, eine Br\u00fccke zwischen individuellem Handeln und \u00f6kologischen sowie gesellschaftlichen Rahmenbedingungen zu schlagen.<\/p><\/blockquote>\n<p>Interessant erscheint mir in dem Zusammenhang auch der Bereich \u201e<a href=\"http:\/\/www.sozial-oekologische-forschung.org\/de\/1292.php\">Wie Internet-Handel der Umwelt nutzt. Vom Consumer zum Prosumer \u2013 Entwicklung neuer Handelsformen und Auktionskulturen zur Unterst\u00fctzung eines nachhaltigen Konsums<\/a>\u201c \u2013 mit dieser Thematik besch\u00e4ftigt sich das <strong>IZT<\/strong> (<strong>Institut f\u00fcr Zukunftsstudien und Technologiebewertung<\/strong>) <a href=\"http:\/\/www.izt.de\/prosumer\">ausf\u00fchrlich auf seinen Seiten<\/a>.<\/p>\n<blockquote><p>Auktions- und Handelsportale im Internet haben das Konsumverhalten in den letzten Jahren tief greifend ver\u00e4ndert. Sie haben unter anderem bewirkt, dass Konsument(inn)en erworbene Produkte nach einer gewissen Nutzungszeit weiterverkaufen. Damit nehmen sie auch eine Rolle als Produzierende ein und werden so vom reinen \u00bbConsumer\u00ab zum \u00bbProsumer\u00ab. Hier er\u00f6ffnen sich Chancen zu einem nachhaltigeren Konsum, weil durch die Vermarktung gebrauchter G\u00fcter die Lebens- und Nutzungszeit von Produkten verl\u00e4ngert und Umweltbelastungen durch h\u00e4ufigen Neuerwerb vermieden werden. Durch Verpackung, Transport und elektronischen Handel entstehen allerdings ebenfalls Umweltbelastungen. Das Projekt hat sich zum Ziel gesetzt, den Internet-Handel umfassend zu untersuchen \u2013 etwa das Kauf- und Verkaufsverhalten, die Motivationen der Nutzer(innen) sowie die mit dem Online-Handel verbundenen Umweltauswirkungen \u2013 und aus dieser Analyse gemeinsam mit einem internationalen Internet-Auktions-Unternehmen Innovationsstrategien zu erarbeiten, die zu einer Umweltentlastung beitragen k\u00f6nnen.<\/p><\/blockquote>\n<p>Das IZT veranstaltet \u00fcbrigens am 24.2. zusammen mit dem rbb im Museum f\u00fcr Kommunikation Berlin unter dem Motto <strong>Zukunftsgespr\u00e4che 2009<\/strong> eine Podiumsdiskussion, in er es um \u201e<a href=\"http:\/\/www.izt.de\/izt-im-ueberblick\/profil\/zukunftsgespraeche\/zukunftsgespraeche-2009\/#c941\">\u201aGr\u00fcner Surfen\u2018 \u2013 Wie passen Klimaschutz und Informationsgesellschaft zusammen?<\/a>\u201c geht (dieses Thema wurde ja z.B. auch <a href=\"http:\/\/konsumpf.de\/?p=1281\">hier<\/a> und <a href=\"http:\/\/www.farmblogger.de\/archives\/1597-Ade-gruenes-Internet.html\">hier<\/a> schon mal (kritisch) angesprochen).<\/p>\n<h3 class='related_post_title'>Verwandte Beitr\u00e4ge:<\/h3><ul class='related_post'><li><a href=\"http:\/\/konsumpf.de\/?p=7199\" title=\"Der Rat f\u00fcr Nachhaltige Entwicklung\">Der Rat f\u00fcr Nachhaltige Entwicklung<\/a><\/li><li><a href=\"http:\/\/konsumpf.de\/?p=3198\" title=\"Die gr\u00fcnen Retter\">Die gr\u00fcnen Retter<\/a><\/li><li><a href=\"http:\/\/konsumpf.de\/?p=15303\" title=\"Zeit zu entgiften\">Zeit zu entgiften<\/a><\/li><li><a href=\"http:\/\/konsumpf.de\/?p=15174\" title=\"Dumme W\u00e4hler und kurzsichtige Konsumenten\">Dumme W\u00e4hler und kurzsichtige Konsumenten<\/a><\/li><li><a href=\"http:\/\/konsumpf.de\/?p=15112\" title=\"Fernsehtipp: Weniger ist mehr \u2013 Die Grenzen des Wachstums und das bessere Leben\">Fernsehtipp: Weniger ist mehr \u2013 Die Grenzen des Wachstums und das bessere Leben<\/a><\/li><\/ul>","protected":false},"excerpt":{"rendered":"<p>Aha, wird in den Ministerien also auch mal was halbwegs Sinnvolles gef\u00f6rdert und nach vorne gebracht \u2013 gerade eben entdecke ich doch diesen Unterbereich auf der Website des Bundesministeriums f\u00fcr Bildung und Forschung: \u201eSozial-\u00f6kologische Forschung\u201c, mit der dort nachzulesenden Absicht: Ziel des F\u00f6rderschwerpunktes ist die Entwicklung von Strategien zur L\u00f6sung konkreter gesellschaftlicher Nachhaltigkeitsprobleme: z.B. zur [&hellip;]<\/p>\n","protected":false},"author":1,"featured_media":0,"comment_status":"open","ping_status":"open","sticky":false,"template":"","format":"standard","meta":{"footnotes":""},"categories":[12,54,53,50],"tags":[501,500,17,2870,497,498,499],"yoast_head":"<!-- This site is optimized with the Yoast SEO plugin v24.4 - https:\/\/yoast.com\/wordpress\/plugins\/seo\/ -->\n<title>Vom Wissen zum Handeln \/ Sozial-\u00f6kologische Forschung - Konsumpf - Forum f\u00fcr kreative Konsumkritik - Culture Jamming, Nachhaltigkeit, Konzernkritik, Adbusting<\/title>\n<meta name=\"robots\" content=\"index, follow, max-snippet:-1, max-image-preview:large, max-video-preview:-1\" \/>\n<link rel=\"canonical\" href=\"https:\/\/konsumpf.de\/?p=2856\" \/>\n<meta property=\"og:locale\" content=\"de_DE\" \/>\n<meta property=\"og:type\" content=\"article\" \/>\n<meta property=\"og:title\" content=\"Vom Wissen zum Handeln \/ Sozial-\u00f6kologische Forschung - Konsumpf - Forum f\u00fcr kreative Konsumkritik - Culture Jamming, Nachhaltigkeit, Konzernkritik, Adbusting\" \/>\n<meta property=\"og:description\" content=\"Aha, wird in den Ministerien also auch mal was halbwegs Sinnvolles gef\u00f6rdert und nach vorne gebracht \u2013 gerade eben entdecke ich doch diesen Unterbereich auf der Website des Bundesministeriums f\u00fcr Bildung und Forschung: \u201eSozial-\u00f6kologische Forschung\u201c, mit der dort nachzulesenden Absicht: Ziel des F\u00f6rderschwerpunktes ist die Entwicklung von Strategien zur L\u00f6sung konkreter gesellschaftlicher Nachhaltigkeitsprobleme: z.B. zur [&hellip;]\" \/>\n<meta property=\"og:url\" content=\"https:\/\/konsumpf.de\/?p=2856\" \/>\n<meta property=\"og:site_name\" content=\"Konsumpf - Forum f\u00fcr kreative Konsumkritik - Culture Jamming, Nachhaltigkeit, Konzernkritik, Adbusting\" \/>\n<meta property=\"article:published_time\" content=\"2009-02-12T09:04:30+00:00\" \/>\n<meta property=\"og:image\" content=\"http:\/\/www.sozial-oekologische-forschung.org\/_img\/article\/strichcode_photocase361534213.jpg\" \/>\n<meta name=\"author\" content=\"Peter M.\" \/>\n<meta name=\"twitter:card\" content=\"summary_large_image\" \/>\n<meta name=\"twitter:label1\" content=\"Verfasst von\" \/>\n\t<meta name=\"twitter:data1\" content=\"Peter M.\" \/>\n\t<meta name=\"twitter:label2\" content=\"Gesch\u00e4tzte Lesezeit\" \/>\n\t<meta name=\"twitter:data2\" content=\"3\u00a0Minuten\" \/>\n<script type=\"application\/ld+json\" class=\"yoast-schema-graph\">{\"@context\":\"https:\/\/schema.org\",\"@graph\":[{\"@type\":\"WebPage\",\"@id\":\"https:\/\/konsumpf.de\/?p=2856\",\"url\":\"https:\/\/konsumpf.de\/?p=2856\",\"name\":\"Vom Wissen zum Handeln \/ Sozial-\u00f6kologische Forschung - Konsumpf - Forum f\u00fcr kreative Konsumkritik - Culture Jamming, Nachhaltigkeit, Konzernkritik, Adbusting\",\"isPartOf\":{\"@id\":\"https:\/\/konsumpf.de\/#website\"},\"primaryImageOfPage\":{\"@id\":\"https:\/\/konsumpf.de\/?p=2856#primaryimage\"},\"image\":{\"@id\":\"https:\/\/konsumpf.de\/?p=2856#primaryimage\"},\"thumbnailUrl\":\"http:\/\/www.sozial-oekologische-forschung.org\/_img\/article\/strichcode_photocase361534213.jpg\",\"datePublished\":\"2009-02-12T09:04:30+00:00\",\"author\":{\"@id\":\"https:\/\/konsumpf.de\/#\/schema\/person\/e595a6d286b26994e7e0926d70699070\"},\"breadcrumb\":{\"@id\":\"https:\/\/konsumpf.de\/?p=2856#breadcrumb\"},\"inLanguage\":\"de\",\"potentialAction\":[{\"@type\":\"ReadAction\",\"target\":[\"https:\/\/konsumpf.de\/?p=2856\"]}]},{\"@type\":\"ImageObject\",\"inLanguage\":\"de\",\"@id\":\"https:\/\/konsumpf.de\/?p=2856#primaryimage\",\"url\":\"http:\/\/www.sozial-oekologische-forschung.org\/_img\/article\/strichcode_photocase361534213.jpg\",\"contentUrl\":\"http:\/\/www.sozial-oekologische-forschung.org\/_img\/article\/strichcode_photocase361534213.jpg\"},{\"@type\":\"BreadcrumbList\",\"@id\":\"https:\/\/konsumpf.de\/?p=2856#breadcrumb\",\"itemListElement\":[{\"@type\":\"ListItem\",\"position\":1,\"name\":\"Startseite\",\"item\":\"https:\/\/konsumpf.de\/\"},{\"@type\":\"ListItem\",\"position\":2,\"name\":\"Vom Wissen zum Handeln \/ Sozial-\u00f6kologische Forschung\"}]},{\"@type\":\"WebSite\",\"@id\":\"https:\/\/konsumpf.de\/#website\",\"url\":\"https:\/\/konsumpf.de\/\",\"name\":\"Konsumpf - Forum f\u00fcr kreative Konsumkritik - Culture Jamming, Nachhaltigkeit, Konzernkritik, Adbusting\",\"description\":\"\",\"potentialAction\":[{\"@type\":\"SearchAction\",\"target\":{\"@type\":\"EntryPoint\",\"urlTemplate\":\"https:\/\/konsumpf.de\/?s={search_term_string}\"},\"query-input\":{\"@type\":\"PropertyValueSpecification\",\"valueRequired\":true,\"valueName\":\"search_term_string\"}}],\"inLanguage\":\"de\"},{\"@type\":\"Person\",\"@id\":\"https:\/\/konsumpf.de\/#\/schema\/person\/e595a6d286b26994e7e0926d70699070\",\"name\":\"Peter M.\",\"sameAs\":[\"http:\/\/konsumpf.de\"]}]}<\/script>\n<!-- \/ Yoast SEO plugin. -->","yoast_head_json":{"title":"Vom Wissen zum Handeln \/ Sozial-\u00f6kologische Forschung - Konsumpf - Forum f\u00fcr kreative Konsumkritik - Culture Jamming, Nachhaltigkeit, Konzernkritik, Adbusting","robots":{"index":"index","follow":"follow","max-snippet":"max-snippet:-1","max-image-preview":"max-image-preview:large","max-video-preview":"max-video-preview:-1"},"canonical":"https:\/\/konsumpf.de\/?p=2856","og_locale":"de_DE","og_type":"article","og_title":"Vom Wissen zum Handeln \/ Sozial-\u00f6kologische Forschung - Konsumpf - Forum f\u00fcr kreative Konsumkritik - Culture Jamming, Nachhaltigkeit, Konzernkritik, Adbusting","og_description":"Aha, wird in den Ministerien also auch mal was halbwegs Sinnvolles gef\u00f6rdert und nach vorne gebracht \u2013 gerade eben entdecke ich doch diesen Unterbereich auf der Website des Bundesministeriums f\u00fcr Bildung und Forschung: \u201eSozial-\u00f6kologische Forschung\u201c, mit der dort nachzulesenden Absicht: Ziel des F\u00f6rderschwerpunktes ist die Entwicklung von Strategien zur L\u00f6sung konkreter gesellschaftlicher Nachhaltigkeitsprobleme: z.B. zur [&hellip;]","og_url":"https:\/\/konsumpf.de\/?p=2856","og_site_name":"Konsumpf - Forum f\u00fcr kreative Konsumkritik - Culture Jamming, Nachhaltigkeit, Konzernkritik, Adbusting","article_published_time":"2009-02-12T09:04:30+00:00","og_image":[{"url":"http:\/\/www.sozial-oekologische-forschung.org\/_img\/article\/strichcode_photocase361534213.jpg","type":"","width":"","height":""}],"author":"Peter M.","twitter_card":"summary_large_image","twitter_misc":{"Verfasst von":"Peter M.","Gesch\u00e4tzte Lesezeit":"3\u00a0Minuten"},"schema":{"@context":"https:\/\/schema.org","@graph":[{"@type":"WebPage","@id":"https:\/\/konsumpf.de\/?p=2856","url":"https:\/\/konsumpf.de\/?p=2856","name":"Vom Wissen zum Handeln \/ Sozial-\u00f6kologische Forschung - Konsumpf - Forum f\u00fcr kreative Konsumkritik - Culture Jamming, Nachhaltigkeit, Konzernkritik, Adbusting","isPartOf":{"@id":"https:\/\/konsumpf.de\/#website"},"primaryImageOfPage":{"@id":"https:\/\/konsumpf.de\/?p=2856#primaryimage"},"image":{"@id":"https:\/\/konsumpf.de\/?p=2856#primaryimage"},"thumbnailUrl":"http:\/\/www.sozial-oekologische-forschung.org\/_img\/article\/strichcode_photocase361534213.jpg","datePublished":"2009-02-12T09:04:30+00:00","author":{"@id":"https:\/\/konsumpf.de\/#\/schema\/person\/e595a6d286b26994e7e0926d70699070"},"breadcrumb":{"@id":"https:\/\/konsumpf.de\/?p=2856#breadcrumb"},"inLanguage":"de","potentialAction":[{"@type":"ReadAction","target":["https:\/\/konsumpf.de\/?p=2856"]}]},{"@type":"ImageObject","inLanguage":"de","@id":"https:\/\/konsumpf.de\/?p=2856#primaryimage","url":"http:\/\/www.sozial-oekologische-forschung.org\/_img\/article\/strichcode_photocase361534213.jpg","contentUrl":"http:\/\/www.sozial-oekologische-forschung.org\/_img\/article\/strichcode_photocase361534213.jpg"},{"@type":"BreadcrumbList","@id":"https:\/\/konsumpf.de\/?p=2856#breadcrumb","itemListElement":[{"@type":"ListItem","position":1,"name":"Startseite","item":"https:\/\/konsumpf.de\/"},{"@type":"ListItem","position":2,"name":"Vom Wissen zum Handeln \/ Sozial-\u00f6kologische Forschung"}]},{"@type":"WebSite","@id":"https:\/\/konsumpf.de\/#website","url":"https:\/\/konsumpf.de\/","name":"Konsumpf - Forum f\u00fcr kreative Konsumkritik - Culture Jamming, Nachhaltigkeit, Konzernkritik, Adbusting","description":"","potentialAction":[{"@type":"SearchAction","target":{"@type":"EntryPoint","urlTemplate":"https:\/\/konsumpf.de\/?s={search_term_string}"},"query-input":{"@type":"PropertyValueSpecification","valueRequired":true,"valueName":"search_term_string"}}],"inLanguage":"de"},{"@type":"Person","@id":"https:\/\/konsumpf.de\/#\/schema\/person\/e595a6d286b26994e7e0926d70699070","name":"Peter M.","sameAs":["http:\/\/konsumpf.de"]}]}},"_links":{"self":[{"href":"https:\/\/konsumpf.de\/index.php?rest_route=\/wp\/v2\/posts\/2856"}],"collection":[{"href":"https:\/\/konsumpf.de\/index.php?rest_route=\/wp\/v2\/posts"}],"about":[{"href":"https:\/\/konsumpf.de\/index.php?rest_route=\/wp\/v2\/types\/post"}],"author":[{"embeddable":true,"href":"https:\/\/konsumpf.de\/index.php?rest_route=\/wp\/v2\/users\/1"}],"replies":[{"embeddable":true,"href":"https:\/\/konsumpf.de\/index.php?rest_route=%2Fwp%2Fv2%2Fcomments&post=2856"}],"version-history":[{"count":5,"href":"https:\/\/konsumpf.de\/index.php?rest_route=\/wp\/v2\/posts\/2856\/revisions"}],"predecessor-version":[{"id":2902,"href":"https:\/\/konsumpf.de\/index.php?rest_route=\/wp\/v2\/posts\/2856\/revisions\/2902"}],"wp:attachment":[{"href":"https:\/\/konsumpf.de\/index.php?rest_route=%2Fwp%2Fv2%2Fmedia&parent=2856"}],"wp:term":[{"taxonomy":"category","embeddable":true,"href":"https:\/\/konsumpf.de\/index.php?rest_route=%2Fwp%2Fv2%2Fcategories&post=2856"},{"taxonomy":"post_tag","embeddable":true,"href":"https:\/\/konsumpf.de\/index.php?rest_route=%2Fwp%2Fv2%2Ftags&post=2856"}],"curies":[{"name":"wp","href":"https:\/\/api.w.org\/{rel}","templated":true}]}}