{"id":2837,"date":"2009-04-03T10:04:34","date_gmt":"2009-04-03T08:04:34","guid":{"rendered":"http:\/\/konsumpf.de\/?p=2837"},"modified":"2009-04-04T14:20:38","modified_gmt":"2009-04-04T12:20:38","slug":"discounter-angebote-gunstig-hat-seinen-preis","status":"publish","type":"post","link":"https:\/\/konsumpf.de\/?p=2837","title":{"rendered":"Discounter-Angebote: G\u00fcnstig hat seinen Preis"},"content":{"rendered":"<p>Das Thema <strong>Discounter<\/strong> treibt mich hier im Blog bekannterma\u00dfen immer wieder um \u2013 zu massiv sind die <a href=\"http:\/\/konsumpf.de\/?p=2353\">vielen negativen Folgen<\/a> der Billigspirale. Leider ist dies noch nicht dauerhaft in den Medien angekommen (so brachte die NDR-Sendung Markt letztens ein l\u00e4ngeres Feature dar\u00fcber, wo man denn bei den Discountern am g\u00fcnstigsten Butter kaufen kann \u2013 ohne dass sich der Sender offenbar weitere Gedanken \u00fcber die grundlegende Problematik und die Sch\u00e4den, die diese Entwicklung mit sich bringt, gemacht h\u00e4tte), wenngleich es gl\u00fccklicherweise immer \u00f6fter Sendungen gibt, die sich angemessen kritisch mit den Discounter besch\u00e4ftigen. <strong>Arte<\/strong> sendete zum Beispiel letztes Jahr den Beitrag \u201e<strong>Discounter-Angebote: G\u00fcnstig hat seinen Preis<\/strong>\u201c, in dem es besonders um die schlimmen Auswirkungen auf den Arbeitsmarkt und das Sozialgef\u00fcge in Frankreich und Deutschland geht. Besonders bemerkenswert (und erschreckend) finde ich den Kunden, der gefragt wird, wieso er trotz des Wissens um die Zust\u00e4nde in diesen L\u00e4den dort einkauft und im Brustton der \u00dcberzeugung meint: <em>\u201eBeim Geld h\u00f6rt die Moral auf.\u201c<\/em> Herzlichen Gl\u00fcckwunsch, solche Art von Menschen braucht dieses System und solche Moraleinstellungen z\u00fcchtet es sich heran. Letztlich vollzieht der B\u00fcrger nat\u00fcrlich auch nur das Verhalten nach, das uns die Konzerne und Wirtschaftseliten tagt\u00e4glich vorleben&#8230;\u00a0 [<a href=\"http:\/\/www.dokumentarfilm24.de\/2008\/08\/02\/discounter-angebote-guenstig-hat-seinen-preis\/\">via<\/a>]<\/p>\n<p style=\"text-align: center;\"><object width=\"500\" height=\"354\" data=\"http:\/\/video.google.com\/googleplayer.swf?docId=3614832181015618664&amp;q=arte&amp;ei=iESUSMK3KKOk2AKh9J2KBQ&amp;hl=de&amp;hl=en\" type=\"application\/x-shockwave-flash\"><param name=\"src\" value=\"http:\/\/video.google.com\/googleplayer.swf?docId=3614832181015618664&amp;q=arte&amp;ei=iESUSMK3KKOk2AKh9J2KBQ&amp;hl=de&amp;hl=en\" \/><\/object><\/p>\n<p>EDIT: Wer einen noch ausf\u00fchrlicheren Beitrag zu der Discounter-Problematik schauen will, dem empfehle ich noch die ausf\u00fchrlichere Sendung \u201e<strong>Die Billigheimer<\/strong>\u201c, den es <a href=\"http:\/\/www.youtube.com\/watch?v=14c4k7GKzTg\">in vier Teilen bei YouTube<\/a> zu sehen gibt.<\/p>\n<h3 class='related_post_title'>Verwandte Beitr\u00e4ge:<\/h3><ul class='related_post'><li><a href=\"http:\/\/konsumpf.de\/?p=15323\" title=\"Die Masche der Discounter \u2013 Billig-Eier\">Die Masche der Discounter \u2013 Billig-Eier<\/a><\/li><li><a href=\"http:\/\/konsumpf.de\/?p=14937\" title=\"Billig. Billiger. Banane.\">Billig. Billiger. Banane.<\/a><\/li><li><a href=\"http:\/\/konsumpf.de\/?p=13677\" title=\"Fernsehtipp: Der Lidl-Check\">Fernsehtipp: Der Lidl-Check<\/a><\/li><li><a href=\"http:\/\/konsumpf.de\/?p=12338\" title=\"Sch\u00f6nf\u00e4rberei konkret bei Discountern\">Sch\u00f6nf\u00e4rberei konkret bei Discountern<\/a><\/li><li><a href=\"http:\/\/konsumpf.de\/?p=11704\" title=\"Billig ist unfair \u2013 Ausbeutung sichtbar machen!\">Billig ist unfair \u2013 Ausbeutung sichtbar machen!<\/a><\/li><\/ul>","protected":false},"excerpt":{"rendered":"<p>Das Thema Discounter treibt mich hier im Blog bekannterma\u00dfen immer wieder um \u2013 zu massiv sind die vielen negativen Folgen der Billigspirale. Leider ist dies noch nicht dauerhaft in den Medien angekommen (so brachte die NDR-Sendung Markt letztens ein l\u00e4ngeres Feature dar\u00fcber, wo man denn bei den Discountern am g\u00fcnstigsten Butter kaufen kann \u2013 ohne [&hellip;]<\/p>\n","protected":false},"author":1,"featured_media":0,"comment_status":"open","ping_status":"open","sticky":false,"template":"","format":"standard","meta":{"footnotes":""},"categories":[23],"tags":[25,362,2860,24,658],"yoast_head":"<!-- This site is optimized with the Yoast SEO plugin v24.4 - https:\/\/yoast.com\/wordpress\/plugins\/seo\/ -->\n<title>Discounter-Angebote: G\u00fcnstig hat seinen Preis - Konsumpf - Forum f\u00fcr kreative Konsumkritik - Culture Jamming, Nachhaltigkeit, Konzernkritik, Adbusting<\/title>\n<meta name=\"robots\" content=\"index, follow, max-snippet:-1, max-image-preview:large, max-video-preview:-1\" \/>\n<link rel=\"canonical\" href=\"https:\/\/konsumpf.de\/?p=2837\" \/>\n<meta property=\"og:locale\" content=\"de_DE\" \/>\n<meta property=\"og:type\" content=\"article\" \/>\n<meta property=\"og:title\" content=\"Discounter-Angebote: G\u00fcnstig hat seinen Preis - Konsumpf - Forum f\u00fcr kreative Konsumkritik - Culture Jamming, Nachhaltigkeit, Konzernkritik, Adbusting\" \/>\n<meta property=\"og:description\" content=\"Das Thema Discounter treibt mich hier im Blog bekannterma\u00dfen immer wieder um \u2013 zu massiv sind die vielen negativen Folgen der Billigspirale. Leider ist dies noch nicht dauerhaft in den Medien angekommen (so brachte die NDR-Sendung Markt letztens ein l\u00e4ngeres Feature dar\u00fcber, wo man denn bei den Discountern am g\u00fcnstigsten Butter kaufen kann \u2013 ohne [&hellip;]\" \/>\n<meta property=\"og:url\" content=\"https:\/\/konsumpf.de\/?p=2837\" \/>\n<meta property=\"og:site_name\" content=\"Konsumpf - Forum f\u00fcr kreative Konsumkritik - Culture Jamming, Nachhaltigkeit, Konzernkritik, Adbusting\" \/>\n<meta property=\"article:published_time\" content=\"2009-04-03T08:04:34+00:00\" \/>\n<meta property=\"article:modified_time\" content=\"2009-04-04T12:20:38+00:00\" \/>\n<meta name=\"author\" content=\"Peter M.\" \/>\n<meta name=\"twitter:card\" content=\"summary_large_image\" \/>\n<meta name=\"twitter:label1\" content=\"Verfasst von\" \/>\n\t<meta name=\"twitter:data1\" content=\"Peter M.\" \/>\n\t<meta name=\"twitter:label2\" content=\"Gesch\u00e4tzte Lesezeit\" \/>\n\t<meta name=\"twitter:data2\" content=\"1\u00a0Minute\" \/>\n<script type=\"application\/ld+json\" class=\"yoast-schema-graph\">{\"@context\":\"https:\/\/schema.org\",\"@graph\":[{\"@type\":\"WebPage\",\"@id\":\"https:\/\/konsumpf.de\/?p=2837\",\"url\":\"https:\/\/konsumpf.de\/?p=2837\",\"name\":\"Discounter-Angebote: G\u00fcnstig hat seinen Preis - Konsumpf - Forum f\u00fcr kreative Konsumkritik - Culture Jamming, Nachhaltigkeit, Konzernkritik, Adbusting\",\"isPartOf\":{\"@id\":\"https:\/\/konsumpf.de\/#website\"},\"datePublished\":\"2009-04-03T08:04:34+00:00\",\"dateModified\":\"2009-04-04T12:20:38+00:00\",\"author\":{\"@id\":\"https:\/\/konsumpf.de\/#\/schema\/person\/e595a6d286b26994e7e0926d70699070\"},\"breadcrumb\":{\"@id\":\"https:\/\/konsumpf.de\/?p=2837#breadcrumb\"},\"inLanguage\":\"de\",\"potentialAction\":[{\"@type\":\"ReadAction\",\"target\":[\"https:\/\/konsumpf.de\/?p=2837\"]}]},{\"@type\":\"BreadcrumbList\",\"@id\":\"https:\/\/konsumpf.de\/?p=2837#breadcrumb\",\"itemListElement\":[{\"@type\":\"ListItem\",\"position\":1,\"name\":\"Startseite\",\"item\":\"https:\/\/konsumpf.de\/\"},{\"@type\":\"ListItem\",\"position\":2,\"name\":\"Discounter-Angebote: G\u00fcnstig hat seinen Preis\"}]},{\"@type\":\"WebSite\",\"@id\":\"https:\/\/konsumpf.de\/#website\",\"url\":\"https:\/\/konsumpf.de\/\",\"name\":\"Konsumpf - Forum f\u00fcr kreative Konsumkritik - Culture Jamming, Nachhaltigkeit, Konzernkritik, Adbusting\",\"description\":\"\",\"potentialAction\":[{\"@type\":\"SearchAction\",\"target\":{\"@type\":\"EntryPoint\",\"urlTemplate\":\"https:\/\/konsumpf.de\/?s={search_term_string}\"},\"query-input\":{\"@type\":\"PropertyValueSpecification\",\"valueRequired\":true,\"valueName\":\"search_term_string\"}}],\"inLanguage\":\"de\"},{\"@type\":\"Person\",\"@id\":\"https:\/\/konsumpf.de\/#\/schema\/person\/e595a6d286b26994e7e0926d70699070\",\"name\":\"Peter M.\",\"sameAs\":[\"http:\/\/konsumpf.de\"]}]}<\/script>\n<!-- \/ Yoast SEO plugin. -->","yoast_head_json":{"title":"Discounter-Angebote: G\u00fcnstig hat seinen Preis - Konsumpf - Forum f\u00fcr kreative Konsumkritik - Culture Jamming, Nachhaltigkeit, Konzernkritik, Adbusting","robots":{"index":"index","follow":"follow","max-snippet":"max-snippet:-1","max-image-preview":"max-image-preview:large","max-video-preview":"max-video-preview:-1"},"canonical":"https:\/\/konsumpf.de\/?p=2837","og_locale":"de_DE","og_type":"article","og_title":"Discounter-Angebote: G\u00fcnstig hat seinen Preis - Konsumpf - Forum f\u00fcr kreative Konsumkritik - Culture Jamming, Nachhaltigkeit, Konzernkritik, Adbusting","og_description":"Das Thema Discounter treibt mich hier im Blog bekannterma\u00dfen immer wieder um \u2013 zu massiv sind die vielen negativen Folgen der Billigspirale. Leider ist dies noch nicht dauerhaft in den Medien angekommen (so brachte die NDR-Sendung Markt letztens ein l\u00e4ngeres Feature dar\u00fcber, wo man denn bei den Discountern am g\u00fcnstigsten Butter kaufen kann \u2013 ohne [&hellip;]","og_url":"https:\/\/konsumpf.de\/?p=2837","og_site_name":"Konsumpf - Forum f\u00fcr kreative Konsumkritik - Culture Jamming, Nachhaltigkeit, Konzernkritik, Adbusting","article_published_time":"2009-04-03T08:04:34+00:00","article_modified_time":"2009-04-04T12:20:38+00:00","author":"Peter M.","twitter_card":"summary_large_image","twitter_misc":{"Verfasst von":"Peter M.","Gesch\u00e4tzte Lesezeit":"1\u00a0Minute"},"schema":{"@context":"https:\/\/schema.org","@graph":[{"@type":"WebPage","@id":"https:\/\/konsumpf.de\/?p=2837","url":"https:\/\/konsumpf.de\/?p=2837","name":"Discounter-Angebote: G\u00fcnstig hat seinen Preis - Konsumpf - Forum f\u00fcr kreative Konsumkritik - Culture Jamming, Nachhaltigkeit, Konzernkritik, Adbusting","isPartOf":{"@id":"https:\/\/konsumpf.de\/#website"},"datePublished":"2009-04-03T08:04:34+00:00","dateModified":"2009-04-04T12:20:38+00:00","author":{"@id":"https:\/\/konsumpf.de\/#\/schema\/person\/e595a6d286b26994e7e0926d70699070"},"breadcrumb":{"@id":"https:\/\/konsumpf.de\/?p=2837#breadcrumb"},"inLanguage":"de","potentialAction":[{"@type":"ReadAction","target":["https:\/\/konsumpf.de\/?p=2837"]}]},{"@type":"BreadcrumbList","@id":"https:\/\/konsumpf.de\/?p=2837#breadcrumb","itemListElement":[{"@type":"ListItem","position":1,"name":"Startseite","item":"https:\/\/konsumpf.de\/"},{"@type":"ListItem","position":2,"name":"Discounter-Angebote: G\u00fcnstig hat seinen Preis"}]},{"@type":"WebSite","@id":"https:\/\/konsumpf.de\/#website","url":"https:\/\/konsumpf.de\/","name":"Konsumpf - Forum f\u00fcr kreative Konsumkritik - Culture Jamming, Nachhaltigkeit, Konzernkritik, Adbusting","description":"","potentialAction":[{"@type":"SearchAction","target":{"@type":"EntryPoint","urlTemplate":"https:\/\/konsumpf.de\/?s={search_term_string}"},"query-input":{"@type":"PropertyValueSpecification","valueRequired":true,"valueName":"search_term_string"}}],"inLanguage":"de"},{"@type":"Person","@id":"https:\/\/konsumpf.de\/#\/schema\/person\/e595a6d286b26994e7e0926d70699070","name":"Peter M.","sameAs":["http:\/\/konsumpf.de"]}]}},"_links":{"self":[{"href":"https:\/\/konsumpf.de\/index.php?rest_route=\/wp\/v2\/posts\/2837"}],"collection":[{"href":"https:\/\/konsumpf.de\/index.php?rest_route=\/wp\/v2\/posts"}],"about":[{"href":"https:\/\/konsumpf.de\/index.php?rest_route=\/wp\/v2\/types\/post"}],"author":[{"embeddable":true,"href":"https:\/\/konsumpf.de\/index.php?rest_route=\/wp\/v2\/users\/1"}],"replies":[{"embeddable":true,"href":"https:\/\/konsumpf.de\/index.php?rest_route=%2Fwp%2Fv2%2Fcomments&post=2837"}],"version-history":[{"count":9,"href":"https:\/\/konsumpf.de\/index.php?rest_route=\/wp\/v2\/posts\/2837\/revisions"}],"predecessor-version":[{"id":3691,"href":"https:\/\/konsumpf.de\/index.php?rest_route=\/wp\/v2\/posts\/2837\/revisions\/3691"}],"wp:attachment":[{"href":"https:\/\/konsumpf.de\/index.php?rest_route=%2Fwp%2Fv2%2Fmedia&parent=2837"}],"wp:term":[{"taxonomy":"category","embeddable":true,"href":"https:\/\/konsumpf.de\/index.php?rest_route=%2Fwp%2Fv2%2Fcategories&post=2837"},{"taxonomy":"post_tag","embeddable":true,"href":"https:\/\/konsumpf.de\/index.php?rest_route=%2Fwp%2Fv2%2Ftags&post=2837"}],"curies":[{"name":"wp","href":"https:\/\/api.w.org\/{rel}","templated":true}]}}