{"id":2659,"date":"2009-02-03T09:48:49","date_gmt":"2009-02-03T08:48:49","guid":{"rendered":"http:\/\/konsumpf.de\/?p=2659"},"modified":"2009-02-09T14:07:21","modified_gmt":"2009-02-09T13:07:21","slug":"buchbesprechung-tobias-schlegel-%e2%80%9ezu-spat-so-zukunftsfahig-sind-wir-jungen-deutschen%e2%80%9c","status":"publish","type":"post","link":"https:\/\/konsumpf.de\/?p=2659","title":{"rendered":"Buchbesprechung: Tobias Schlegl \u201eZu sp\u00e4t? So zukunftsf\u00e4hig sind wir jungen Deutschen\u201c"},"content":{"rendered":"<p><a href=\"http:\/\/konsumpf.de\/wp-content\/uploads\/2009\/02\/schlegel-zu-spat-mittel.jpg\"><img loading=\"lazy\" decoding=\"async\" class=\"alignright size-full wp-image-2663\" title=\"schlegel-zu-spat-mittel\" src=\"http:\/\/konsumpf.de\/wp-content\/uploads\/2009\/02\/schlegel-zu-spat-mittel.jpg\" alt=\"schlegel-zu-spat-mittel\" width=\"158\" height=\"240\" \/><\/a>F\u00fcr mich war <strong>Tobias \u201eTobi\u201c Schlegl<\/strong> fr\u00fcher eigentlich nur einer von vielen m\u00e4\u00dfig interessanten Viva-Moderatoren, der nach seiner Zeit beim K\u00f6lner Musiksender in der Versenkung verschwand. Erst als er vor knapp zwei Jahren den Moderationssessel bei der N3-Satiresendung <strong>extra 3<\/strong> erklomm, nahm ich ihn wieder wahr \u2013 und war angenehm \u00fcberrascht \u00fcber die Art und Weise, wie er auch ernste Themen wie z.B. die Probleme der Atomm\u00fcllendlagerung, am\u00fcsant und bissig pr\u00e4sentierte. Tats\u00e4chlich erfahre ich in seinem aktuellen Buch <strong>\u201eZu sp\u00e4t? So zukunftsf\u00e4hig sind wir jungen Deutschen. Eine Inspektion\u201c<\/strong> nun endlich auch, was er in der Zeit zwischen Viva und N3 getrieben hat und weshalb er bei extra 3 genau an der richtigen Stelle sitzt: er war Anfang dieses Jahrtausends Mitglied im <strong>\u201eRat f\u00fcr Nachhaltige Entwicklung\u201c<\/strong> \u2013 ein die Bundesregierung beratendes Gremium, das sich mit Themen wie Konsum, Umweltschutz oder Bildung besch\u00e4ftigt.<\/p>\n<p>Nun ist <a href=\"http:\/\/www.uebernehmensie.com\/\">Tobias Schlegl<\/a> also unter die Buchautoren gegangen und zeichnet auf seiner Reise durch Deutschland ein Bild der derzeitigen Nachhaltigkeitsdebatte. Jedes der 24 Kapitel tr\u00e4gt den Titel eines Songs seiner Lieblingsband <strong>Die \u00c4rzte<\/strong> (Bela B. wird im Rahmen des Buches auch ausf\u00fchrlich interviewt) und gibt damit schon einmal die Marschrichtung vor: sein Buch richtet sich vor allem an j\u00fcngere Menschen und versucht, diese f\u00fcr die uns umgebenden Missst\u00e4nde zu sensibilisieren und f\u00fcr politisches und gesellschaftliches Engagement zu aktivieren. In sehr locker-flockigem Stil, dabei dennoch zielstrebig und kritisch, ohne jedoch im Mindesten verbissen zu wirken, macht sich Schlegel auf, Konzernen auf den Zahn zu f\u00fchlen, Aktivisten- und Umweltschutzgruppen zu besuchen und Fragen nach der Entwicklung unserer Gesellschaft aufzuwerfen.<\/p>\n<p>So protestiert er zusammen mit Tilo Bode und <strong>foodwatch<\/strong> vor einer <strong>McDonald&#8217;s<\/strong>-Filiale, weil diese Firma den Tieren, die sie in ihre Burger pressen, nur genmanipuliertes Futter zu fressen gibt. Gemeinsam mit einigen Leuten von <strong>Attac<\/strong> nimmt Tobias Schlegl an einem Flashmob im K\u00f6lner Bahnhof gegen die Bahnprivatisierung und auch an einer globalisierungskritischen Stadtf\u00fchrung in Hameln teil. Er pflanzt einen ganzen Sonntag lang mit Freiwilligen B\u00e4ume, geht im <strong>Umweltbundesamt<\/strong> und bei der <strong>Stiftung Warentest<\/strong> auf Konfrontationskurs und scheitert daran, bei Filialen der gro\u00dfen Kleidungsketten wie <strong>H&amp;M<\/strong> und <strong>Zara<\/strong>, genauere Informationen \u00fcber die (bekanntlich oft katastrophalen) Produktionsbedingungen der Klamotten zu erhalten. Ebenfalls sehr lesenswert ist das Kapitel, in dem der Autor die Werbefloskeln von McD in deren Imagekampagne, laut der jeder mal hinter die Kulissen des Bratimperiums schauen kann, als hohle Versprechungen entlarvt, da es ihm auch nach vielen Wochen nicht gelingt, tats\u00e4chlich einen Termin zu ergattern.<\/p>\n<p>Bei der Vielzahl an m\u00f6glichen Angriffspunkten und Gespr\u00e4chspartnern auf nur gut 200 Seiten ist klar, dass vieles lediglich angerissen werden kann. Hier k\u00f6nnte man vermutlich auch den einzigen wirklichen Kritikpunkt an Schlegls \u201eInspektion\u201c sehen \u2013 z.B. befasst er sich damit, woher <strong>Ikea<\/strong> das Holz f\u00fcr seine M\u00f6belproduktion bezieht. Denn viele Holzprodukte werden aus illegaler Rodung und nicht nachhaltig gewonnen \u2013 ein Missstand, dem man mit Hilfe von Zertifizierungen wie dem <a href=\"http:\/\/fsc-deutschland.de\/\">FSC-Siegel<\/a> abhelfen will. Ikea hat in der Hinsicht einen relativ guten Ruf, bem\u00fcht sich um \u201esauberes Holz\u201c und arbeitet auch mit den Leuten vom FSC zusammen, ohne allerdings deren Siegel auf ihren Produkten zu verwenden. Auch wenn dieses Unternehmen sich also in dm Bereich durchaus engagiert zeigt (wobei der geplante Anteil von FSC-Holz mit 30% auch noch viel Luft nach oben l\u00e4sst), so fehlt mir im Buch dennoch die Betrachtung der anderen Waren, die Ikea in Massen unter die Leute bringt und die teils unter \u00e4hnlich unerfreulichen Bedingungen produziert werden wie bei vielen anderen Konzernen auch (niedrige Preise kommen halt nicht von ungef\u00e4hr).<\/p>\n<p>Das latente Manko der oft recht schlaglichtartigen Betrachtung gleicht Schlegl jedoch am Ende eines jeden Kapitels mit einer Reihe guter praktischer Tipps f\u00fcr den Alltag sowie Hinweisen auf Websites, auf denen man sich weiter informieren kann, aus und macht das Buch somit zu einem guten Ausgangspunkt f\u00fcr die eigenen Recherchen und Nachforschungen. Vor allem f\u00fcr Einsteiger und Neulinge in Sachen Nachhaltigkeit und Konsumgesellschaft ist \u201eZu sp\u00e4t?\u201c deshalb eindeutig zu empfehlen.<\/p>\n<p><em>Tobias Schlegl \u201eZu sp\u00e4t? So zukunftsf\u00e4hig sind wir jungen Deutschen. Eine Inspektion\u201c, rororo 2008, 217 S., 8.95 \u20ac<\/em><\/p>\n<h3 class='related_post_title'>Verwandte Beitr\u00e4ge:<\/h3><ul class='related_post'><li><a href=\"http:\/\/konsumpf.de\/?p=14818\" title=\"McDonald&#8217;s raus aus der Schule!\">McDonald&#8217;s raus aus der Schule!<\/a><\/li><li><a href=\"http:\/\/konsumpf.de\/?p=14257\" title=\"Lesetipps: Internet macht dumm? | IKEA-Wohnviertel | Olympia | Bayer spendet an Republikaner\">Lesetipps: Internet macht dumm? | IKEA-Wohnviertel | Olympia | Bayer spendet an Republikaner<\/a><\/li><li><a href=\"http:\/\/konsumpf.de\/?p=8465\" title=\"Tricksereien der Lebensmittelindustrie: Sauerstoff-Fleisch und Nimm2\">Tricksereien der Lebensmittelindustrie: Sauerstoff-Fleisch und Nimm2<\/a><\/li><li><a href=\"http:\/\/konsumpf.de\/?p=5442\" title=\"Buchbesprechung: \u201eNestl\u00e9. Anatomie eines Weltkonzerns\u201c\">Buchbesprechung: \u201eNestl\u00e9. Anatomie eines Weltkonzerns\u201c<\/a><\/li><li><a href=\"http:\/\/konsumpf.de\/?p=336\" title=\"Buchbesprechung: Klaus Werner \/ Hans Weiss \u201eDas neue Schwarzbuch Markenfirmen\u201d\">Buchbesprechung: Klaus Werner \/ Hans Weiss \u201eDas neue Schwarzbuch Markenfirmen\u201d<\/a><\/li><\/ul>","protected":false},"excerpt":{"rendered":"<p>F\u00fcr mich war Tobias \u201eTobi\u201c Schlegl fr\u00fcher eigentlich nur einer von vielen m\u00e4\u00dfig interessanten Viva-Moderatoren, der nach seiner Zeit beim K\u00f6lner Musiksender in der Versenkung verschwand. Erst als er vor knapp zwei Jahren den Moderationssessel bei der N3-Satiresendung extra 3 erklomm, nahm ich ihn wieder wahr \u2013 und war angenehm \u00fcberrascht \u00fcber die Art und [&hellip;]<\/p>\n","protected":false},"author":1,"featured_media":0,"comment_status":"open","ping_status":"open","sticky":false,"template":"","format":"standard","meta":{"footnotes":""},"categories":[38,259,37,53,50,78],"tags":[90,465,2866,464,255,463,8,505,462],"yoast_head":"<!-- This site is optimized with the Yoast SEO plugin v24.4 - https:\/\/yoast.com\/wordpress\/plugins\/seo\/ -->\n<title>Buchbesprechung: Tobias Schlegl \u201eZu sp\u00e4t? So zukunftsf\u00e4hig sind wir jungen Deutschen\u201c - Konsumpf - Forum f\u00fcr kreative Konsumkritik - Culture Jamming, Nachhaltigkeit, Konzernkritik, Adbusting<\/title>\n<meta name=\"robots\" content=\"index, follow, max-snippet:-1, max-image-preview:large, max-video-preview:-1\" \/>\n<link rel=\"canonical\" href=\"https:\/\/konsumpf.de\/?p=2659\" \/>\n<meta property=\"og:locale\" content=\"de_DE\" \/>\n<meta property=\"og:type\" content=\"article\" \/>\n<meta property=\"og:title\" content=\"Buchbesprechung: Tobias Schlegl \u201eZu sp\u00e4t? So zukunftsf\u00e4hig sind wir jungen Deutschen\u201c - Konsumpf - Forum f\u00fcr kreative Konsumkritik - Culture Jamming, Nachhaltigkeit, Konzernkritik, Adbusting\" \/>\n<meta property=\"og:description\" content=\"F\u00fcr mich war Tobias \u201eTobi\u201c Schlegl fr\u00fcher eigentlich nur einer von vielen m\u00e4\u00dfig interessanten Viva-Moderatoren, der nach seiner Zeit beim K\u00f6lner Musiksender in der Versenkung verschwand. Erst als er vor knapp zwei Jahren den Moderationssessel bei der N3-Satiresendung extra 3 erklomm, nahm ich ihn wieder wahr \u2013 und war angenehm \u00fcberrascht \u00fcber die Art und [&hellip;]\" \/>\n<meta property=\"og:url\" content=\"https:\/\/konsumpf.de\/?p=2659\" \/>\n<meta property=\"og:site_name\" content=\"Konsumpf - Forum f\u00fcr kreative Konsumkritik - Culture Jamming, Nachhaltigkeit, Konzernkritik, Adbusting\" \/>\n<meta property=\"article:published_time\" content=\"2009-02-03T08:48:49+00:00\" \/>\n<meta property=\"article:modified_time\" content=\"2009-02-09T13:07:21+00:00\" \/>\n<meta property=\"og:image\" content=\"http:\/\/konsumpf.de\/wp-content\/uploads\/2009\/02\/schlegel-zu-spat-mittel.jpg\" \/>\n<meta name=\"author\" content=\"Peter M.\" \/>\n<meta name=\"twitter:card\" content=\"summary_large_image\" \/>\n<meta name=\"twitter:label1\" content=\"Verfasst von\" \/>\n\t<meta name=\"twitter:data1\" content=\"Peter M.\" \/>\n\t<meta name=\"twitter:label2\" content=\"Gesch\u00e4tzte Lesezeit\" \/>\n\t<meta name=\"twitter:data2\" content=\"3\u00a0Minuten\" \/>\n<script type=\"application\/ld+json\" class=\"yoast-schema-graph\">{\"@context\":\"https:\/\/schema.org\",\"@graph\":[{\"@type\":\"WebPage\",\"@id\":\"https:\/\/konsumpf.de\/?p=2659\",\"url\":\"https:\/\/konsumpf.de\/?p=2659\",\"name\":\"Buchbesprechung: Tobias Schlegl \u201eZu sp\u00e4t? So zukunftsf\u00e4hig sind wir jungen Deutschen\u201c - Konsumpf - Forum f\u00fcr kreative Konsumkritik - Culture Jamming, Nachhaltigkeit, Konzernkritik, Adbusting\",\"isPartOf\":{\"@id\":\"https:\/\/konsumpf.de\/#website\"},\"primaryImageOfPage\":{\"@id\":\"https:\/\/konsumpf.de\/?p=2659#primaryimage\"},\"image\":{\"@id\":\"https:\/\/konsumpf.de\/?p=2659#primaryimage\"},\"thumbnailUrl\":\"http:\/\/konsumpf.de\/wp-content\/uploads\/2009\/02\/schlegel-zu-spat-mittel.jpg\",\"datePublished\":\"2009-02-03T08:48:49+00:00\",\"dateModified\":\"2009-02-09T13:07:21+00:00\",\"author\":{\"@id\":\"https:\/\/konsumpf.de\/#\/schema\/person\/e595a6d286b26994e7e0926d70699070\"},\"breadcrumb\":{\"@id\":\"https:\/\/konsumpf.de\/?p=2659#breadcrumb\"},\"inLanguage\":\"de\",\"potentialAction\":[{\"@type\":\"ReadAction\",\"target\":[\"https:\/\/konsumpf.de\/?p=2659\"]}]},{\"@type\":\"ImageObject\",\"inLanguage\":\"de\",\"@id\":\"https:\/\/konsumpf.de\/?p=2659#primaryimage\",\"url\":\"https:\/\/konsumpf.de\/wp-content\/uploads\/2009\/02\/schlegel-zu-spat-mittel.jpg\",\"contentUrl\":\"https:\/\/konsumpf.de\/wp-content\/uploads\/2009\/02\/schlegel-zu-spat-mittel.jpg\",\"width\":\"158\",\"height\":\"240\"},{\"@type\":\"BreadcrumbList\",\"@id\":\"https:\/\/konsumpf.de\/?p=2659#breadcrumb\",\"itemListElement\":[{\"@type\":\"ListItem\",\"position\":1,\"name\":\"Startseite\",\"item\":\"https:\/\/konsumpf.de\/\"},{\"@type\":\"ListItem\",\"position\":2,\"name\":\"Buchbesprechung: Tobias Schlegl \u201eZu sp\u00e4t? So zukunftsf\u00e4hig sind wir jungen Deutschen\u201c\"}]},{\"@type\":\"WebSite\",\"@id\":\"https:\/\/konsumpf.de\/#website\",\"url\":\"https:\/\/konsumpf.de\/\",\"name\":\"Konsumpf - Forum f\u00fcr kreative Konsumkritik - Culture Jamming, Nachhaltigkeit, Konzernkritik, Adbusting\",\"description\":\"\",\"potentialAction\":[{\"@type\":\"SearchAction\",\"target\":{\"@type\":\"EntryPoint\",\"urlTemplate\":\"https:\/\/konsumpf.de\/?s={search_term_string}\"},\"query-input\":{\"@type\":\"PropertyValueSpecification\",\"valueRequired\":true,\"valueName\":\"search_term_string\"}}],\"inLanguage\":\"de\"},{\"@type\":\"Person\",\"@id\":\"https:\/\/konsumpf.de\/#\/schema\/person\/e595a6d286b26994e7e0926d70699070\",\"name\":\"Peter M.\",\"sameAs\":[\"http:\/\/konsumpf.de\"]}]}<\/script>\n<!-- \/ Yoast SEO plugin. -->","yoast_head_json":{"title":"Buchbesprechung: Tobias Schlegl \u201eZu sp\u00e4t? So zukunftsf\u00e4hig sind wir jungen Deutschen\u201c - Konsumpf - Forum f\u00fcr kreative Konsumkritik - Culture Jamming, Nachhaltigkeit, Konzernkritik, Adbusting","robots":{"index":"index","follow":"follow","max-snippet":"max-snippet:-1","max-image-preview":"max-image-preview:large","max-video-preview":"max-video-preview:-1"},"canonical":"https:\/\/konsumpf.de\/?p=2659","og_locale":"de_DE","og_type":"article","og_title":"Buchbesprechung: Tobias Schlegl \u201eZu sp\u00e4t? So zukunftsf\u00e4hig sind wir jungen Deutschen\u201c - Konsumpf - Forum f\u00fcr kreative Konsumkritik - Culture Jamming, Nachhaltigkeit, Konzernkritik, Adbusting","og_description":"F\u00fcr mich war Tobias \u201eTobi\u201c Schlegl fr\u00fcher eigentlich nur einer von vielen m\u00e4\u00dfig interessanten Viva-Moderatoren, der nach seiner Zeit beim K\u00f6lner Musiksender in der Versenkung verschwand. Erst als er vor knapp zwei Jahren den Moderationssessel bei der N3-Satiresendung extra 3 erklomm, nahm ich ihn wieder wahr \u2013 und war angenehm \u00fcberrascht \u00fcber die Art und [&hellip;]","og_url":"https:\/\/konsumpf.de\/?p=2659","og_site_name":"Konsumpf - Forum f\u00fcr kreative Konsumkritik - Culture Jamming, Nachhaltigkeit, Konzernkritik, Adbusting","article_published_time":"2009-02-03T08:48:49+00:00","article_modified_time":"2009-02-09T13:07:21+00:00","og_image":[{"url":"http:\/\/konsumpf.de\/wp-content\/uploads\/2009\/02\/schlegel-zu-spat-mittel.jpg","type":"","width":"","height":""}],"author":"Peter M.","twitter_card":"summary_large_image","twitter_misc":{"Verfasst von":"Peter M.","Gesch\u00e4tzte Lesezeit":"3\u00a0Minuten"},"schema":{"@context":"https:\/\/schema.org","@graph":[{"@type":"WebPage","@id":"https:\/\/konsumpf.de\/?p=2659","url":"https:\/\/konsumpf.de\/?p=2659","name":"Buchbesprechung: Tobias Schlegl \u201eZu sp\u00e4t? So zukunftsf\u00e4hig sind wir jungen Deutschen\u201c - Konsumpf - Forum f\u00fcr kreative Konsumkritik - Culture Jamming, Nachhaltigkeit, Konzernkritik, Adbusting","isPartOf":{"@id":"https:\/\/konsumpf.de\/#website"},"primaryImageOfPage":{"@id":"https:\/\/konsumpf.de\/?p=2659#primaryimage"},"image":{"@id":"https:\/\/konsumpf.de\/?p=2659#primaryimage"},"thumbnailUrl":"http:\/\/konsumpf.de\/wp-content\/uploads\/2009\/02\/schlegel-zu-spat-mittel.jpg","datePublished":"2009-02-03T08:48:49+00:00","dateModified":"2009-02-09T13:07:21+00:00","author":{"@id":"https:\/\/konsumpf.de\/#\/schema\/person\/e595a6d286b26994e7e0926d70699070"},"breadcrumb":{"@id":"https:\/\/konsumpf.de\/?p=2659#breadcrumb"},"inLanguage":"de","potentialAction":[{"@type":"ReadAction","target":["https:\/\/konsumpf.de\/?p=2659"]}]},{"@type":"ImageObject","inLanguage":"de","@id":"https:\/\/konsumpf.de\/?p=2659#primaryimage","url":"https:\/\/konsumpf.de\/wp-content\/uploads\/2009\/02\/schlegel-zu-spat-mittel.jpg","contentUrl":"https:\/\/konsumpf.de\/wp-content\/uploads\/2009\/02\/schlegel-zu-spat-mittel.jpg","width":"158","height":"240"},{"@type":"BreadcrumbList","@id":"https:\/\/konsumpf.de\/?p=2659#breadcrumb","itemListElement":[{"@type":"ListItem","position":1,"name":"Startseite","item":"https:\/\/konsumpf.de\/"},{"@type":"ListItem","position":2,"name":"Buchbesprechung: Tobias Schlegl \u201eZu sp\u00e4t? So zukunftsf\u00e4hig sind wir jungen Deutschen\u201c"}]},{"@type":"WebSite","@id":"https:\/\/konsumpf.de\/#website","url":"https:\/\/konsumpf.de\/","name":"Konsumpf - Forum f\u00fcr kreative Konsumkritik - Culture Jamming, Nachhaltigkeit, Konzernkritik, Adbusting","description":"","potentialAction":[{"@type":"SearchAction","target":{"@type":"EntryPoint","urlTemplate":"https:\/\/konsumpf.de\/?s={search_term_string}"},"query-input":{"@type":"PropertyValueSpecification","valueRequired":true,"valueName":"search_term_string"}}],"inLanguage":"de"},{"@type":"Person","@id":"https:\/\/konsumpf.de\/#\/schema\/person\/e595a6d286b26994e7e0926d70699070","name":"Peter M.","sameAs":["http:\/\/konsumpf.de"]}]}},"_links":{"self":[{"href":"https:\/\/konsumpf.de\/index.php?rest_route=\/wp\/v2\/posts\/2659"}],"collection":[{"href":"https:\/\/konsumpf.de\/index.php?rest_route=\/wp\/v2\/posts"}],"about":[{"href":"https:\/\/konsumpf.de\/index.php?rest_route=\/wp\/v2\/types\/post"}],"author":[{"embeddable":true,"href":"https:\/\/konsumpf.de\/index.php?rest_route=\/wp\/v2\/users\/1"}],"replies":[{"embeddable":true,"href":"https:\/\/konsumpf.de\/index.php?rest_route=%2Fwp%2Fv2%2Fcomments&post=2659"}],"version-history":[{"count":15,"href":"https:\/\/konsumpf.de\/index.php?rest_route=\/wp\/v2\/posts\/2659\/revisions"}],"predecessor-version":[{"id":2673,"href":"https:\/\/konsumpf.de\/index.php?rest_route=\/wp\/v2\/posts\/2659\/revisions\/2673"}],"wp:attachment":[{"href":"https:\/\/konsumpf.de\/index.php?rest_route=%2Fwp%2Fv2%2Fmedia&parent=2659"}],"wp:term":[{"taxonomy":"category","embeddable":true,"href":"https:\/\/konsumpf.de\/index.php?rest_route=%2Fwp%2Fv2%2Fcategories&post=2659"},{"taxonomy":"post_tag","embeddable":true,"href":"https:\/\/konsumpf.de\/index.php?rest_route=%2Fwp%2Fv2%2Ftags&post=2659"}],"curies":[{"name":"wp","href":"https:\/\/api.w.org\/{rel}","templated":true}]}}