{"id":2602,"date":"2009-01-31T17:23:47","date_gmt":"2009-01-31T16:23:47","guid":{"rendered":"http:\/\/konsumpf.de\/?p=2602"},"modified":"2011-03-21T10:24:31","modified_gmt":"2011-03-21T09:24:31","slug":"faschistomat","status":"publish","type":"post","link":"https:\/\/konsumpf.de\/?p=2602","title":{"rendered":"Faschistomat"},"content":{"rendered":"<p><a href=\"http:\/\/www.fernsehkritik.tv\">Fernsehkritik.tv<\/a> ist ein seit ca. zwei Jahren existierender, kostenloser Videopodcast des Hamburgers Holger Kreymeier, der einmal im Monat ausf\u00fchrlich das Fernsehprogramm und seine Ausw\u00fcchse kritisch \u201ew\u00fcrdigt\u201c. Dabei werden nicht nur die \u00fcblichen Verd\u00e4chtigen wie Privatsender-Formate oder Call-In-Abzockshows einer genaueren Analyse unterzogen, sondern durchaus auch den \u00f6ffentlich-rechtlichen Stationen ein Spiegel vorgehalten. Wem Kalkofe zu hyperaktiv ist, wird an diesem Podcast eher seine Freude haben. In der neuesten Folge gab es einen besonders guten Beitrag unter dem Titel \u201e<strong>Faschistomat<\/strong>\u201c, in welchem die abartige Boulevardsendung \u201e<strong>Red!<\/strong>\u201c auf <strong>Pro 7<\/strong> und das von diesem Format vermittelte kranke Frauenbild zerlegt wird. \u00dcber dieses Thema, also die verheerenden Auswirkungen solcher medial verbreiteter \u201eVorbilder\u201c (= zur alleinig g\u00fcltigen Norm erkl\u00e4rten Sch\u00f6nheitsideale) werde ich in meiner Serie <a href=\"http:\/\/konsumpf.de\/?s=Werbung+schadet&amp;x=0&amp;y=0\">Werbung schadet<\/a> noch genauer eingehen. Jetzt aber erst einmal viel Spa\u00df mit dem Faschistomaten von Pro 7:<\/p>\n<p><object id=\"smotriComVideoPlayer\" classid=\"clsid:d27cdb6e-ae6d-11cf-96b8-444553540000\" width=\"500\" height=\"300\"><param name=\"movie\" value=\"http:\/\/pics.smotri.com\/player.swf?file=v17060554bde&#038;bufferTime=3&#038;autoStart=false&#038;str_lang=rus&#038;xmlsource=http%3A%2F%2Fpics.smotri.com%2Fcskins%2Fblue%2Fskin_color.xml&#038;xmldatasource=http%3A%2F%2Fpics.smotri.com%2Fskin_ng.xml\" \/><param name=\"allowScriptAccess\" value=\"always\" \/><param name=\"allowFullScreen\" value=\"true\" \/><param name=\"bgcolor\" value=\"#ffffff\" \/><embed src=\"http:\/\/pics.smotri.com\/player.swf?file=v17060554bde&#038;bufferTime=3&#038;autoStart=false&#038;str_lang=rus&#038;xmlsource=http%3A%2F%2Fpics.smotri.com%2Fcskins%2Fblue%2Fskin_color.xml&#038;xmldatasource=http%3A%2F%2Fpics.smotri.com%2Fskin_ng.xml\" quality=\"high\" allowscriptaccess=\"always\" allowfullscreen=\"true\" wmode=\"opaque\"  width=\"500\" height=\"300\" type=\"application\/x-shockwave-flash\"><\/embed><\/object><br \/><strong><a href=\"http:\/\/smotri.com\/video\/view\/?id=v17060554bde\" target=\"_blank\">Faschistomat Red Fernsehkritik.tv<\/a><\/strong><\/p>\n<h3 class='related_post_title'>Verwandte Beitr\u00e4ge:<\/h3><ul class='related_post'><li><a href=\"http:\/\/konsumpf.de\/?p=15303\" title=\"Zeit zu entgiften\">Zeit zu entgiften<\/a><\/li><li><a href=\"http:\/\/konsumpf.de\/?p=15151\" title=\"Primark \u2013 Mode zum Wegwerfen\">Primark \u2013 Mode zum Wegwerfen<\/a><\/li><li><a href=\"http:\/\/konsumpf.de\/?p=14897\" title=\"Abercombie &#038; Fitch \u2013 Der sch\u00f6ne Schein\">Abercombie &#038; Fitch \u2013 Der sch\u00f6ne Schein<\/a><\/li><li><a href=\"http:\/\/konsumpf.de\/?p=14146\" title=\"H&#038;M und beworbene Kunstprodukte\">H&#038;M und beworbene Kunstprodukte<\/a><\/li><li><a href=\"http:\/\/konsumpf.de\/?p=13010\" title=\"Billige Klamotten\">Billige Klamotten<\/a><\/li><\/ul>","protected":false},"excerpt":{"rendered":"<p>Fernsehkritik.tv ist ein seit ca. zwei Jahren existierender, kostenloser Videopodcast des Hamburgers Holger Kreymeier, der einmal im Monat ausf\u00fchrlich das Fernsehprogramm und seine Ausw\u00fcchse kritisch \u201ew\u00fcrdigt\u201c. Dabei werden nicht nur die \u00fcblichen Verd\u00e4chtigen wie Privatsender-Formate oder Call-In-Abzockshows einer genaueren Analyse unterzogen, sondern durchaus auch den \u00f6ffentlich-rechtlichen Stationen ein Spiegel vorgehalten. Wem Kalkofe zu hyperaktiv ist, [&hellip;]<\/p>\n","protected":false},"author":1,"featured_media":0,"comment_status":"open","ping_status":"open","sticky":false,"template":"","format":"standard","meta":{"footnotes":""},"categories":[34,190,33],"tags":[451,431,153,453,450,452],"yoast_head":"<!-- This site is optimized with the Yoast SEO plugin v24.4 - https:\/\/yoast.com\/wordpress\/plugins\/seo\/ -->\n<title>Faschistomat - Konsumpf - Forum f\u00fcr kreative Konsumkritik - Culture Jamming, Nachhaltigkeit, Konzernkritik, Adbusting<\/title>\n<meta name=\"robots\" content=\"index, follow, max-snippet:-1, max-image-preview:large, max-video-preview:-1\" \/>\n<link rel=\"canonical\" href=\"https:\/\/konsumpf.de\/?p=2602\" \/>\n<meta property=\"og:locale\" content=\"de_DE\" \/>\n<meta property=\"og:type\" content=\"article\" \/>\n<meta property=\"og:title\" content=\"Faschistomat - Konsumpf - Forum f\u00fcr kreative Konsumkritik - Culture Jamming, Nachhaltigkeit, Konzernkritik, Adbusting\" \/>\n<meta property=\"og:description\" content=\"Fernsehkritik.tv ist ein seit ca. zwei Jahren existierender, kostenloser Videopodcast des Hamburgers Holger Kreymeier, der einmal im Monat ausf\u00fchrlich das Fernsehprogramm und seine Ausw\u00fcchse kritisch \u201ew\u00fcrdigt\u201c. Dabei werden nicht nur die \u00fcblichen Verd\u00e4chtigen wie Privatsender-Formate oder Call-In-Abzockshows einer genaueren Analyse unterzogen, sondern durchaus auch den \u00f6ffentlich-rechtlichen Stationen ein Spiegel vorgehalten. Wem Kalkofe zu hyperaktiv ist, [&hellip;]\" \/>\n<meta property=\"og:url\" content=\"https:\/\/konsumpf.de\/?p=2602\" \/>\n<meta property=\"og:site_name\" content=\"Konsumpf - Forum f\u00fcr kreative Konsumkritik - Culture Jamming, Nachhaltigkeit, Konzernkritik, Adbusting\" \/>\n<meta property=\"article:published_time\" content=\"2009-01-31T16:23:47+00:00\" \/>\n<meta property=\"article:modified_time\" content=\"2011-03-21T09:24:31+00:00\" \/>\n<meta name=\"author\" content=\"Peter M.\" \/>\n<meta name=\"twitter:card\" content=\"summary_large_image\" \/>\n<meta name=\"twitter:label1\" content=\"Verfasst von\" \/>\n\t<meta name=\"twitter:data1\" content=\"Peter M.\" \/>\n\t<meta name=\"twitter:label2\" content=\"Gesch\u00e4tzte Lesezeit\" \/>\n\t<meta name=\"twitter:data2\" content=\"1\u00a0Minute\" \/>\n<script type=\"application\/ld+json\" class=\"yoast-schema-graph\">{\"@context\":\"https:\/\/schema.org\",\"@graph\":[{\"@type\":\"WebPage\",\"@id\":\"https:\/\/konsumpf.de\/?p=2602\",\"url\":\"https:\/\/konsumpf.de\/?p=2602\",\"name\":\"Faschistomat - Konsumpf - Forum f\u00fcr kreative Konsumkritik - Culture Jamming, Nachhaltigkeit, Konzernkritik, Adbusting\",\"isPartOf\":{\"@id\":\"https:\/\/konsumpf.de\/#website\"},\"datePublished\":\"2009-01-31T16:23:47+00:00\",\"dateModified\":\"2011-03-21T09:24:31+00:00\",\"author\":{\"@id\":\"https:\/\/konsumpf.de\/#\/schema\/person\/e595a6d286b26994e7e0926d70699070\"},\"breadcrumb\":{\"@id\":\"https:\/\/konsumpf.de\/?p=2602#breadcrumb\"},\"inLanguage\":\"de\",\"potentialAction\":[{\"@type\":\"ReadAction\",\"target\":[\"https:\/\/konsumpf.de\/?p=2602\"]}]},{\"@type\":\"BreadcrumbList\",\"@id\":\"https:\/\/konsumpf.de\/?p=2602#breadcrumb\",\"itemListElement\":[{\"@type\":\"ListItem\",\"position\":1,\"name\":\"Startseite\",\"item\":\"https:\/\/konsumpf.de\/\"},{\"@type\":\"ListItem\",\"position\":2,\"name\":\"Faschistomat\"}]},{\"@type\":\"WebSite\",\"@id\":\"https:\/\/konsumpf.de\/#website\",\"url\":\"https:\/\/konsumpf.de\/\",\"name\":\"Konsumpf - Forum f\u00fcr kreative Konsumkritik - Culture Jamming, Nachhaltigkeit, Konzernkritik, Adbusting\",\"description\":\"\",\"potentialAction\":[{\"@type\":\"SearchAction\",\"target\":{\"@type\":\"EntryPoint\",\"urlTemplate\":\"https:\/\/konsumpf.de\/?s={search_term_string}\"},\"query-input\":{\"@type\":\"PropertyValueSpecification\",\"valueRequired\":true,\"valueName\":\"search_term_string\"}}],\"inLanguage\":\"de\"},{\"@type\":\"Person\",\"@id\":\"https:\/\/konsumpf.de\/#\/schema\/person\/e595a6d286b26994e7e0926d70699070\",\"name\":\"Peter M.\",\"sameAs\":[\"http:\/\/konsumpf.de\"]}]}<\/script>\n<!-- \/ Yoast SEO plugin. -->","yoast_head_json":{"title":"Faschistomat - Konsumpf - Forum f\u00fcr kreative Konsumkritik - Culture Jamming, Nachhaltigkeit, Konzernkritik, Adbusting","robots":{"index":"index","follow":"follow","max-snippet":"max-snippet:-1","max-image-preview":"max-image-preview:large","max-video-preview":"max-video-preview:-1"},"canonical":"https:\/\/konsumpf.de\/?p=2602","og_locale":"de_DE","og_type":"article","og_title":"Faschistomat - Konsumpf - Forum f\u00fcr kreative Konsumkritik - Culture Jamming, Nachhaltigkeit, Konzernkritik, Adbusting","og_description":"Fernsehkritik.tv ist ein seit ca. zwei Jahren existierender, kostenloser Videopodcast des Hamburgers Holger Kreymeier, der einmal im Monat ausf\u00fchrlich das Fernsehprogramm und seine Ausw\u00fcchse kritisch \u201ew\u00fcrdigt\u201c. Dabei werden nicht nur die \u00fcblichen Verd\u00e4chtigen wie Privatsender-Formate oder Call-In-Abzockshows einer genaueren Analyse unterzogen, sondern durchaus auch den \u00f6ffentlich-rechtlichen Stationen ein Spiegel vorgehalten. Wem Kalkofe zu hyperaktiv ist, [&hellip;]","og_url":"https:\/\/konsumpf.de\/?p=2602","og_site_name":"Konsumpf - Forum f\u00fcr kreative Konsumkritik - Culture Jamming, Nachhaltigkeit, Konzernkritik, Adbusting","article_published_time":"2009-01-31T16:23:47+00:00","article_modified_time":"2011-03-21T09:24:31+00:00","author":"Peter M.","twitter_card":"summary_large_image","twitter_misc":{"Verfasst von":"Peter M.","Gesch\u00e4tzte Lesezeit":"1\u00a0Minute"},"schema":{"@context":"https:\/\/schema.org","@graph":[{"@type":"WebPage","@id":"https:\/\/konsumpf.de\/?p=2602","url":"https:\/\/konsumpf.de\/?p=2602","name":"Faschistomat - Konsumpf - Forum f\u00fcr kreative Konsumkritik - Culture Jamming, Nachhaltigkeit, Konzernkritik, Adbusting","isPartOf":{"@id":"https:\/\/konsumpf.de\/#website"},"datePublished":"2009-01-31T16:23:47+00:00","dateModified":"2011-03-21T09:24:31+00:00","author":{"@id":"https:\/\/konsumpf.de\/#\/schema\/person\/e595a6d286b26994e7e0926d70699070"},"breadcrumb":{"@id":"https:\/\/konsumpf.de\/?p=2602#breadcrumb"},"inLanguage":"de","potentialAction":[{"@type":"ReadAction","target":["https:\/\/konsumpf.de\/?p=2602"]}]},{"@type":"BreadcrumbList","@id":"https:\/\/konsumpf.de\/?p=2602#breadcrumb","itemListElement":[{"@type":"ListItem","position":1,"name":"Startseite","item":"https:\/\/konsumpf.de\/"},{"@type":"ListItem","position":2,"name":"Faschistomat"}]},{"@type":"WebSite","@id":"https:\/\/konsumpf.de\/#website","url":"https:\/\/konsumpf.de\/","name":"Konsumpf - Forum f\u00fcr kreative Konsumkritik - Culture Jamming, Nachhaltigkeit, Konzernkritik, Adbusting","description":"","potentialAction":[{"@type":"SearchAction","target":{"@type":"EntryPoint","urlTemplate":"https:\/\/konsumpf.de\/?s={search_term_string}"},"query-input":{"@type":"PropertyValueSpecification","valueRequired":true,"valueName":"search_term_string"}}],"inLanguage":"de"},{"@type":"Person","@id":"https:\/\/konsumpf.de\/#\/schema\/person\/e595a6d286b26994e7e0926d70699070","name":"Peter M.","sameAs":["http:\/\/konsumpf.de"]}]}},"_links":{"self":[{"href":"https:\/\/konsumpf.de\/index.php?rest_route=\/wp\/v2\/posts\/2602"}],"collection":[{"href":"https:\/\/konsumpf.de\/index.php?rest_route=\/wp\/v2\/posts"}],"about":[{"href":"https:\/\/konsumpf.de\/index.php?rest_route=\/wp\/v2\/types\/post"}],"author":[{"embeddable":true,"href":"https:\/\/konsumpf.de\/index.php?rest_route=\/wp\/v2\/users\/1"}],"replies":[{"embeddable":true,"href":"https:\/\/konsumpf.de\/index.php?rest_route=%2Fwp%2Fv2%2Fcomments&post=2602"}],"version-history":[{"count":7,"href":"https:\/\/konsumpf.de\/index.php?rest_route=\/wp\/v2\/posts\/2602\/revisions"}],"predecessor-version":[{"id":11314,"href":"https:\/\/konsumpf.de\/index.php?rest_route=\/wp\/v2\/posts\/2602\/revisions\/11314"}],"wp:attachment":[{"href":"https:\/\/konsumpf.de\/index.php?rest_route=%2Fwp%2Fv2%2Fmedia&parent=2602"}],"wp:term":[{"taxonomy":"category","embeddable":true,"href":"https:\/\/konsumpf.de\/index.php?rest_route=%2Fwp%2Fv2%2Fcategories&post=2602"},{"taxonomy":"post_tag","embeddable":true,"href":"https:\/\/konsumpf.de\/index.php?rest_route=%2Fwp%2Fv2%2Ftags&post=2602"}],"curies":[{"name":"wp","href":"https:\/\/api.w.org\/{rel}","templated":true}]}}