{"id":2542,"date":"2009-01-30T10:09:00","date_gmt":"2009-01-30T09:09:00","guid":{"rendered":"http:\/\/konsumpf.de\/?p=2542"},"modified":"2009-01-30T10:10:24","modified_gmt":"2009-01-30T09:10:24","slug":"der-preiskampf","status":"publish","type":"post","link":"https:\/\/konsumpf.de\/?p=2542","title":{"rendered":"Der Preiskampf"},"content":{"rendered":"<p><a href=\"http:\/\/konsumpf.de\/wp-content\/uploads\/2009\/01\/2-plakate.jpg\"><img loading=\"lazy\" decoding=\"async\" class=\"aligncenter size-full wp-image-2606\" title=\"2-plakate\" src=\"http:\/\/konsumpf.de\/wp-content\/uploads\/2009\/01\/2-plakate.jpg\" alt=\"2-plakate\" width=\"502\" height=\"234\" srcset=\"https:\/\/konsumpf.de\/wp-content\/uploads\/2009\/01\/2-plakate.jpg 600w, https:\/\/konsumpf.de\/wp-content\/uploads\/2009\/01\/2-plakate-300x140.jpg 300w\" sizes=\"(max-width: 502px) 100vw, 502px\" \/><\/a>Schon ein wenig \u00e4lter \u2013 aus dem Jahre 2005, um genau zu sein \u2013 ist diese Adbusting-Aktion, die ich allerdings erst neulich bei meinen Streifz\u00fcgen durch die unendlichen Weiten des Netzes aufst\u00f6berte. Das <a href=\"http:\/\/www.genausoundanders.de\/?preiskampf\"><strong>genauso.und.anders<\/strong><\/a>-Projekt initiierte dabei im Rahmen der Ausstellung <strong>\u201eTHE ABC. Semiotik des Widerstands\u201c<\/strong> das Bekleben von 12 Plakatw\u00e4nden in Berlin-Mitte mit gro\u00dffl\u00e4chigen Motiven des Graphikdesigners <strong>Stephan K\u00f6nig<\/strong>. (Berlin scheint eh so etwas wie die deutsche Hochburg des Abdusting zu sein.)<\/p>\n<blockquote><p>Die Darstellungen erinnern an riesige Ausschnitte aus Comic-Heften. Spitz kommentieren sie unser Leben in einer Konsumwelt, ohne dabei den Humor zu verlieren. In saftigen Farben und mit den Bildern einer Welt, in der Helden auch dann nicht aufgeben, wenn sie t\u00f6dlich verletzt sind, wird ein enth\u00fcllender Blick hinter die Kulissen der Sonderpreise und des Kaufgl\u00fccks geboten. In einem gewissen Sinn ist es so, als h\u00e4tte man die ehemaligen Werbebilder an den Tafeln wie eine M\u00fcnze umgedreht. Wo fr\u00fcher die Zahl war, ist jetzt der Kopf.<\/p><\/blockquote>\n<p>Die Motive sind wirklich sehr sch\u00f6n gelungen, wie ich finde. Meine Favoriten sind diese beiden:<br \/>\n<a href=\"http:\/\/konsumpf.de\/wp-content\/uploads\/2009\/01\/wirkaufenbeide.jpg\"><img loading=\"lazy\" decoding=\"async\" class=\"alignleft size-medium wp-image-2609\" style=\"margin-top: 12px;\" title=\"wirkaufenbeide\" src=\"http:\/\/konsumpf.de\/wp-content\/uploads\/2009\/01\/wirkaufenbeide-300x225.jpg\" alt=\"wirkaufenbeide\" width=\"292\" height=\"222\" \/><\/a> <a href=\"http:\/\/konsumpf.de\/wp-content\/uploads\/2009\/01\/niewiederfreude.jpg\"><img loading=\"lazy\" decoding=\"async\" class=\"alignleft size-medium wp-image-2610\" title=\"niewiederfreude\" src=\"http:\/\/konsumpf.de\/wp-content\/uploads\/2009\/01\/niewiederfreude-300x225.jpg\" alt=\"niewiederfreude\" width=\"292\" height=\"219\" srcset=\"https:\/\/konsumpf.de\/wp-content\/uploads\/2009\/01\/niewiederfreude-300x225.jpg 300w, https:\/\/konsumpf.de\/wp-content\/uploads\/2009\/01\/niewiederfreude.jpg 450w\" sizes=\"(max-width: 292px) 100vw, 292px\" \/><\/a><\/p>\n<h3 class='related_post_title'>Verwandte Beitr\u00e4ge:<\/h3><ul class='related_post'><li><a href=\"http:\/\/konsumpf.de\/?p=15259\" title=\"Lesetipps: Freihandelsabkommen | Wirtschaftswachstum | Billiggesellschaft | Kampf gegen Verpackungen | Autofrei | Adbusting\">Lesetipps: Freihandelsabkommen | Wirtschaftswachstum | Billiggesellschaft | Kampf gegen Verpackungen | Autofrei | Adbusting<\/a><\/li><li><a href=\"http:\/\/konsumpf.de\/?p=14157\" title=\"Adbusting in Paris, London und Berlin \u2013 Kampf gegen den Reklamewahnsinn\">Adbusting in Paris, London und Berlin \u2013 Kampf gegen den Reklamewahnsinn<\/a><\/li><li><a href=\"http:\/\/konsumpf.de\/?p=12955\" title=\"Lesetipps: Berlin-Wahl-Nachklapp | #occupywallstreet | Sklaverei\">Lesetipps: Berlin-Wahl-Nachklapp | #occupywallstreet | Sklaverei<\/a><\/li><li><a href=\"http:\/\/konsumpf.de\/?p=12878\" title=\"Berliner Wahlplakat-Busting, Nachschlag\">Berliner Wahlplakat-Busting, Nachschlag<\/a><\/li><li><a href=\"http:\/\/konsumpf.de\/?p=12630\" title=\"Berliner FDP-Busting (+ Vollgas f\u00fcr J\u00f6rg Haider)\">Berliner FDP-Busting (+ Vollgas f\u00fcr J\u00f6rg Haider)<\/a><\/li><\/ul>","protected":false},"excerpt":{"rendered":"<p>Schon ein wenig \u00e4lter \u2013 aus dem Jahre 2005, um genau zu sein \u2013 ist diese Adbusting-Aktion, die ich allerdings erst neulich bei meinen Streifz\u00fcgen durch die unendlichen Weiten des Netzes aufst\u00f6berte. Das genauso.und.anders-Projekt initiierte dabei im Rahmen der Ausstellung \u201eTHE ABC. Semiotik des Widerstands\u201c das Bekleben von 12 Plakatw\u00e4nden in Berlin-Mitte mit gro\u00dffl\u00e4chigen Motiven [&hellip;]<\/p>\n","protected":false},"author":1,"featured_media":0,"comment_status":"open","ping_status":"open","sticky":false,"template":"","format":"standard","meta":{"footnotes":""},"categories":[18,196,20],"tags":[2858,99,446],"yoast_head":"<!-- This site is optimized with the Yoast SEO plugin v24.4 - https:\/\/yoast.com\/wordpress\/plugins\/seo\/ -->\n<title>Der Preiskampf - Konsumpf - Forum f\u00fcr kreative Konsumkritik - Culture Jamming, Nachhaltigkeit, Konzernkritik, Adbusting<\/title>\n<meta name=\"robots\" content=\"index, follow, max-snippet:-1, max-image-preview:large, max-video-preview:-1\" \/>\n<link rel=\"canonical\" href=\"https:\/\/konsumpf.de\/?p=2542\" \/>\n<meta property=\"og:locale\" content=\"de_DE\" \/>\n<meta property=\"og:type\" content=\"article\" \/>\n<meta property=\"og:title\" content=\"Der Preiskampf - Konsumpf - Forum f\u00fcr kreative Konsumkritik - Culture Jamming, Nachhaltigkeit, Konzernkritik, Adbusting\" \/>\n<meta property=\"og:description\" content=\"Schon ein wenig \u00e4lter \u2013 aus dem Jahre 2005, um genau zu sein \u2013 ist diese Adbusting-Aktion, die ich allerdings erst neulich bei meinen Streifz\u00fcgen durch die unendlichen Weiten des Netzes aufst\u00f6berte. Das genauso.und.anders-Projekt initiierte dabei im Rahmen der Ausstellung \u201eTHE ABC. Semiotik des Widerstands\u201c das Bekleben von 12 Plakatw\u00e4nden in Berlin-Mitte mit gro\u00dffl\u00e4chigen Motiven [&hellip;]\" \/>\n<meta property=\"og:url\" content=\"https:\/\/konsumpf.de\/?p=2542\" \/>\n<meta property=\"og:site_name\" content=\"Konsumpf - Forum f\u00fcr kreative Konsumkritik - Culture Jamming, Nachhaltigkeit, Konzernkritik, Adbusting\" \/>\n<meta property=\"article:published_time\" content=\"2009-01-30T09:09:00+00:00\" \/>\n<meta property=\"article:modified_time\" content=\"2009-01-30T09:10:24+00:00\" \/>\n<meta property=\"og:image\" content=\"http:\/\/konsumpf.de\/wp-content\/uploads\/2009\/01\/2-plakate.jpg\" \/>\n<meta name=\"author\" content=\"Peter M.\" \/>\n<meta name=\"twitter:card\" content=\"summary_large_image\" \/>\n<meta name=\"twitter:label1\" content=\"Verfasst von\" \/>\n\t<meta name=\"twitter:data1\" content=\"Peter M.\" \/>\n\t<meta name=\"twitter:label2\" content=\"Gesch\u00e4tzte Lesezeit\" \/>\n\t<meta name=\"twitter:data2\" content=\"1\u00a0Minute\" \/>\n<script type=\"application\/ld+json\" class=\"yoast-schema-graph\">{\"@context\":\"https:\/\/schema.org\",\"@graph\":[{\"@type\":\"WebPage\",\"@id\":\"https:\/\/konsumpf.de\/?p=2542\",\"url\":\"https:\/\/konsumpf.de\/?p=2542\",\"name\":\"Der Preiskampf - Konsumpf - Forum f\u00fcr kreative Konsumkritik - Culture Jamming, Nachhaltigkeit, Konzernkritik, Adbusting\",\"isPartOf\":{\"@id\":\"https:\/\/konsumpf.de\/#website\"},\"primaryImageOfPage\":{\"@id\":\"https:\/\/konsumpf.de\/?p=2542#primaryimage\"},\"image\":{\"@id\":\"https:\/\/konsumpf.de\/?p=2542#primaryimage\"},\"thumbnailUrl\":\"http:\/\/konsumpf.de\/wp-content\/uploads\/2009\/01\/2-plakate.jpg\",\"datePublished\":\"2009-01-30T09:09:00+00:00\",\"dateModified\":\"2009-01-30T09:10:24+00:00\",\"author\":{\"@id\":\"https:\/\/konsumpf.de\/#\/schema\/person\/e595a6d286b26994e7e0926d70699070\"},\"breadcrumb\":{\"@id\":\"https:\/\/konsumpf.de\/?p=2542#breadcrumb\"},\"inLanguage\":\"de\",\"potentialAction\":[{\"@type\":\"ReadAction\",\"target\":[\"https:\/\/konsumpf.de\/?p=2542\"]}]},{\"@type\":\"ImageObject\",\"inLanguage\":\"de\",\"@id\":\"https:\/\/konsumpf.de\/?p=2542#primaryimage\",\"url\":\"https:\/\/konsumpf.de\/wp-content\/uploads\/2009\/01\/2-plakate.jpg\",\"contentUrl\":\"https:\/\/konsumpf.de\/wp-content\/uploads\/2009\/01\/2-plakate.jpg\",\"width\":\"600\",\"height\":\"280\"},{\"@type\":\"BreadcrumbList\",\"@id\":\"https:\/\/konsumpf.de\/?p=2542#breadcrumb\",\"itemListElement\":[{\"@type\":\"ListItem\",\"position\":1,\"name\":\"Startseite\",\"item\":\"https:\/\/konsumpf.de\/\"},{\"@type\":\"ListItem\",\"position\":2,\"name\":\"Der Preiskampf\"}]},{\"@type\":\"WebSite\",\"@id\":\"https:\/\/konsumpf.de\/#website\",\"url\":\"https:\/\/konsumpf.de\/\",\"name\":\"Konsumpf - Forum f\u00fcr kreative Konsumkritik - Culture Jamming, Nachhaltigkeit, Konzernkritik, Adbusting\",\"description\":\"\",\"potentialAction\":[{\"@type\":\"SearchAction\",\"target\":{\"@type\":\"EntryPoint\",\"urlTemplate\":\"https:\/\/konsumpf.de\/?s={search_term_string}\"},\"query-input\":{\"@type\":\"PropertyValueSpecification\",\"valueRequired\":true,\"valueName\":\"search_term_string\"}}],\"inLanguage\":\"de\"},{\"@type\":\"Person\",\"@id\":\"https:\/\/konsumpf.de\/#\/schema\/person\/e595a6d286b26994e7e0926d70699070\",\"name\":\"Peter M.\",\"sameAs\":[\"http:\/\/konsumpf.de\"]}]}<\/script>\n<!-- \/ Yoast SEO plugin. -->","yoast_head_json":{"title":"Der Preiskampf - Konsumpf - Forum f\u00fcr kreative Konsumkritik - Culture Jamming, Nachhaltigkeit, Konzernkritik, Adbusting","robots":{"index":"index","follow":"follow","max-snippet":"max-snippet:-1","max-image-preview":"max-image-preview:large","max-video-preview":"max-video-preview:-1"},"canonical":"https:\/\/konsumpf.de\/?p=2542","og_locale":"de_DE","og_type":"article","og_title":"Der Preiskampf - Konsumpf - Forum f\u00fcr kreative Konsumkritik - Culture Jamming, Nachhaltigkeit, Konzernkritik, Adbusting","og_description":"Schon ein wenig \u00e4lter \u2013 aus dem Jahre 2005, um genau zu sein \u2013 ist diese Adbusting-Aktion, die ich allerdings erst neulich bei meinen Streifz\u00fcgen durch die unendlichen Weiten des Netzes aufst\u00f6berte. Das genauso.und.anders-Projekt initiierte dabei im Rahmen der Ausstellung \u201eTHE ABC. Semiotik des Widerstands\u201c das Bekleben von 12 Plakatw\u00e4nden in Berlin-Mitte mit gro\u00dffl\u00e4chigen Motiven [&hellip;]","og_url":"https:\/\/konsumpf.de\/?p=2542","og_site_name":"Konsumpf - Forum f\u00fcr kreative Konsumkritik - Culture Jamming, Nachhaltigkeit, Konzernkritik, Adbusting","article_published_time":"2009-01-30T09:09:00+00:00","article_modified_time":"2009-01-30T09:10:24+00:00","og_image":[{"url":"http:\/\/konsumpf.de\/wp-content\/uploads\/2009\/01\/2-plakate.jpg","type":"","width":"","height":""}],"author":"Peter M.","twitter_card":"summary_large_image","twitter_misc":{"Verfasst von":"Peter M.","Gesch\u00e4tzte Lesezeit":"1\u00a0Minute"},"schema":{"@context":"https:\/\/schema.org","@graph":[{"@type":"WebPage","@id":"https:\/\/konsumpf.de\/?p=2542","url":"https:\/\/konsumpf.de\/?p=2542","name":"Der Preiskampf - Konsumpf - Forum f\u00fcr kreative Konsumkritik - Culture Jamming, Nachhaltigkeit, Konzernkritik, Adbusting","isPartOf":{"@id":"https:\/\/konsumpf.de\/#website"},"primaryImageOfPage":{"@id":"https:\/\/konsumpf.de\/?p=2542#primaryimage"},"image":{"@id":"https:\/\/konsumpf.de\/?p=2542#primaryimage"},"thumbnailUrl":"http:\/\/konsumpf.de\/wp-content\/uploads\/2009\/01\/2-plakate.jpg","datePublished":"2009-01-30T09:09:00+00:00","dateModified":"2009-01-30T09:10:24+00:00","author":{"@id":"https:\/\/konsumpf.de\/#\/schema\/person\/e595a6d286b26994e7e0926d70699070"},"breadcrumb":{"@id":"https:\/\/konsumpf.de\/?p=2542#breadcrumb"},"inLanguage":"de","potentialAction":[{"@type":"ReadAction","target":["https:\/\/konsumpf.de\/?p=2542"]}]},{"@type":"ImageObject","inLanguage":"de","@id":"https:\/\/konsumpf.de\/?p=2542#primaryimage","url":"https:\/\/konsumpf.de\/wp-content\/uploads\/2009\/01\/2-plakate.jpg","contentUrl":"https:\/\/konsumpf.de\/wp-content\/uploads\/2009\/01\/2-plakate.jpg","width":"600","height":"280"},{"@type":"BreadcrumbList","@id":"https:\/\/konsumpf.de\/?p=2542#breadcrumb","itemListElement":[{"@type":"ListItem","position":1,"name":"Startseite","item":"https:\/\/konsumpf.de\/"},{"@type":"ListItem","position":2,"name":"Der Preiskampf"}]},{"@type":"WebSite","@id":"https:\/\/konsumpf.de\/#website","url":"https:\/\/konsumpf.de\/","name":"Konsumpf - Forum f\u00fcr kreative Konsumkritik - Culture Jamming, Nachhaltigkeit, Konzernkritik, Adbusting","description":"","potentialAction":[{"@type":"SearchAction","target":{"@type":"EntryPoint","urlTemplate":"https:\/\/konsumpf.de\/?s={search_term_string}"},"query-input":{"@type":"PropertyValueSpecification","valueRequired":true,"valueName":"search_term_string"}}],"inLanguage":"de"},{"@type":"Person","@id":"https:\/\/konsumpf.de\/#\/schema\/person\/e595a6d286b26994e7e0926d70699070","name":"Peter M.","sameAs":["http:\/\/konsumpf.de"]}]}},"_links":{"self":[{"href":"https:\/\/konsumpf.de\/index.php?rest_route=\/wp\/v2\/posts\/2542"}],"collection":[{"href":"https:\/\/konsumpf.de\/index.php?rest_route=\/wp\/v2\/posts"}],"about":[{"href":"https:\/\/konsumpf.de\/index.php?rest_route=\/wp\/v2\/types\/post"}],"author":[{"embeddable":true,"href":"https:\/\/konsumpf.de\/index.php?rest_route=\/wp\/v2\/users\/1"}],"replies":[{"embeddable":true,"href":"https:\/\/konsumpf.de\/index.php?rest_route=%2Fwp%2Fv2%2Fcomments&post=2542"}],"version-history":[{"count":10,"href":"https:\/\/konsumpf.de\/index.php?rest_route=\/wp\/v2\/posts\/2542\/revisions"}],"predecessor-version":[{"id":2617,"href":"https:\/\/konsumpf.de\/index.php?rest_route=\/wp\/v2\/posts\/2542\/revisions\/2617"}],"wp:attachment":[{"href":"https:\/\/konsumpf.de\/index.php?rest_route=%2Fwp%2Fv2%2Fmedia&parent=2542"}],"wp:term":[{"taxonomy":"category","embeddable":true,"href":"https:\/\/konsumpf.de\/index.php?rest_route=%2Fwp%2Fv2%2Fcategories&post=2542"},{"taxonomy":"post_tag","embeddable":true,"href":"https:\/\/konsumpf.de\/index.php?rest_route=%2Fwp%2Fv2%2Ftags&post=2542"}],"curies":[{"name":"wp","href":"https:\/\/api.w.org\/{rel}","templated":true}]}}