{"id":2518,"date":"2009-03-07T10:09:44","date_gmt":"2009-03-07T09:09:44","guid":{"rendered":"http:\/\/konsumpf.de\/?p=2518"},"modified":"2009-05-07T18:31:44","modified_gmt":"2009-05-07T16:31:44","slug":"die-menschen-die-sie-umgebenden-missstande","status":"publish","type":"post","link":"https:\/\/konsumpf.de\/?p=2518","title":{"rendered":"Die Menschen &#038; die sie umgebenden Missst\u00e4nde"},"content":{"rendered":"<p><a href=\"http:\/\/www.sxc.hu\/photo\/991932\"><img loading=\"lazy\" decoding=\"async\" class=\"alignright size-full wp-image-3333\" title=\"991932_leadership_1\" src=\"http:\/\/konsumpf.de\/wp-content\/uploads\/2009\/03\/991932_leadership_1.jpg\" alt=\"991932_leadership_1\" width=\"212\" height=\"141\" \/><\/a>Vor einer Weile stie\u00df ich im Finanzcrash-Forum auf einen interessanten Beitrag eines Users namens <strong>Otto Lidenbrock<\/strong> \u2013 er beschreibt sehr gut die Problematik, der man sich als jemand, der seine Stimme gegen den Mainstream und gegen Missst\u00e4nde erhebt, quasi dauernd im t\u00e4glichen Miteinander ausgesetzt sieht. Dass man n\u00e4mlich bei so manchem Zeitgenossen auf frustrierende Abwehrmechanismen st\u00f6\u00dft, auch auf eine gewisse Art von Ignoranz, die sicher auch in einer Angst vor jeglicher Ver\u00e4nderung begr\u00fcndet ist \u2013 am besten alles so lassen, egal wie bedr\u00fcckend die aktuelle Situation auch sein mag. Ich finde das Motto <em>\u201eIch wei\u00df nicht, ob es besser wird, wenn es anders wird, aber es muss anders werden, um besser zu werden\u201c <\/em>eigentlich hilfreicher. ;-) Hier also der komplette Beitrag:<\/p>\n<blockquote><p>Seit Jahren versuche auch ich vergeblich, die Menschen in meiner Umgebung auf die zahlreichen Missst\u00e4nde in unserer Gesellschaft aufmerksam zu machen. Nicht mit langwierigen und theoretischen Erkl\u00e4rungen und Referaten, sondern ganz praktisch, indem ich Probleme ganz klar benenne und versuche, im Rahmen eines Gespr\u00e4chs Ursachen zu finden und L\u00f6sungsans\u00e4tze aufzuzeigen. Niemals belehrend oder von oben herab, sondern freundschaftlich und hilfsbereit.<\/p>\n<p>Das Ergebnis ist leider so gut wie immer (in 99 Prozent aller F\u00e4lle), dass meine Gespr\u00e4chspartner entweder an der Gesellschaft im Allgemeinen \u00fcberhaupt nicht interessiert sind (das sind deutlich mehr als die H\u00e4lfte) oder sich auf den Standpunkt stellen, was kann ich allein schon machen?<\/p>\n<p>Wenn man den resignierten Was-kann-ich-schon-machen-Typen dann aufzuzeigen versucht, dass sie schon durch kleine Ver\u00e4nderungen ihrer Gewohnheiten viel bewirken k\u00f6nnten, stellt man fest, dass sie in Wirklichkeit gar nichts \u00e4ndern wollen. Sie werden in ihrem Verhalten vor allem durch Tr\u00e4gheit, Denkfaulheit und vor allem von der Furcht vor Ver\u00e4nderungen geleitet. Sie regen sich zum Beispiel nach einem Bericht im Fernsehen dar\u00fcber auf, wie grausam Massentierhaltung, Tiertransporte und Schlachth\u00f6fe seien, wollen aber partout nicht auf den t\u00e4glichen Aufschnitt, die Currywurst und das Putenschnitzel verzichten. Versucht man diesen Menschen dann deutlich zu machen, dass schon eine kleine Reduzierung des Fleischkonsums aller zu einer Verbesserung der Situation der Schlachttiere f\u00fchren w\u00fcrde, benehmen sie sich wie Kinder, denen man den Lolly wegnehmen will. Der mitleidlose Egoismus setzt sich durch und sie schalten auf stur.<\/p>\n<p>Die meisten Menschen sind meiner Erfahrung nach jedoch an der Gesellschaft im Ganzen im Grunde \u00fcberhaupt nicht interessiert. Sie sind, euphemistisch gesprochen, intellektuell ganz einfach nicht in der Lage zu erkennen, dass auch sie auf die Gesellschaft in der sie leben angewiesen sind, und dass Missst\u00e4nde in dieser Gesellschaft \u00fcber kurz oder lang auch sie selbst betreffen werden. Der Horizont dieser Menschen reicht nicht aus, um weiter als bis zum n\u00e4chsten Urlaub zu blicken. Sie haben sich in ihrem Sklavendasein eingerichtet und bauen die uns in kleinen Dosen verabreichten Schweinereien ganz einfach in ihr t\u00e4gliches Dasein ein. Es wird zwar hier und da gemurrt, aber eben auch ganz schnell vergessen &#8211; wenn der Wolf ein Schaf gerissen hat, schaut die Herde kurz auf und grast dann gem\u00fctlich weiter.<\/p>\n<p>Ich habe jahrelang dar\u00fcber gegr\u00fcbelt, wie menschenverachtende Unrechtssysteme eigentlich so gut funktionieren k\u00f6nnen, wie es m\u00f6glich war, dass im Dritten Reich Millionen Menschen umgebracht oder in den Tod getrieben wurden und alle dabei mehr oder weniger schulterzuckend zugesehen haben. Ich habe mich gefragt, warum die Verwaltung solcher Systeme so reibungslos funktioniert, warum die Menschen trotz des himmelschreienden Unrechts das um sie herum geschieht, bis auf ganz wenige Ausnahmen hundertprozentig ihre Arbeit machen.<\/p>\n<p>Mittlerweile bin ich davon \u00fcberzeugt, dass drei bestimmte negative Eigenschaften daf\u00fcr verantwortlich zu machen sind, die praktisch jeder Mensch von Geburt an in sich tr\u00e4gt und die sich aufgrund der unterschiedlichen Sozialisation bei jedem Einzelnen verschieden stark \u00e4u\u00dfern:<\/p>\n<p>1.) Egoismus (wahrscheinlich biologisch bedingt, eine Art \u00dcberlebenstrieb)<\/p>\n<p>2.) Opportunismus (Max Frisch schrieb einmal: \u201eOpportunismus ist ein spontanes Verh\u00e4ltnis zur Realit\u00e4t.\u201c)<\/p>\n<p>3.) Tr\u00e4gheit (Ver\u00e4nderungen sind dem Menschen unheimlich, das kann man besonders gut bei Kindern beobachten)<\/p>\n<p>Das Zusammenspiel dieser Eigenschaften, gepaart mit einer geh\u00f6rigen Portion R\u00fccksichtslosigkeit und Dummheit f\u00fchren dazu, dass kaum ein Mensch in der Lage ist, zu erkennen, dass Altruismus auch ihm pers\u00f6nlich Vorteile bietet und damit seinen Egoismus befriedigt, dass eine Auflehnung gegen die herrschende Ordnung langfristig durchaus zu einer Verbesserung der pers\u00f6nlichen Situation f\u00fchren kann, und dass Aktivit\u00e4t dazu f\u00fchren kann, sich besser und wertvoller zu f\u00fchlen.<\/p>\n<p>Leider scheint die F\u00e4higkeit, nachzudenken, bei den meisten Menschen schon in sehr fr\u00fchen Stadien ihrer Entwicklung verlorenzugehen. Dies liegt meiner Meinung nach eindeutig daran, dass es die Herrschenden geschafft haben, die Menschen weitgehend unter ihre Kontrolle gebracht zu haben. Alle Bereiche menschlichen Lebens werden mittlerweile von irgendwelchen Organisationsstrukturen der sogenannten &#8220;Eliten&#8221; \u00fcberwacht und manipuliert, die Medien pflanzen die entsprechenden Botschaften in die Gehirne und unsere Sprache gleicht immer mehr dem Orwell\u2019schen Neusprech. Die Menschen plappern die t\u00e4glich wiederholten Parolen bereitwillig nach und sind mittlerweile nicht mehr in der Lage, ihre pers\u00f6nliche Situation realistisch einzusch\u00e4tzen. Darauf angesprochen f\u00fchlt sich ihr Unterbewusstsein ertappt und sie reagieren mit Aggressivit\u00e4t und Ausgrenzung.<\/p>\n<p>Ich pers\u00f6nlich habe mit dieser Situation Frieden geschlossen. Ich wei\u00df, dass ich meine Mitmenschen nicht zum Nachdenken bewegen kann, und schon gar nicht zu einer Ver\u00e4nderung ihres (Fehl-)verhaltens. Was ich pers\u00f6nlich tun kann, was tats\u00e4chlich in meiner Macht steht, das versuche ich umzusetzen. Ansonsten beschr\u00e4nke ich meine Rolle in unserer Gesellschaft auf die des Beobachters und manchmal auch auf die des Kritikers. Meine Nerven danken es mir!<\/p><\/blockquote>\n<p><a href=\"http:\/\/konsumpf.de\/wp-content\/uploads\/2009\/03\/adbusters-norwegen-culture-jam.gif\"><img loading=\"lazy\" decoding=\"async\" class=\"alignright size-full wp-image-3334\" title=\"adbusters-norwegen-culture-jam\" src=\"http:\/\/konsumpf.de\/wp-content\/uploads\/2009\/03\/adbusters-norwegen-culture-jam.gif\" alt=\"adbusters-norwegen-culture-jam\" width=\"150\" height=\"221\" \/><\/a>Manche dieser Beobachtungen finde ich wirklich gut getroffen und ich kann sie nur best\u00e4tigen, allerdings s\u00e4he mein Fazit nicht so negativ-resigniert aus, da es mir in der Vergangenheit durchaus des \u00f6fteren gelungen ist, Menschen in meinem Umfeld auf Missst\u00e4nde aufmerksam zu machen und auch zu \u00c4nderungen anzustiften. Wie ich schon einmal z.B. bez\u00fcglich de \u201eSpiels\u201c <a href=\"http:\/\/konsumpf.de\/?p=2904\"><strong>society conspiracy<\/strong><\/a> erw\u00e4hnte, kommt es darauf an, sich zu wehren und immer wieder unverzagt andere, neue, \u201esubversive\u201c Gedanken in seine Umgebung einflie\u00dfen zu lassen. Nat\u00fcrlich schwenkt nicht sofort jeder ein und wacht auf, aber oft ist es ja schon ein Erfolg, wenn es einem gelingt, erste Zweifel an einem eigentlich f\u00fcr unver\u00e4nderlich geltenden Zustand oder einem Image (z.B. einer Firma) zu wecken und bei dem einen oder anderen einen allm\u00e4hlichen Nachdenkprozess anzuregen. Manchmal sind es schon die kleinen Erfolge, die einen dann motivieren \u2013 wenn man es schafft, dass jemand ein paar Mal weniger zu McDoof oder Aldi geht, weil man sein schlechtes Gewissen geweckt hat. Wenn jemand nicht mehr einfach blind alles glaubt, was im Fernsehen oder der Zeitung steht. Wenn jemand unbequeme Fragen zu stellen beginnt. Usw. usf. Deshalb darf man sich auf keinen Fall entmutigen lassen, auch nicht von denjenige, die meinen, alles besser zu wissen und die uns IHRE destruktiven Meme (<em>\u201eWiderstand ist zwecklos\u201c, \u201eBringt ja doch alles nichts\u201c, \u201eWas kann ich schon ausrichten?\u201c, \u201eEs gibt keine Alternativen\u201c<\/em> usw.) einfl\u00fcstern wollen. N\u00f6!<\/p>\n<h3 class='related_post_title'>Verwandte Beitr\u00e4ge:<\/h3><ul class='related_post'><li><a href=\"http:\/\/konsumpf.de\/?p=15184\" title=\"Kulturelle St\u00f6rger\u00e4usche \">Kulturelle St\u00f6rger\u00e4usche <\/a><\/li><li><a href=\"http:\/\/konsumpf.de\/?p=15005\" title=\"Revolution? Ach, das passt mir heute aber ganz schlecht.\">Revolution? Ach, das passt mir heute aber ganz schlecht.<\/a><\/li><li><a href=\"http:\/\/konsumpf.de\/?p=14854\" title=\"#GOLDMAN \u2013 Der Beginn einer Revolution?\">#GOLDMAN \u2013 Der Beginn einer Revolution?<\/a><\/li><li><a href=\"http:\/\/konsumpf.de\/?p=14848\" title=\"Werden Sie doch Lobbyist!\">Werden Sie doch Lobbyist!<\/a><\/li><li><a href=\"http:\/\/konsumpf.de\/?p=14743\" title=\"Crowdfunding als Chance f\u00fcr Alternativen: Fairnopoly, St\u00f6rsender, Rechtes Land\">Crowdfunding als Chance f\u00fcr Alternativen: Fairnopoly, St\u00f6rsender, Rechtes Land<\/a><\/li><\/ul>","protected":false},"excerpt":{"rendered":"<p>Vor einer Weile stie\u00df ich im Finanzcrash-Forum auf einen interessanten Beitrag eines Users namens Otto Lidenbrock \u2013 er beschreibt sehr gut die Problematik, der man sich als jemand, der seine Stimme gegen den Mainstream und gegen Missst\u00e4nde erhebt, quasi dauernd im t\u00e4glichen Miteinander ausgesetzt sieht. Dass man n\u00e4mlich bei so manchem Zeitgenossen auf frustrierende Abwehrmechanismen [&hellip;]<\/p>\n","protected":false},"author":1,"featured_media":0,"comment_status":"open","ping_status":"open","sticky":false,"template":"","format":"standard","meta":{"footnotes":""},"categories":[10,12],"tags":[434,435,436,479],"yoast_head":"<!-- This site is optimized with the Yoast SEO plugin v24.4 - https:\/\/yoast.com\/wordpress\/plugins\/seo\/ -->\n<title>Die Menschen &amp; die sie umgebenden Missst\u00e4nde - Konsumpf - Forum f\u00fcr kreative Konsumkritik - Culture Jamming, Nachhaltigkeit, Konzernkritik, Adbusting<\/title>\n<meta name=\"robots\" content=\"index, follow, max-snippet:-1, max-image-preview:large, max-video-preview:-1\" \/>\n<link rel=\"canonical\" href=\"https:\/\/konsumpf.de\/?p=2518\" \/>\n<meta property=\"og:locale\" content=\"de_DE\" \/>\n<meta property=\"og:type\" content=\"article\" \/>\n<meta property=\"og:title\" content=\"Die Menschen &amp; die sie umgebenden Missst\u00e4nde - Konsumpf - Forum f\u00fcr kreative Konsumkritik - Culture Jamming, Nachhaltigkeit, Konzernkritik, Adbusting\" \/>\n<meta property=\"og:description\" content=\"Vor einer Weile stie\u00df ich im Finanzcrash-Forum auf einen interessanten Beitrag eines Users namens Otto Lidenbrock \u2013 er beschreibt sehr gut die Problematik, der man sich als jemand, der seine Stimme gegen den Mainstream und gegen Missst\u00e4nde erhebt, quasi dauernd im t\u00e4glichen Miteinander ausgesetzt sieht. Dass man n\u00e4mlich bei so manchem Zeitgenossen auf frustrierende Abwehrmechanismen [&hellip;]\" \/>\n<meta property=\"og:url\" content=\"https:\/\/konsumpf.de\/?p=2518\" \/>\n<meta property=\"og:site_name\" content=\"Konsumpf - Forum f\u00fcr kreative Konsumkritik - Culture Jamming, Nachhaltigkeit, Konzernkritik, Adbusting\" \/>\n<meta property=\"article:published_time\" content=\"2009-03-07T09:09:44+00:00\" \/>\n<meta property=\"article:modified_time\" content=\"2009-05-07T16:31:44+00:00\" \/>\n<meta property=\"og:image\" content=\"http:\/\/konsumpf.de\/wp-content\/uploads\/2009\/03\/991932_leadership_1.jpg\" \/>\n<meta name=\"author\" content=\"Peter M.\" \/>\n<meta name=\"twitter:card\" content=\"summary_large_image\" \/>\n<meta name=\"twitter:label1\" content=\"Verfasst von\" \/>\n\t<meta name=\"twitter:data1\" content=\"Peter M.\" \/>\n\t<meta name=\"twitter:label2\" content=\"Gesch\u00e4tzte Lesezeit\" \/>\n\t<meta name=\"twitter:data2\" content=\"6\u00a0Minuten\" \/>\n<script type=\"application\/ld+json\" class=\"yoast-schema-graph\">{\"@context\":\"https:\/\/schema.org\",\"@graph\":[{\"@type\":\"WebPage\",\"@id\":\"https:\/\/konsumpf.de\/?p=2518\",\"url\":\"https:\/\/konsumpf.de\/?p=2518\",\"name\":\"Die Menschen & die sie umgebenden Missst\u00e4nde - Konsumpf - Forum f\u00fcr kreative Konsumkritik - Culture Jamming, Nachhaltigkeit, Konzernkritik, Adbusting\",\"isPartOf\":{\"@id\":\"https:\/\/konsumpf.de\/#website\"},\"primaryImageOfPage\":{\"@id\":\"https:\/\/konsumpf.de\/?p=2518#primaryimage\"},\"image\":{\"@id\":\"https:\/\/konsumpf.de\/?p=2518#primaryimage\"},\"thumbnailUrl\":\"http:\/\/konsumpf.de\/wp-content\/uploads\/2009\/03\/991932_leadership_1.jpg\",\"datePublished\":\"2009-03-07T09:09:44+00:00\",\"dateModified\":\"2009-05-07T16:31:44+00:00\",\"author\":{\"@id\":\"https:\/\/konsumpf.de\/#\/schema\/person\/e595a6d286b26994e7e0926d70699070\"},\"breadcrumb\":{\"@id\":\"https:\/\/konsumpf.de\/?p=2518#breadcrumb\"},\"inLanguage\":\"de\",\"potentialAction\":[{\"@type\":\"ReadAction\",\"target\":[\"https:\/\/konsumpf.de\/?p=2518\"]}]},{\"@type\":\"ImageObject\",\"inLanguage\":\"de\",\"@id\":\"https:\/\/konsumpf.de\/?p=2518#primaryimage\",\"url\":\"https:\/\/konsumpf.de\/wp-content\/uploads\/2009\/03\/991932_leadership_1.jpg\",\"contentUrl\":\"https:\/\/konsumpf.de\/wp-content\/uploads\/2009\/03\/991932_leadership_1.jpg\",\"width\":\"300\",\"height\":\"200\"},{\"@type\":\"BreadcrumbList\",\"@id\":\"https:\/\/konsumpf.de\/?p=2518#breadcrumb\",\"itemListElement\":[{\"@type\":\"ListItem\",\"position\":1,\"name\":\"Startseite\",\"item\":\"https:\/\/konsumpf.de\/\"},{\"@type\":\"ListItem\",\"position\":2,\"name\":\"Die Menschen &#038; die sie umgebenden Missst\u00e4nde\"}]},{\"@type\":\"WebSite\",\"@id\":\"https:\/\/konsumpf.de\/#website\",\"url\":\"https:\/\/konsumpf.de\/\",\"name\":\"Konsumpf - Forum f\u00fcr kreative Konsumkritik - Culture Jamming, Nachhaltigkeit, Konzernkritik, Adbusting\",\"description\":\"\",\"potentialAction\":[{\"@type\":\"SearchAction\",\"target\":{\"@type\":\"EntryPoint\",\"urlTemplate\":\"https:\/\/konsumpf.de\/?s={search_term_string}\"},\"query-input\":{\"@type\":\"PropertyValueSpecification\",\"valueRequired\":true,\"valueName\":\"search_term_string\"}}],\"inLanguage\":\"de\"},{\"@type\":\"Person\",\"@id\":\"https:\/\/konsumpf.de\/#\/schema\/person\/e595a6d286b26994e7e0926d70699070\",\"name\":\"Peter M.\",\"sameAs\":[\"http:\/\/konsumpf.de\"]}]}<\/script>\n<!-- \/ Yoast SEO plugin. -->","yoast_head_json":{"title":"Die Menschen & die sie umgebenden Missst\u00e4nde - Konsumpf - Forum f\u00fcr kreative Konsumkritik - Culture Jamming, Nachhaltigkeit, Konzernkritik, Adbusting","robots":{"index":"index","follow":"follow","max-snippet":"max-snippet:-1","max-image-preview":"max-image-preview:large","max-video-preview":"max-video-preview:-1"},"canonical":"https:\/\/konsumpf.de\/?p=2518","og_locale":"de_DE","og_type":"article","og_title":"Die Menschen & die sie umgebenden Missst\u00e4nde - Konsumpf - Forum f\u00fcr kreative Konsumkritik - Culture Jamming, Nachhaltigkeit, Konzernkritik, Adbusting","og_description":"Vor einer Weile stie\u00df ich im Finanzcrash-Forum auf einen interessanten Beitrag eines Users namens Otto Lidenbrock \u2013 er beschreibt sehr gut die Problematik, der man sich als jemand, der seine Stimme gegen den Mainstream und gegen Missst\u00e4nde erhebt, quasi dauernd im t\u00e4glichen Miteinander ausgesetzt sieht. Dass man n\u00e4mlich bei so manchem Zeitgenossen auf frustrierende Abwehrmechanismen [&hellip;]","og_url":"https:\/\/konsumpf.de\/?p=2518","og_site_name":"Konsumpf - Forum f\u00fcr kreative Konsumkritik - Culture Jamming, Nachhaltigkeit, Konzernkritik, Adbusting","article_published_time":"2009-03-07T09:09:44+00:00","article_modified_time":"2009-05-07T16:31:44+00:00","og_image":[{"url":"http:\/\/konsumpf.de\/wp-content\/uploads\/2009\/03\/991932_leadership_1.jpg","type":"","width":"","height":""}],"author":"Peter M.","twitter_card":"summary_large_image","twitter_misc":{"Verfasst von":"Peter M.","Gesch\u00e4tzte Lesezeit":"6\u00a0Minuten"},"schema":{"@context":"https:\/\/schema.org","@graph":[{"@type":"WebPage","@id":"https:\/\/konsumpf.de\/?p=2518","url":"https:\/\/konsumpf.de\/?p=2518","name":"Die Menschen & die sie umgebenden Missst\u00e4nde - Konsumpf - Forum f\u00fcr kreative Konsumkritik - Culture Jamming, Nachhaltigkeit, Konzernkritik, Adbusting","isPartOf":{"@id":"https:\/\/konsumpf.de\/#website"},"primaryImageOfPage":{"@id":"https:\/\/konsumpf.de\/?p=2518#primaryimage"},"image":{"@id":"https:\/\/konsumpf.de\/?p=2518#primaryimage"},"thumbnailUrl":"http:\/\/konsumpf.de\/wp-content\/uploads\/2009\/03\/991932_leadership_1.jpg","datePublished":"2009-03-07T09:09:44+00:00","dateModified":"2009-05-07T16:31:44+00:00","author":{"@id":"https:\/\/konsumpf.de\/#\/schema\/person\/e595a6d286b26994e7e0926d70699070"},"breadcrumb":{"@id":"https:\/\/konsumpf.de\/?p=2518#breadcrumb"},"inLanguage":"de","potentialAction":[{"@type":"ReadAction","target":["https:\/\/konsumpf.de\/?p=2518"]}]},{"@type":"ImageObject","inLanguage":"de","@id":"https:\/\/konsumpf.de\/?p=2518#primaryimage","url":"https:\/\/konsumpf.de\/wp-content\/uploads\/2009\/03\/991932_leadership_1.jpg","contentUrl":"https:\/\/konsumpf.de\/wp-content\/uploads\/2009\/03\/991932_leadership_1.jpg","width":"300","height":"200"},{"@type":"BreadcrumbList","@id":"https:\/\/konsumpf.de\/?p=2518#breadcrumb","itemListElement":[{"@type":"ListItem","position":1,"name":"Startseite","item":"https:\/\/konsumpf.de\/"},{"@type":"ListItem","position":2,"name":"Die Menschen &#038; die sie umgebenden Missst\u00e4nde"}]},{"@type":"WebSite","@id":"https:\/\/konsumpf.de\/#website","url":"https:\/\/konsumpf.de\/","name":"Konsumpf - Forum f\u00fcr kreative Konsumkritik - Culture Jamming, Nachhaltigkeit, Konzernkritik, Adbusting","description":"","potentialAction":[{"@type":"SearchAction","target":{"@type":"EntryPoint","urlTemplate":"https:\/\/konsumpf.de\/?s={search_term_string}"},"query-input":{"@type":"PropertyValueSpecification","valueRequired":true,"valueName":"search_term_string"}}],"inLanguage":"de"},{"@type":"Person","@id":"https:\/\/konsumpf.de\/#\/schema\/person\/e595a6d286b26994e7e0926d70699070","name":"Peter M.","sameAs":["http:\/\/konsumpf.de"]}]}},"_links":{"self":[{"href":"https:\/\/konsumpf.de\/index.php?rest_route=\/wp\/v2\/posts\/2518"}],"collection":[{"href":"https:\/\/konsumpf.de\/index.php?rest_route=\/wp\/v2\/posts"}],"about":[{"href":"https:\/\/konsumpf.de\/index.php?rest_route=\/wp\/v2\/types\/post"}],"author":[{"embeddable":true,"href":"https:\/\/konsumpf.de\/index.php?rest_route=\/wp\/v2\/users\/1"}],"replies":[{"embeddable":true,"href":"https:\/\/konsumpf.de\/index.php?rest_route=%2Fwp%2Fv2%2Fcomments&post=2518"}],"version-history":[{"count":10,"href":"https:\/\/konsumpf.de\/index.php?rest_route=\/wp\/v2\/posts\/2518\/revisions"}],"predecessor-version":[{"id":3336,"href":"https:\/\/konsumpf.de\/index.php?rest_route=\/wp\/v2\/posts\/2518\/revisions\/3336"}],"wp:attachment":[{"href":"https:\/\/konsumpf.de\/index.php?rest_route=%2Fwp%2Fv2%2Fmedia&parent=2518"}],"wp:term":[{"taxonomy":"category","embeddable":true,"href":"https:\/\/konsumpf.de\/index.php?rest_route=%2Fwp%2Fv2%2Fcategories&post=2518"},{"taxonomy":"post_tag","embeddable":true,"href":"https:\/\/konsumpf.de\/index.php?rest_route=%2Fwp%2Fv2%2Ftags&post=2518"}],"curies":[{"name":"wp","href":"https:\/\/api.w.org\/{rel}","templated":true}]}}