{"id":2458,"date":"2009-02-08T10:04:20","date_gmt":"2009-02-08T09:04:20","guid":{"rendered":"http:\/\/konsumpf.de\/?p=2458"},"modified":"2009-02-08T12:13:26","modified_gmt":"2009-02-08T11:13:26","slug":"digitaler-aktivismus-aus-dem-netz-auf-die-strase","status":"publish","type":"post","link":"https:\/\/konsumpf.de\/?p=2458","title":{"rendered":"Digitaler Aktivismus: aus dem Netz auf die Stra\u00dfe"},"content":{"rendered":"<p>Die vorletzte Folge des ZDF-Videopodcasts <a href=\"http:\/\/www.elektrischer-reporter.de\/elr\/video\/94\/\">Elektrischer Reporter<\/a> hatte es mal wieder in sich \u2013 es ging um das hochaktuelle und immer wichtiger werdende Thema \u201e<strong>politischer Protest im Internet<\/strong>\u201c, und passt somit <a href=\"http:\/\/konsumpf.de\/?p=1513\">erneut<\/a> perfekt in meinen Blog:<\/p>\n<blockquote><p>Das Netz bietet f\u00fcr den politisch aktiven Menschen eine F\u00fclle von Kommunikations- und Aktionsm\u00f6glichkeiten. Dabei braucht es weder eine F\u00fchrungsspitze noch Mitgliederlisten, wie das Beispiel der Gruppe \u201cAnonymous\u201d und ihr Kampf gegen die Scientology-Sekte zeigt. Protest im Web entsteht spontan, ist scheinbar chaotisch &#8211; und kann dennoch wirkungsvoll sein.<\/p>\n<p>Fest steht: Die digitalen Medien ver\u00e4ndern das politische Leben. Politik wird entkoppelt von den Institutionen und kehrt zur\u00fcck in den Alltag der B\u00fcrger. Und wenn dort ausreichend Wut \u00fcber die herrschenden Umst\u00e4nde vorhanden ist, m\u00fcssen die M\u00e4chtigen mit Attacken aus v\u00f6llig unerwarteten Richtungen rechnen.<\/p><\/blockquote>\n<div id=\"videoplayer\"><embed src=\"http:\/\/www.elektrischer-reporter.de\/FlowPlayer.swf\" allowfullscreen=\"true\" allowscriptaccess=\"always\" quality=\"high\" bgcolor=\"#ffffff\" type=\"application\/x-shockwave-flash\" pluginspage=\"http:\/\/www.adobe.com\/go\/getflashplayer\" flashvars=\"config={&quot;autoPlay&quot;:false,&quot;autoBuffering&quot;:false,&quot;initialScale&quot;:&quot;scale&quot;,&quot;bufferLength&quot;:5,&quot;startingBufferLength&quot;:5,&quot;usePlayOverlay&quot;:false,&quot;overlay&quot;:&quot;http:\/\/www.elektrischer-reporter.de\/_template\/PlayButtonBase-overlay.png&quot;,&quot;splashImageFile&quot;:&quot;http:\/\/www.blinkenfilme.de\/elr\/005\/ELR_005.jpg&quot;,&quot;videoFile&quot;:&quot;http:\/\/www.blinkenfilme.de\/elr\/005\/ELR_005.mp4&quot;,&quot;controlsOverVideo&quot;:&quot;ease&quot;,&quot;controlBarGloss&quot;:&quot;none&quot;,&quot;bufferBarColor1&quot;:&quot;0x555555&quot;,&quot;bufferBarColor2&quot;:&quot;0x555555&quot;,&quot;progressBarColor1&quot;:&quot;0x1f1f1f&quot;,&quot;progressBarColor2&quot;:&quot;0x1f1f1f&quot;,&quot;progressBarBorderColor1&quot;:&quot;0x1f1f1f&quot;,&quot;progressBarBorderColor2&quot;:&quot;0x1f1f1f&quot;,&quot;controlsAreaBorderColor&quot;:0,&quot;controlBarBackgroundColor&quot;:-1,&quot;showOnLoadBegin&quot;:true,&quot;showMenu&quot;:false,&quot;loop&quot;:false}&amp;\" width=\"480\" height=\"270\"><\/div>\n<h3 class='related_post_title'>Verwandte Beitr\u00e4ge:<\/h3><ul class='related_post'><li><a href=\"http:\/\/konsumpf.de\/?p=7395\" title=\"10 Strategien f\u00fcr den Info-Aktivismus\">10 Strategien f\u00fcr den Info-Aktivismus<\/a><\/li><li><a href=\"http:\/\/konsumpf.de\/?p=6674\" title=\"Medien hacken\">Medien hacken<\/a><\/li><li><a href=\"http:\/\/konsumpf.de\/?p=6596\" title=\"Widerstand und Normopathen\">Widerstand und Normopathen<\/a><\/li><li><a href=\"http:\/\/konsumpf.de\/?p=15184\" title=\"Kulturelle St\u00f6rger\u00e4usche \">Kulturelle St\u00f6rger\u00e4usche <\/a><\/li><li><a href=\"http:\/\/konsumpf.de\/?p=15005\" title=\"Revolution? Ach, das passt mir heute aber ganz schlecht.\">Revolution? Ach, das passt mir heute aber ganz schlecht.<\/a><\/li><\/ul>","protected":false},"excerpt":{"rendered":"<p>Die vorletzte Folge des ZDF-Videopodcasts Elektrischer Reporter hatte es mal wieder in sich \u2013 es ging um das hochaktuelle und immer wichtiger werdende Thema \u201epolitischer Protest im Internet\u201c, und passt somit erneut perfekt in meinen Blog: Das Netz bietet f\u00fcr den politisch aktiven Menschen eine F\u00fclle von Kommunikations- und Aktionsm\u00f6glichkeiten. Dabei braucht es weder eine [&hellip;]<\/p>\n","protected":false},"author":1,"featured_media":0,"comment_status":"open","ping_status":"open","sticky":false,"template":"","format":"standard","meta":{"footnotes":""},"categories":[12,33,53],"tags":[489,488,479],"yoast_head":"<!-- This site is optimized with the Yoast SEO plugin v24.4 - https:\/\/yoast.com\/wordpress\/plugins\/seo\/ -->\n<title>Digitaler Aktivismus: aus dem Netz auf die Stra\u00dfe - Konsumpf - Forum f\u00fcr kreative Konsumkritik - Culture Jamming, Nachhaltigkeit, Konzernkritik, Adbusting<\/title>\n<meta name=\"robots\" content=\"index, follow, max-snippet:-1, max-image-preview:large, max-video-preview:-1\" \/>\n<link rel=\"canonical\" href=\"https:\/\/konsumpf.de\/?p=2458\" \/>\n<meta property=\"og:locale\" content=\"de_DE\" \/>\n<meta property=\"og:type\" content=\"article\" \/>\n<meta property=\"og:title\" content=\"Digitaler Aktivismus: aus dem Netz auf die Stra\u00dfe - Konsumpf - Forum f\u00fcr kreative Konsumkritik - Culture Jamming, Nachhaltigkeit, Konzernkritik, Adbusting\" \/>\n<meta property=\"og:description\" content=\"Die vorletzte Folge des ZDF-Videopodcasts Elektrischer Reporter hatte es mal wieder in sich \u2013 es ging um das hochaktuelle und immer wichtiger werdende Thema \u201epolitischer Protest im Internet\u201c, und passt somit erneut perfekt in meinen Blog: Das Netz bietet f\u00fcr den politisch aktiven Menschen eine F\u00fclle von Kommunikations- und Aktionsm\u00f6glichkeiten. Dabei braucht es weder eine [&hellip;]\" \/>\n<meta property=\"og:url\" content=\"https:\/\/konsumpf.de\/?p=2458\" \/>\n<meta property=\"og:site_name\" content=\"Konsumpf - Forum f\u00fcr kreative Konsumkritik - Culture Jamming, Nachhaltigkeit, Konzernkritik, Adbusting\" \/>\n<meta property=\"article:published_time\" content=\"2009-02-08T09:04:20+00:00\" \/>\n<meta property=\"article:modified_time\" content=\"2009-02-08T11:13:26+00:00\" \/>\n<meta name=\"author\" content=\"Peter M.\" \/>\n<meta name=\"twitter:card\" content=\"summary_large_image\" \/>\n<meta name=\"twitter:label1\" content=\"Verfasst von\" \/>\n\t<meta name=\"twitter:data1\" content=\"Peter M.\" \/>\n\t<meta name=\"twitter:label2\" content=\"Gesch\u00e4tzte Lesezeit\" \/>\n\t<meta name=\"twitter:data2\" content=\"1\u00a0Minute\" \/>\n<script type=\"application\/ld+json\" class=\"yoast-schema-graph\">{\"@context\":\"https:\/\/schema.org\",\"@graph\":[{\"@type\":\"WebPage\",\"@id\":\"https:\/\/konsumpf.de\/?p=2458\",\"url\":\"https:\/\/konsumpf.de\/?p=2458\",\"name\":\"Digitaler Aktivismus: aus dem Netz auf die Stra\u00dfe - Konsumpf - Forum f\u00fcr kreative Konsumkritik - Culture Jamming, Nachhaltigkeit, Konzernkritik, Adbusting\",\"isPartOf\":{\"@id\":\"https:\/\/konsumpf.de\/#website\"},\"datePublished\":\"2009-02-08T09:04:20+00:00\",\"dateModified\":\"2009-02-08T11:13:26+00:00\",\"author\":{\"@id\":\"https:\/\/konsumpf.de\/#\/schema\/person\/e595a6d286b26994e7e0926d70699070\"},\"breadcrumb\":{\"@id\":\"https:\/\/konsumpf.de\/?p=2458#breadcrumb\"},\"inLanguage\":\"de\",\"potentialAction\":[{\"@type\":\"ReadAction\",\"target\":[\"https:\/\/konsumpf.de\/?p=2458\"]}]},{\"@type\":\"BreadcrumbList\",\"@id\":\"https:\/\/konsumpf.de\/?p=2458#breadcrumb\",\"itemListElement\":[{\"@type\":\"ListItem\",\"position\":1,\"name\":\"Startseite\",\"item\":\"https:\/\/konsumpf.de\/\"},{\"@type\":\"ListItem\",\"position\":2,\"name\":\"Digitaler Aktivismus: aus dem Netz auf die Stra\u00dfe\"}]},{\"@type\":\"WebSite\",\"@id\":\"https:\/\/konsumpf.de\/#website\",\"url\":\"https:\/\/konsumpf.de\/\",\"name\":\"Konsumpf - Forum f\u00fcr kreative Konsumkritik - Culture Jamming, Nachhaltigkeit, Konzernkritik, Adbusting\",\"description\":\"\",\"potentialAction\":[{\"@type\":\"SearchAction\",\"target\":{\"@type\":\"EntryPoint\",\"urlTemplate\":\"https:\/\/konsumpf.de\/?s={search_term_string}\"},\"query-input\":{\"@type\":\"PropertyValueSpecification\",\"valueRequired\":true,\"valueName\":\"search_term_string\"}}],\"inLanguage\":\"de\"},{\"@type\":\"Person\",\"@id\":\"https:\/\/konsumpf.de\/#\/schema\/person\/e595a6d286b26994e7e0926d70699070\",\"name\":\"Peter M.\",\"sameAs\":[\"http:\/\/konsumpf.de\"]}]}<\/script>\n<!-- \/ Yoast SEO plugin. -->","yoast_head_json":{"title":"Digitaler Aktivismus: aus dem Netz auf die Stra\u00dfe - Konsumpf - Forum f\u00fcr kreative Konsumkritik - Culture Jamming, Nachhaltigkeit, Konzernkritik, Adbusting","robots":{"index":"index","follow":"follow","max-snippet":"max-snippet:-1","max-image-preview":"max-image-preview:large","max-video-preview":"max-video-preview:-1"},"canonical":"https:\/\/konsumpf.de\/?p=2458","og_locale":"de_DE","og_type":"article","og_title":"Digitaler Aktivismus: aus dem Netz auf die Stra\u00dfe - Konsumpf - Forum f\u00fcr kreative Konsumkritik - Culture Jamming, Nachhaltigkeit, Konzernkritik, Adbusting","og_description":"Die vorletzte Folge des ZDF-Videopodcasts Elektrischer Reporter hatte es mal wieder in sich \u2013 es ging um das hochaktuelle und immer wichtiger werdende Thema \u201epolitischer Protest im Internet\u201c, und passt somit erneut perfekt in meinen Blog: Das Netz bietet f\u00fcr den politisch aktiven Menschen eine F\u00fclle von Kommunikations- und Aktionsm\u00f6glichkeiten. Dabei braucht es weder eine [&hellip;]","og_url":"https:\/\/konsumpf.de\/?p=2458","og_site_name":"Konsumpf - Forum f\u00fcr kreative Konsumkritik - Culture Jamming, Nachhaltigkeit, Konzernkritik, Adbusting","article_published_time":"2009-02-08T09:04:20+00:00","article_modified_time":"2009-02-08T11:13:26+00:00","author":"Peter M.","twitter_card":"summary_large_image","twitter_misc":{"Verfasst von":"Peter M.","Gesch\u00e4tzte Lesezeit":"1\u00a0Minute"},"schema":{"@context":"https:\/\/schema.org","@graph":[{"@type":"WebPage","@id":"https:\/\/konsumpf.de\/?p=2458","url":"https:\/\/konsumpf.de\/?p=2458","name":"Digitaler Aktivismus: aus dem Netz auf die Stra\u00dfe - Konsumpf - Forum f\u00fcr kreative Konsumkritik - Culture Jamming, Nachhaltigkeit, Konzernkritik, Adbusting","isPartOf":{"@id":"https:\/\/konsumpf.de\/#website"},"datePublished":"2009-02-08T09:04:20+00:00","dateModified":"2009-02-08T11:13:26+00:00","author":{"@id":"https:\/\/konsumpf.de\/#\/schema\/person\/e595a6d286b26994e7e0926d70699070"},"breadcrumb":{"@id":"https:\/\/konsumpf.de\/?p=2458#breadcrumb"},"inLanguage":"de","potentialAction":[{"@type":"ReadAction","target":["https:\/\/konsumpf.de\/?p=2458"]}]},{"@type":"BreadcrumbList","@id":"https:\/\/konsumpf.de\/?p=2458#breadcrumb","itemListElement":[{"@type":"ListItem","position":1,"name":"Startseite","item":"https:\/\/konsumpf.de\/"},{"@type":"ListItem","position":2,"name":"Digitaler Aktivismus: aus dem Netz auf die Stra\u00dfe"}]},{"@type":"WebSite","@id":"https:\/\/konsumpf.de\/#website","url":"https:\/\/konsumpf.de\/","name":"Konsumpf - Forum f\u00fcr kreative Konsumkritik - Culture Jamming, Nachhaltigkeit, Konzernkritik, Adbusting","description":"","potentialAction":[{"@type":"SearchAction","target":{"@type":"EntryPoint","urlTemplate":"https:\/\/konsumpf.de\/?s={search_term_string}"},"query-input":{"@type":"PropertyValueSpecification","valueRequired":true,"valueName":"search_term_string"}}],"inLanguage":"de"},{"@type":"Person","@id":"https:\/\/konsumpf.de\/#\/schema\/person\/e595a6d286b26994e7e0926d70699070","name":"Peter M.","sameAs":["http:\/\/konsumpf.de"]}]}},"_links":{"self":[{"href":"https:\/\/konsumpf.de\/index.php?rest_route=\/wp\/v2\/posts\/2458"}],"collection":[{"href":"https:\/\/konsumpf.de\/index.php?rest_route=\/wp\/v2\/posts"}],"about":[{"href":"https:\/\/konsumpf.de\/index.php?rest_route=\/wp\/v2\/types\/post"}],"author":[{"embeddable":true,"href":"https:\/\/konsumpf.de\/index.php?rest_route=\/wp\/v2\/users\/1"}],"replies":[{"embeddable":true,"href":"https:\/\/konsumpf.de\/index.php?rest_route=%2Fwp%2Fv2%2Fcomments&post=2458"}],"version-history":[{"count":18,"href":"https:\/\/konsumpf.de\/index.php?rest_route=\/wp\/v2\/posts\/2458\/revisions"}],"predecessor-version":[{"id":2865,"href":"https:\/\/konsumpf.de\/index.php?rest_route=\/wp\/v2\/posts\/2458\/revisions\/2865"}],"wp:attachment":[{"href":"https:\/\/konsumpf.de\/index.php?rest_route=%2Fwp%2Fv2%2Fmedia&parent=2458"}],"wp:term":[{"taxonomy":"category","embeddable":true,"href":"https:\/\/konsumpf.de\/index.php?rest_route=%2Fwp%2Fv2%2Fcategories&post=2458"},{"taxonomy":"post_tag","embeddable":true,"href":"https:\/\/konsumpf.de\/index.php?rest_route=%2Fwp%2Fv2%2Ftags&post=2458"}],"curies":[{"name":"wp","href":"https:\/\/api.w.org\/{rel}","templated":true}]}}