{"id":2399,"date":"2009-11-19T12:50:11","date_gmt":"2009-11-19T11:50:11","guid":{"rendered":"http:\/\/konsumpf.de\/?p=2399"},"modified":"2009-11-19T12:52:16","modified_gmt":"2009-11-19T11:52:16","slug":"unser-taglich-brot","status":"publish","type":"post","link":"https:\/\/konsumpf.de\/?p=2399","title":{"rendered":"Unser t\u00e4glich Brot"},"content":{"rendered":"<div id=\"flash_player\" style=\"padding: 5px 0px 0px 5px;\">Ich hoffe, Ihr habt alle gut gegessen und lecker gespeist \u2013 denn nach der Betrachtung des Films \u201e<strong>Unser t\u00e4glich Brot<\/strong>\u201c vergeht einem der Appetit sehr schnell. Der 2007 im Kino angelaufene Dokumentarfilm des \u00d6sterreichers <strong>Nikolaus Geyrhalter<\/strong> zeigt schonungslos, wie all der Industriefra\u00df, der so bunt in den Supermarktregalen liegt und vollmundig in d\u00fcmmlicher Reklame angepriesen wird, tats\u00e4chlich hergestellt wird, welches Leiden und Grausamkeiten an Tieren und welche Umweltsauereien damit verbunden sind. Netterweise gibt es die Doku in kompletter L\u00e4nge bei Google Videos zu sehen, wenn auch nur in m\u00e4\u00dfiger Qualit\u00e4t. Wer mehr wissen oder die DVD haben will, sollte unbedingt auch die <a href=\"http:\/\/www.unsertaeglichbrot.at\/jart\/projects\/utb\/website.jart\">Unser t\u00e4glich Brot-Website<\/a> ansteuern.<\/div>\n<blockquote><p>Ein Blick in die Welt der industriellen Nahrungsmittelproduktion und der High-Tech-Landwirtschaft: Zum Rhythmus von Flie\u00dfb\u00e4ndern und riesigen Maschinen gibt der Film kommentarlos Einsicht in die Orte, an denen Nahrungsmittel in Europa produziert werden: Monumentale R\u00e4ume, surreale Landschaften und bizarre Kl\u00e4nge &#8211; eine k\u00fchle industrielle Umgebung, die wenig Raum f\u00fcr Individualit\u00e4t l\u00e4sst. Menschen, Tiere, Pflanzen und Maschinen erf\u00fcllen die Funktion, die ihnen die Logistik dieses Systems zuschreibt, auf dem der Lebensstandard unserer Gesellschaft aufbaut.<\/p>\n<p><strong class=\"avtext\">UNSER T\u00c4GLICH BROT <\/strong>ist ein Bildermahl im Breitwandformat, das nicht immer leicht verdaulich ist &#8211; und an dem wir alle Anteil haben.<br \/>\nEine pure, detailgenaue Filmerfahrung, die dem Publikum Raum f\u00fcr eigene Erkenntnisse l\u00e4sst.<\/p><\/blockquote>\n<p><object width=\"450\" height=\"368\" data=\"http:\/\/video.google.pl\/googleplayer.swf?docid=-7255821487204495355&amp;hl=en&amp;fs=true\" type=\"application\/x-shockwave-flash\"><param name=\"id\" value=\"VideoPlayback\" \/><param name=\"src\" value=\"http:\/\/video.google.pl\/googleplayer.swf?docid=-7255821487204495355&amp;hl=en&amp;fs=true\" \/><param name=\"allowfullscreen\" value=\"true\" \/><\/object><\/p>\n<h3 class='related_post_title'>Verwandte Beitr\u00e4ge:<\/h3><ul class='related_post'><li><a href=\"http:\/\/konsumpf.de\/?p=13815\" title=\"Massentierhaltung schadet auch den Menschen\">Massentierhaltung schadet auch den Menschen<\/a><\/li><li><a href=\"http:\/\/konsumpf.de\/?p=14792\" title=\"In aller Munde: Pferdefleisch\">In aller Munde: Pferdefleisch<\/a><\/li><li><a href=\"http:\/\/konsumpf.de\/?p=13922\" title=\"Am 21.3. Demo in Kiel \u201eBauernh\u00f6fe statt Agrarindustrie\u201c\">Am 21.3. Demo in Kiel \u201eBauernh\u00f6fe statt Agrarindustrie\u201c<\/a><\/li><li><a href=\"http:\/\/konsumpf.de\/?p=13905\" title=\"Wie die Industrie aus Kindern Junkfood-Junkies macht\">Wie die Industrie aus Kindern Junkfood-Junkies macht<\/a><\/li><li><a href=\"http:\/\/konsumpf.de\/?p=13006\" title=\"Aktion: Wiesenhof-Chef das Bundesverdienstkreuz aberkennen!\">Aktion: Wiesenhof-Chef das Bundesverdienstkreuz aberkennen!<\/a><\/li><\/ul>","protected":false},"excerpt":{"rendered":"<p>Ich hoffe, Ihr habt alle gut gegessen und lecker gespeist \u2013 denn nach der Betrachtung des Films \u201eUnser t\u00e4glich Brot\u201c vergeht einem der Appetit sehr schnell. Der 2007 im Kino angelaufene Dokumentarfilm des \u00d6sterreichers Nikolaus Geyrhalter zeigt schonungslos, wie all der Industriefra\u00df, der so bunt in den Supermarktregalen liegt und vollmundig in d\u00fcmmlicher Reklame angepriesen [&hellip;]<\/p>\n","protected":false},"author":1,"featured_media":0,"comment_status":"open","ping_status":"open","sticky":false,"template":"","format":"standard","meta":{"footnotes":""},"categories":[256,12,4,334,50,78],"tags":[2880,1122,128,1121,884,1120],"yoast_head":"<!-- This site is optimized with the Yoast SEO plugin v24.4 - https:\/\/yoast.com\/wordpress\/plugins\/seo\/ -->\n<title>Unser t\u00e4glich Brot - Konsumpf - Forum f\u00fcr kreative Konsumkritik - Culture Jamming, Nachhaltigkeit, Konzernkritik, Adbusting<\/title>\n<meta name=\"robots\" content=\"index, follow, max-snippet:-1, max-image-preview:large, max-video-preview:-1\" \/>\n<link rel=\"canonical\" href=\"https:\/\/konsumpf.de\/?p=2399\" \/>\n<meta property=\"og:locale\" content=\"de_DE\" \/>\n<meta property=\"og:type\" content=\"article\" \/>\n<meta property=\"og:title\" content=\"Unser t\u00e4glich Brot - Konsumpf - Forum f\u00fcr kreative Konsumkritik - Culture Jamming, Nachhaltigkeit, Konzernkritik, Adbusting\" \/>\n<meta property=\"og:description\" content=\"Ich hoffe, Ihr habt alle gut gegessen und lecker gespeist \u2013 denn nach der Betrachtung des Films \u201eUnser t\u00e4glich Brot\u201c vergeht einem der Appetit sehr schnell. Der 2007 im Kino angelaufene Dokumentarfilm des \u00d6sterreichers Nikolaus Geyrhalter zeigt schonungslos, wie all der Industriefra\u00df, der so bunt in den Supermarktregalen liegt und vollmundig in d\u00fcmmlicher Reklame angepriesen [&hellip;]\" \/>\n<meta property=\"og:url\" content=\"https:\/\/konsumpf.de\/?p=2399\" \/>\n<meta property=\"og:site_name\" content=\"Konsumpf - Forum f\u00fcr kreative Konsumkritik - Culture Jamming, Nachhaltigkeit, Konzernkritik, Adbusting\" \/>\n<meta property=\"article:published_time\" content=\"2009-11-19T11:50:11+00:00\" \/>\n<meta property=\"article:modified_time\" content=\"2009-11-19T11:52:16+00:00\" \/>\n<meta name=\"author\" content=\"Peter M.\" \/>\n<meta name=\"twitter:card\" content=\"summary_large_image\" \/>\n<meta name=\"twitter:label1\" content=\"Verfasst von\" \/>\n\t<meta name=\"twitter:data1\" content=\"Peter M.\" \/>\n\t<meta name=\"twitter:label2\" content=\"Gesch\u00e4tzte Lesezeit\" \/>\n\t<meta name=\"twitter:data2\" content=\"1\u00a0Minute\" \/>\n<script type=\"application\/ld+json\" class=\"yoast-schema-graph\">{\"@context\":\"https:\/\/schema.org\",\"@graph\":[{\"@type\":\"WebPage\",\"@id\":\"https:\/\/konsumpf.de\/?p=2399\",\"url\":\"https:\/\/konsumpf.de\/?p=2399\",\"name\":\"Unser t\u00e4glich Brot - Konsumpf - Forum f\u00fcr kreative Konsumkritik - Culture Jamming, Nachhaltigkeit, Konzernkritik, Adbusting\",\"isPartOf\":{\"@id\":\"https:\/\/konsumpf.de\/#website\"},\"datePublished\":\"2009-11-19T11:50:11+00:00\",\"dateModified\":\"2009-11-19T11:52:16+00:00\",\"author\":{\"@id\":\"https:\/\/konsumpf.de\/#\/schema\/person\/e595a6d286b26994e7e0926d70699070\"},\"breadcrumb\":{\"@id\":\"https:\/\/konsumpf.de\/?p=2399#breadcrumb\"},\"inLanguage\":\"de\",\"potentialAction\":[{\"@type\":\"ReadAction\",\"target\":[\"https:\/\/konsumpf.de\/?p=2399\"]}]},{\"@type\":\"BreadcrumbList\",\"@id\":\"https:\/\/konsumpf.de\/?p=2399#breadcrumb\",\"itemListElement\":[{\"@type\":\"ListItem\",\"position\":1,\"name\":\"Startseite\",\"item\":\"https:\/\/konsumpf.de\/\"},{\"@type\":\"ListItem\",\"position\":2,\"name\":\"Unser t\u00e4glich Brot\"}]},{\"@type\":\"WebSite\",\"@id\":\"https:\/\/konsumpf.de\/#website\",\"url\":\"https:\/\/konsumpf.de\/\",\"name\":\"Konsumpf - Forum f\u00fcr kreative Konsumkritik - Culture Jamming, Nachhaltigkeit, Konzernkritik, Adbusting\",\"description\":\"\",\"potentialAction\":[{\"@type\":\"SearchAction\",\"target\":{\"@type\":\"EntryPoint\",\"urlTemplate\":\"https:\/\/konsumpf.de\/?s={search_term_string}\"},\"query-input\":{\"@type\":\"PropertyValueSpecification\",\"valueRequired\":true,\"valueName\":\"search_term_string\"}}],\"inLanguage\":\"de\"},{\"@type\":\"Person\",\"@id\":\"https:\/\/konsumpf.de\/#\/schema\/person\/e595a6d286b26994e7e0926d70699070\",\"name\":\"Peter M.\",\"sameAs\":[\"http:\/\/konsumpf.de\"]}]}<\/script>\n<!-- \/ Yoast SEO plugin. -->","yoast_head_json":{"title":"Unser t\u00e4glich Brot - Konsumpf - Forum f\u00fcr kreative Konsumkritik - Culture Jamming, Nachhaltigkeit, Konzernkritik, Adbusting","robots":{"index":"index","follow":"follow","max-snippet":"max-snippet:-1","max-image-preview":"max-image-preview:large","max-video-preview":"max-video-preview:-1"},"canonical":"https:\/\/konsumpf.de\/?p=2399","og_locale":"de_DE","og_type":"article","og_title":"Unser t\u00e4glich Brot - Konsumpf - Forum f\u00fcr kreative Konsumkritik - Culture Jamming, Nachhaltigkeit, Konzernkritik, Adbusting","og_description":"Ich hoffe, Ihr habt alle gut gegessen und lecker gespeist \u2013 denn nach der Betrachtung des Films \u201eUnser t\u00e4glich Brot\u201c vergeht einem der Appetit sehr schnell. Der 2007 im Kino angelaufene Dokumentarfilm des \u00d6sterreichers Nikolaus Geyrhalter zeigt schonungslos, wie all der Industriefra\u00df, der so bunt in den Supermarktregalen liegt und vollmundig in d\u00fcmmlicher Reklame angepriesen [&hellip;]","og_url":"https:\/\/konsumpf.de\/?p=2399","og_site_name":"Konsumpf - Forum f\u00fcr kreative Konsumkritik - Culture Jamming, Nachhaltigkeit, Konzernkritik, Adbusting","article_published_time":"2009-11-19T11:50:11+00:00","article_modified_time":"2009-11-19T11:52:16+00:00","author":"Peter M.","twitter_card":"summary_large_image","twitter_misc":{"Verfasst von":"Peter M.","Gesch\u00e4tzte Lesezeit":"1\u00a0Minute"},"schema":{"@context":"https:\/\/schema.org","@graph":[{"@type":"WebPage","@id":"https:\/\/konsumpf.de\/?p=2399","url":"https:\/\/konsumpf.de\/?p=2399","name":"Unser t\u00e4glich Brot - Konsumpf - Forum f\u00fcr kreative Konsumkritik - Culture Jamming, Nachhaltigkeit, Konzernkritik, Adbusting","isPartOf":{"@id":"https:\/\/konsumpf.de\/#website"},"datePublished":"2009-11-19T11:50:11+00:00","dateModified":"2009-11-19T11:52:16+00:00","author":{"@id":"https:\/\/konsumpf.de\/#\/schema\/person\/e595a6d286b26994e7e0926d70699070"},"breadcrumb":{"@id":"https:\/\/konsumpf.de\/?p=2399#breadcrumb"},"inLanguage":"de","potentialAction":[{"@type":"ReadAction","target":["https:\/\/konsumpf.de\/?p=2399"]}]},{"@type":"BreadcrumbList","@id":"https:\/\/konsumpf.de\/?p=2399#breadcrumb","itemListElement":[{"@type":"ListItem","position":1,"name":"Startseite","item":"https:\/\/konsumpf.de\/"},{"@type":"ListItem","position":2,"name":"Unser t\u00e4glich Brot"}]},{"@type":"WebSite","@id":"https:\/\/konsumpf.de\/#website","url":"https:\/\/konsumpf.de\/","name":"Konsumpf - Forum f\u00fcr kreative Konsumkritik - Culture Jamming, Nachhaltigkeit, Konzernkritik, Adbusting","description":"","potentialAction":[{"@type":"SearchAction","target":{"@type":"EntryPoint","urlTemplate":"https:\/\/konsumpf.de\/?s={search_term_string}"},"query-input":{"@type":"PropertyValueSpecification","valueRequired":true,"valueName":"search_term_string"}}],"inLanguage":"de"},{"@type":"Person","@id":"https:\/\/konsumpf.de\/#\/schema\/person\/e595a6d286b26994e7e0926d70699070","name":"Peter M.","sameAs":["http:\/\/konsumpf.de"]}]}},"_links":{"self":[{"href":"https:\/\/konsumpf.de\/index.php?rest_route=\/wp\/v2\/posts\/2399"}],"collection":[{"href":"https:\/\/konsumpf.de\/index.php?rest_route=\/wp\/v2\/posts"}],"about":[{"href":"https:\/\/konsumpf.de\/index.php?rest_route=\/wp\/v2\/types\/post"}],"author":[{"embeddable":true,"href":"https:\/\/konsumpf.de\/index.php?rest_route=\/wp\/v2\/users\/1"}],"replies":[{"embeddable":true,"href":"https:\/\/konsumpf.de\/index.php?rest_route=%2Fwp%2Fv2%2Fcomments&post=2399"}],"version-history":[{"count":23,"href":"https:\/\/konsumpf.de\/index.php?rest_route=\/wp\/v2\/posts\/2399\/revisions"}],"predecessor-version":[{"id":6310,"href":"https:\/\/konsumpf.de\/index.php?rest_route=\/wp\/v2\/posts\/2399\/revisions\/6310"}],"wp:attachment":[{"href":"https:\/\/konsumpf.de\/index.php?rest_route=%2Fwp%2Fv2%2Fmedia&parent=2399"}],"wp:term":[{"taxonomy":"category","embeddable":true,"href":"https:\/\/konsumpf.de\/index.php?rest_route=%2Fwp%2Fv2%2Fcategories&post=2399"},{"taxonomy":"post_tag","embeddable":true,"href":"https:\/\/konsumpf.de\/index.php?rest_route=%2Fwp%2Fv2%2Ftags&post=2399"}],"curies":[{"name":"wp","href":"https:\/\/api.w.org\/{rel}","templated":true}]}}