{"id":1898,"date":"2009-01-21T10:02:14","date_gmt":"2009-01-21T09:02:14","guid":{"rendered":"http:\/\/konsumpf.de\/?p=1898"},"modified":"2010-11-01T20:19:49","modified_gmt":"2010-11-01T19:19:49","slug":"eine-stadt-fur-die-menschen","status":"publish","type":"post","link":"https:\/\/konsumpf.de\/?p=1898","title":{"rendered":"Eine Stadt f\u00fcr die Menschen"},"content":{"rendered":"<p>Manchmal, wenn ich so durch Kiel gehe, vorbei an den komplett mit Automobilen zugestellten Stra\u00dfenr\u00e4ndern, mich zwischen peinlichen Gel\u00e4ndewagen hindurchquetsche und den niemals, nicht mal Nachts, enden wollenden Verkehrsl\u00e4rm auszublenden versuche, steigt ein wunderlicher, gar wundersamer Gedanke in mir auf: wie w\u00e4re es wohl, wenn unsere St\u00e4dte nicht um die Autos herum errichtet w\u00e4ren? Wenn sich die Infrastruktur nicht prim\u00e4r danach richtete, wie man m\u00f6glichst schnell von A nach B fahren kann? Wenn all das h\u00e4ssliche, aufdringliche Blech auf vier R\u00e4dern, das 24 Stunden nonstop das Stadtbild bestimmt, nicht da w\u00e4re und man demzufolge auch keinen \u201eParkraum\u201c ben\u00f6tigt? Kurz: wie s\u00e4he eine \u201e<a href=\"http:\/\/www.stuttgart-blog.net\/eine-stadt-fuer-die-menschen\/\">Stadt f\u00fcr die Menschen<\/a>\u201c aus? Diese Frage stellte sich unl\u00e4ngst auch der <strong>Stuttgart Blog<\/strong> \u2013 anhand eines Dokumentationsbandes \u00fcber Stuttgart im letzten Jahrhundert. Bis in die 1930er Jahre hinein war die Stadt n\u00e4mlich autofrei, was sich auch direkt in der Architektur niederschlug:<\/p>\n<blockquote><p><a href=\"http:\/\/konsumpf.de\/wp-content\/uploads\/2009\/01\/stuttgart-bopser_400.gif\"><img loading=\"lazy\" decoding=\"async\" class=\"alignright size-medium wp-image-2327\" title=\"stuttgart-bopser_400\" src=\"http:\/\/konsumpf.de\/wp-content\/uploads\/2009\/01\/stuttgart-bopser_400-300x190.gif\" alt=\"stuttgart-bopser_400\" width=\"300\" height=\"190\" srcset=\"https:\/\/konsumpf.de\/wp-content\/uploads\/2009\/01\/stuttgart-bopser_400-300x190.gif 300w, https:\/\/konsumpf.de\/wp-content\/uploads\/2009\/01\/stuttgart-bopser_400.gif 400w\" sizes=\"(max-width: 300px) 100vw, 300px\" \/><\/a>Die Menschen haben sich zu Fu\u00df, mit dem Fahrrad oder mit der (in nahezu jeder Stra\u00dfe vorhandenen) Stra\u00dfenbahn fortbewegt und das hat funktioniert. Die R\u00e4ume zwischen den H\u00e4usern (heute besser als <em>Stra\u00dfen<\/em> bekannt) war f\u00fcr die Menschen da und nicht f\u00fcr die Autos. Gro\u00dfe Pl\u00e4tze wie z.B. der Charlotten<em>platz<\/em> oder der \u00d6sterreichische <em>Platz<\/em> waren keine stinkenden Verkehrsknotenpunkte, sondern Pl\u00e4tze, auf denen sich Menschen aufhielten und lebten.<\/p>\n<p>Doch pl\u00f6tzlich kam das Auto. Irgendwann nach dem Krieg wurde das pl\u00f6tzlich modern, dass sich jeder mit seinem eigenen Fahrzeug fortbewegen kann. Obwohl wir heute wissen, dass diese extrem teure, laute, gef\u00e4hrliche, antiquierte Form des Individualverkehrs die Luft verpestet und die Lebensqualit\u00e4t enorm einschr\u00e4nkt, ist die Stadt seit dem Durchbruch dieser \u201eTechnologie\u201c vollkommen auf das Auto fixiert. Menschen werden an den Stra\u00dfenrand bzw. auf die wenigen verbleibenden und somit v\u00f6llig \u00fcberlaufenen Fu\u00dfg\u00e4ngerzonen verbannt. Ist die Zeit denn nicht reif f\u00fcr eine Art R\u00fcckbesinnung bzw einen weiteren Schritt, was den Personenverkehr in der Stadt betrifft?<\/p>\n<p>(&#8230;) Nat\u00fcrlich muss es ausgereifte Alternativkonzepte geben, und ich bin mir sicher, dass sich in diesem Bereich schon viel getan h\u00e4tte, wenn die Autoindustrie keine so bedeutende Rolle in Politik und Wirtschaft inne h\u00e4tte, um die Existenz dieser eigentlich antiquierten Verkehrsform aufrecht zu erhalten.<\/p><\/blockquote>\n<p>Tja, doch die Realit\u00e4t sieht leider anders aus. Das j\u00fcngst \u201egeschn\u00fcrte\u201c <strong>Konjunkturpaket II<\/strong> enth\u00e4lt weitere Ma\u00dfnahmen zur St\u00fctzung und St\u00e4rkung dieser Fetischindustrie \u2013 die Vorstellung, dass die dort genannte <strong>Abwrackpr\u00e4mie<\/strong> f\u00fcr Altautos z.B. nur dann gezahlt werden w\u00fcrde, wenn man sein Auto ganz abschafft (und nicht einen Neuwagen kauft), ist in diesen Zeiten, bei dieser Regierung, nat\u00fcrlich illusorisch, wenn nicht gar ketzerisch. (Die Frankfurter Rundschau schlug k\u00fcrzlich ein ausgewogeneres Konjunkturpaket vor, n\u00e4mlich ein \u201e<a href=\"http:\/\/www.fr-online.de\/top_news\/1660258_Programm-fuer-wahrhaft-Beduerftige.html\">Programm f\u00fcr wahrhaft Bed\u00fcrftige<\/a>\u201c.)<\/p>\n<p>\u00dcbrigens gibt es tats\u00e4chlich Orte auf der Welt, wo der R\u00fcckbau von Stra\u00dfen\/Autobahnen keine Utopie, sondern Realit\u00e4t ist \u2013 n\u00e4mlich in Seoul. In \u201e<a href=\"http:\/\/www.zukunft-ennstal.at\/keinezukunft.php\">Es gibt keine Zukunft ohne Umwelt<\/a>\u201c beschreibt Prof. Hermann Knoflacher, dass dem Autoverkehr nicht \u00fcberall alles geopfert wird (siehe dazu auch seinen Artikel \u201e<a href=\"http:\/\/www.vcs-sgap.ch\/Aktuelles\/aktuelles_2008\/pdf\/knoflacher_Artikel.pdf\">Der Einfluss des Autos auf die Stadt<\/a>\u201c):<\/p>\n<blockquote><p>Der j\u00fcngst gew\u00e4hlte Pr\u00e4sident von S\u00fcdkorea hat die Zeichen der Zeit schon vor Jahren erkannt, als er noch B\u00fcrgermeister von Seoul war. Die 5,8\u00a0km lange Autobahn mitten durch die Stadt h\u00e4tte saniert werden m\u00fcssen. Er entschied sich, der Stadt wieder Leben zu schenken und die lokale Wirtschaft zu unterst\u00fctzen. Die Autobahn war nicht die Lebensader der lokalen Wirtschaft, sondern strangulierte diese. Also wurde beschlossen, sie um der Zukunft willen abzurei\u00dfen.<\/p>\n<p>(&#8230;) Unsere Politiker, die der Bev\u00f6lkerung neue Fahrbahnen versprechen, merken wahrscheinlich gar nicht, dass sie damit den Menschen die T\u00fcren in die Zukunft verbauen. Wer diese Politiker w\u00e4hlt, darf sich nicht wundern, wenn er und seine Kinder immer weniger Freiheit und Chancen im Leben haben werden.<\/p><\/blockquote>\n<p><img loading=\"lazy\" decoding=\"async\" src=\"http:\/\/vg07.met.vgwort.de\/na\/ba112c9bcbd047aaac6fb20ae0f030e2\" width=\"1\" height=\"1\" alt=\"\"><\/p>\n<h3 class='related_post_title'>Verwandte Beitr\u00e4ge:<\/h3><ul class='related_post'><li><a href=\"http:\/\/konsumpf.de\/?p=12302\" title=\"Die dunkle Seite von Volkswagen\">Die dunkle Seite von Volkswagen<\/a><\/li><li><a href=\"http:\/\/konsumpf.de\/?p=12133\" title=\"Das Dienstwagenprivileg \u2013 verdeckte Subventionen f\u00fcr die Autoindustrie\">Das Dienstwagenprivileg \u2013 verdeckte Subventionen f\u00fcr die Autoindustrie<\/a><\/li><li><a href=\"http:\/\/konsumpf.de\/?p=9955\" title=\"Lesetipps: Umbau der Autoindustrie \/ Planer will Auto aus den K\u00f6pfen bekommen \/ Das \u201ekonfliktfreie\u201c iPhone \/ \u201eSeid faul und militant!\u201c \/ Wie die EU Fair-Trade-Produkte verhindert\">Lesetipps: Umbau der Autoindustrie \/ Planer will Auto aus den K\u00f6pfen bekommen \/ Das \u201ekonfliktfreie\u201c iPhone \/ \u201eSeid faul und militant!\u201c \/ Wie die EU Fair-Trade-Produkte verhindert<\/a><\/li><li><a href=\"http:\/\/konsumpf.de\/?p=2990\" title=\"\u201eVerschrotten f\u00fcr die Konjunktur\u201c\">\u201eVerschrotten f\u00fcr die Konjunktur\u201c<\/a><\/li><li><a href=\"http:\/\/konsumpf.de\/?p=2670\" title=\"Surftipp &#038; Aktionstipp: Autowechsel jetzt\">Surftipp &#038; Aktionstipp: Autowechsel jetzt<\/a><\/li><\/ul>","protected":false},"excerpt":{"rendered":"<p>Manchmal, wenn ich so durch Kiel gehe, vorbei an den komplett mit Automobilen zugestellten Stra\u00dfenr\u00e4ndern, mich zwischen peinlichen Gel\u00e4ndewagen hindurchquetsche und den niemals, nicht mal Nachts, enden wollenden Verkehrsl\u00e4rm auszublenden versuche, steigt ein wunderlicher, gar wundersamer Gedanke in mir auf: wie w\u00e4re es wohl, wenn unsere St\u00e4dte nicht um die Autos herum errichtet w\u00e4ren? Wenn [&hellip;]<\/p>\n","protected":false},"author":1,"featured_media":0,"comment_status":"open","ping_status":"open","sticky":false,"template":"","format":"standard","meta":{"footnotes":""},"categories":[12,53,50],"tags":[415,110,318,136,414],"yoast_head":"<!-- This site is optimized with the Yoast SEO plugin v24.4 - https:\/\/yoast.com\/wordpress\/plugins\/seo\/ -->\n<title>Eine Stadt f\u00fcr die Menschen - Konsumpf - Forum f\u00fcr kreative Konsumkritik - Culture Jamming, Nachhaltigkeit, Konzernkritik, Adbusting<\/title>\n<meta name=\"robots\" content=\"index, follow, max-snippet:-1, max-image-preview:large, max-video-preview:-1\" \/>\n<link rel=\"canonical\" href=\"https:\/\/konsumpf.de\/?p=1898\" \/>\n<meta property=\"og:locale\" content=\"de_DE\" \/>\n<meta property=\"og:type\" content=\"article\" \/>\n<meta property=\"og:title\" content=\"Eine Stadt f\u00fcr die Menschen - Konsumpf - Forum f\u00fcr kreative Konsumkritik - Culture Jamming, Nachhaltigkeit, Konzernkritik, Adbusting\" \/>\n<meta property=\"og:description\" content=\"Manchmal, wenn ich so durch Kiel gehe, vorbei an den komplett mit Automobilen zugestellten Stra\u00dfenr\u00e4ndern, mich zwischen peinlichen Gel\u00e4ndewagen hindurchquetsche und den niemals, nicht mal Nachts, enden wollenden Verkehrsl\u00e4rm auszublenden versuche, steigt ein wunderlicher, gar wundersamer Gedanke in mir auf: wie w\u00e4re es wohl, wenn unsere St\u00e4dte nicht um die Autos herum errichtet w\u00e4ren? Wenn [&hellip;]\" \/>\n<meta property=\"og:url\" content=\"https:\/\/konsumpf.de\/?p=1898\" \/>\n<meta property=\"og:site_name\" content=\"Konsumpf - Forum f\u00fcr kreative Konsumkritik - Culture Jamming, Nachhaltigkeit, Konzernkritik, Adbusting\" \/>\n<meta property=\"article:published_time\" content=\"2009-01-21T09:02:14+00:00\" \/>\n<meta property=\"article:modified_time\" content=\"2010-11-01T19:19:49+00:00\" \/>\n<meta property=\"og:image\" content=\"http:\/\/konsumpf.de\/wp-content\/uploads\/2009\/01\/stuttgart-bopser_400-300x190.gif\" \/>\n<meta name=\"author\" content=\"Peter M.\" \/>\n<meta name=\"twitter:card\" content=\"summary_large_image\" \/>\n<meta name=\"twitter:label1\" content=\"Verfasst von\" \/>\n\t<meta name=\"twitter:data1\" content=\"Peter M.\" \/>\n\t<meta name=\"twitter:label2\" content=\"Gesch\u00e4tzte Lesezeit\" \/>\n\t<meta name=\"twitter:data2\" content=\"3\u00a0Minuten\" \/>\n<script type=\"application\/ld+json\" class=\"yoast-schema-graph\">{\"@context\":\"https:\/\/schema.org\",\"@graph\":[{\"@type\":\"WebPage\",\"@id\":\"https:\/\/konsumpf.de\/?p=1898\",\"url\":\"https:\/\/konsumpf.de\/?p=1898\",\"name\":\"Eine Stadt f\u00fcr die Menschen - Konsumpf - Forum f\u00fcr kreative Konsumkritik - Culture Jamming, Nachhaltigkeit, Konzernkritik, Adbusting\",\"isPartOf\":{\"@id\":\"https:\/\/konsumpf.de\/#website\"},\"primaryImageOfPage\":{\"@id\":\"https:\/\/konsumpf.de\/?p=1898#primaryimage\"},\"image\":{\"@id\":\"https:\/\/konsumpf.de\/?p=1898#primaryimage\"},\"thumbnailUrl\":\"http:\/\/konsumpf.de\/wp-content\/uploads\/2009\/01\/stuttgart-bopser_400-300x190.gif\",\"datePublished\":\"2009-01-21T09:02:14+00:00\",\"dateModified\":\"2010-11-01T19:19:49+00:00\",\"author\":{\"@id\":\"https:\/\/konsumpf.de\/#\/schema\/person\/e595a6d286b26994e7e0926d70699070\"},\"breadcrumb\":{\"@id\":\"https:\/\/konsumpf.de\/?p=1898#breadcrumb\"},\"inLanguage\":\"de\",\"potentialAction\":[{\"@type\":\"ReadAction\",\"target\":[\"https:\/\/konsumpf.de\/?p=1898\"]}]},{\"@type\":\"ImageObject\",\"inLanguage\":\"de\",\"@id\":\"https:\/\/konsumpf.de\/?p=1898#primaryimage\",\"url\":\"https:\/\/konsumpf.de\/wp-content\/uploads\/2009\/01\/stuttgart-bopser_400.gif\",\"contentUrl\":\"https:\/\/konsumpf.de\/wp-content\/uploads\/2009\/01\/stuttgart-bopser_400.gif\",\"width\":\"400\",\"height\":\"254\"},{\"@type\":\"BreadcrumbList\",\"@id\":\"https:\/\/konsumpf.de\/?p=1898#breadcrumb\",\"itemListElement\":[{\"@type\":\"ListItem\",\"position\":1,\"name\":\"Startseite\",\"item\":\"https:\/\/konsumpf.de\/\"},{\"@type\":\"ListItem\",\"position\":2,\"name\":\"Eine Stadt f\u00fcr die Menschen\"}]},{\"@type\":\"WebSite\",\"@id\":\"https:\/\/konsumpf.de\/#website\",\"url\":\"https:\/\/konsumpf.de\/\",\"name\":\"Konsumpf - Forum f\u00fcr kreative Konsumkritik - Culture Jamming, Nachhaltigkeit, Konzernkritik, Adbusting\",\"description\":\"\",\"potentialAction\":[{\"@type\":\"SearchAction\",\"target\":{\"@type\":\"EntryPoint\",\"urlTemplate\":\"https:\/\/konsumpf.de\/?s={search_term_string}\"},\"query-input\":{\"@type\":\"PropertyValueSpecification\",\"valueRequired\":true,\"valueName\":\"search_term_string\"}}],\"inLanguage\":\"de\"},{\"@type\":\"Person\",\"@id\":\"https:\/\/konsumpf.de\/#\/schema\/person\/e595a6d286b26994e7e0926d70699070\",\"name\":\"Peter M.\",\"sameAs\":[\"http:\/\/konsumpf.de\"]}]}<\/script>\n<!-- \/ Yoast SEO plugin. -->","yoast_head_json":{"title":"Eine Stadt f\u00fcr die Menschen - Konsumpf - Forum f\u00fcr kreative Konsumkritik - Culture Jamming, Nachhaltigkeit, Konzernkritik, Adbusting","robots":{"index":"index","follow":"follow","max-snippet":"max-snippet:-1","max-image-preview":"max-image-preview:large","max-video-preview":"max-video-preview:-1"},"canonical":"https:\/\/konsumpf.de\/?p=1898","og_locale":"de_DE","og_type":"article","og_title":"Eine Stadt f\u00fcr die Menschen - Konsumpf - Forum f\u00fcr kreative Konsumkritik - Culture Jamming, Nachhaltigkeit, Konzernkritik, Adbusting","og_description":"Manchmal, wenn ich so durch Kiel gehe, vorbei an den komplett mit Automobilen zugestellten Stra\u00dfenr\u00e4ndern, mich zwischen peinlichen Gel\u00e4ndewagen hindurchquetsche und den niemals, nicht mal Nachts, enden wollenden Verkehrsl\u00e4rm auszublenden versuche, steigt ein wunderlicher, gar wundersamer Gedanke in mir auf: wie w\u00e4re es wohl, wenn unsere St\u00e4dte nicht um die Autos herum errichtet w\u00e4ren? Wenn [&hellip;]","og_url":"https:\/\/konsumpf.de\/?p=1898","og_site_name":"Konsumpf - Forum f\u00fcr kreative Konsumkritik - Culture Jamming, Nachhaltigkeit, Konzernkritik, Adbusting","article_published_time":"2009-01-21T09:02:14+00:00","article_modified_time":"2010-11-01T19:19:49+00:00","og_image":[{"url":"http:\/\/konsumpf.de\/wp-content\/uploads\/2009\/01\/stuttgart-bopser_400-300x190.gif","type":"","width":"","height":""}],"author":"Peter M.","twitter_card":"summary_large_image","twitter_misc":{"Verfasst von":"Peter M.","Gesch\u00e4tzte Lesezeit":"3\u00a0Minuten"},"schema":{"@context":"https:\/\/schema.org","@graph":[{"@type":"WebPage","@id":"https:\/\/konsumpf.de\/?p=1898","url":"https:\/\/konsumpf.de\/?p=1898","name":"Eine Stadt f\u00fcr die Menschen - Konsumpf - Forum f\u00fcr kreative Konsumkritik - Culture Jamming, Nachhaltigkeit, Konzernkritik, Adbusting","isPartOf":{"@id":"https:\/\/konsumpf.de\/#website"},"primaryImageOfPage":{"@id":"https:\/\/konsumpf.de\/?p=1898#primaryimage"},"image":{"@id":"https:\/\/konsumpf.de\/?p=1898#primaryimage"},"thumbnailUrl":"http:\/\/konsumpf.de\/wp-content\/uploads\/2009\/01\/stuttgart-bopser_400-300x190.gif","datePublished":"2009-01-21T09:02:14+00:00","dateModified":"2010-11-01T19:19:49+00:00","author":{"@id":"https:\/\/konsumpf.de\/#\/schema\/person\/e595a6d286b26994e7e0926d70699070"},"breadcrumb":{"@id":"https:\/\/konsumpf.de\/?p=1898#breadcrumb"},"inLanguage":"de","potentialAction":[{"@type":"ReadAction","target":["https:\/\/konsumpf.de\/?p=1898"]}]},{"@type":"ImageObject","inLanguage":"de","@id":"https:\/\/konsumpf.de\/?p=1898#primaryimage","url":"https:\/\/konsumpf.de\/wp-content\/uploads\/2009\/01\/stuttgart-bopser_400.gif","contentUrl":"https:\/\/konsumpf.de\/wp-content\/uploads\/2009\/01\/stuttgart-bopser_400.gif","width":"400","height":"254"},{"@type":"BreadcrumbList","@id":"https:\/\/konsumpf.de\/?p=1898#breadcrumb","itemListElement":[{"@type":"ListItem","position":1,"name":"Startseite","item":"https:\/\/konsumpf.de\/"},{"@type":"ListItem","position":2,"name":"Eine Stadt f\u00fcr die Menschen"}]},{"@type":"WebSite","@id":"https:\/\/konsumpf.de\/#website","url":"https:\/\/konsumpf.de\/","name":"Konsumpf - Forum f\u00fcr kreative Konsumkritik - Culture Jamming, Nachhaltigkeit, Konzernkritik, Adbusting","description":"","potentialAction":[{"@type":"SearchAction","target":{"@type":"EntryPoint","urlTemplate":"https:\/\/konsumpf.de\/?s={search_term_string}"},"query-input":{"@type":"PropertyValueSpecification","valueRequired":true,"valueName":"search_term_string"}}],"inLanguage":"de"},{"@type":"Person","@id":"https:\/\/konsumpf.de\/#\/schema\/person\/e595a6d286b26994e7e0926d70699070","name":"Peter M.","sameAs":["http:\/\/konsumpf.de"]}]}},"_links":{"self":[{"href":"https:\/\/konsumpf.de\/index.php?rest_route=\/wp\/v2\/posts\/1898"}],"collection":[{"href":"https:\/\/konsumpf.de\/index.php?rest_route=\/wp\/v2\/posts"}],"about":[{"href":"https:\/\/konsumpf.de\/index.php?rest_route=\/wp\/v2\/types\/post"}],"author":[{"embeddable":true,"href":"https:\/\/konsumpf.de\/index.php?rest_route=\/wp\/v2\/users\/1"}],"replies":[{"embeddable":true,"href":"https:\/\/konsumpf.de\/index.php?rest_route=%2Fwp%2Fv2%2Fcomments&post=1898"}],"version-history":[{"count":11,"href":"https:\/\/konsumpf.de\/index.php?rest_route=\/wp\/v2\/posts\/1898\/revisions"}],"predecessor-version":[{"id":2331,"href":"https:\/\/konsumpf.de\/index.php?rest_route=\/wp\/v2\/posts\/1898\/revisions\/2331"}],"wp:attachment":[{"href":"https:\/\/konsumpf.de\/index.php?rest_route=%2Fwp%2Fv2%2Fmedia&parent=1898"}],"wp:term":[{"taxonomy":"category","embeddable":true,"href":"https:\/\/konsumpf.de\/index.php?rest_route=%2Fwp%2Fv2%2Fcategories&post=1898"},{"taxonomy":"post_tag","embeddable":true,"href":"https:\/\/konsumpf.de\/index.php?rest_route=%2Fwp%2Fv2%2Ftags&post=1898"}],"curies":[{"name":"wp","href":"https:\/\/api.w.org\/{rel}","templated":true}]}}