{"id":1642,"date":"2008-12-20T13:32:07","date_gmt":"2008-12-20T12:32:07","guid":{"rendered":"http:\/\/konsumpf.de\/?p=1642"},"modified":"2008-12-20T18:54:30","modified_gmt":"2008-12-20T17:54:30","slug":"%e2%80%9emediatheken%e2%80%9d-bald-verstummelt","status":"publish","type":"post","link":"https:\/\/konsumpf.de\/?p=1642","title":{"rendered":"\u201eMediatheken\u201d bald nur noch mit Ultrakurzzeitged\u00e4chtnis?"},"content":{"rendered":"<p>Na herzlichen Dank an die Lobby der gro\u00dfen Verlage, kann man da nur sagen, wenn man den neuen, <a href=\"http:\/\/www.heute.de\/ZDFheute\/inhalt\/4\/0,3672,7492676,00.html\">gestern von den Ministerpr\u00e4sidenten beschlossene Rundfunk-Staatsvertrag<\/a> betrachtet, der noch ratifiziert werden muss. Demnach soll den \u00f6ffentlich-rechtlichen Sendern ab Mai 2009 verboten werden, in ihren Mediatheken, in denen man bisher viel interessantes Archivmaterial kostenlos (okay, wir haben&#8217;s ja auch schon via GEZ bezahlt) finden konnte, Sendungen l\u00e4nger als 6 Tage zur Verf\u00fcgung zu stellen. Eigentlich ein unglaublicher Eingriff in die Medienfreiheit, und das alles unter dem Protektorat des Verbandes Deutscher Zeitschriftenverleger, die nun also unter dem Schlachtruf \u201eWettbewerbsverzerrung!\u201d zu verhindern suchen, dass Material, das f\u00fcr den einen oder anderen B\u00fcrger vielleicht auch noch nach einigen Wochen oder Monaten relevant sein k\u00f6nnte, abrufbar ist. Wie gesagt, vielen Dank. Eigentlich ist das ein ungeheuerlicher Vorgang, der jedoch bislang kaum im gro\u00dfen Ma\u00dfe f\u00fcr Wirbel gesorgt hat \u2013 einige Blogs haben dieses Thema jedoch schon aufgegriffen: <a href=\"http:\/\/megahoschi.blog.de\/2008\/12\/18\/ard-zdf-internetauftritt-verstuemmelt-5243409\">Megahoschi<\/a>, <a href=\"http:\/\/www.duckhome.de\/tb\/archives\/4642-Das-war-das-Jahr-2008.html\">Duckhome<\/a> und <a href=\"http:\/\/blog.fefe.de\/?ts=b9364fee\">Fefe<\/a> z.B.<\/p>\n<p>Nun gibt es auch im \u00f6ff.-rechtlichen Fernsehen nat\u00fcrlich jede Menge Mist, der es wohl Wert ist, schnell in Vergessenheit zu geraten, aber dennoch finden sich immer wieder Perlen (wie bei Frontal 21), die m\u00f6glichst lange online erreichbar sein sollten.<\/p>\n<h3 class='related_post_title'>Verwandte Beitr\u00e4ge:<\/h3><ul class='related_post'><li><a href=\"http:\/\/konsumpf.de\/?p=14711\" title=\"Lesetipps: Gr\u00fcne Gentechnik | Ein Monat ohne Handy | Fairphone | Spamindustrie | Rundfunkbeitrag\">Lesetipps: Gr\u00fcne Gentechnik | Ein Monat ohne Handy | Fairphone | Spamindustrie | Rundfunkbeitrag<\/a><\/li><li><a href=\"http:\/\/konsumpf.de\/?p=5029\" title=\"Versendete Werte \u2013 Das Privatfernsehen\">Versendete Werte \u2013 Das Privatfernsehen<\/a><\/li><li><a href=\"http:\/\/konsumpf.de\/?p=9006\" title=\"Der Kampf gegen die Depublizierung\">Der Kampf gegen die Depublizierung<\/a><\/li><li><a href=\"http:\/\/konsumpf.de\/?p=8380\" title=\"Fernsehtipp 2: Let\u2019s make money\">Fernsehtipp 2: Let\u2019s make money<\/a><\/li><li><a href=\"http:\/\/konsumpf.de\/?p=7390\" title=\"Der gl\u00e4serne Deutsche \u2013\u00a0wie wir B\u00fcrger ausgesp\u00e4ht werden\">Der gl\u00e4serne Deutsche \u2013\u00a0wie wir B\u00fcrger ausgesp\u00e4ht werden<\/a><\/li><\/ul>","protected":false},"excerpt":{"rendered":"<p>Na herzlichen Dank an die Lobby der gro\u00dfen Verlage, kann man da nur sagen, wenn man den neuen, gestern von den Ministerpr\u00e4sidenten beschlossene Rundfunk-Staatsvertrag betrachtet, der noch ratifiziert werden muss. Demnach soll den \u00f6ffentlich-rechtlichen Sendern ab Mai 2009 verboten werden, in ihren Mediatheken, in denen man bisher viel interessantes Archivmaterial kostenlos (okay, wir haben&#8217;s ja [&hellip;]<\/p>\n","protected":false},"author":1,"featured_media":0,"comment_status":"open","ping_status":"open","sticky":false,"template":"","format":"standard","meta":{"footnotes":""},"categories":[12,33],"tags":[284,283,287,286,285],"yoast_head":"<!-- This site is optimized with the Yoast SEO plugin v24.4 - https:\/\/yoast.com\/wordpress\/plugins\/seo\/ -->\n<title>\u201eMediatheken\u201d bald nur noch mit Ultrakurzzeitged\u00e4chtnis? - Konsumpf - Forum f\u00fcr kreative Konsumkritik - Culture Jamming, Nachhaltigkeit, Konzernkritik, Adbusting<\/title>\n<meta name=\"robots\" content=\"index, follow, max-snippet:-1, max-image-preview:large, max-video-preview:-1\" \/>\n<link rel=\"canonical\" href=\"https:\/\/konsumpf.de\/?p=1642\" \/>\n<meta property=\"og:locale\" content=\"de_DE\" \/>\n<meta property=\"og:type\" content=\"article\" \/>\n<meta property=\"og:title\" content=\"\u201eMediatheken\u201d bald nur noch mit Ultrakurzzeitged\u00e4chtnis? - Konsumpf - Forum f\u00fcr kreative Konsumkritik - Culture Jamming, Nachhaltigkeit, Konzernkritik, Adbusting\" \/>\n<meta property=\"og:description\" content=\"Na herzlichen Dank an die Lobby der gro\u00dfen Verlage, kann man da nur sagen, wenn man den neuen, gestern von den Ministerpr\u00e4sidenten beschlossene Rundfunk-Staatsvertrag betrachtet, der noch ratifiziert werden muss. Demnach soll den \u00f6ffentlich-rechtlichen Sendern ab Mai 2009 verboten werden, in ihren Mediatheken, in denen man bisher viel interessantes Archivmaterial kostenlos (okay, wir haben&#8217;s ja [&hellip;]\" \/>\n<meta property=\"og:url\" content=\"https:\/\/konsumpf.de\/?p=1642\" \/>\n<meta property=\"og:site_name\" content=\"Konsumpf - Forum f\u00fcr kreative Konsumkritik - Culture Jamming, Nachhaltigkeit, Konzernkritik, Adbusting\" \/>\n<meta property=\"article:published_time\" content=\"2008-12-20T12:32:07+00:00\" \/>\n<meta property=\"article:modified_time\" content=\"2008-12-20T17:54:30+00:00\" \/>\n<meta name=\"author\" content=\"Peter M.\" \/>\n<meta name=\"twitter:card\" content=\"summary_large_image\" \/>\n<meta name=\"twitter:label1\" content=\"Verfasst von\" \/>\n\t<meta name=\"twitter:data1\" content=\"Peter M.\" \/>\n\t<meta name=\"twitter:label2\" content=\"Gesch\u00e4tzte Lesezeit\" \/>\n\t<meta name=\"twitter:data2\" content=\"1\u00a0Minute\" \/>\n<script type=\"application\/ld+json\" class=\"yoast-schema-graph\">{\"@context\":\"https:\/\/schema.org\",\"@graph\":[{\"@type\":\"WebPage\",\"@id\":\"https:\/\/konsumpf.de\/?p=1642\",\"url\":\"https:\/\/konsumpf.de\/?p=1642\",\"name\":\"\u201eMediatheken\u201d bald nur noch mit Ultrakurzzeitged\u00e4chtnis? - Konsumpf - Forum f\u00fcr kreative Konsumkritik - Culture Jamming, Nachhaltigkeit, Konzernkritik, Adbusting\",\"isPartOf\":{\"@id\":\"https:\/\/konsumpf.de\/#website\"},\"datePublished\":\"2008-12-20T12:32:07+00:00\",\"dateModified\":\"2008-12-20T17:54:30+00:00\",\"author\":{\"@id\":\"https:\/\/konsumpf.de\/#\/schema\/person\/e595a6d286b26994e7e0926d70699070\"},\"breadcrumb\":{\"@id\":\"https:\/\/konsumpf.de\/?p=1642#breadcrumb\"},\"inLanguage\":\"de\",\"potentialAction\":[{\"@type\":\"ReadAction\",\"target\":[\"https:\/\/konsumpf.de\/?p=1642\"]}]},{\"@type\":\"BreadcrumbList\",\"@id\":\"https:\/\/konsumpf.de\/?p=1642#breadcrumb\",\"itemListElement\":[{\"@type\":\"ListItem\",\"position\":1,\"name\":\"Startseite\",\"item\":\"https:\/\/konsumpf.de\/\"},{\"@type\":\"ListItem\",\"position\":2,\"name\":\"\u201eMediatheken\u201d bald nur noch mit Ultrakurzzeitged\u00e4chtnis?\"}]},{\"@type\":\"WebSite\",\"@id\":\"https:\/\/konsumpf.de\/#website\",\"url\":\"https:\/\/konsumpf.de\/\",\"name\":\"Konsumpf - Forum f\u00fcr kreative Konsumkritik - Culture Jamming, Nachhaltigkeit, Konzernkritik, Adbusting\",\"description\":\"\",\"potentialAction\":[{\"@type\":\"SearchAction\",\"target\":{\"@type\":\"EntryPoint\",\"urlTemplate\":\"https:\/\/konsumpf.de\/?s={search_term_string}\"},\"query-input\":{\"@type\":\"PropertyValueSpecification\",\"valueRequired\":true,\"valueName\":\"search_term_string\"}}],\"inLanguage\":\"de\"},{\"@type\":\"Person\",\"@id\":\"https:\/\/konsumpf.de\/#\/schema\/person\/e595a6d286b26994e7e0926d70699070\",\"name\":\"Peter M.\",\"sameAs\":[\"http:\/\/konsumpf.de\"]}]}<\/script>\n<!-- \/ Yoast SEO plugin. -->","yoast_head_json":{"title":"\u201eMediatheken\u201d bald nur noch mit Ultrakurzzeitged\u00e4chtnis? - Konsumpf - Forum f\u00fcr kreative Konsumkritik - Culture Jamming, Nachhaltigkeit, Konzernkritik, Adbusting","robots":{"index":"index","follow":"follow","max-snippet":"max-snippet:-1","max-image-preview":"max-image-preview:large","max-video-preview":"max-video-preview:-1"},"canonical":"https:\/\/konsumpf.de\/?p=1642","og_locale":"de_DE","og_type":"article","og_title":"\u201eMediatheken\u201d bald nur noch mit Ultrakurzzeitged\u00e4chtnis? - Konsumpf - Forum f\u00fcr kreative Konsumkritik - Culture Jamming, Nachhaltigkeit, Konzernkritik, Adbusting","og_description":"Na herzlichen Dank an die Lobby der gro\u00dfen Verlage, kann man da nur sagen, wenn man den neuen, gestern von den Ministerpr\u00e4sidenten beschlossene Rundfunk-Staatsvertrag betrachtet, der noch ratifiziert werden muss. Demnach soll den \u00f6ffentlich-rechtlichen Sendern ab Mai 2009 verboten werden, in ihren Mediatheken, in denen man bisher viel interessantes Archivmaterial kostenlos (okay, wir haben&#8217;s ja [&hellip;]","og_url":"https:\/\/konsumpf.de\/?p=1642","og_site_name":"Konsumpf - Forum f\u00fcr kreative Konsumkritik - Culture Jamming, Nachhaltigkeit, Konzernkritik, Adbusting","article_published_time":"2008-12-20T12:32:07+00:00","article_modified_time":"2008-12-20T17:54:30+00:00","author":"Peter M.","twitter_card":"summary_large_image","twitter_misc":{"Verfasst von":"Peter M.","Gesch\u00e4tzte Lesezeit":"1\u00a0Minute"},"schema":{"@context":"https:\/\/schema.org","@graph":[{"@type":"WebPage","@id":"https:\/\/konsumpf.de\/?p=1642","url":"https:\/\/konsumpf.de\/?p=1642","name":"\u201eMediatheken\u201d bald nur noch mit Ultrakurzzeitged\u00e4chtnis? - Konsumpf - Forum f\u00fcr kreative Konsumkritik - Culture Jamming, Nachhaltigkeit, Konzernkritik, Adbusting","isPartOf":{"@id":"https:\/\/konsumpf.de\/#website"},"datePublished":"2008-12-20T12:32:07+00:00","dateModified":"2008-12-20T17:54:30+00:00","author":{"@id":"https:\/\/konsumpf.de\/#\/schema\/person\/e595a6d286b26994e7e0926d70699070"},"breadcrumb":{"@id":"https:\/\/konsumpf.de\/?p=1642#breadcrumb"},"inLanguage":"de","potentialAction":[{"@type":"ReadAction","target":["https:\/\/konsumpf.de\/?p=1642"]}]},{"@type":"BreadcrumbList","@id":"https:\/\/konsumpf.de\/?p=1642#breadcrumb","itemListElement":[{"@type":"ListItem","position":1,"name":"Startseite","item":"https:\/\/konsumpf.de\/"},{"@type":"ListItem","position":2,"name":"\u201eMediatheken\u201d bald nur noch mit Ultrakurzzeitged\u00e4chtnis?"}]},{"@type":"WebSite","@id":"https:\/\/konsumpf.de\/#website","url":"https:\/\/konsumpf.de\/","name":"Konsumpf - Forum f\u00fcr kreative Konsumkritik - Culture Jamming, Nachhaltigkeit, Konzernkritik, Adbusting","description":"","potentialAction":[{"@type":"SearchAction","target":{"@type":"EntryPoint","urlTemplate":"https:\/\/konsumpf.de\/?s={search_term_string}"},"query-input":{"@type":"PropertyValueSpecification","valueRequired":true,"valueName":"search_term_string"}}],"inLanguage":"de"},{"@type":"Person","@id":"https:\/\/konsumpf.de\/#\/schema\/person\/e595a6d286b26994e7e0926d70699070","name":"Peter M.","sameAs":["http:\/\/konsumpf.de"]}]}},"_links":{"self":[{"href":"https:\/\/konsumpf.de\/index.php?rest_route=\/wp\/v2\/posts\/1642"}],"collection":[{"href":"https:\/\/konsumpf.de\/index.php?rest_route=\/wp\/v2\/posts"}],"about":[{"href":"https:\/\/konsumpf.de\/index.php?rest_route=\/wp\/v2\/types\/post"}],"author":[{"embeddable":true,"href":"https:\/\/konsumpf.de\/index.php?rest_route=\/wp\/v2\/users\/1"}],"replies":[{"embeddable":true,"href":"https:\/\/konsumpf.de\/index.php?rest_route=%2Fwp%2Fv2%2Fcomments&post=1642"}],"version-history":[{"count":8,"href":"https:\/\/konsumpf.de\/index.php?rest_route=\/wp\/v2\/posts\/1642\/revisions"}],"predecessor-version":[{"id":1653,"href":"https:\/\/konsumpf.de\/index.php?rest_route=\/wp\/v2\/posts\/1642\/revisions\/1653"}],"wp:attachment":[{"href":"https:\/\/konsumpf.de\/index.php?rest_route=%2Fwp%2Fv2%2Fmedia&parent=1642"}],"wp:term":[{"taxonomy":"category","embeddable":true,"href":"https:\/\/konsumpf.de\/index.php?rest_route=%2Fwp%2Fv2%2Fcategories&post=1642"},{"taxonomy":"post_tag","embeddable":true,"href":"https:\/\/konsumpf.de\/index.php?rest_route=%2Fwp%2Fv2%2Ftags&post=1642"}],"curies":[{"name":"wp","href":"https:\/\/api.w.org\/{rel}","templated":true}]}}