{"id":1564,"date":"2008-12-22T11:06:09","date_gmt":"2008-12-22T10:06:09","guid":{"rendered":"http:\/\/konsumpf.de\/?p=1564"},"modified":"2008-12-22T10:36:26","modified_gmt":"2008-12-22T09:36:26","slug":"drei-artikel-uber-unsere-konsumgesellschaft","status":"publish","type":"post","link":"https:\/\/konsumpf.de\/?p=1564","title":{"rendered":"Drei Artikel \u00fcber unsere Konsumgesellschaft"},"content":{"rendered":"<p><img loading=\"lazy\" decoding=\"async\" class=\"alignright size-medium wp-image-1673\" title=\"einkaufswagen-alleine\" src=\"http:\/\/konsumpf.de\/wp-content\/uploads\/2008\/12\/einkaufswagen-alleine-225x300.jpg\" alt=\"einkaufswagen-alleine\" width=\"210\" height=\"279\" srcset=\"https:\/\/konsumpf.de\/wp-content\/uploads\/2008\/12\/einkaufswagen-alleine-225x300.jpg 225w, https:\/\/konsumpf.de\/wp-content\/uploads\/2008\/12\/einkaufswagen-alleine-768x1024.jpg 768w, https:\/\/konsumpf.de\/wp-content\/uploads\/2008\/12\/einkaufswagen-alleine.jpg 1200w\" sizes=\"(max-width: 210px) 100vw, 210px\" \/>In den letzten Tagen bin ich beim Herumst\u00f6bern im Netz auf drei sehr lesenswerte konsumkritische Artikel gesto\u00dfen, deren grunds\u00e4tzlichen Aussagen der Bundesregierung und ihren Kaufappellen sicher nicht gefallen d\u00fcrften, die jedoch, jeder auf seine Art, die (oft negativen) Facetten unserer Konsumgesellschaft beleuchten. Sicherlich ist es kein Zufall, dass gerade vor Weihnachten der eine oder andere mal inneh\u00e4lt und sich so seine Gedanken \u00fcber das Treiben, das sich in den Innenst\u00e4dten und Shoppingcentern der Welt macht, denn zu keiner anderen Jahreszeit steht der Konsum so derma\u00dfen offen im Mittelpunkt des allgemeinen Treibens. Aus einem spontanen, freudigen Schenkakt ist \u00fcber die Jahre ein echter Krampf geworden \u2013 als ich selbst noch an diesem Ritual teilnahm (seit Jahren verschenke ich nichts mehr zu Weihnachten) waren die Tage vor dem Fest von echtem Stress begleitet, da ich ja noch auf Teufel komm raus irgendetwas f\u00fcr den einen oder anderen finden musste. Und so wurde viel Unn\u00fctzes ausgetauscht und wom\u00f6glich direkt nach den Feiertagen nie wieder benutzt. (Wobei schenken und beschenkt werden durchaus auch Spa\u00df machen kann, das ist klar.)<\/p>\n<p>Unter anderem darum dreht sich auch der Artikel von <strong>Wolfgang Neef \u201e<a href=\"http:\/\/www.taz.de\/1\/debatte\/kommentar\/artikel\/1\/glueck-vom-konsum-abkoppeln\/ \">Gl\u00fcck vom Konsum abkoppeln<\/a>\u201d<\/strong> aus der taz \u2013 f\u00fcr den Autoren hat \u201edie Verschlei\u00dfwirtschaft keine Zukunft\u201d:<\/p>\n<blockquote><p>Dass just dieses Wachstum das Problem sein k\u00f6nnte, wird immer noch verdr\u00e4ngt, obgleich schon das EU-Wei\u00dfbuch 1993 auf unser falsches Entwicklungsmodell aufmerksam machte: Wir rationalisieren seit 200 Jahren in ungebremstem Tempo, ersetzen menschliche Arbeitskraft durch Energie- und Rohstoffaufwand und handeln uns damit Arbeitslosigkeit und Umweltkrise gleichzeitig ein. Zudem pflegen wir einen Innovationswahn: Statt die Technik auf die wesentlichen Lebensbed\u00fcrfnisse zu beziehen, erfinden wir laufend neue Spielzeuge. Um diese dann zu vermarkten, werden bis dahin nicht existierende Bed\u00fcrfnisse durch die Werbung neu erzeugt.<\/p>\n<p>(&#8230;) Wo liegt der Ausweg? Abgesehen von der n\u00f6tigen intellektuellen Dekonstruktion des Neoliberalismus geht es darum, echte Alternativen in \u00d6konomie und Technik zu finden &#8211; und zwar jenseits der Gebetsm\u00fchle, sie m\u00fcssten sich &#8220;rechnen&#8221;. Kenneth Boulding hat daf\u00fcr eine sch\u00f6ne Metapher gepr\u00e4gt: Wir brauchen eine &#8220;Raumfahrer-\u00d6konomie&#8221;, die mit begrenzten Ressourcen arbeitet. &#8220;Fortschritt&#8221; ist damit jene soziale und technische Innovation, die die Vorr\u00e4te weitgehend unangetastet l\u00e4sst und den Verwertbarkeit erh\u00f6ht. Also: Weniger Produktion und weniger Verbrauch &#8211; bei gleichzeitig besserer Erf\u00fcllung der menschlichen Bed\u00fcrfnisse.<\/p><\/blockquote>\n<p>Auf die widersinnige und das ganze System letztlich als hohles Ger\u00fcst entlarvende, mantraartig von den Regierungschefs vorgebetete Konsumaufforderung an uns B\u00fcrger geht der Feldpolitik-Blog in \u201e<a href=\"http:\/\/feldpolitik.de\/2008\/12\/05\/kauft-um-euer-leben\/\">Kauft um Euer Leben!<\/a>\u201d weiter ein und wirft auch die Frage auf, ob dieses \u201eHamsterrad\u201d aus mehr arbeiten, um mehr zu konsumieren usw. uns wirklich etwas bringt:<\/p>\n<blockquote><p>Werden weniger Autos gekauft, fahren die Autoproduzenten ihre Produktion zur\u00fcck. Sie entlassen Leute und stornieren Auftr\u00e4ge bei Zulieferern, was letztlich entlang der Wertsch\u00f6pfungskette zu Entlassungen und Einsparungen f\u00fchrt. Das ist die eine Seite der Medaille. Die andere Seite sieht so aus, da\u00df ja eigentlich nur das WENIGER gekauft wird, was offenbar gar nicht so dringend GEBRAUCHT wird. Aus gesellschaftlicher Sicht hei\u00dft das, da\u00df wir mit derselben Menge an Autos klarkommen. Wir haben also erstmal denselben Wohlstand wie zuvor. Aber: Wir sparen Zeit! Muss bei selbem Wohlstandsniveau weniger Arbeitszeit investiert werden, so bleibt mehr Freizeit! Das mag zynisch gegen\u00fcber jenen klingen, die grade von Entlassungen bedroht sind, soll aber folgendes verdeutlichen:<\/p>\n<p>Wir jammern dar\u00fcber, da\u00df wir selbst und unsere Mitmenschen weniger einkaufen. Warum nutzen wir diese Situation nicht einmal, um dar\u00fcber nachzudenken, warum wir Wirtschaft bislang so organisiert haben, dass m\u00f6glichst VIEL zu tun ist? Was ist so gut daran, m\u00f6glichst viele Autos zu herzustellen und m\u00f6glichst jedes Jahr noch ein St\u00fcck Wachstum obendraufzulegen? Steigern die \u00fcberf\u00fcllten Strassen unser Wohlbefinden? Macht Arbeit so viel Spa\u00df, da\u00df wir immer mehr davon haben m\u00fcssen?<\/p><\/blockquote>\n<p>In die gleiche Richtung zielt auch \u201e<a href=\"http:\/\/www.spiegel.de\/kultur\/gesellschaft\/0,1518,594986,00.html\">Ihr Kinderlein, kaufet, so kaufet doch ein<\/a>\u201d auf Spiegel Online:<\/p>\n<blockquote><p>Shoppen f\u00fcr das Vaterland wird sich bei uns nicht machen lassen. Das klingt wie &#8220;Ficken f\u00fcr den Frieden&#8221;, das ist ein Witz, das ist Satire. In einer d\u00fcsteren Prognose auf 2009 beklagt ein Wirtschaftsexperte das &#8220;Fehlen sportlicher Gro\u00dfereignisse&#8221; im kommenden Jahr. So ist der Mensch: r\u00fchrend. Frauen brauchen Einladungen, um Geld f\u00fcr ein neues Kleid locker zu machen, M\u00e4nner Fu\u00dfballweltmeisterschaften, um einen gro\u00dfen neuen Flachbildfernseher als absolut notwendig zu empfinden. Auch das ein Witz. Zumindest dem Fernsehger\u00e4temarkt und den F\u00e4hnchenherstellern w\u00e4re mit einer eingeschobenen Sonderweltmeisterschaft geholfen.<\/p>\n<p>Werbung wird l\u00e4ngst als Schmier\u00f6l der Wirtschaft empfunden. Nichts geht ohne Anzeigengesch\u00e4fte. Vorbei die Zeiten, da man der Werbung vorwarf, Konsumterror auszu\u00fcben. Exzessives Shoppen war ein Sport der Spa\u00dfgesellschaft. Es ist aber auch neurotisch. Etwas zu kaufen, was man nicht unbedingt braucht, ist eine Ersatzhandlung. Dass die Regierungen ihre B\u00fcrger nun dazu bewegen wollen, dem Wachstum der Wirtschaft zuliebe ein bisschen unsolide und verschwenderisch zu sein, ist nicht ohne Komik.<\/p><\/blockquote>\n<h3 class='related_post_title'>Verwandte Beitr\u00e4ge:<\/h3><ul class='related_post'><li><a href=\"http:\/\/konsumpf.de\/?p=6987\" title=\"Blippy? Neuer Schwachsinn f\u00fcrs Netz\">Blippy? Neuer Schwachsinn f\u00fcrs Netz<\/a><\/li><li><a href=\"http:\/\/konsumpf.de\/?p=15354\" title=\"Die besten Weihnachtsgeschenketipps aller Zeiten\">Die besten Weihnachtsgeschenketipps aller Zeiten<\/a><\/li><li><a href=\"http:\/\/konsumpf.de\/?p=15133\" title=\"\u00dcberdruss im \u00dcberfluss \u2013 Vom Ende der Konsumkultur\">\u00dcberdruss im \u00dcberfluss \u2013 Vom Ende der Konsumkultur<\/a><\/li><li><a href=\"http:\/\/konsumpf.de\/?p=15001\" title=\"Wir brauchen mehr Konsum!\">Wir brauchen mehr Konsum!<\/a><\/li><li><a href=\"http:\/\/konsumpf.de\/?p=14866\" title=\"Die 20 gr\u00f6\u00dften Konsums\u00fcnden\">Die 20 gr\u00f6\u00dften Konsums\u00fcnden<\/a><\/li><\/ul>","protected":false},"excerpt":{"rendered":"<p>In den letzten Tagen bin ich beim Herumst\u00f6bern im Netz auf drei sehr lesenswerte konsumkritische Artikel gesto\u00dfen, deren grunds\u00e4tzlichen Aussagen der Bundesregierung und ihren Kaufappellen sicher nicht gefallen d\u00fcrften, die jedoch, jeder auf seine Art, die (oft negativen) Facetten unserer Konsumgesellschaft beleuchten. Sicherlich ist es kein Zufall, dass gerade vor Weihnachten der eine oder andere [&hellip;]<\/p>\n","protected":false},"author":1,"featured_media":0,"comment_status":"open","ping_status":"open","sticky":false,"template":"","format":"standard","meta":{"footnotes":""},"categories":[259,12,4,78],"tags":[58,223,2854,262],"yoast_head":"<!-- This site is optimized with the Yoast SEO plugin v24.4 - https:\/\/yoast.com\/wordpress\/plugins\/seo\/ -->\n<title>Drei Artikel \u00fcber unsere Konsumgesellschaft - Konsumpf - Forum f\u00fcr kreative Konsumkritik - Culture Jamming, Nachhaltigkeit, Konzernkritik, Adbusting<\/title>\n<meta name=\"robots\" content=\"index, follow, max-snippet:-1, max-image-preview:large, max-video-preview:-1\" \/>\n<link rel=\"canonical\" href=\"https:\/\/konsumpf.de\/?p=1564\" \/>\n<meta property=\"og:locale\" content=\"de_DE\" \/>\n<meta property=\"og:type\" content=\"article\" \/>\n<meta property=\"og:title\" content=\"Drei Artikel \u00fcber unsere Konsumgesellschaft - Konsumpf - Forum f\u00fcr kreative Konsumkritik - Culture Jamming, Nachhaltigkeit, Konzernkritik, Adbusting\" \/>\n<meta property=\"og:description\" content=\"In den letzten Tagen bin ich beim Herumst\u00f6bern im Netz auf drei sehr lesenswerte konsumkritische Artikel gesto\u00dfen, deren grunds\u00e4tzlichen Aussagen der Bundesregierung und ihren Kaufappellen sicher nicht gefallen d\u00fcrften, die jedoch, jeder auf seine Art, die (oft negativen) Facetten unserer Konsumgesellschaft beleuchten. Sicherlich ist es kein Zufall, dass gerade vor Weihnachten der eine oder andere [&hellip;]\" \/>\n<meta property=\"og:url\" content=\"https:\/\/konsumpf.de\/?p=1564\" \/>\n<meta property=\"og:site_name\" content=\"Konsumpf - Forum f\u00fcr kreative Konsumkritik - Culture Jamming, Nachhaltigkeit, Konzernkritik, Adbusting\" \/>\n<meta property=\"article:published_time\" content=\"2008-12-22T10:06:09+00:00\" \/>\n<meta property=\"og:image\" content=\"http:\/\/konsumpf.de\/wp-content\/uploads\/2008\/12\/einkaufswagen-alleine-225x300.jpg\" \/>\n<meta name=\"author\" content=\"Peter M.\" \/>\n<meta name=\"twitter:card\" content=\"summary_large_image\" \/>\n<meta name=\"twitter:label1\" content=\"Verfasst von\" \/>\n\t<meta name=\"twitter:data1\" content=\"Peter M.\" \/>\n\t<meta name=\"twitter:label2\" content=\"Gesch\u00e4tzte Lesezeit\" \/>\n\t<meta name=\"twitter:data2\" content=\"4\u00a0Minuten\" \/>\n<script type=\"application\/ld+json\" class=\"yoast-schema-graph\">{\"@context\":\"https:\/\/schema.org\",\"@graph\":[{\"@type\":\"WebPage\",\"@id\":\"https:\/\/konsumpf.de\/?p=1564\",\"url\":\"https:\/\/konsumpf.de\/?p=1564\",\"name\":\"Drei Artikel \u00fcber unsere Konsumgesellschaft - Konsumpf - Forum f\u00fcr kreative Konsumkritik - Culture Jamming, Nachhaltigkeit, Konzernkritik, Adbusting\",\"isPartOf\":{\"@id\":\"https:\/\/konsumpf.de\/#website\"},\"primaryImageOfPage\":{\"@id\":\"https:\/\/konsumpf.de\/?p=1564#primaryimage\"},\"image\":{\"@id\":\"https:\/\/konsumpf.de\/?p=1564#primaryimage\"},\"thumbnailUrl\":\"http:\/\/konsumpf.de\/wp-content\/uploads\/2008\/12\/einkaufswagen-alleine-225x300.jpg\",\"datePublished\":\"2008-12-22T10:06:09+00:00\",\"author\":{\"@id\":\"https:\/\/konsumpf.de\/#\/schema\/person\/e595a6d286b26994e7e0926d70699070\"},\"breadcrumb\":{\"@id\":\"https:\/\/konsumpf.de\/?p=1564#breadcrumb\"},\"inLanguage\":\"de\",\"potentialAction\":[{\"@type\":\"ReadAction\",\"target\":[\"https:\/\/konsumpf.de\/?p=1564\"]}]},{\"@type\":\"ImageObject\",\"inLanguage\":\"de\",\"@id\":\"https:\/\/konsumpf.de\/?p=1564#primaryimage\",\"url\":\"https:\/\/konsumpf.de\/wp-content\/uploads\/2008\/12\/einkaufswagen-alleine.jpg\",\"contentUrl\":\"https:\/\/konsumpf.de\/wp-content\/uploads\/2008\/12\/einkaufswagen-alleine.jpg\",\"width\":\"1200\",\"height\":\"1600\"},{\"@type\":\"BreadcrumbList\",\"@id\":\"https:\/\/konsumpf.de\/?p=1564#breadcrumb\",\"itemListElement\":[{\"@type\":\"ListItem\",\"position\":1,\"name\":\"Startseite\",\"item\":\"https:\/\/konsumpf.de\/\"},{\"@type\":\"ListItem\",\"position\":2,\"name\":\"Drei Artikel \u00fcber unsere Konsumgesellschaft\"}]},{\"@type\":\"WebSite\",\"@id\":\"https:\/\/konsumpf.de\/#website\",\"url\":\"https:\/\/konsumpf.de\/\",\"name\":\"Konsumpf - Forum f\u00fcr kreative Konsumkritik - Culture Jamming, Nachhaltigkeit, Konzernkritik, Adbusting\",\"description\":\"\",\"potentialAction\":[{\"@type\":\"SearchAction\",\"target\":{\"@type\":\"EntryPoint\",\"urlTemplate\":\"https:\/\/konsumpf.de\/?s={search_term_string}\"},\"query-input\":{\"@type\":\"PropertyValueSpecification\",\"valueRequired\":true,\"valueName\":\"search_term_string\"}}],\"inLanguage\":\"de\"},{\"@type\":\"Person\",\"@id\":\"https:\/\/konsumpf.de\/#\/schema\/person\/e595a6d286b26994e7e0926d70699070\",\"name\":\"Peter M.\",\"sameAs\":[\"http:\/\/konsumpf.de\"]}]}<\/script>\n<!-- \/ Yoast SEO plugin. -->","yoast_head_json":{"title":"Drei Artikel \u00fcber unsere Konsumgesellschaft - Konsumpf - Forum f\u00fcr kreative Konsumkritik - Culture Jamming, Nachhaltigkeit, Konzernkritik, Adbusting","robots":{"index":"index","follow":"follow","max-snippet":"max-snippet:-1","max-image-preview":"max-image-preview:large","max-video-preview":"max-video-preview:-1"},"canonical":"https:\/\/konsumpf.de\/?p=1564","og_locale":"de_DE","og_type":"article","og_title":"Drei Artikel \u00fcber unsere Konsumgesellschaft - Konsumpf - Forum f\u00fcr kreative Konsumkritik - Culture Jamming, Nachhaltigkeit, Konzernkritik, Adbusting","og_description":"In den letzten Tagen bin ich beim Herumst\u00f6bern im Netz auf drei sehr lesenswerte konsumkritische Artikel gesto\u00dfen, deren grunds\u00e4tzlichen Aussagen der Bundesregierung und ihren Kaufappellen sicher nicht gefallen d\u00fcrften, die jedoch, jeder auf seine Art, die (oft negativen) Facetten unserer Konsumgesellschaft beleuchten. Sicherlich ist es kein Zufall, dass gerade vor Weihnachten der eine oder andere [&hellip;]","og_url":"https:\/\/konsumpf.de\/?p=1564","og_site_name":"Konsumpf - Forum f\u00fcr kreative Konsumkritik - Culture Jamming, Nachhaltigkeit, Konzernkritik, Adbusting","article_published_time":"2008-12-22T10:06:09+00:00","og_image":[{"url":"http:\/\/konsumpf.de\/wp-content\/uploads\/2008\/12\/einkaufswagen-alleine-225x300.jpg","type":"","width":"","height":""}],"author":"Peter M.","twitter_card":"summary_large_image","twitter_misc":{"Verfasst von":"Peter M.","Gesch\u00e4tzte Lesezeit":"4\u00a0Minuten"},"schema":{"@context":"https:\/\/schema.org","@graph":[{"@type":"WebPage","@id":"https:\/\/konsumpf.de\/?p=1564","url":"https:\/\/konsumpf.de\/?p=1564","name":"Drei Artikel \u00fcber unsere Konsumgesellschaft - Konsumpf - Forum f\u00fcr kreative Konsumkritik - Culture Jamming, Nachhaltigkeit, Konzernkritik, Adbusting","isPartOf":{"@id":"https:\/\/konsumpf.de\/#website"},"primaryImageOfPage":{"@id":"https:\/\/konsumpf.de\/?p=1564#primaryimage"},"image":{"@id":"https:\/\/konsumpf.de\/?p=1564#primaryimage"},"thumbnailUrl":"http:\/\/konsumpf.de\/wp-content\/uploads\/2008\/12\/einkaufswagen-alleine-225x300.jpg","datePublished":"2008-12-22T10:06:09+00:00","author":{"@id":"https:\/\/konsumpf.de\/#\/schema\/person\/e595a6d286b26994e7e0926d70699070"},"breadcrumb":{"@id":"https:\/\/konsumpf.de\/?p=1564#breadcrumb"},"inLanguage":"de","potentialAction":[{"@type":"ReadAction","target":["https:\/\/konsumpf.de\/?p=1564"]}]},{"@type":"ImageObject","inLanguage":"de","@id":"https:\/\/konsumpf.de\/?p=1564#primaryimage","url":"https:\/\/konsumpf.de\/wp-content\/uploads\/2008\/12\/einkaufswagen-alleine.jpg","contentUrl":"https:\/\/konsumpf.de\/wp-content\/uploads\/2008\/12\/einkaufswagen-alleine.jpg","width":"1200","height":"1600"},{"@type":"BreadcrumbList","@id":"https:\/\/konsumpf.de\/?p=1564#breadcrumb","itemListElement":[{"@type":"ListItem","position":1,"name":"Startseite","item":"https:\/\/konsumpf.de\/"},{"@type":"ListItem","position":2,"name":"Drei Artikel \u00fcber unsere Konsumgesellschaft"}]},{"@type":"WebSite","@id":"https:\/\/konsumpf.de\/#website","url":"https:\/\/konsumpf.de\/","name":"Konsumpf - Forum f\u00fcr kreative Konsumkritik - Culture Jamming, Nachhaltigkeit, Konzernkritik, Adbusting","description":"","potentialAction":[{"@type":"SearchAction","target":{"@type":"EntryPoint","urlTemplate":"https:\/\/konsumpf.de\/?s={search_term_string}"},"query-input":{"@type":"PropertyValueSpecification","valueRequired":true,"valueName":"search_term_string"}}],"inLanguage":"de"},{"@type":"Person","@id":"https:\/\/konsumpf.de\/#\/schema\/person\/e595a6d286b26994e7e0926d70699070","name":"Peter M.","sameAs":["http:\/\/konsumpf.de"]}]}},"_links":{"self":[{"href":"https:\/\/konsumpf.de\/index.php?rest_route=\/wp\/v2\/posts\/1564"}],"collection":[{"href":"https:\/\/konsumpf.de\/index.php?rest_route=\/wp\/v2\/posts"}],"about":[{"href":"https:\/\/konsumpf.de\/index.php?rest_route=\/wp\/v2\/types\/post"}],"author":[{"embeddable":true,"href":"https:\/\/konsumpf.de\/index.php?rest_route=\/wp\/v2\/users\/1"}],"replies":[{"embeddable":true,"href":"https:\/\/konsumpf.de\/index.php?rest_route=%2Fwp%2Fv2%2Fcomments&post=1564"}],"version-history":[{"count":11,"href":"https:\/\/konsumpf.de\/index.php?rest_route=\/wp\/v2\/posts\/1564\/revisions"}],"predecessor-version":[{"id":1677,"href":"https:\/\/konsumpf.de\/index.php?rest_route=\/wp\/v2\/posts\/1564\/revisions\/1677"}],"wp:attachment":[{"href":"https:\/\/konsumpf.de\/index.php?rest_route=%2Fwp%2Fv2%2Fmedia&parent=1564"}],"wp:term":[{"taxonomy":"category","embeddable":true,"href":"https:\/\/konsumpf.de\/index.php?rest_route=%2Fwp%2Fv2%2Fcategories&post=1564"},{"taxonomy":"post_tag","embeddable":true,"href":"https:\/\/konsumpf.de\/index.php?rest_route=%2Fwp%2Fv2%2Ftags&post=1564"}],"curies":[{"name":"wp","href":"https:\/\/api.w.org\/{rel}","templated":true}]}}