{"id":15511,"date":"2019-05-08T15:27:20","date_gmt":"2019-05-08T13:27:20","guid":{"rendered":"http:\/\/konsumpf.de\/?p=15511"},"modified":"2019-05-08T15:27:20","modified_gmt":"2019-05-08T13:27:20","slug":"the-loneliness-epidemic-der-zusammenhang-von-konsumismus-und-depression","status":"publish","type":"post","link":"https:\/\/konsumpf.de\/?p=15511","title":{"rendered":"The Loneliness Epidemic \u2013 der Zusammenhang von Konsumismus und Depression"},"content":{"rendered":"<p>F\u00fcr alle, die gut Englisch k\u00f6nnen, habe ich heute ein sehr interessantes Video, in dem der britische Autor <strong>Johann Hari<\/strong> interviewt wird und in dem er den Zusammenhang von Einsamkeit, Depression und Angstzust\u00e4nden mit Konsumismus und auch sozailen Medien erl\u00e4utert. Im Grunde passen seine Thesen perfekt auch zu meinem Blog.<\/p>\n<div class=\"lyte-wrapper\" style=\"width:560px;max-width:100%;margin:5px;\"><div class=\"lyMe\" id=\"WYL_m3aIQuMWJCA\"><div id=\"lyte_m3aIQuMWJCA\" data-src=\"\/\/i.ytimg.com\/vi\/m3aIQuMWJCA\/hqdefault.jpg\" class=\"pL\"><div class=\"tC\"><div class=\"tT\"><\/div><\/div><div class=\"play\"><\/div><div class=\"ctrl\"><div class=\"Lctrl\"><\/div><div class=\"Rctrl\"><\/div><\/div><\/div><noscript><a href=\"https:\/\/youtu.be\/m3aIQuMWJCA\" rel=\"nofollow\"><img loading=\"lazy\" decoding=\"async\" src=\"https:\/\/i.ytimg.com\/vi\/m3aIQuMWJCA\/0.jpg\" alt=\"YouTube-Video-Thumbnail\" width=\"560\" height=\"295\" \/><br \/>Dieses Video auf YouTube ansehen<\/a><\/noscript><\/div><\/div><div class=\"lL\" style=\"max-width:100%;width:560px;margin:5px;\"><\/div><\/p>\n<h3 class='related_post_title'>Verwandte Beitr\u00e4ge:<\/h3><ul class='related_post'><li><a href=\"http:\/\/konsumpf.de\/?p=15374\" title=\"Der schwarze Freitag\">Der schwarze Freitag<\/a><\/li><li><a href=\"http:\/\/konsumpf.de\/?p=15354\" title=\"Die besten Weihnachtsgeschenketipps aller Zeiten\">Die besten Weihnachtsgeschenketipps aller Zeiten<\/a><\/li><li><a href=\"http:\/\/konsumpf.de\/?p=15349\" title=\"Schluss mit schnell \u2013 Alternativen zur Turbo-Konsumgesellschaft\">Schluss mit schnell \u2013 Alternativen zur Turbo-Konsumgesellschaft<\/a><\/li><li><a href=\"http:\/\/konsumpf.de\/?p=15242\" title=\"Ein Jahr ohne Zeug \u2013 das Gesellschaftsspiel\">Ein Jahr ohne Zeug \u2013 das Gesellschaftsspiel<\/a><\/li><li><a href=\"http:\/\/konsumpf.de\/?p=15133\" title=\"\u00dcberdruss im \u00dcberfluss \u2013 Vom Ende der Konsumkultur\">\u00dcberdruss im \u00dcberfluss \u2013 Vom Ende der Konsumkultur<\/a><\/li><\/ul>","protected":false},"excerpt":{"rendered":"<p>F\u00fcr alle, die gut Englisch k\u00f6nnen, habe ich heute ein sehr interessantes Video, in dem der britische Autor Johann Hari interviewt wird und in dem er den Zusammenhang von Einsamkeit, Depression und Angstzust\u00e4nden mit Konsumismus und auch sozailen Medien erl\u00e4utert. Im Grunde passen seine Thesen perfekt auch zu meinem Blog. Verwandte Beitr\u00e4ge:Der schwarze FreitagDie besten [&hellip;]<\/p>\n","protected":false},"author":1,"featured_media":0,"comment_status":"closed","ping_status":"open","sticky":false,"template":"","format":"standard","meta":{"footnotes":""},"categories":[259,1505,4],"tags":[2627,2891,58,2892],"yoast_head":"<!-- This site is optimized with the Yoast SEO plugin v24.4 - https:\/\/yoast.com\/wordpress\/plugins\/seo\/ -->\n<title>The Loneliness Epidemic \u2013 der Zusammenhang von Konsumismus und Depression - Konsumpf - Forum f\u00fcr kreative Konsumkritik - Culture Jamming, Nachhaltigkeit, Konzernkritik, Adbusting<\/title>\n<meta name=\"robots\" content=\"index, follow, max-snippet:-1, max-image-preview:large, max-video-preview:-1\" \/>\n<link rel=\"canonical\" href=\"https:\/\/konsumpf.de\/?p=15511\" \/>\n<meta property=\"og:locale\" content=\"de_DE\" \/>\n<meta property=\"og:type\" content=\"article\" \/>\n<meta property=\"og:title\" content=\"The Loneliness Epidemic \u2013 der Zusammenhang von Konsumismus und Depression - Konsumpf - Forum f\u00fcr kreative Konsumkritik - Culture Jamming, Nachhaltigkeit, Konzernkritik, Adbusting\" \/>\n<meta property=\"og:description\" content=\"F\u00fcr alle, die gut Englisch k\u00f6nnen, habe ich heute ein sehr interessantes Video, in dem der britische Autor Johann Hari interviewt wird und in dem er den Zusammenhang von Einsamkeit, Depression und Angstzust\u00e4nden mit Konsumismus und auch sozailen Medien erl\u00e4utert. Im Grunde passen seine Thesen perfekt auch zu meinem Blog. Verwandte Beitr\u00e4ge:Der schwarze FreitagDie besten [&hellip;]\" \/>\n<meta property=\"og:url\" content=\"https:\/\/konsumpf.de\/?p=15511\" \/>\n<meta property=\"og:site_name\" content=\"Konsumpf - Forum f\u00fcr kreative Konsumkritik - Culture Jamming, Nachhaltigkeit, Konzernkritik, Adbusting\" \/>\n<meta property=\"article:published_time\" content=\"2019-05-08T13:27:20+00:00\" \/>\n<meta name=\"author\" content=\"Peter M.\" \/>\n<meta name=\"twitter:card\" content=\"summary_large_image\" \/>\n<meta name=\"twitter:label1\" content=\"Verfasst von\" \/>\n\t<meta name=\"twitter:data1\" content=\"Peter M.\" \/>\n<script type=\"application\/ld+json\" class=\"yoast-schema-graph\">{\"@context\":\"https:\/\/schema.org\",\"@graph\":[{\"@type\":\"WebPage\",\"@id\":\"https:\/\/konsumpf.de\/?p=15511\",\"url\":\"https:\/\/konsumpf.de\/?p=15511\",\"name\":\"The Loneliness Epidemic \u2013 der Zusammenhang von Konsumismus und Depression - Konsumpf - Forum f\u00fcr kreative Konsumkritik - Culture Jamming, Nachhaltigkeit, Konzernkritik, Adbusting\",\"isPartOf\":{\"@id\":\"https:\/\/konsumpf.de\/#website\"},\"datePublished\":\"2019-05-08T13:27:20+00:00\",\"author\":{\"@id\":\"https:\/\/konsumpf.de\/#\/schema\/person\/e595a6d286b26994e7e0926d70699070\"},\"breadcrumb\":{\"@id\":\"https:\/\/konsumpf.de\/?p=15511#breadcrumb\"},\"inLanguage\":\"de\",\"potentialAction\":[{\"@type\":\"ReadAction\",\"target\":[\"https:\/\/konsumpf.de\/?p=15511\"]}]},{\"@type\":\"BreadcrumbList\",\"@id\":\"https:\/\/konsumpf.de\/?p=15511#breadcrumb\",\"itemListElement\":[{\"@type\":\"ListItem\",\"position\":1,\"name\":\"Startseite\",\"item\":\"https:\/\/konsumpf.de\/\"},{\"@type\":\"ListItem\",\"position\":2,\"name\":\"The Loneliness Epidemic \u2013 der Zusammenhang von Konsumismus und Depression\"}]},{\"@type\":\"WebSite\",\"@id\":\"https:\/\/konsumpf.de\/#website\",\"url\":\"https:\/\/konsumpf.de\/\",\"name\":\"Konsumpf - Forum f\u00fcr kreative Konsumkritik - Culture Jamming, Nachhaltigkeit, Konzernkritik, Adbusting\",\"description\":\"\",\"potentialAction\":[{\"@type\":\"SearchAction\",\"target\":{\"@type\":\"EntryPoint\",\"urlTemplate\":\"https:\/\/konsumpf.de\/?s={search_term_string}\"},\"query-input\":{\"@type\":\"PropertyValueSpecification\",\"valueRequired\":true,\"valueName\":\"search_term_string\"}}],\"inLanguage\":\"de\"},{\"@type\":\"Person\",\"@id\":\"https:\/\/konsumpf.de\/#\/schema\/person\/e595a6d286b26994e7e0926d70699070\",\"name\":\"Peter M.\",\"sameAs\":[\"http:\/\/konsumpf.de\"]}]}<\/script>\n<!-- \/ Yoast SEO plugin. -->","yoast_head_json":{"title":"The Loneliness Epidemic \u2013 der Zusammenhang von Konsumismus und Depression - Konsumpf - Forum f\u00fcr kreative Konsumkritik - Culture Jamming, Nachhaltigkeit, Konzernkritik, Adbusting","robots":{"index":"index","follow":"follow","max-snippet":"max-snippet:-1","max-image-preview":"max-image-preview:large","max-video-preview":"max-video-preview:-1"},"canonical":"https:\/\/konsumpf.de\/?p=15511","og_locale":"de_DE","og_type":"article","og_title":"The Loneliness Epidemic \u2013 der Zusammenhang von Konsumismus und Depression - Konsumpf - Forum f\u00fcr kreative Konsumkritik - Culture Jamming, Nachhaltigkeit, Konzernkritik, Adbusting","og_description":"F\u00fcr alle, die gut Englisch k\u00f6nnen, habe ich heute ein sehr interessantes Video, in dem der britische Autor Johann Hari interviewt wird und in dem er den Zusammenhang von Einsamkeit, Depression und Angstzust\u00e4nden mit Konsumismus und auch sozailen Medien erl\u00e4utert. Im Grunde passen seine Thesen perfekt auch zu meinem Blog. Verwandte Beitr\u00e4ge:Der schwarze FreitagDie besten [&hellip;]","og_url":"https:\/\/konsumpf.de\/?p=15511","og_site_name":"Konsumpf - Forum f\u00fcr kreative Konsumkritik - Culture Jamming, Nachhaltigkeit, Konzernkritik, Adbusting","article_published_time":"2019-05-08T13:27:20+00:00","author":"Peter M.","twitter_card":"summary_large_image","twitter_misc":{"Verfasst von":"Peter M."},"schema":{"@context":"https:\/\/schema.org","@graph":[{"@type":"WebPage","@id":"https:\/\/konsumpf.de\/?p=15511","url":"https:\/\/konsumpf.de\/?p=15511","name":"The Loneliness Epidemic \u2013 der Zusammenhang von Konsumismus und Depression - Konsumpf - Forum f\u00fcr kreative Konsumkritik - Culture Jamming, Nachhaltigkeit, Konzernkritik, Adbusting","isPartOf":{"@id":"https:\/\/konsumpf.de\/#website"},"datePublished":"2019-05-08T13:27:20+00:00","author":{"@id":"https:\/\/konsumpf.de\/#\/schema\/person\/e595a6d286b26994e7e0926d70699070"},"breadcrumb":{"@id":"https:\/\/konsumpf.de\/?p=15511#breadcrumb"},"inLanguage":"de","potentialAction":[{"@type":"ReadAction","target":["https:\/\/konsumpf.de\/?p=15511"]}]},{"@type":"BreadcrumbList","@id":"https:\/\/konsumpf.de\/?p=15511#breadcrumb","itemListElement":[{"@type":"ListItem","position":1,"name":"Startseite","item":"https:\/\/konsumpf.de\/"},{"@type":"ListItem","position":2,"name":"The Loneliness Epidemic \u2013 der Zusammenhang von Konsumismus und Depression"}]},{"@type":"WebSite","@id":"https:\/\/konsumpf.de\/#website","url":"https:\/\/konsumpf.de\/","name":"Konsumpf - Forum f\u00fcr kreative Konsumkritik - Culture Jamming, Nachhaltigkeit, Konzernkritik, Adbusting","description":"","potentialAction":[{"@type":"SearchAction","target":{"@type":"EntryPoint","urlTemplate":"https:\/\/konsumpf.de\/?s={search_term_string}"},"query-input":{"@type":"PropertyValueSpecification","valueRequired":true,"valueName":"search_term_string"}}],"inLanguage":"de"},{"@type":"Person","@id":"https:\/\/konsumpf.de\/#\/schema\/person\/e595a6d286b26994e7e0926d70699070","name":"Peter M.","sameAs":["http:\/\/konsumpf.de"]}]}},"_links":{"self":[{"href":"https:\/\/konsumpf.de\/index.php?rest_route=\/wp\/v2\/posts\/15511"}],"collection":[{"href":"https:\/\/konsumpf.de\/index.php?rest_route=\/wp\/v2\/posts"}],"about":[{"href":"https:\/\/konsumpf.de\/index.php?rest_route=\/wp\/v2\/types\/post"}],"author":[{"embeddable":true,"href":"https:\/\/konsumpf.de\/index.php?rest_route=\/wp\/v2\/users\/1"}],"replies":[{"embeddable":true,"href":"https:\/\/konsumpf.de\/index.php?rest_route=%2Fwp%2Fv2%2Fcomments&post=15511"}],"version-history":[{"count":1,"href":"https:\/\/konsumpf.de\/index.php?rest_route=\/wp\/v2\/posts\/15511\/revisions"}],"predecessor-version":[{"id":15512,"href":"https:\/\/konsumpf.de\/index.php?rest_route=\/wp\/v2\/posts\/15511\/revisions\/15512"}],"wp:attachment":[{"href":"https:\/\/konsumpf.de\/index.php?rest_route=%2Fwp%2Fv2%2Fmedia&parent=15511"}],"wp:term":[{"taxonomy":"category","embeddable":true,"href":"https:\/\/konsumpf.de\/index.php?rest_route=%2Fwp%2Fv2%2Fcategories&post=15511"},{"taxonomy":"post_tag","embeddable":true,"href":"https:\/\/konsumpf.de\/index.php?rest_route=%2Fwp%2Fv2%2Ftags&post=15511"}],"curies":[{"name":"wp","href":"https:\/\/api.w.org\/{rel}","templated":true}]}}