{"id":15151,"date":"2013-10-18T09:29:11","date_gmt":"2013-10-18T07:29:11","guid":{"rendered":"http:\/\/konsumpf.de\/?p=15151"},"modified":"2013-10-27T12:59:45","modified_gmt":"2013-10-27T11:59:45","slug":"primark-mode-zum-wegwerfen","status":"publish","type":"post","link":"https:\/\/konsumpf.de\/?p=15151","title":{"rendered":"Primark \u2013 Mode zum Wegwerfen"},"content":{"rendered":"<p>\u00dcber das Discounter-Unwesen schreibe ich hier im Konsumpf ja praktisch schon von Anfang an. Zu verheerend sind die Auswirkungen von Aldi, Lidl, KiK &amp; Co. auf Mensch und Umwelt (siehe z.B. <a href=\"http:\/\/konsumpf.de\/?p=2353\">HIER<\/a>), und die Folgen des Billigwahns, der mittlerweile so selbstverst\u00e4ndlich geworden ist, dass Konsumenten ihn kaum noch hinterfragen, bekommen vor allem die Menschen ab, die in \u00e4rmeren L\u00e4ndern unseren Billigschund produzieren. Wer sich noch an die beiden Panorama-Dokumentationen \u00fcber KiK erinnert, die deutlich zeigten, was es bedeutet, wenn ein Unternehmen an einem T-Shirt f\u00fcr zwei Euro fuffzich noch ordentlich Gewinn macht (siehe die YouTube-Videos HIER und HIER), der wird vermutlich auch nicht erstaunt sein, wenn er nun in der neuen Folge der <strong>ZDF Zoom<\/strong>-Reihe (die ich generell nur empfehlen kann!) sieht, was die englische Billigmodekette <strong>Primark<\/strong> so f\u00fcr Sch\u00e4den anrichtet. Nicht zuletzt auch in den K\u00f6pfen der (meist jungen) KonsumentInnen \u2013 Kleidung, die man gar nicht mehr w\u00e4scht, sondern nach dem Tragen wegschmei\u00dft&#8230; hallo, geht\u2019s noch?! So langsam erreicht der Konsumismus wirklich schwer zu ertragende Dimensionen.<\/p>\n<p>Wer immer der Illusion vom \u201ekritischen\u201c oder \u201eaufgekl\u00e4rten\u201c Konsumenten anh\u00e4ngt, der sieht sich angesichts solcher Entwicklungen leider eines Schlechteren belehrt. Ich wei\u00df gar nicht, was ich ekliger finden soll \u2013 die v\u00f6llige Ignoranz der Konsumenten, die sich dann auf YouTube mit ihren Billigk\u00e4ufen br\u00fcsten (hier sieht man, dass in unserem System die Formeln \u201eIch kaufe, also bin ich\u201c oder \u201eIch bin, was ich kaufe\u201c gelten) oder die R\u00fccksichtslosigkeit des Konzerns, der auf dem R\u00fccken der Arbeiter sein Zeug unter die Leute bringt und sinnlosen Konsum anfacht. Ehrlich gesagt ist es schwierig, hier einen Ansatzpunkt f\u00fcr Verbesserungen zu finden, da eben die grunds\u00e4tzliche Entwicklung fatal ist und im Grunde ein Umdenken auf gesellschaftlicher Ebene bedeutet, beispielsweise, indem Konsum nicht mehr als \u201ecool\u201c gilt&#8230;<br \/>\n<strong>\u201e<a href=\"http:\/\/www.zdf.de\/ZDFzoom\/Mode-zum-Wegwerfen-30192666.html\">Mode zum Wegwerfen<\/a>\u201c:<\/strong><\/p>\n<blockquote><p>Schubsen, dr\u00e4ngeln, kreischen \u2013 wo auch immer in Deutschland eine PRIMARK-Filiale er\u00f6ffnet, herrscht Ausnahmezustand. Der irische Textil-Discounter erobert mit seiner Wegwerfmode die Fu\u00dfg\u00e4ngerzonen. Bisher sind es in Deutschland zehn Filialen, acht weitere sind schon angek\u00fcndigt. Immer Riesenverkaufsfl\u00e4chen, immer Toplagen. Ein Paradies f\u00fcr Teenager: hip wie H&amp;M und billig wie KiK.<\/p>\n<p>Ein T-Shirt f\u00fcr zwei Euro, eine Hose f\u00fcr elf Euro. Viele Fummel werden aufgrund ihres Spottpreises nicht einmal anprobiert, geschweige denn sp\u00e4ter gewaschen. Kaufen, anziehen, wegwerfen. Auf dem Internetportal Youtube tummeln sich begeisterte Teenies mit Videos \u00fcber ihre Einkaufsbeutez\u00fcge, genannt \u201ePRIMARK-Hauls\u201c.ZDFzoom fragt: Wie kann PRIMARK so billig sein? Wenn ein T-Shirt nur zwei Euro kostet, dann muss irgendwo auf der Welt jemand den Preis daf\u00fcr zahlen, sprich: f\u00fcr sehr wenig Geld sehr viel arbeiten. ZDFzoom macht sich auf die Suche: Laut Firmenangaben l\u00e4sst PRIMARK unter anderem in Bangladesch produzieren, in rund 100 Fabriken. Als eine von vielen Textilketten lie\u00df PRIMARK auch im Rana-Plaza-Geb\u00e4ude in der N\u00e4he der Hauptstadt Dhaka fertigen. Im April 2013 st\u00fcrzte das Geb\u00e4ude ein. Mehr als 1100 Menschen verloren ihr Leben, gr\u00f6\u00dftenteils Textilarbeiterinnen.<\/p>\n<p>Ein penetranter Geruch<\/p>\n<p>Immer wieder klagen Kunden \u00fcber einen unangenehmen \u201egiftigen\u201c Geruch in den PRIMARK-Gesch\u00e4ften. ZDFzoom forscht nach: Woher kommt der penetrante Geruch? Ist die Raumluft durch Schadstoffe aus den Textilien belastet?<br \/>\nIn Internet-Foren finden sich immer wieder Berichte von PRIMARK-Kunden \u00fcber Hautprobleme und allergische Reaktionen. Welche gesundheitlichen Risiken sind mit dem Tragen der Billigmode verbunden \u2013 zumal junge Leute vieles ungewaschen anziehen?<br \/>\nAnne Kauth und Ulli Rothaus gehen in der ZDFzoom Dokumentation \u201eMode zum Wegwerfen &#8211; Das Prinzip PRIMARK\u201c dem neuen Trend zur Wegwerfmode auf den Grund.<\/p><\/blockquote>\n<p><img loading=\"lazy\" decoding=\"async\" src=\"http:\/\/vg08.met.vgwort.de\/na\/e8e9d0332ec549bca32090b90b446f7a\" alt=\"\" width=\"1\" height=\"1\" \/><br \/>\n<div class=\"lyte-wrapper\" style=\"width:560px;max-width:100%;margin:5px;\"><div class=\"lyMe\" id=\"WYL_7cfRUgyC5Ww\"><div id=\"lyte_7cfRUgyC5Ww\" data-src=\"\/\/i.ytimg.com\/vi\/7cfRUgyC5Ww\/hqdefault.jpg\" class=\"pL\"><div class=\"tC\"><div class=\"tT\"><\/div><\/div><div class=\"play\"><\/div><div class=\"ctrl\"><div class=\"Lctrl\"><\/div><div class=\"Rctrl\"><\/div><\/div><\/div><noscript><a href=\"https:\/\/youtu.be\/7cfRUgyC5Ww\" rel=\"nofollow\"><img loading=\"lazy\" decoding=\"async\" src=\"https:\/\/i.ytimg.com\/vi\/7cfRUgyC5Ww\/0.jpg\" alt=\"YouTube-Video-Thumbnail\" width=\"560\" height=\"295\" \/><br \/>Dieses Video auf YouTube ansehen<\/a><\/noscript><\/div><\/div><div class=\"lL\" style=\"max-width:100%;width:560px;margin:5px;\"><\/div><\/p>\n<h3 class='related_post_title'>Verwandte Beitr\u00e4ge:<\/h3><ul class='related_post'><li><a href=\"http:\/\/konsumpf.de\/?p=13677\" title=\"Fernsehtipp: Der Lidl-Check\">Fernsehtipp: Der Lidl-Check<\/a><\/li><li><a href=\"http:\/\/konsumpf.de\/?p=11704\" title=\"Billig ist unfair \u2013 Ausbeutung sichtbar machen!\">Billig ist unfair \u2013 Ausbeutung sichtbar machen!<\/a><\/li><li><a href=\"http:\/\/konsumpf.de\/?p=8621\" title=\"Fernsehtipp: Hauptsache billig\">Fernsehtipp: Hauptsache billig<\/a><\/li><li><a href=\"http:\/\/konsumpf.de\/?p=8416\" title=\"Theo \u201eAldi\u201c Albrecht \u271d\">Theo \u201eAldi\u201c Albrecht \u271d<\/a><\/li><li><a href=\"http:\/\/konsumpf.de\/?p=7415\" title=\"Lidl mal wieder: Discounter t\u00e4uscht Verbraucher \u2013 Menschenrechtler verklagen Lidl\">Lidl mal wieder: Discounter t\u00e4uscht Verbraucher \u2013 Menschenrechtler verklagen Lidl<\/a><\/li><\/ul>","protected":false},"excerpt":{"rendered":"<p>\u00dcber das Discounter-Unwesen schreibe ich hier im Konsumpf ja praktisch schon von Anfang an. Zu verheerend sind die Auswirkungen von Aldi, Lidl, KiK &amp; Co. auf Mensch und Umwelt (siehe z.B. HIER), und die Folgen des Billigwahns, der mittlerweile so selbstverst\u00e4ndlich geworden ist, dass Konsumenten ihn kaum noch hinterfragen, bekommen vor allem die Menschen ab, [&hellip;]<\/p>\n","protected":false},"author":1,"featured_media":0,"comment_status":"open","ping_status":"open","sticky":false,"template":"","format":"standard","meta":{"footnotes":""},"categories":[23,259,4,16,78],"tags":[603,484,2860,153,2798],"yoast_head":"<!-- This site is optimized with the Yoast SEO plugin v24.4 - https:\/\/yoast.com\/wordpress\/plugins\/seo\/ -->\n<title>Primark \u2013 Mode zum Wegwerfen - Konsumpf - Forum f\u00fcr kreative Konsumkritik - Culture Jamming, Nachhaltigkeit, Konzernkritik, Adbusting<\/title>\n<meta name=\"robots\" content=\"index, follow, max-snippet:-1, max-image-preview:large, max-video-preview:-1\" \/>\n<link rel=\"canonical\" href=\"https:\/\/konsumpf.de\/?p=15151\" \/>\n<meta property=\"og:locale\" content=\"de_DE\" \/>\n<meta property=\"og:type\" content=\"article\" \/>\n<meta property=\"og:title\" content=\"Primark \u2013 Mode zum Wegwerfen - Konsumpf - Forum f\u00fcr kreative Konsumkritik - Culture Jamming, Nachhaltigkeit, Konzernkritik, Adbusting\" \/>\n<meta property=\"og:description\" content=\"\u00dcber das Discounter-Unwesen schreibe ich hier im Konsumpf ja praktisch schon von Anfang an. Zu verheerend sind die Auswirkungen von Aldi, Lidl, KiK &amp; Co. auf Mensch und Umwelt (siehe z.B. HIER), und die Folgen des Billigwahns, der mittlerweile so selbstverst\u00e4ndlich geworden ist, dass Konsumenten ihn kaum noch hinterfragen, bekommen vor allem die Menschen ab, [&hellip;]\" \/>\n<meta property=\"og:url\" content=\"https:\/\/konsumpf.de\/?p=15151\" \/>\n<meta property=\"og:site_name\" content=\"Konsumpf - Forum f\u00fcr kreative Konsumkritik - Culture Jamming, Nachhaltigkeit, Konzernkritik, Adbusting\" \/>\n<meta property=\"article:published_time\" content=\"2013-10-18T07:29:11+00:00\" \/>\n<meta property=\"article:modified_time\" content=\"2013-10-27T11:59:45+00:00\" \/>\n<meta property=\"og:image\" content=\"http:\/\/vg08.met.vgwort.de\/na\/e8e9d0332ec549bca32090b90b446f7a\" \/>\n<meta name=\"author\" content=\"Peter M.\" \/>\n<meta name=\"twitter:card\" content=\"summary_large_image\" \/>\n<meta name=\"twitter:label1\" content=\"Verfasst von\" \/>\n\t<meta name=\"twitter:data1\" content=\"Peter M.\" \/>\n\t<meta name=\"twitter:label2\" content=\"Gesch\u00e4tzte Lesezeit\" \/>\n\t<meta name=\"twitter:data2\" content=\"3\u00a0Minuten\" \/>\n<script type=\"application\/ld+json\" class=\"yoast-schema-graph\">{\"@context\":\"https:\/\/schema.org\",\"@graph\":[{\"@type\":\"WebPage\",\"@id\":\"https:\/\/konsumpf.de\/?p=15151\",\"url\":\"https:\/\/konsumpf.de\/?p=15151\",\"name\":\"Primark \u2013 Mode zum Wegwerfen - Konsumpf - Forum f\u00fcr kreative Konsumkritik - Culture Jamming, Nachhaltigkeit, Konzernkritik, Adbusting\",\"isPartOf\":{\"@id\":\"https:\/\/konsumpf.de\/#website\"},\"primaryImageOfPage\":{\"@id\":\"https:\/\/konsumpf.de\/?p=15151#primaryimage\"},\"image\":{\"@id\":\"https:\/\/konsumpf.de\/?p=15151#primaryimage\"},\"thumbnailUrl\":\"http:\/\/vg08.met.vgwort.de\/na\/e8e9d0332ec549bca32090b90b446f7a\",\"datePublished\":\"2013-10-18T07:29:11+00:00\",\"dateModified\":\"2013-10-27T11:59:45+00:00\",\"author\":{\"@id\":\"https:\/\/konsumpf.de\/#\/schema\/person\/e595a6d286b26994e7e0926d70699070\"},\"breadcrumb\":{\"@id\":\"https:\/\/konsumpf.de\/?p=15151#breadcrumb\"},\"inLanguage\":\"de\",\"potentialAction\":[{\"@type\":\"ReadAction\",\"target\":[\"https:\/\/konsumpf.de\/?p=15151\"]}]},{\"@type\":\"ImageObject\",\"inLanguage\":\"de\",\"@id\":\"https:\/\/konsumpf.de\/?p=15151#primaryimage\",\"url\":\"http:\/\/vg08.met.vgwort.de\/na\/e8e9d0332ec549bca32090b90b446f7a\",\"contentUrl\":\"http:\/\/vg08.met.vgwort.de\/na\/e8e9d0332ec549bca32090b90b446f7a\"},{\"@type\":\"BreadcrumbList\",\"@id\":\"https:\/\/konsumpf.de\/?p=15151#breadcrumb\",\"itemListElement\":[{\"@type\":\"ListItem\",\"position\":1,\"name\":\"Startseite\",\"item\":\"https:\/\/konsumpf.de\/\"},{\"@type\":\"ListItem\",\"position\":2,\"name\":\"Primark \u2013 Mode zum Wegwerfen\"}]},{\"@type\":\"WebSite\",\"@id\":\"https:\/\/konsumpf.de\/#website\",\"url\":\"https:\/\/konsumpf.de\/\",\"name\":\"Konsumpf - Forum f\u00fcr kreative Konsumkritik - Culture Jamming, Nachhaltigkeit, Konzernkritik, Adbusting\",\"description\":\"\",\"potentialAction\":[{\"@type\":\"SearchAction\",\"target\":{\"@type\":\"EntryPoint\",\"urlTemplate\":\"https:\/\/konsumpf.de\/?s={search_term_string}\"},\"query-input\":{\"@type\":\"PropertyValueSpecification\",\"valueRequired\":true,\"valueName\":\"search_term_string\"}}],\"inLanguage\":\"de\"},{\"@type\":\"Person\",\"@id\":\"https:\/\/konsumpf.de\/#\/schema\/person\/e595a6d286b26994e7e0926d70699070\",\"name\":\"Peter M.\",\"sameAs\":[\"http:\/\/konsumpf.de\"]}]}<\/script>\n<!-- \/ Yoast SEO plugin. -->","yoast_head_json":{"title":"Primark \u2013 Mode zum Wegwerfen - Konsumpf - Forum f\u00fcr kreative Konsumkritik - Culture Jamming, Nachhaltigkeit, Konzernkritik, Adbusting","robots":{"index":"index","follow":"follow","max-snippet":"max-snippet:-1","max-image-preview":"max-image-preview:large","max-video-preview":"max-video-preview:-1"},"canonical":"https:\/\/konsumpf.de\/?p=15151","og_locale":"de_DE","og_type":"article","og_title":"Primark \u2013 Mode zum Wegwerfen - Konsumpf - Forum f\u00fcr kreative Konsumkritik - Culture Jamming, Nachhaltigkeit, Konzernkritik, Adbusting","og_description":"\u00dcber das Discounter-Unwesen schreibe ich hier im Konsumpf ja praktisch schon von Anfang an. Zu verheerend sind die Auswirkungen von Aldi, Lidl, KiK &amp; Co. auf Mensch und Umwelt (siehe z.B. HIER), und die Folgen des Billigwahns, der mittlerweile so selbstverst\u00e4ndlich geworden ist, dass Konsumenten ihn kaum noch hinterfragen, bekommen vor allem die Menschen ab, [&hellip;]","og_url":"https:\/\/konsumpf.de\/?p=15151","og_site_name":"Konsumpf - Forum f\u00fcr kreative Konsumkritik - Culture Jamming, Nachhaltigkeit, Konzernkritik, Adbusting","article_published_time":"2013-10-18T07:29:11+00:00","article_modified_time":"2013-10-27T11:59:45+00:00","og_image":[{"url":"http:\/\/vg08.met.vgwort.de\/na\/e8e9d0332ec549bca32090b90b446f7a","type":"","width":"","height":""}],"author":"Peter M.","twitter_card":"summary_large_image","twitter_misc":{"Verfasst von":"Peter M.","Gesch\u00e4tzte Lesezeit":"3\u00a0Minuten"},"schema":{"@context":"https:\/\/schema.org","@graph":[{"@type":"WebPage","@id":"https:\/\/konsumpf.de\/?p=15151","url":"https:\/\/konsumpf.de\/?p=15151","name":"Primark \u2013 Mode zum Wegwerfen - Konsumpf - Forum f\u00fcr kreative Konsumkritik - Culture Jamming, Nachhaltigkeit, Konzernkritik, Adbusting","isPartOf":{"@id":"https:\/\/konsumpf.de\/#website"},"primaryImageOfPage":{"@id":"https:\/\/konsumpf.de\/?p=15151#primaryimage"},"image":{"@id":"https:\/\/konsumpf.de\/?p=15151#primaryimage"},"thumbnailUrl":"http:\/\/vg08.met.vgwort.de\/na\/e8e9d0332ec549bca32090b90b446f7a","datePublished":"2013-10-18T07:29:11+00:00","dateModified":"2013-10-27T11:59:45+00:00","author":{"@id":"https:\/\/konsumpf.de\/#\/schema\/person\/e595a6d286b26994e7e0926d70699070"},"breadcrumb":{"@id":"https:\/\/konsumpf.de\/?p=15151#breadcrumb"},"inLanguage":"de","potentialAction":[{"@type":"ReadAction","target":["https:\/\/konsumpf.de\/?p=15151"]}]},{"@type":"ImageObject","inLanguage":"de","@id":"https:\/\/konsumpf.de\/?p=15151#primaryimage","url":"http:\/\/vg08.met.vgwort.de\/na\/e8e9d0332ec549bca32090b90b446f7a","contentUrl":"http:\/\/vg08.met.vgwort.de\/na\/e8e9d0332ec549bca32090b90b446f7a"},{"@type":"BreadcrumbList","@id":"https:\/\/konsumpf.de\/?p=15151#breadcrumb","itemListElement":[{"@type":"ListItem","position":1,"name":"Startseite","item":"https:\/\/konsumpf.de\/"},{"@type":"ListItem","position":2,"name":"Primark \u2013 Mode zum Wegwerfen"}]},{"@type":"WebSite","@id":"https:\/\/konsumpf.de\/#website","url":"https:\/\/konsumpf.de\/","name":"Konsumpf - Forum f\u00fcr kreative Konsumkritik - Culture Jamming, Nachhaltigkeit, Konzernkritik, Adbusting","description":"","potentialAction":[{"@type":"SearchAction","target":{"@type":"EntryPoint","urlTemplate":"https:\/\/konsumpf.de\/?s={search_term_string}"},"query-input":{"@type":"PropertyValueSpecification","valueRequired":true,"valueName":"search_term_string"}}],"inLanguage":"de"},{"@type":"Person","@id":"https:\/\/konsumpf.de\/#\/schema\/person\/e595a6d286b26994e7e0926d70699070","name":"Peter M.","sameAs":["http:\/\/konsumpf.de"]}]}},"_links":{"self":[{"href":"https:\/\/konsumpf.de\/index.php?rest_route=\/wp\/v2\/posts\/15151"}],"collection":[{"href":"https:\/\/konsumpf.de\/index.php?rest_route=\/wp\/v2\/posts"}],"about":[{"href":"https:\/\/konsumpf.de\/index.php?rest_route=\/wp\/v2\/types\/post"}],"author":[{"embeddable":true,"href":"https:\/\/konsumpf.de\/index.php?rest_route=\/wp\/v2\/users\/1"}],"replies":[{"embeddable":true,"href":"https:\/\/konsumpf.de\/index.php?rest_route=%2Fwp%2Fv2%2Fcomments&post=15151"}],"version-history":[{"count":7,"href":"https:\/\/konsumpf.de\/index.php?rest_route=\/wp\/v2\/posts\/15151\/revisions"}],"predecessor-version":[{"id":15173,"href":"https:\/\/konsumpf.de\/index.php?rest_route=\/wp\/v2\/posts\/15151\/revisions\/15173"}],"wp:attachment":[{"href":"https:\/\/konsumpf.de\/index.php?rest_route=%2Fwp%2Fv2%2Fmedia&parent=15151"}],"wp:term":[{"taxonomy":"category","embeddable":true,"href":"https:\/\/konsumpf.de\/index.php?rest_route=%2Fwp%2Fv2%2Fcategories&post=15151"},{"taxonomy":"post_tag","embeddable":true,"href":"https:\/\/konsumpf.de\/index.php?rest_route=%2Fwp%2Fv2%2Ftags&post=15151"}],"curies":[{"name":"wp","href":"https:\/\/api.w.org\/{rel}","templated":true}]}}