{"id":1513,"date":"2008-12-14T13:10:08","date_gmt":"2008-12-14T12:10:08","guid":{"rendered":"http:\/\/konsumpf.de\/?p=1513"},"modified":"2008-12-14T15:58:23","modified_gmt":"2008-12-14T14:58:23","slug":"der-elektrische-reporter-uber-urheberrecht-und-musikpiraterie","status":"publish","type":"post","link":"https:\/\/konsumpf.de\/?p=1513","title":{"rendered":"Der Elektrische Reporter \u00fcber Urheberrecht und Musikpiraterie"},"content":{"rendered":"<p>Der <a href=\"http:\/\/www.elektrischer-reporter.de\/\">Elektrische Reporter<\/a> ist ein Videopodcast des ZDF, in dem es u.a. um die \u201eneuen Medien\u201d, also das Internet und seine Anwendungsm\u00f6glichkeiten und -t\u00fccken geht. Die neue Folge hei\u00dft \u201c<a href=\"http:\/\/www.elektrischer-reporter.de\/elr\/video\/87\/\">Urheber 2.0: Jeder Nutzer ein Pirat?<\/a>\u201d und setzt sich mit den Bem\u00fchungen z.B. der Musikindustrie auseinander, ihre davonschwimmenden Felle mit Hilfe von st\u00e4rkerer \u00dcberwachung durch die Internetprovider zu retten. Die in dem Podcast angesprochenen Pl\u00e4ne klingen sehr bedenklich, n\u00e4mlich nach der totalen \u00dcberwachung des Datenverkehrs&#8230;!<\/p>\n<p style=\"text-align: center;\"><object classid=\"clsid:d27cdb6e-ae6d-11cf-96b8-444553540000\" width=\"480\" height=\"270\" codebase=\"http:\/\/download.macromedia.com\/pub\/shockwave\/cabs\/flash\/swflash.cab#version=6,0,40,0\"><param name=\"quality\" value=\"high\" \/><param name=\"allowscriptaccess\" value=\"always\" \/><param name=\"allowfullscreen\" value=\"true\" \/><param name=\"src\" value=\"http:\/\/www.elektrischer-reporter.de\/FlowPlayer.swf?config= configFileName: 'http:\/\/www.elektrischer-reporter.de\/embed.js', videoFile: 'http:\/\/www.blinkenfilme.de\/elr\/003\/ELR_003.mp4', splashImageFile: 'http:\/\/www.blinkenfilme.de\/elr\/003\/ELR_003.jpg'\" \/><embed type=\"application\/x-shockwave-flash\" width=\"480\" height=\"270\" src=\"http:\/\/www.elektrischer-reporter.de\/FlowPlayer.swf?config= configFileName: 'http:\/\/www.elektrischer-reporter.de\/embed.js', videoFile: 'http:\/\/www.blinkenfilme.de\/elr\/003\/ELR_003.mp4', splashImageFile: 'http:\/\/www.blinkenfilme.de\/elr\/003\/ELR_003.jpg'\" allowfullscreen=\"true\" allowscriptaccess=\"always\" quality=\"high\"><\/embed><\/object><\/p>\n<p style=\"text-align: center; margin-top: 1em; margin-bottom: 1em;\"><a href=\"http:\/\/www.elektrischer-reporter.de\/elr\/video\/87\/\">Elektrischer Reporter \u2013 Urheber 2.0: Jeder Nutzer ein Pirat?<\/a><br \/>\n[<a href=\"http:\/\/netzpolitik.org\/2008\/urheber-20-jeder-nutzer-ein-pirat\/\" target=\"_blank\">via netzpolitik.org<\/a>]<a href=\"http:\/\/www.elektrischer-reporter.de\/elr\/video\/87\/\"><br \/>\n<\/a><\/p>\n<h3 class='related_post_title'>Verwandte Beitr\u00e4ge:<\/h3><ul class='related_post'><li><a href=\"http:\/\/konsumpf.de\/?p=15369\" title=\"Daten her!\">Daten her!<\/a><\/li><li><a href=\"http:\/\/konsumpf.de\/?p=15365\" title=\"Gl\u00e4serner Mensch: Gesundheits-Apps auf dem Vormarsch\">Gl\u00e4serner Mensch: Gesundheits-Apps auf dem Vormarsch<\/a><\/li><li><a href=\"http:\/\/konsumpf.de\/?p=15275\" title=\"WhatsApp \u2013 Der Spion in der Hosentasche\">WhatsApp \u2013 Der Spion in der Hosentasche<\/a><\/li><li><a href=\"http:\/\/konsumpf.de\/?p=15163\" title=\"Lesetipps: Materialismus macht krank |\u00a0Heile Bio-Welt? | Nespresso-M\u00fcll | Werbevideos | Filmeverschenken\">Lesetipps: Materialismus macht krank |\u00a0Heile Bio-Welt? | Nespresso-M\u00fcll | Werbevideos | Filmeverschenken<\/a><\/li><li><a href=\"http:\/\/konsumpf.de\/?p=15082\" title=\"Neue Zumutungen der Werbeindustrie: Die Reklame, die mich \u00fcberwacht\">Neue Zumutungen der Werbeindustrie: Die Reklame, die mich \u00fcberwacht<\/a><\/li><\/ul>","protected":false},"excerpt":{"rendered":"<p>Der Elektrische Reporter ist ein Videopodcast des ZDF, in dem es u.a. um die \u201eneuen Medien\u201d, also das Internet und seine Anwendungsm\u00f6glichkeiten und -t\u00fccken geht. Die neue Folge hei\u00dft \u201cUrheber 2.0: Jeder Nutzer ein Pirat?\u201d und setzt sich mit den Bem\u00fchungen z.B. der Musikindustrie auseinander, ihre davonschwimmenden Felle mit Hilfe von st\u00e4rkerer \u00dcberwachung durch die [&hellip;]<\/p>\n","protected":false},"author":1,"featured_media":0,"comment_status":"open","ping_status":"open","sticky":false,"template":"","format":"standard","meta":{"footnotes":""},"categories":[34,12,33],"tags":[251,2863,253,2879,252],"yoast_head":"<!-- This site is optimized with the Yoast SEO plugin v24.4 - https:\/\/yoast.com\/wordpress\/plugins\/seo\/ -->\n<title>Der Elektrische Reporter \u00fcber Urheberrecht und Musikpiraterie - Konsumpf - Forum f\u00fcr kreative Konsumkritik - Culture Jamming, Nachhaltigkeit, Konzernkritik, Adbusting<\/title>\n<meta name=\"robots\" content=\"index, follow, max-snippet:-1, max-image-preview:large, max-video-preview:-1\" \/>\n<link rel=\"canonical\" href=\"https:\/\/konsumpf.de\/?p=1513\" \/>\n<meta property=\"og:locale\" content=\"de_DE\" \/>\n<meta property=\"og:type\" content=\"article\" \/>\n<meta property=\"og:title\" content=\"Der Elektrische Reporter \u00fcber Urheberrecht und Musikpiraterie - Konsumpf - Forum f\u00fcr kreative Konsumkritik - Culture Jamming, Nachhaltigkeit, Konzernkritik, Adbusting\" \/>\n<meta property=\"og:description\" content=\"Der Elektrische Reporter ist ein Videopodcast des ZDF, in dem es u.a. um die \u201eneuen Medien\u201d, also das Internet und seine Anwendungsm\u00f6glichkeiten und -t\u00fccken geht. Die neue Folge hei\u00dft \u201cUrheber 2.0: Jeder Nutzer ein Pirat?\u201d und setzt sich mit den Bem\u00fchungen z.B. der Musikindustrie auseinander, ihre davonschwimmenden Felle mit Hilfe von st\u00e4rkerer \u00dcberwachung durch die [&hellip;]\" \/>\n<meta property=\"og:url\" content=\"https:\/\/konsumpf.de\/?p=1513\" \/>\n<meta property=\"og:site_name\" content=\"Konsumpf - Forum f\u00fcr kreative Konsumkritik - Culture Jamming, Nachhaltigkeit, Konzernkritik, Adbusting\" \/>\n<meta property=\"article:published_time\" content=\"2008-12-14T12:10:08+00:00\" \/>\n<meta property=\"article:modified_time\" content=\"2008-12-14T14:58:23+00:00\" \/>\n<meta name=\"author\" content=\"Peter M.\" \/>\n<meta name=\"twitter:card\" content=\"summary_large_image\" \/>\n<meta name=\"twitter:label1\" content=\"Verfasst von\" \/>\n\t<meta name=\"twitter:data1\" content=\"Peter M.\" \/>\n<script type=\"application\/ld+json\" class=\"yoast-schema-graph\">{\"@context\":\"https:\/\/schema.org\",\"@graph\":[{\"@type\":\"WebPage\",\"@id\":\"https:\/\/konsumpf.de\/?p=1513\",\"url\":\"https:\/\/konsumpf.de\/?p=1513\",\"name\":\"Der Elektrische Reporter \u00fcber Urheberrecht und Musikpiraterie - Konsumpf - Forum f\u00fcr kreative Konsumkritik - Culture Jamming, Nachhaltigkeit, Konzernkritik, Adbusting\",\"isPartOf\":{\"@id\":\"https:\/\/konsumpf.de\/#website\"},\"datePublished\":\"2008-12-14T12:10:08+00:00\",\"dateModified\":\"2008-12-14T14:58:23+00:00\",\"author\":{\"@id\":\"https:\/\/konsumpf.de\/#\/schema\/person\/e595a6d286b26994e7e0926d70699070\"},\"breadcrumb\":{\"@id\":\"https:\/\/konsumpf.de\/?p=1513#breadcrumb\"},\"inLanguage\":\"de\",\"potentialAction\":[{\"@type\":\"ReadAction\",\"target\":[\"https:\/\/konsumpf.de\/?p=1513\"]}]},{\"@type\":\"BreadcrumbList\",\"@id\":\"https:\/\/konsumpf.de\/?p=1513#breadcrumb\",\"itemListElement\":[{\"@type\":\"ListItem\",\"position\":1,\"name\":\"Startseite\",\"item\":\"https:\/\/konsumpf.de\/\"},{\"@type\":\"ListItem\",\"position\":2,\"name\":\"Der Elektrische Reporter \u00fcber Urheberrecht und Musikpiraterie\"}]},{\"@type\":\"WebSite\",\"@id\":\"https:\/\/konsumpf.de\/#website\",\"url\":\"https:\/\/konsumpf.de\/\",\"name\":\"Konsumpf - Forum f\u00fcr kreative Konsumkritik - Culture Jamming, Nachhaltigkeit, Konzernkritik, Adbusting\",\"description\":\"\",\"potentialAction\":[{\"@type\":\"SearchAction\",\"target\":{\"@type\":\"EntryPoint\",\"urlTemplate\":\"https:\/\/konsumpf.de\/?s={search_term_string}\"},\"query-input\":{\"@type\":\"PropertyValueSpecification\",\"valueRequired\":true,\"valueName\":\"search_term_string\"}}],\"inLanguage\":\"de\"},{\"@type\":\"Person\",\"@id\":\"https:\/\/konsumpf.de\/#\/schema\/person\/e595a6d286b26994e7e0926d70699070\",\"name\":\"Peter M.\",\"sameAs\":[\"http:\/\/konsumpf.de\"]}]}<\/script>\n<!-- \/ Yoast SEO plugin. -->","yoast_head_json":{"title":"Der Elektrische Reporter \u00fcber Urheberrecht und Musikpiraterie - Konsumpf - Forum f\u00fcr kreative Konsumkritik - Culture Jamming, Nachhaltigkeit, Konzernkritik, Adbusting","robots":{"index":"index","follow":"follow","max-snippet":"max-snippet:-1","max-image-preview":"max-image-preview:large","max-video-preview":"max-video-preview:-1"},"canonical":"https:\/\/konsumpf.de\/?p=1513","og_locale":"de_DE","og_type":"article","og_title":"Der Elektrische Reporter \u00fcber Urheberrecht und Musikpiraterie - Konsumpf - Forum f\u00fcr kreative Konsumkritik - Culture Jamming, Nachhaltigkeit, Konzernkritik, Adbusting","og_description":"Der Elektrische Reporter ist ein Videopodcast des ZDF, in dem es u.a. um die \u201eneuen Medien\u201d, also das Internet und seine Anwendungsm\u00f6glichkeiten und -t\u00fccken geht. Die neue Folge hei\u00dft \u201cUrheber 2.0: Jeder Nutzer ein Pirat?\u201d und setzt sich mit den Bem\u00fchungen z.B. der Musikindustrie auseinander, ihre davonschwimmenden Felle mit Hilfe von st\u00e4rkerer \u00dcberwachung durch die [&hellip;]","og_url":"https:\/\/konsumpf.de\/?p=1513","og_site_name":"Konsumpf - Forum f\u00fcr kreative Konsumkritik - Culture Jamming, Nachhaltigkeit, Konzernkritik, Adbusting","article_published_time":"2008-12-14T12:10:08+00:00","article_modified_time":"2008-12-14T14:58:23+00:00","author":"Peter M.","twitter_card":"summary_large_image","twitter_misc":{"Verfasst von":"Peter M."},"schema":{"@context":"https:\/\/schema.org","@graph":[{"@type":"WebPage","@id":"https:\/\/konsumpf.de\/?p=1513","url":"https:\/\/konsumpf.de\/?p=1513","name":"Der Elektrische Reporter \u00fcber Urheberrecht und Musikpiraterie - Konsumpf - Forum f\u00fcr kreative Konsumkritik - Culture Jamming, Nachhaltigkeit, Konzernkritik, Adbusting","isPartOf":{"@id":"https:\/\/konsumpf.de\/#website"},"datePublished":"2008-12-14T12:10:08+00:00","dateModified":"2008-12-14T14:58:23+00:00","author":{"@id":"https:\/\/konsumpf.de\/#\/schema\/person\/e595a6d286b26994e7e0926d70699070"},"breadcrumb":{"@id":"https:\/\/konsumpf.de\/?p=1513#breadcrumb"},"inLanguage":"de","potentialAction":[{"@type":"ReadAction","target":["https:\/\/konsumpf.de\/?p=1513"]}]},{"@type":"BreadcrumbList","@id":"https:\/\/konsumpf.de\/?p=1513#breadcrumb","itemListElement":[{"@type":"ListItem","position":1,"name":"Startseite","item":"https:\/\/konsumpf.de\/"},{"@type":"ListItem","position":2,"name":"Der Elektrische Reporter \u00fcber Urheberrecht und Musikpiraterie"}]},{"@type":"WebSite","@id":"https:\/\/konsumpf.de\/#website","url":"https:\/\/konsumpf.de\/","name":"Konsumpf - Forum f\u00fcr kreative Konsumkritik - Culture Jamming, Nachhaltigkeit, Konzernkritik, Adbusting","description":"","potentialAction":[{"@type":"SearchAction","target":{"@type":"EntryPoint","urlTemplate":"https:\/\/konsumpf.de\/?s={search_term_string}"},"query-input":{"@type":"PropertyValueSpecification","valueRequired":true,"valueName":"search_term_string"}}],"inLanguage":"de"},{"@type":"Person","@id":"https:\/\/konsumpf.de\/#\/schema\/person\/e595a6d286b26994e7e0926d70699070","name":"Peter M.","sameAs":["http:\/\/konsumpf.de"]}]}},"_links":{"self":[{"href":"https:\/\/konsumpf.de\/index.php?rest_route=\/wp\/v2\/posts\/1513"}],"collection":[{"href":"https:\/\/konsumpf.de\/index.php?rest_route=\/wp\/v2\/posts"}],"about":[{"href":"https:\/\/konsumpf.de\/index.php?rest_route=\/wp\/v2\/types\/post"}],"author":[{"embeddable":true,"href":"https:\/\/konsumpf.de\/index.php?rest_route=\/wp\/v2\/users\/1"}],"replies":[{"embeddable":true,"href":"https:\/\/konsumpf.de\/index.php?rest_route=%2Fwp%2Fv2%2Fcomments&post=1513"}],"version-history":[{"count":4,"href":"https:\/\/konsumpf.de\/index.php?rest_route=\/wp\/v2\/posts\/1513\/revisions"}],"predecessor-version":[{"id":1546,"href":"https:\/\/konsumpf.de\/index.php?rest_route=\/wp\/v2\/posts\/1513\/revisions\/1546"}],"wp:attachment":[{"href":"https:\/\/konsumpf.de\/index.php?rest_route=%2Fwp%2Fv2%2Fmedia&parent=1513"}],"wp:term":[{"taxonomy":"category","embeddable":true,"href":"https:\/\/konsumpf.de\/index.php?rest_route=%2Fwp%2Fv2%2Fcategories&post=1513"},{"taxonomy":"post_tag","embeddable":true,"href":"https:\/\/konsumpf.de\/index.php?rest_route=%2Fwp%2Fv2%2Ftags&post=1513"}],"curies":[{"name":"wp","href":"https:\/\/api.w.org\/{rel}","templated":true}]}}