{"id":15047,"date":"2013-09-22T09:08:06","date_gmt":"2013-09-22T07:08:06","guid":{"rendered":"http:\/\/konsumpf.de\/?p=15047"},"modified":"2013-09-21T20:01:54","modified_gmt":"2013-09-21T18:01:54","slug":"wahltag-zahltag","status":"publish","type":"post","link":"https:\/\/konsumpf.de\/?p=15047","title":{"rendered":"Wahltag = Zahltag?"},"content":{"rendered":"<p>F\u00fcr alle Unentschlossenen am heutigen Tag der gro\u00dfen, mit wahnsinniger Spannung erwarteten Bundestagswahl 2013 habe ich noch eine wichtige Information ausgegraben, die Eure Wahlentscheidung signifikant in die richtige Richtung beeinflussen k\u00f6nnte, nein, m\u00fcsste. Denn untenstehenden Fakt haben uns die Medienkomplexe, die das Land beherrschen, bisher wohlweislich vorenthalten, um das regierende System nichtz ins Wanken zu bringen! Solche Dinge sollte man aber vor dem Urnengang wissen, denke ich, damit man sich nicht noch verw\u00e4hlt und hinterher das Jammern und Wehklagen gro\u00df ist.<\/p>\n<p><img loading=\"lazy\" decoding=\"async\" class=\"aligncenter size-full wp-image-15049\" title=\"Die-PARTEI-A2-Kleines-Haeschen\" src=\"http:\/\/konsumpf.de\/wp-content\/uploads\/2013\/09\/Die-PARTEI-A2-Kleines-Haeschen.jpg\" alt=\"\" width=\"500\" height=\"711\" srcset=\"https:\/\/konsumpf.de\/wp-content\/uploads\/2013\/09\/Die-PARTEI-A2-Kleines-Haeschen.jpg 500w, https:\/\/konsumpf.de\/wp-content\/uploads\/2013\/09\/Die-PARTEI-A2-Kleines-Haeschen-175x250.jpg 175w, https:\/\/konsumpf.de\/wp-content\/uploads\/2013\/09\/Die-PARTEI-A2-Kleines-Haeschen-210x300.jpg 210w\" sizes=\"(max-width: 500px) 100vw, 500px\" \/><\/p>\n<p>Okay, vermutlich\/mit gro\u00dfer Sicherheit wird heute ab 18 Uhr sowieso das Wehklagen einsetzen, wenn wir dann wissen, welche Koalition uns die n\u00e4chsten vier Jahre mit ihren Entscheidungen begl\u00fccken darf. Meine Vermutung und Bef\u00fcrchtung ist ja, dass sowohl die FDP wie auch die uns\u00e4gliche AfD \u00fcber die 5%-H\u00fcrde kommen, was in gewisser Weise den Worst Case darstellt. Falls sich ein paar AfD-Fans auf meinen Blog verirrt haben sollten und jetzt zu zetern beginnen, dass diese Partei doch wenigstens den Eablierten zeige, was eine Harke sei und \u201euns endlich aus der EU-Diktatur befreie\u201c und was derer Parolen noch so alles seien, dem empfehle ich den durchaus lesenswerten Artikel von <strong>Jens Berger<\/strong> auf den NachDenkSeiten, dessen skeptische Einsch\u00e4tzung der AfD ich teile \u2013 \u201e<a href=\"http:\/\/www.nachdenkseiten.de\/?p=18722\"><strong>AfD ante portas \u2013 Rechtsruck mit der deutschen Tea Party<\/strong><\/a>\u201c<\/p>\n<blockquote><p>(&#8230;)<strong> Rechtsruck<\/strong><\/p>\n<p>Sollte die AfD am Sonntag die 5%-H\u00fcrde knacken, w\u00e4re sie seit 1961 die erste Partei rechts der Union, die in den Bundestag einzieht. So etwas wurde lange f\u00fcr unm\u00f6glich gehalten. Das Erfolgsrezept der AfD ist es wohl, dass sie sich als Wolf im Schafspelz pr\u00e4sentiert, als \u201eProfessorenpartei\u201c, die Merkels Eurokrisenpolitik kritisiert. Wer sagt eigentlich, dass \u201eProfessoren\u201c keine Rechtspopulisten sein k\u00f6nnen? Die \u201eProfessoren\u201c der AfD sind \u2013 bei <a href=\"http:\/\/www.nachdenkseiten.de\/?p=16524\">n\u00e4herer Betrachtung<\/a> \u2013 eine ziemlich krude Mischung aus Marktradikalen und dem Stamminventar der \u201eJungen Freiheit\u201c, dem Sprachrohr der \u201eNeuen Rechten\u201c. Hoffen wir, dass die \u2013 ohnehin nicht sonderlich seri\u00f6sen \u2013 Ergebnisse der INSA-Umfrage falsch liegen und mehr als 95% der W\u00e4hler dem Lockruf vom rechten Rand widerstehen k\u00f6nnen.<\/p><\/blockquote>\n<p>Apropos, auf den NachDenkSeiten hat auch <strong>Wolfgang Lieb<\/strong> einen sehr guten Beitrag \u00fcber die Wahl, den Wahlkampf und die m\u00f6glichen Konstellationen verfasst \u2013 ein etwas l\u00e4ngerer Text, aber durchaus lohnend, wie ich finde: \u201e<a href=\"http:\/\/www.nachdenkseiten.de\/?p=18664\"><strong>Wahlkrampf \u2013 Wonach sollte man seine Wahlentscheidung ausrichten?<\/strong><\/a>\u201c<\/p>\n<blockquote><p>Jede\/n nur ein wenig an politischen Fragen Interessierte\/n oder wer sich ernsthaft daf\u00fcr interessiert, wie es f\u00fcr ihn auch pers\u00f6nlich weitergehen soll in Deutschland, kann wenige Tage vor dieser Wahl angesichts dieses Wahlkrampfes eigentlich nur noch verzweifeln. Es hilft aber nichts, die Wahl wird stattfinden, und jede\/r Einzelne muss sich so oder so entscheiden. Aber wonach?<\/p><\/blockquote>\n<p>Und zum Abschluss noch <strong>blogsgesang.de<\/strong>: \u201e<a href=\"http:\/\/www.blogsgesang.de\/2013\/09\/17\/je-lauter-spd-und-union-die-grose-koalition-verteufeln-desto-sicherer-kommt-sie\/\"><strong>Je lauter SPD und Union die Gro\u00dfe Koalition verteufeln, desto sicherer kommt sie<\/strong><\/a>\u201c.<\/p>\n<p>Dann also mal viel Spa\u00df an der Wahlurne (oder beim konsequenten Nicht-W\u00e4hlen). Und nicht vergessen: Ab heute ist eh Herbst, egal wie\u2019s nachher ausgeht.<br \/>\n<img loading=\"lazy\" decoding=\"async\" src=\"http:\/\/vg08.met.vgwort.de\/na\/26e5335f3e8545d0b0fa9169830237c9\" alt=\"\" width=\"1\" height=\"1\" \/><\/p>\n<h3 class='related_post_title'>Verwandte Beitr\u00e4ge:<\/h3><ul class='related_post'><li><a href=\"http:\/\/konsumpf.de\/?p=15335\" title=\"Die PARTEI rettet Europa\">Die PARTEI rettet Europa<\/a><\/li><li><a href=\"http:\/\/konsumpf.de\/?p=15015\" title=\"Mein Reich \u2013 Die Qual der Wahl\">Mein Reich \u2013 Die Qual der Wahl<\/a><\/li><li><a href=\"http:\/\/konsumpf.de\/?p=14908\" title=\"Lesetipps: Red Bull | AfD | Fu\u00dfballmanie | Wachstumswahn | Au\u00dfenwerbung\">Lesetipps: Red Bull | AfD | Fu\u00dfballmanie | Wachstumswahn | Au\u00dfenwerbung<\/a><\/li><li><a href=\"http:\/\/konsumpf.de\/?p=14894\" title=\"Der Parteien-Einheitsbrei\">Der Parteien-Einheitsbrei<\/a><\/li><li><a href=\"http:\/\/konsumpf.de\/?p=12955\" title=\"Lesetipps: Berlin-Wahl-Nachklapp | #occupywallstreet | Sklaverei\">Lesetipps: Berlin-Wahl-Nachklapp | #occupywallstreet | Sklaverei<\/a><\/li><\/ul>","protected":false},"excerpt":{"rendered":"<p>F\u00fcr alle Unentschlossenen am heutigen Tag der gro\u00dfen, mit wahnsinniger Spannung erwarteten Bundestagswahl 2013 habe ich noch eine wichtige Information ausgegraben, die Eure Wahlentscheidung signifikant in die richtige Richtung beeinflussen k\u00f6nnte, nein, m\u00fcsste. Denn untenstehenden Fakt haben uns die Medienkomplexe, die das Land beherrschen, bisher wohlweislich vorenthalten, um das regierende System nichtz ins Wanken zu [&hellip;]<\/p>\n","protected":false},"author":1,"featured_media":0,"comment_status":"open","ping_status":"open","sticky":false,"template":"","format":"standard","meta":{"footnotes":""},"categories":[190,53],"tags":[2739,2781,2385,2328],"yoast_head":"<!-- This site is optimized with the Yoast SEO plugin v24.4 - https:\/\/yoast.com\/wordpress\/plugins\/seo\/ -->\n<title>Wahltag = Zahltag? - Konsumpf - Forum f\u00fcr kreative Konsumkritik - Culture Jamming, Nachhaltigkeit, Konzernkritik, Adbusting<\/title>\n<meta name=\"robots\" content=\"index, follow, max-snippet:-1, max-image-preview:large, max-video-preview:-1\" \/>\n<link rel=\"canonical\" href=\"https:\/\/konsumpf.de\/?p=15047\" \/>\n<meta property=\"og:locale\" content=\"de_DE\" \/>\n<meta property=\"og:type\" content=\"article\" \/>\n<meta property=\"og:title\" content=\"Wahltag = Zahltag? - Konsumpf - Forum f\u00fcr kreative Konsumkritik - Culture Jamming, Nachhaltigkeit, Konzernkritik, Adbusting\" \/>\n<meta property=\"og:description\" content=\"F\u00fcr alle Unentschlossenen am heutigen Tag der gro\u00dfen, mit wahnsinniger Spannung erwarteten Bundestagswahl 2013 habe ich noch eine wichtige Information ausgegraben, die Eure Wahlentscheidung signifikant in die richtige Richtung beeinflussen k\u00f6nnte, nein, m\u00fcsste. Denn untenstehenden Fakt haben uns die Medienkomplexe, die das Land beherrschen, bisher wohlweislich vorenthalten, um das regierende System nichtz ins Wanken zu [&hellip;]\" \/>\n<meta property=\"og:url\" content=\"https:\/\/konsumpf.de\/?p=15047\" \/>\n<meta property=\"og:site_name\" content=\"Konsumpf - Forum f\u00fcr kreative Konsumkritik - Culture Jamming, Nachhaltigkeit, Konzernkritik, Adbusting\" \/>\n<meta property=\"article:published_time\" content=\"2013-09-22T07:08:06+00:00\" \/>\n<meta property=\"og:image\" content=\"http:\/\/konsumpf.de\/wp-content\/uploads\/2013\/09\/Die-PARTEI-A2-Kleines-Haeschen.jpg\" \/>\n<meta name=\"author\" content=\"Peter M.\" \/>\n<meta name=\"twitter:card\" content=\"summary_large_image\" \/>\n<meta name=\"twitter:label1\" content=\"Verfasst von\" \/>\n\t<meta name=\"twitter:data1\" content=\"Peter M.\" \/>\n\t<meta name=\"twitter:label2\" content=\"Gesch\u00e4tzte Lesezeit\" \/>\n\t<meta name=\"twitter:data2\" content=\"2\u00a0Minuten\" \/>\n<script type=\"application\/ld+json\" class=\"yoast-schema-graph\">{\"@context\":\"https:\/\/schema.org\",\"@graph\":[{\"@type\":\"WebPage\",\"@id\":\"https:\/\/konsumpf.de\/?p=15047\",\"url\":\"https:\/\/konsumpf.de\/?p=15047\",\"name\":\"Wahltag = Zahltag? - Konsumpf - Forum f\u00fcr kreative Konsumkritik - Culture Jamming, Nachhaltigkeit, Konzernkritik, Adbusting\",\"isPartOf\":{\"@id\":\"https:\/\/konsumpf.de\/#website\"},\"primaryImageOfPage\":{\"@id\":\"https:\/\/konsumpf.de\/?p=15047#primaryimage\"},\"image\":{\"@id\":\"https:\/\/konsumpf.de\/?p=15047#primaryimage\"},\"thumbnailUrl\":\"http:\/\/konsumpf.de\/wp-content\/uploads\/2013\/09\/Die-PARTEI-A2-Kleines-Haeschen.jpg\",\"datePublished\":\"2013-09-22T07:08:06+00:00\",\"author\":{\"@id\":\"https:\/\/konsumpf.de\/#\/schema\/person\/e595a6d286b26994e7e0926d70699070\"},\"breadcrumb\":{\"@id\":\"https:\/\/konsumpf.de\/?p=15047#breadcrumb\"},\"inLanguage\":\"de\",\"potentialAction\":[{\"@type\":\"ReadAction\",\"target\":[\"https:\/\/konsumpf.de\/?p=15047\"]}]},{\"@type\":\"ImageObject\",\"inLanguage\":\"de\",\"@id\":\"https:\/\/konsumpf.de\/?p=15047#primaryimage\",\"url\":\"https:\/\/konsumpf.de\/wp-content\/uploads\/2013\/09\/Die-PARTEI-A2-Kleines-Haeschen.jpg\",\"contentUrl\":\"https:\/\/konsumpf.de\/wp-content\/uploads\/2013\/09\/Die-PARTEI-A2-Kleines-Haeschen.jpg\",\"width\":\"500\",\"height\":\"711\"},{\"@type\":\"BreadcrumbList\",\"@id\":\"https:\/\/konsumpf.de\/?p=15047#breadcrumb\",\"itemListElement\":[{\"@type\":\"ListItem\",\"position\":1,\"name\":\"Startseite\",\"item\":\"https:\/\/konsumpf.de\/\"},{\"@type\":\"ListItem\",\"position\":2,\"name\":\"Wahltag = Zahltag?\"}]},{\"@type\":\"WebSite\",\"@id\":\"https:\/\/konsumpf.de\/#website\",\"url\":\"https:\/\/konsumpf.de\/\",\"name\":\"Konsumpf - Forum f\u00fcr kreative Konsumkritik - Culture Jamming, Nachhaltigkeit, Konzernkritik, Adbusting\",\"description\":\"\",\"potentialAction\":[{\"@type\":\"SearchAction\",\"target\":{\"@type\":\"EntryPoint\",\"urlTemplate\":\"https:\/\/konsumpf.de\/?s={search_term_string}\"},\"query-input\":{\"@type\":\"PropertyValueSpecification\",\"valueRequired\":true,\"valueName\":\"search_term_string\"}}],\"inLanguage\":\"de\"},{\"@type\":\"Person\",\"@id\":\"https:\/\/konsumpf.de\/#\/schema\/person\/e595a6d286b26994e7e0926d70699070\",\"name\":\"Peter M.\",\"sameAs\":[\"http:\/\/konsumpf.de\"]}]}<\/script>\n<!-- \/ Yoast SEO plugin. -->","yoast_head_json":{"title":"Wahltag = Zahltag? - Konsumpf - Forum f\u00fcr kreative Konsumkritik - Culture Jamming, Nachhaltigkeit, Konzernkritik, Adbusting","robots":{"index":"index","follow":"follow","max-snippet":"max-snippet:-1","max-image-preview":"max-image-preview:large","max-video-preview":"max-video-preview:-1"},"canonical":"https:\/\/konsumpf.de\/?p=15047","og_locale":"de_DE","og_type":"article","og_title":"Wahltag = Zahltag? - Konsumpf - Forum f\u00fcr kreative Konsumkritik - Culture Jamming, Nachhaltigkeit, Konzernkritik, Adbusting","og_description":"F\u00fcr alle Unentschlossenen am heutigen Tag der gro\u00dfen, mit wahnsinniger Spannung erwarteten Bundestagswahl 2013 habe ich noch eine wichtige Information ausgegraben, die Eure Wahlentscheidung signifikant in die richtige Richtung beeinflussen k\u00f6nnte, nein, m\u00fcsste. Denn untenstehenden Fakt haben uns die Medienkomplexe, die das Land beherrschen, bisher wohlweislich vorenthalten, um das regierende System nichtz ins Wanken zu [&hellip;]","og_url":"https:\/\/konsumpf.de\/?p=15047","og_site_name":"Konsumpf - Forum f\u00fcr kreative Konsumkritik - Culture Jamming, Nachhaltigkeit, Konzernkritik, Adbusting","article_published_time":"2013-09-22T07:08:06+00:00","og_image":[{"url":"http:\/\/konsumpf.de\/wp-content\/uploads\/2013\/09\/Die-PARTEI-A2-Kleines-Haeschen.jpg","type":"","width":"","height":""}],"author":"Peter M.","twitter_card":"summary_large_image","twitter_misc":{"Verfasst von":"Peter M.","Gesch\u00e4tzte Lesezeit":"2\u00a0Minuten"},"schema":{"@context":"https:\/\/schema.org","@graph":[{"@type":"WebPage","@id":"https:\/\/konsumpf.de\/?p=15047","url":"https:\/\/konsumpf.de\/?p=15047","name":"Wahltag = Zahltag? - Konsumpf - Forum f\u00fcr kreative Konsumkritik - Culture Jamming, Nachhaltigkeit, Konzernkritik, Adbusting","isPartOf":{"@id":"https:\/\/konsumpf.de\/#website"},"primaryImageOfPage":{"@id":"https:\/\/konsumpf.de\/?p=15047#primaryimage"},"image":{"@id":"https:\/\/konsumpf.de\/?p=15047#primaryimage"},"thumbnailUrl":"http:\/\/konsumpf.de\/wp-content\/uploads\/2013\/09\/Die-PARTEI-A2-Kleines-Haeschen.jpg","datePublished":"2013-09-22T07:08:06+00:00","author":{"@id":"https:\/\/konsumpf.de\/#\/schema\/person\/e595a6d286b26994e7e0926d70699070"},"breadcrumb":{"@id":"https:\/\/konsumpf.de\/?p=15047#breadcrumb"},"inLanguage":"de","potentialAction":[{"@type":"ReadAction","target":["https:\/\/konsumpf.de\/?p=15047"]}]},{"@type":"ImageObject","inLanguage":"de","@id":"https:\/\/konsumpf.de\/?p=15047#primaryimage","url":"https:\/\/konsumpf.de\/wp-content\/uploads\/2013\/09\/Die-PARTEI-A2-Kleines-Haeschen.jpg","contentUrl":"https:\/\/konsumpf.de\/wp-content\/uploads\/2013\/09\/Die-PARTEI-A2-Kleines-Haeschen.jpg","width":"500","height":"711"},{"@type":"BreadcrumbList","@id":"https:\/\/konsumpf.de\/?p=15047#breadcrumb","itemListElement":[{"@type":"ListItem","position":1,"name":"Startseite","item":"https:\/\/konsumpf.de\/"},{"@type":"ListItem","position":2,"name":"Wahltag = Zahltag?"}]},{"@type":"WebSite","@id":"https:\/\/konsumpf.de\/#website","url":"https:\/\/konsumpf.de\/","name":"Konsumpf - Forum f\u00fcr kreative Konsumkritik - Culture Jamming, Nachhaltigkeit, Konzernkritik, Adbusting","description":"","potentialAction":[{"@type":"SearchAction","target":{"@type":"EntryPoint","urlTemplate":"https:\/\/konsumpf.de\/?s={search_term_string}"},"query-input":{"@type":"PropertyValueSpecification","valueRequired":true,"valueName":"search_term_string"}}],"inLanguage":"de"},{"@type":"Person","@id":"https:\/\/konsumpf.de\/#\/schema\/person\/e595a6d286b26994e7e0926d70699070","name":"Peter M.","sameAs":["http:\/\/konsumpf.de"]}]}},"_links":{"self":[{"href":"https:\/\/konsumpf.de\/index.php?rest_route=\/wp\/v2\/posts\/15047"}],"collection":[{"href":"https:\/\/konsumpf.de\/index.php?rest_route=\/wp\/v2\/posts"}],"about":[{"href":"https:\/\/konsumpf.de\/index.php?rest_route=\/wp\/v2\/types\/post"}],"author":[{"embeddable":true,"href":"https:\/\/konsumpf.de\/index.php?rest_route=\/wp\/v2\/users\/1"}],"replies":[{"embeddable":true,"href":"https:\/\/konsumpf.de\/index.php?rest_route=%2Fwp%2Fv2%2Fcomments&post=15047"}],"version-history":[{"count":6,"href":"https:\/\/konsumpf.de\/index.php?rest_route=\/wp\/v2\/posts\/15047\/revisions"}],"predecessor-version":[{"id":15092,"href":"https:\/\/konsumpf.de\/index.php?rest_route=\/wp\/v2\/posts\/15047\/revisions\/15092"}],"wp:attachment":[{"href":"https:\/\/konsumpf.de\/index.php?rest_route=%2Fwp%2Fv2%2Fmedia&parent=15047"}],"wp:term":[{"taxonomy":"category","embeddable":true,"href":"https:\/\/konsumpf.de\/index.php?rest_route=%2Fwp%2Fv2%2Fcategories&post=15047"},{"taxonomy":"post_tag","embeddable":true,"href":"https:\/\/konsumpf.de\/index.php?rest_route=%2Fwp%2Fv2%2Ftags&post=15047"}],"curies":[{"name":"wp","href":"https:\/\/api.w.org\/{rel}","templated":true}]}}