{"id":1498,"date":"2011-03-29T10:10:51","date_gmt":"2011-03-29T08:10:51","guid":{"rendered":"http:\/\/konsumpf.de\/?p=1498"},"modified":"2011-03-29T10:15:08","modified_gmt":"2011-03-29T08:15:08","slug":"kunstaktion-goebbels-info","status":"publish","type":"post","link":"https:\/\/konsumpf.de\/?p=1498","title":{"rendered":"Kunstaktion Goebbels.info"},"content":{"rendered":"<p><img loading=\"lazy\" decoding=\"async\" class=\"alignright size-full wp-image-11352\" title=\"Bildschirmfoto 2011-03-27 um 10.06.49\" src=\"http:\/\/konsumpf.de\/wp-content\/uploads\/2011\/03\/Bildschirmfoto-2011-03-27-um-10.06.49.png\" alt=\"\" width=\"216\" height=\"159\" \/>Sind Nazivergleiche und -bez\u00fcge nicht l\u00e4ngst \u00fcberholt, ewiggestrig und ausgelutscht? Nun, der serbische K\u00fcnstler <strong>Aleksandar Ma\u0107a\u0161ev<\/strong> dachte sich \u2013 nicht zu Unrecht \u2013, dass gerade in der heutigen Zeit, wo die Medienlandschaft immer stromlinienf\u00f6rmiger wird und sich im Mainstream wenige gro\u00dfe Konzerne um die Meinungshheit balgen, ein Verweis auf den NS-Propagandaminister Joseph Goebbels aktueller ist denn je. Man denke nur an die einseitige Berichterstattung rund um den Libyen-Konflikt und an viele andere globalpolitische Entwicklungen, die erstaunlich unisono an die Massen vermittelt werden. Und so erstellte Ma\u0107a\u0161ev im Rahmen seiner Aktion <a href=\"http:\/\/www.goebbels.info\"><strong>goebbels.info<\/strong><\/a> u.a. gro\u00dfe Plakate, die er 2005 w\u00e4hrend des Belgrad Sommer-Festivals BELEF in der Stadt verteilte, bei denen das Goebbels-Konterfei aus vielen kleinen Konzernlogos zusammengesetzt ist und die zum n\u00e4heren Hinschauen animieren sollen. Ich zitiere mal die offizielle Pressemitteilung:<\/p>\n<p><!--more--><\/p>\n<blockquote>\n<p style=\"text-align: left;\">The campaign deals with the &#8220;Joseph                                        Goebbels-like state&#8221; of contemporary                                        mass communication. The campaign includes                                        TV and radio commercials, billboards, posters,                                        free postcards available in Belgrade bookshops                                        and a web page that will follow the course                                        of the campaign. The Joseph GoebbelsTM\u201a                                        campaign doesn&#8217;t promote any event and it                                        doesn&#8217;t sell anything. It uses well elaborated                                        media communication techniques for the purpose                                        of contemporary art. This year&#8217;s selection                                        of the visual arts in BELEF puts an accent                                        on the broader possibilities of contemporary                                        art at the beginning of the 21st century                                        where the line between design, art, and                                        media promotion simply vanishes.<\/p>\n<\/blockquote>\n<blockquote><p>The                                        main visual motif of the campaign is a portrait                                        of Joseph Goebbels composed of media and                                        communication company logos which are visible                                        after closer inspection. &#8220;You should                                        look closer&#8221; could be another message                                        of this campaign. The logo of the campaign                                        represents four loudspeakers in the form                                        of Nazi symbols. In the course of the campaign,                                        Joseph Goebbels\u2122 establishes itself                                        as a brand and a symbol of our times. It                                        is a work of art that speaks of mass media                                        through mass media. On the www.goebbels.info                                        web page you can find additional information                                        about this project. The page will be updated                                        daily during the course of the campaign.                                        At the beginning of September a complete                                        case study and reactions to the campaign                                        will be published.<\/p>\n<p>Joseph                                        Goebbels is widely known as the Nazi minister                                        of propaganda during World War II. Joseph                                        Goebbels\u2122 project tells us that Dr.                                        Goebbels became a paradigmatic figure that                                        established contemporary media culture and                                        mass communication. Propaganda exists from                                        the early days of human civilization, but                                        it gets its full power during World War                                        II because of the huge development of infosphere                                        and media (radio, movies, outdoor advertising,                                        wide circulation of printed material&#8230;).                                        Even though intense propaganda existed in                                        Russia, the United Kingdom and USA, Nazi                                        propaganda with Joseph Goebbels remained                                        the most remembered (most likely because                                        of the post-war propaganda).<\/p>\n<p>The                                        famous statement of Dr. Goebbels that &#8220;A                                        lie repeated a thousand times becomes a                                        truth&#8221; is the ultimate rule of contemporary                                        media culture. The beginning of the 21st                                        century is marked with a global infosphere                                        (the internet, twenty-four hour news, direct                                        broadcasting, an unimaginable number of                                        non-stop radio, TV and cable stations, mobile                                        communication, etc), which carries countless                                        messages to media consumers. The power of                                        the infosphere lies in the fact that a large                                        majority of recipients believe these messages                                        really speak the truth. Real truth has become                                        irrelevant; all we have to believe in are                                        messages and narratives. There is no truth.                                        A message repeated a thousand times becomes                                        a &#8220;truth&#8221;.<\/p><\/blockquote>\n<p><img loading=\"lazy\" decoding=\"async\" class=\"aligncenter size-full wp-image-11354\" title=\"goebbels-poster3b\" src=\"http:\/\/konsumpf.de\/wp-content\/uploads\/2011\/03\/goebbels-poster3b.jpg\" alt=\"\" width=\"500\" height=\"356\" srcset=\"https:\/\/konsumpf.de\/wp-content\/uploads\/2011\/03\/goebbels-poster3b.jpg 500w, https:\/\/konsumpf.de\/wp-content\/uploads\/2011\/03\/goebbels-poster3b-250x178.jpg 250w, https:\/\/konsumpf.de\/wp-content\/uploads\/2011\/03\/goebbels-poster3b-300x213.jpg 300w\" sizes=\"(max-width: 500px) 100vw, 500px\" \/><\/p>\n<p><object classid=\"clsid:d27cdb6e-ae6d-11cf-96b8-444553540000\" width=\"500\" height=\"311\" codebase=\"http:\/\/download.macromedia.com\/pub\/shockwave\/cabs\/flash\/swflash.cab#version=6,0,40,0\"><param name=\"allowFullScreen\" value=\"true\" \/><param name=\"allowscriptaccess\" value=\"always\" \/><param name=\"src\" value=\"http:\/\/www.youtube.com\/v\/wDtHkWba1MA?fs=1&amp;hl=de_DE\" \/><param name=\"allowfullscreen\" value=\"true\" \/><embed type=\"application\/x-shockwave-flash\" width=\"500\" height=\"311\" src=\"http:\/\/www.youtube.com\/v\/wDtHkWba1MA?fs=1&amp;hl=de_DE\" allowscriptaccess=\"always\" allowfullscreen=\"true\"><\/embed><\/object><\/p>\n<h3 class='related_post_title'>Verwandte Beitr\u00e4ge:<\/h3><ul class='related_post'><li><a href=\"http:\/\/konsumpf.de\/?p=6798\" title=\"Wie man sich gegen Reklame, PR und andere Propaganda zur Wehr setzt &#8211; Teil 2\/2\">Wie man sich gegen Reklame, PR und andere Propaganda zur Wehr setzt &#8211; Teil 2\/2<\/a><\/li><li><a href=\"http:\/\/konsumpf.de\/?p=6754\" title=\"Wie man sich gegen Reklame, PR und andere Propaganda zur Wehr setzt &#8211; Teil 1\/2\">Wie man sich gegen Reklame, PR und andere Propaganda zur Wehr setzt &#8211; Teil 1\/2<\/a><\/li><li><a href=\"http:\/\/konsumpf.de\/?p=4368\" title=\"Glaubenskriege\">Glaubenskriege<\/a><\/li><li><a href=\"http:\/\/konsumpf.de\/?p=14994\" title=\"Werbung: einige volkswirtschaftliche und soziale Auswirkungen, Teil 2\/2\">Werbung: einige volkswirtschaftliche und soziale Auswirkungen, Teil 2\/2<\/a><\/li><li><a href=\"http:\/\/konsumpf.de\/?p=14000\" title=\"Fernsehtipp \u201eBild. Macht. Politik\u201c \u2013\u00a0ARD, Mo. 16.4., 22:45 Uhr\">Fernsehtipp \u201eBild. Macht. Politik\u201c \u2013\u00a0ARD, Mo. 16.4., 22:45 Uhr<\/a><\/li><\/ul>","protected":false},"excerpt":{"rendered":"<p>Sind Nazivergleiche und -bez\u00fcge nicht l\u00e4ngst \u00fcberholt, ewiggestrig und ausgelutscht? Nun, der serbische K\u00fcnstler Aleksandar Ma\u0107a\u0161ev dachte sich \u2013 nicht zu Unrecht \u2013, dass gerade in der heutigen Zeit, wo die Medienlandschaft immer stromlinienf\u00f6rmiger wird und sich im Mainstream wenige gro\u00dfe Konzerne um die Meinungshheit balgen, ein Verweis auf den NS-Propagandaminister Joseph Goebbels aktueller ist [&hellip;]<\/p>\n","protected":false},"author":1,"featured_media":0,"comment_status":"open","ping_status":"open","sticky":false,"template":"","format":"standard","meta":{"footnotes":""},"categories":[1097,16,196,33],"tags":[768,2109,2877,2863,543],"yoast_head":"<!-- This site is optimized with the Yoast SEO plugin v24.4 - https:\/\/yoast.com\/wordpress\/plugins\/seo\/ -->\n<title>Kunstaktion Goebbels.info - Konsumpf - Forum f\u00fcr kreative Konsumkritik - Culture Jamming, Nachhaltigkeit, Konzernkritik, Adbusting<\/title>\n<meta name=\"robots\" content=\"index, follow, max-snippet:-1, max-image-preview:large, max-video-preview:-1\" \/>\n<link rel=\"canonical\" href=\"https:\/\/konsumpf.de\/?p=1498\" \/>\n<meta property=\"og:locale\" content=\"de_DE\" \/>\n<meta property=\"og:type\" content=\"article\" \/>\n<meta property=\"og:title\" content=\"Kunstaktion Goebbels.info - Konsumpf - Forum f\u00fcr kreative Konsumkritik - Culture Jamming, Nachhaltigkeit, Konzernkritik, Adbusting\" \/>\n<meta property=\"og:description\" content=\"Sind Nazivergleiche und -bez\u00fcge nicht l\u00e4ngst \u00fcberholt, ewiggestrig und ausgelutscht? Nun, der serbische K\u00fcnstler Aleksandar Ma\u0107a\u0161ev dachte sich \u2013 nicht zu Unrecht \u2013, dass gerade in der heutigen Zeit, wo die Medienlandschaft immer stromlinienf\u00f6rmiger wird und sich im Mainstream wenige gro\u00dfe Konzerne um die Meinungshheit balgen, ein Verweis auf den NS-Propagandaminister Joseph Goebbels aktueller ist [&hellip;]\" \/>\n<meta property=\"og:url\" content=\"https:\/\/konsumpf.de\/?p=1498\" \/>\n<meta property=\"og:site_name\" content=\"Konsumpf - Forum f\u00fcr kreative Konsumkritik - Culture Jamming, Nachhaltigkeit, Konzernkritik, Adbusting\" \/>\n<meta property=\"article:published_time\" content=\"2011-03-29T08:10:51+00:00\" \/>\n<meta property=\"article:modified_time\" content=\"2011-03-29T08:15:08+00:00\" \/>\n<meta property=\"og:image\" content=\"http:\/\/konsumpf.de\/wp-content\/uploads\/2011\/03\/Bildschirmfoto-2011-03-27-um-10.06.49.png\" \/>\n<meta name=\"author\" content=\"Peter M.\" \/>\n<meta name=\"twitter:card\" content=\"summary_large_image\" \/>\n<meta name=\"twitter:label1\" content=\"Verfasst von\" \/>\n\t<meta name=\"twitter:data1\" content=\"Peter M.\" \/>\n\t<meta name=\"twitter:label2\" content=\"Gesch\u00e4tzte Lesezeit\" \/>\n\t<meta name=\"twitter:data2\" content=\"3\u00a0Minuten\" \/>\n<script type=\"application\/ld+json\" class=\"yoast-schema-graph\">{\"@context\":\"https:\/\/schema.org\",\"@graph\":[{\"@type\":\"WebPage\",\"@id\":\"https:\/\/konsumpf.de\/?p=1498\",\"url\":\"https:\/\/konsumpf.de\/?p=1498\",\"name\":\"Kunstaktion Goebbels.info - Konsumpf - Forum f\u00fcr kreative Konsumkritik - Culture Jamming, Nachhaltigkeit, Konzernkritik, Adbusting\",\"isPartOf\":{\"@id\":\"https:\/\/konsumpf.de\/#website\"},\"primaryImageOfPage\":{\"@id\":\"https:\/\/konsumpf.de\/?p=1498#primaryimage\"},\"image\":{\"@id\":\"https:\/\/konsumpf.de\/?p=1498#primaryimage\"},\"thumbnailUrl\":\"http:\/\/konsumpf.de\/wp-content\/uploads\/2011\/03\/Bildschirmfoto-2011-03-27-um-10.06.49.png\",\"datePublished\":\"2011-03-29T08:10:51+00:00\",\"dateModified\":\"2011-03-29T08:15:08+00:00\",\"author\":{\"@id\":\"https:\/\/konsumpf.de\/#\/schema\/person\/e595a6d286b26994e7e0926d70699070\"},\"breadcrumb\":{\"@id\":\"https:\/\/konsumpf.de\/?p=1498#breadcrumb\"},\"inLanguage\":\"de\",\"potentialAction\":[{\"@type\":\"ReadAction\",\"target\":[\"https:\/\/konsumpf.de\/?p=1498\"]}]},{\"@type\":\"ImageObject\",\"inLanguage\":\"de\",\"@id\":\"https:\/\/konsumpf.de\/?p=1498#primaryimage\",\"url\":\"https:\/\/konsumpf.de\/wp-content\/uploads\/2011\/03\/Bildschirmfoto-2011-03-27-um-10.06.49.png\",\"contentUrl\":\"https:\/\/konsumpf.de\/wp-content\/uploads\/2011\/03\/Bildschirmfoto-2011-03-27-um-10.06.49.png\",\"width\":\"216\",\"height\":\"159\"},{\"@type\":\"BreadcrumbList\",\"@id\":\"https:\/\/konsumpf.de\/?p=1498#breadcrumb\",\"itemListElement\":[{\"@type\":\"ListItem\",\"position\":1,\"name\":\"Startseite\",\"item\":\"https:\/\/konsumpf.de\/\"},{\"@type\":\"ListItem\",\"position\":2,\"name\":\"Kunstaktion Goebbels.info\"}]},{\"@type\":\"WebSite\",\"@id\":\"https:\/\/konsumpf.de\/#website\",\"url\":\"https:\/\/konsumpf.de\/\",\"name\":\"Konsumpf - Forum f\u00fcr kreative Konsumkritik - Culture Jamming, Nachhaltigkeit, Konzernkritik, Adbusting\",\"description\":\"\",\"potentialAction\":[{\"@type\":\"SearchAction\",\"target\":{\"@type\":\"EntryPoint\",\"urlTemplate\":\"https:\/\/konsumpf.de\/?s={search_term_string}\"},\"query-input\":{\"@type\":\"PropertyValueSpecification\",\"valueRequired\":true,\"valueName\":\"search_term_string\"}}],\"inLanguage\":\"de\"},{\"@type\":\"Person\",\"@id\":\"https:\/\/konsumpf.de\/#\/schema\/person\/e595a6d286b26994e7e0926d70699070\",\"name\":\"Peter M.\",\"sameAs\":[\"http:\/\/konsumpf.de\"]}]}<\/script>\n<!-- \/ Yoast SEO plugin. -->","yoast_head_json":{"title":"Kunstaktion Goebbels.info - Konsumpf - Forum f\u00fcr kreative Konsumkritik - Culture Jamming, Nachhaltigkeit, Konzernkritik, Adbusting","robots":{"index":"index","follow":"follow","max-snippet":"max-snippet:-1","max-image-preview":"max-image-preview:large","max-video-preview":"max-video-preview:-1"},"canonical":"https:\/\/konsumpf.de\/?p=1498","og_locale":"de_DE","og_type":"article","og_title":"Kunstaktion Goebbels.info - Konsumpf - Forum f\u00fcr kreative Konsumkritik - Culture Jamming, Nachhaltigkeit, Konzernkritik, Adbusting","og_description":"Sind Nazivergleiche und -bez\u00fcge nicht l\u00e4ngst \u00fcberholt, ewiggestrig und ausgelutscht? Nun, der serbische K\u00fcnstler Aleksandar Ma\u0107a\u0161ev dachte sich \u2013 nicht zu Unrecht \u2013, dass gerade in der heutigen Zeit, wo die Medienlandschaft immer stromlinienf\u00f6rmiger wird und sich im Mainstream wenige gro\u00dfe Konzerne um die Meinungshheit balgen, ein Verweis auf den NS-Propagandaminister Joseph Goebbels aktueller ist [&hellip;]","og_url":"https:\/\/konsumpf.de\/?p=1498","og_site_name":"Konsumpf - Forum f\u00fcr kreative Konsumkritik - Culture Jamming, Nachhaltigkeit, Konzernkritik, Adbusting","article_published_time":"2011-03-29T08:10:51+00:00","article_modified_time":"2011-03-29T08:15:08+00:00","og_image":[{"url":"http:\/\/konsumpf.de\/wp-content\/uploads\/2011\/03\/Bildschirmfoto-2011-03-27-um-10.06.49.png","type":"","width":"","height":""}],"author":"Peter M.","twitter_card":"summary_large_image","twitter_misc":{"Verfasst von":"Peter M.","Gesch\u00e4tzte Lesezeit":"3\u00a0Minuten"},"schema":{"@context":"https:\/\/schema.org","@graph":[{"@type":"WebPage","@id":"https:\/\/konsumpf.de\/?p=1498","url":"https:\/\/konsumpf.de\/?p=1498","name":"Kunstaktion Goebbels.info - Konsumpf - Forum f\u00fcr kreative Konsumkritik - Culture Jamming, Nachhaltigkeit, Konzernkritik, Adbusting","isPartOf":{"@id":"https:\/\/konsumpf.de\/#website"},"primaryImageOfPage":{"@id":"https:\/\/konsumpf.de\/?p=1498#primaryimage"},"image":{"@id":"https:\/\/konsumpf.de\/?p=1498#primaryimage"},"thumbnailUrl":"http:\/\/konsumpf.de\/wp-content\/uploads\/2011\/03\/Bildschirmfoto-2011-03-27-um-10.06.49.png","datePublished":"2011-03-29T08:10:51+00:00","dateModified":"2011-03-29T08:15:08+00:00","author":{"@id":"https:\/\/konsumpf.de\/#\/schema\/person\/e595a6d286b26994e7e0926d70699070"},"breadcrumb":{"@id":"https:\/\/konsumpf.de\/?p=1498#breadcrumb"},"inLanguage":"de","potentialAction":[{"@type":"ReadAction","target":["https:\/\/konsumpf.de\/?p=1498"]}]},{"@type":"ImageObject","inLanguage":"de","@id":"https:\/\/konsumpf.de\/?p=1498#primaryimage","url":"https:\/\/konsumpf.de\/wp-content\/uploads\/2011\/03\/Bildschirmfoto-2011-03-27-um-10.06.49.png","contentUrl":"https:\/\/konsumpf.de\/wp-content\/uploads\/2011\/03\/Bildschirmfoto-2011-03-27-um-10.06.49.png","width":"216","height":"159"},{"@type":"BreadcrumbList","@id":"https:\/\/konsumpf.de\/?p=1498#breadcrumb","itemListElement":[{"@type":"ListItem","position":1,"name":"Startseite","item":"https:\/\/konsumpf.de\/"},{"@type":"ListItem","position":2,"name":"Kunstaktion Goebbels.info"}]},{"@type":"WebSite","@id":"https:\/\/konsumpf.de\/#website","url":"https:\/\/konsumpf.de\/","name":"Konsumpf - Forum f\u00fcr kreative Konsumkritik - Culture Jamming, Nachhaltigkeit, Konzernkritik, Adbusting","description":"","potentialAction":[{"@type":"SearchAction","target":{"@type":"EntryPoint","urlTemplate":"https:\/\/konsumpf.de\/?s={search_term_string}"},"query-input":{"@type":"PropertyValueSpecification","valueRequired":true,"valueName":"search_term_string"}}],"inLanguage":"de"},{"@type":"Person","@id":"https:\/\/konsumpf.de\/#\/schema\/person\/e595a6d286b26994e7e0926d70699070","name":"Peter M.","sameAs":["http:\/\/konsumpf.de"]}]}},"_links":{"self":[{"href":"https:\/\/konsumpf.de\/index.php?rest_route=\/wp\/v2\/posts\/1498"}],"collection":[{"href":"https:\/\/konsumpf.de\/index.php?rest_route=\/wp\/v2\/posts"}],"about":[{"href":"https:\/\/konsumpf.de\/index.php?rest_route=\/wp\/v2\/types\/post"}],"author":[{"embeddable":true,"href":"https:\/\/konsumpf.de\/index.php?rest_route=\/wp\/v2\/users\/1"}],"replies":[{"embeddable":true,"href":"https:\/\/konsumpf.de\/index.php?rest_route=%2Fwp%2Fv2%2Fcomments&post=1498"}],"version-history":[{"count":9,"href":"https:\/\/konsumpf.de\/index.php?rest_route=\/wp\/v2\/posts\/1498\/revisions"}],"predecessor-version":[{"id":11372,"href":"https:\/\/konsumpf.de\/index.php?rest_route=\/wp\/v2\/posts\/1498\/revisions\/11372"}],"wp:attachment":[{"href":"https:\/\/konsumpf.de\/index.php?rest_route=%2Fwp%2Fv2%2Fmedia&parent=1498"}],"wp:term":[{"taxonomy":"category","embeddable":true,"href":"https:\/\/konsumpf.de\/index.php?rest_route=%2Fwp%2Fv2%2Fcategories&post=1498"},{"taxonomy":"post_tag","embeddable":true,"href":"https:\/\/konsumpf.de\/index.php?rest_route=%2Fwp%2Fv2%2Ftags&post=1498"}],"curies":[{"name":"wp","href":"https:\/\/api.w.org\/{rel}","templated":true}]}}