{"id":14889,"date":"2013-04-26T09:24:27","date_gmt":"2013-04-26T07:24:27","guid":{"rendered":"http:\/\/konsumpf.de\/?p=14889"},"modified":"2013-04-25T21:06:12","modified_gmt":"2013-04-25T19:06:12","slug":"die-werbeluge-des-jahres","status":"publish","type":"post","link":"https:\/\/konsumpf.de\/?p=14889","title":{"rendered":"Die Werbel\u00fcge des Jahres"},"content":{"rendered":"<p>Alle Jahre wieder \u2013 kommt sie, die Abstimmung von <strong>Foodwatch<\/strong> zum<strong> Goldenen Winbeutel 2013,<\/strong> der dreistesten Werbel\u00fcge des Jahres. Klar, Reklame ist immer L\u00fcge, von daher ist diese \u201eAuszeichnung\u201c auch mehr von symbolischem Wert, da sie die Aufmerksamkeit der Menschen darauf lenkt, den bunten Werbeversprechen keinen Glauben zu schenken und sich zu vergegenw\u00e4rtigen, dass die Konzerne und ihre Marketingabteilungen uns alle nur hinters Licht f\u00fchren wollen. Diesmal geht es um Reklame, die sich speziell an Kinder und Jugendliche richtet.<\/p>\n<blockquote>\n<div id=\"c4181\">\n<p><strong><img loading=\"lazy\" decoding=\"async\" class=\"alignright size-full wp-image-14892\" title=\"Goldener Windbeutel 2013\" src=\"http:\/\/konsumpf.de\/wp-content\/uploads\/2013\/04\/Goldener-Windbeutel-2013.jpg\" alt=\"\" width=\"150\" height=\"150\" \/>Die Wahl zum Goldenen Windbeutel 2013 ist er\u00f6ffnet. Ab sofort k\u00f6nnen die Verbraucher einen Monat lang abstimmen, welches Unternehmen den Preis f\u00fcr die dreisteste Werbemasche des Jahres bei einem Kinderprodukt erhalten soll. <\/strong><\/p>\n<p>\u201eKinder sind die Zielscheibe der perfidesten Webestrategien von Lebensmittelherstellern\u201c, sagt Oliver Huizinga, Experte f\u00fcr Lebensmittelwerbung bei der Verbraucherorganisation foodwatch. \u201eMit allen Mitteln versuchen die Unternehmen, den Einfluss der Eltern zu umgehen und Kinder f\u00fcr jene Produkte anzufixen, die die h\u00f6chsten Gewinnmargen versprechen \u2013 und das sind nun einmal S\u00fc\u00dfigkeiten und Snacks.\u201c F\u00fcr den Goldenen Windbeutel 2013 hat foodwatch f\u00fcnf Produkte nominiert:<\/p>\n<ol>\n<li><strong>Capri-Sonne von Wild\/SiSi-Werke<\/strong>, nominiert f\u00fcr Schul-Marketing und Sport-Schwindel<\/li>\n<li><strong>Monster-Backe Knister von Ehrmann<\/strong> f\u00fcr die Vermarktung \u00fcberzuckerter Produkte als Spielzeug<\/li>\n<li><strong>Pom-B\u00e4r von Funnyfrisch<\/strong> f\u00fcr ein Paradebeispiel scheinheiliger Werbebeschr\u00e4nkungen<\/li>\n<li><strong>Nestl\u00e9 Kosmostars<\/strong> f\u00fcr Zucker-Kleinrechen-Tricks<\/li>\n<li><strong>Paula von Dr. Oetker<\/strong> f\u00fcr digitalen Kinderfang<\/li>\n<\/ol>\n<div id=\"c4188\">\n<p>foodwatch vergibt den Goldenen Windbeutel 2013 bereits zum f\u00fcnften Mal, in den vergangenen Jahren immer als Negativpreis f\u00fcr die Werbel\u00fcge des Jahres. 2012 entfiel eine Mehrheit der fast 130.000 abgegebenen Stimmen auf Hipp. Die vorherigen Preistr\u00e4ger waren Ferrero (2011), Zott (2010) und Danone (2009).<\/p>\n<p>Mit der K\u00fcr der dreistesten Werbemasche bei Kinderprodukten in diesem Jahr m\u00f6chte foodwatch das Thema Kinderlebensmittel in den Fokus r\u00fccken. W\u00e4hrend auf der einen Seite Fehlentwicklungen bei der Kinderern\u00e4hrung, insbesondere grassierendes \u00dcbergewicht, beklagt werden, wird die Lebensmittelindustrie nicht zur Verantwortung gezogen. In einem Marktcheck mit mehr als 1.500 Kinderprodukten hatte foodwatch 2012 nachgewiesen, dass drei Viertel der gezielt an Kinder vermarkteten Industrieprodukte s\u00fc\u00dfe und fettige Snacks sind. Mit Werbung fast ausschlie\u00dflich f\u00fcr unausgewogene Produkte verst\u00e4rkt die Lebensmittelindustrie diesen Trend \u2013 gleichzeitig setzt sie darauf, die Erziehungshoheit der Eltern zu umgehen, indem sie Kinder \u00fcber Sportvereine, Schulen und Kinderg\u00e4rten oder digitale Medien ansprich.<\/p>\n<p>Stimmen Sie jetzt ab f\u00fcr Ihren Favoriten: <a title=\"www.goldener-windbeutel.de\" href=\"http:\/\/www.goldener-windbeutel.de\/\" target=\"_blank\">www.goldener-windbeutel.de<\/a><\/p>\n<\/div>\n<\/div>\n<\/blockquote>\n<h3 class='related_post_title'>Verwandte Beitr\u00e4ge:<\/h3><ul class='related_post'><li><a href=\"http:\/\/konsumpf.de\/?p=14818\" title=\"McDonald&#8217;s raus aus der Schule!\">McDonald&#8217;s raus aus der Schule!<\/a><\/li><li><a href=\"http:\/\/konsumpf.de\/?p=13905\" title=\"Wie die Industrie aus Kindern Junkfood-Junkies macht\">Wie die Industrie aus Kindern Junkfood-Junkies macht<\/a><\/li><li><a href=\"http:\/\/konsumpf.de\/?p=13132\" title=\"Suchanfragen des Monats: Irref\u00fchrende Werbung, Weltuntergang, Privatfernsehen, Angst\">Suchanfragen des Monats: Irref\u00fchrende Werbung, Weltuntergang, Privatfernsehen, Angst<\/a><\/li><li><a href=\"http:\/\/konsumpf.de\/?p=15382\" title=\"Zigaretten-Adbusting vor 40 Jahren\">Zigaretten-Adbusting vor 40 Jahren<\/a><\/li><li><a href=\"http:\/\/konsumpf.de\/?p=15347\" title=\"Die Geheimnisse des Lebensmittel-Marketings\">Die Geheimnisse des Lebensmittel-Marketings<\/a><\/li><\/ul>","protected":false},"excerpt":{"rendered":"<p>Alle Jahre wieder \u2013 kommt sie, die Abstimmung von Foodwatch zum Goldenen Winbeutel 2013, der dreistesten Werbel\u00fcge des Jahres. Klar, Reklame ist immer L\u00fcge, von daher ist diese \u201eAuszeichnung\u201c auch mehr von symbolischem Wert, da sie die Aufmerksamkeit der Menschen darauf lenkt, den bunten Werbeversprechen keinen Glauben zu schenken und sich zu vergegenw\u00e4rtigen, dass die [&hellip;]<\/p>\n","protected":false},"author":1,"featured_media":0,"comment_status":"open","ping_status":"open","sticky":false,"template":"","format":"standard","meta":{"footnotes":""},"categories":[1097,20,78],"tags":[255,2738,2859,19],"yoast_head":"<!-- This site is optimized with the Yoast SEO plugin v24.4 - https:\/\/yoast.com\/wordpress\/plugins\/seo\/ -->\n<title>Die Werbel\u00fcge des Jahres - Konsumpf - Forum f\u00fcr kreative Konsumkritik - Culture Jamming, Nachhaltigkeit, Konzernkritik, Adbusting<\/title>\n<meta name=\"robots\" content=\"index, follow, max-snippet:-1, max-image-preview:large, max-video-preview:-1\" \/>\n<link rel=\"canonical\" href=\"https:\/\/konsumpf.de\/?p=14889\" \/>\n<meta property=\"og:locale\" content=\"de_DE\" \/>\n<meta property=\"og:type\" content=\"article\" \/>\n<meta property=\"og:title\" content=\"Die Werbel\u00fcge des Jahres - Konsumpf - Forum f\u00fcr kreative Konsumkritik - Culture Jamming, Nachhaltigkeit, Konzernkritik, Adbusting\" \/>\n<meta property=\"og:description\" content=\"Alle Jahre wieder \u2013 kommt sie, die Abstimmung von Foodwatch zum Goldenen Winbeutel 2013, der dreistesten Werbel\u00fcge des Jahres. Klar, Reklame ist immer L\u00fcge, von daher ist diese \u201eAuszeichnung\u201c auch mehr von symbolischem Wert, da sie die Aufmerksamkeit der Menschen darauf lenkt, den bunten Werbeversprechen keinen Glauben zu schenken und sich zu vergegenw\u00e4rtigen, dass die [&hellip;]\" \/>\n<meta property=\"og:url\" content=\"https:\/\/konsumpf.de\/?p=14889\" \/>\n<meta property=\"og:site_name\" content=\"Konsumpf - Forum f\u00fcr kreative Konsumkritik - Culture Jamming, Nachhaltigkeit, Konzernkritik, Adbusting\" \/>\n<meta property=\"article:published_time\" content=\"2013-04-26T07:24:27+00:00\" \/>\n<meta property=\"og:image\" content=\"http:\/\/konsumpf.de\/wp-content\/uploads\/2013\/04\/Goldener-Windbeutel-2013.jpg\" \/>\n<meta name=\"author\" content=\"Peter M.\" \/>\n<meta name=\"twitter:card\" content=\"summary_large_image\" \/>\n<meta name=\"twitter:label1\" content=\"Verfasst von\" \/>\n\t<meta name=\"twitter:data1\" content=\"Peter M.\" \/>\n\t<meta name=\"twitter:label2\" content=\"Gesch\u00e4tzte Lesezeit\" \/>\n\t<meta name=\"twitter:data2\" content=\"2\u00a0Minuten\" \/>\n<script type=\"application\/ld+json\" class=\"yoast-schema-graph\">{\"@context\":\"https:\/\/schema.org\",\"@graph\":[{\"@type\":\"WebPage\",\"@id\":\"https:\/\/konsumpf.de\/?p=14889\",\"url\":\"https:\/\/konsumpf.de\/?p=14889\",\"name\":\"Die Werbel\u00fcge des Jahres - Konsumpf - Forum f\u00fcr kreative Konsumkritik - Culture Jamming, Nachhaltigkeit, Konzernkritik, Adbusting\",\"isPartOf\":{\"@id\":\"https:\/\/konsumpf.de\/#website\"},\"primaryImageOfPage\":{\"@id\":\"https:\/\/konsumpf.de\/?p=14889#primaryimage\"},\"image\":{\"@id\":\"https:\/\/konsumpf.de\/?p=14889#primaryimage\"},\"thumbnailUrl\":\"http:\/\/konsumpf.de\/wp-content\/uploads\/2013\/04\/Goldener-Windbeutel-2013.jpg\",\"datePublished\":\"2013-04-26T07:24:27+00:00\",\"author\":{\"@id\":\"https:\/\/konsumpf.de\/#\/schema\/person\/e595a6d286b26994e7e0926d70699070\"},\"breadcrumb\":{\"@id\":\"https:\/\/konsumpf.de\/?p=14889#breadcrumb\"},\"inLanguage\":\"de\",\"potentialAction\":[{\"@type\":\"ReadAction\",\"target\":[\"https:\/\/konsumpf.de\/?p=14889\"]}]},{\"@type\":\"ImageObject\",\"inLanguage\":\"de\",\"@id\":\"https:\/\/konsumpf.de\/?p=14889#primaryimage\",\"url\":\"https:\/\/konsumpf.de\/wp-content\/uploads\/2013\/04\/Goldener-Windbeutel-2013.jpg\",\"contentUrl\":\"https:\/\/konsumpf.de\/wp-content\/uploads\/2013\/04\/Goldener-Windbeutel-2013.jpg\",\"width\":\"150\",\"height\":\"150\"},{\"@type\":\"BreadcrumbList\",\"@id\":\"https:\/\/konsumpf.de\/?p=14889#breadcrumb\",\"itemListElement\":[{\"@type\":\"ListItem\",\"position\":1,\"name\":\"Startseite\",\"item\":\"https:\/\/konsumpf.de\/\"},{\"@type\":\"ListItem\",\"position\":2,\"name\":\"Die Werbel\u00fcge des Jahres\"}]},{\"@type\":\"WebSite\",\"@id\":\"https:\/\/konsumpf.de\/#website\",\"url\":\"https:\/\/konsumpf.de\/\",\"name\":\"Konsumpf - Forum f\u00fcr kreative Konsumkritik - Culture Jamming, Nachhaltigkeit, Konzernkritik, Adbusting\",\"description\":\"\",\"potentialAction\":[{\"@type\":\"SearchAction\",\"target\":{\"@type\":\"EntryPoint\",\"urlTemplate\":\"https:\/\/konsumpf.de\/?s={search_term_string}\"},\"query-input\":{\"@type\":\"PropertyValueSpecification\",\"valueRequired\":true,\"valueName\":\"search_term_string\"}}],\"inLanguage\":\"de\"},{\"@type\":\"Person\",\"@id\":\"https:\/\/konsumpf.de\/#\/schema\/person\/e595a6d286b26994e7e0926d70699070\",\"name\":\"Peter M.\",\"sameAs\":[\"http:\/\/konsumpf.de\"]}]}<\/script>\n<!-- \/ Yoast SEO plugin. -->","yoast_head_json":{"title":"Die Werbel\u00fcge des Jahres - Konsumpf - Forum f\u00fcr kreative Konsumkritik - Culture Jamming, Nachhaltigkeit, Konzernkritik, Adbusting","robots":{"index":"index","follow":"follow","max-snippet":"max-snippet:-1","max-image-preview":"max-image-preview:large","max-video-preview":"max-video-preview:-1"},"canonical":"https:\/\/konsumpf.de\/?p=14889","og_locale":"de_DE","og_type":"article","og_title":"Die Werbel\u00fcge des Jahres - Konsumpf - Forum f\u00fcr kreative Konsumkritik - Culture Jamming, Nachhaltigkeit, Konzernkritik, Adbusting","og_description":"Alle Jahre wieder \u2013 kommt sie, die Abstimmung von Foodwatch zum Goldenen Winbeutel 2013, der dreistesten Werbel\u00fcge des Jahres. Klar, Reklame ist immer L\u00fcge, von daher ist diese \u201eAuszeichnung\u201c auch mehr von symbolischem Wert, da sie die Aufmerksamkeit der Menschen darauf lenkt, den bunten Werbeversprechen keinen Glauben zu schenken und sich zu vergegenw\u00e4rtigen, dass die [&hellip;]","og_url":"https:\/\/konsumpf.de\/?p=14889","og_site_name":"Konsumpf - Forum f\u00fcr kreative Konsumkritik - Culture Jamming, Nachhaltigkeit, Konzernkritik, Adbusting","article_published_time":"2013-04-26T07:24:27+00:00","og_image":[{"url":"http:\/\/konsumpf.de\/wp-content\/uploads\/2013\/04\/Goldener-Windbeutel-2013.jpg","type":"","width":"","height":""}],"author":"Peter M.","twitter_card":"summary_large_image","twitter_misc":{"Verfasst von":"Peter M.","Gesch\u00e4tzte Lesezeit":"2\u00a0Minuten"},"schema":{"@context":"https:\/\/schema.org","@graph":[{"@type":"WebPage","@id":"https:\/\/konsumpf.de\/?p=14889","url":"https:\/\/konsumpf.de\/?p=14889","name":"Die Werbel\u00fcge des Jahres - Konsumpf - Forum f\u00fcr kreative Konsumkritik - Culture Jamming, Nachhaltigkeit, Konzernkritik, Adbusting","isPartOf":{"@id":"https:\/\/konsumpf.de\/#website"},"primaryImageOfPage":{"@id":"https:\/\/konsumpf.de\/?p=14889#primaryimage"},"image":{"@id":"https:\/\/konsumpf.de\/?p=14889#primaryimage"},"thumbnailUrl":"http:\/\/konsumpf.de\/wp-content\/uploads\/2013\/04\/Goldener-Windbeutel-2013.jpg","datePublished":"2013-04-26T07:24:27+00:00","author":{"@id":"https:\/\/konsumpf.de\/#\/schema\/person\/e595a6d286b26994e7e0926d70699070"},"breadcrumb":{"@id":"https:\/\/konsumpf.de\/?p=14889#breadcrumb"},"inLanguage":"de","potentialAction":[{"@type":"ReadAction","target":["https:\/\/konsumpf.de\/?p=14889"]}]},{"@type":"ImageObject","inLanguage":"de","@id":"https:\/\/konsumpf.de\/?p=14889#primaryimage","url":"https:\/\/konsumpf.de\/wp-content\/uploads\/2013\/04\/Goldener-Windbeutel-2013.jpg","contentUrl":"https:\/\/konsumpf.de\/wp-content\/uploads\/2013\/04\/Goldener-Windbeutel-2013.jpg","width":"150","height":"150"},{"@type":"BreadcrumbList","@id":"https:\/\/konsumpf.de\/?p=14889#breadcrumb","itemListElement":[{"@type":"ListItem","position":1,"name":"Startseite","item":"https:\/\/konsumpf.de\/"},{"@type":"ListItem","position":2,"name":"Die Werbel\u00fcge des Jahres"}]},{"@type":"WebSite","@id":"https:\/\/konsumpf.de\/#website","url":"https:\/\/konsumpf.de\/","name":"Konsumpf - Forum f\u00fcr kreative Konsumkritik - Culture Jamming, Nachhaltigkeit, Konzernkritik, Adbusting","description":"","potentialAction":[{"@type":"SearchAction","target":{"@type":"EntryPoint","urlTemplate":"https:\/\/konsumpf.de\/?s={search_term_string}"},"query-input":{"@type":"PropertyValueSpecification","valueRequired":true,"valueName":"search_term_string"}}],"inLanguage":"de"},{"@type":"Person","@id":"https:\/\/konsumpf.de\/#\/schema\/person\/e595a6d286b26994e7e0926d70699070","name":"Peter M.","sameAs":["http:\/\/konsumpf.de"]}]}},"_links":{"self":[{"href":"https:\/\/konsumpf.de\/index.php?rest_route=\/wp\/v2\/posts\/14889"}],"collection":[{"href":"https:\/\/konsumpf.de\/index.php?rest_route=\/wp\/v2\/posts"}],"about":[{"href":"https:\/\/konsumpf.de\/index.php?rest_route=\/wp\/v2\/types\/post"}],"author":[{"embeddable":true,"href":"https:\/\/konsumpf.de\/index.php?rest_route=\/wp\/v2\/users\/1"}],"replies":[{"embeddable":true,"href":"https:\/\/konsumpf.de\/index.php?rest_route=%2Fwp%2Fv2%2Fcomments&post=14889"}],"version-history":[{"count":3,"href":"https:\/\/konsumpf.de\/index.php?rest_route=\/wp\/v2\/posts\/14889\/revisions"}],"predecessor-version":[{"id":14893,"href":"https:\/\/konsumpf.de\/index.php?rest_route=\/wp\/v2\/posts\/14889\/revisions\/14893"}],"wp:attachment":[{"href":"https:\/\/konsumpf.de\/index.php?rest_route=%2Fwp%2Fv2%2Fmedia&parent=14889"}],"wp:term":[{"taxonomy":"category","embeddable":true,"href":"https:\/\/konsumpf.de\/index.php?rest_route=%2Fwp%2Fv2%2Fcategories&post=14889"},{"taxonomy":"post_tag","embeddable":true,"href":"https:\/\/konsumpf.de\/index.php?rest_route=%2Fwp%2Fv2%2Ftags&post=14889"}],"curies":[{"name":"wp","href":"https:\/\/api.w.org\/{rel}","templated":true}]}}