{"id":14649,"date":"2012-12-25T10:03:13","date_gmt":"2012-12-25T09:03:13","guid":{"rendered":"http:\/\/konsumpf.de\/?p=14649"},"modified":"2012-12-24T23:07:02","modified_gmt":"2012-12-24T22:07:02","slug":"weihnachts-und-neujahrsansprache-an-die-mitte-der-gesellschaft","status":"publish","type":"post","link":"https:\/\/konsumpf.de\/?p=14649","title":{"rendered":"Weihnachts- und Neujahrsansprache an die Mitte der Gesellschaft"},"content":{"rendered":"<p>Erwing Pelzig hat in der letzten \u201e<strong>Neues aus der Anstalt<\/strong>\u201c-Sendung eine Weihnachts- und Neujahrsansprache gehalten, wie wir sie nie von irgendwelchen Politikern oder anderen Amtstr\u00e4gern zu h\u00f6ren bekommen werden:<\/p>\n<p>&nbsp;<div class=\"lyte-wrapper\" style=\"width:560px;max-width:100%;margin:5px;\"><div class=\"lyMe\" id=\"WYL_hho_53ZvXdA\"><div id=\"lyte_hho_53ZvXdA\" data-src=\"\/\/i.ytimg.com\/vi\/hho_53ZvXdA\/hqdefault.jpg\" class=\"pL\"><div class=\"tC\"><div class=\"tT\"><\/div><\/div><div class=\"play\"><\/div><div class=\"ctrl\"><div class=\"Lctrl\"><\/div><div class=\"Rctrl\"><\/div><\/div><\/div><noscript><a href=\"https:\/\/youtu.be\/hho_53ZvXdA\" rel=\"nofollow\"><img loading=\"lazy\" decoding=\"async\" src=\"https:\/\/i.ytimg.com\/vi\/hho_53ZvXdA\/0.jpg\" alt=\"YouTube-Video-Thumbnail\" width=\"560\" height=\"295\" \/><br \/>Dieses Video auf YouTube ansehen<\/a><\/noscript><\/div><\/div><div class=\"lL\" style=\"max-width:100%;width:560px;margin:5px;\"><\/div><\/p>\n<h3 class='related_post_title'>Verwandte Beitr\u00e4ge:<\/h3><ul class='related_post'><li><a href=\"http:\/\/konsumpf.de\/?p=15009\" title=\"Gegen die st\u00e4ndige Erreichbarkeit des Seins\">Gegen die st\u00e4ndige Erreichbarkeit des Seins<\/a><\/li><li><a href=\"http:\/\/konsumpf.de\/?p=15005\" title=\"Revolution? Ach, das passt mir heute aber ganz schlecht.\">Revolution? Ach, das passt mir heute aber ganz schlecht.<\/a><\/li><li><a href=\"http:\/\/konsumpf.de\/?p=14689\" title=\"Fernsehtipp: Burnout \u2013 eine Gesellschaft am Rande des Nervenzusammenbruchs\">Fernsehtipp: Burnout \u2013 eine Gesellschaft am Rande des Nervenzusammenbruchs<\/a><\/li><li><a href=\"http:\/\/konsumpf.de\/?p=14469\" title=\"Affluenza \u2013 das Konsum-Virus \u2013 \u201eDer Markt ist unser Gott\u201c\">Affluenza \u2013 das Konsum-Virus \u2013 \u201eDer Markt ist unser Gott\u201c<\/a><\/li><li><a href=\"http:\/\/konsumpf.de\/?p=14239\" title=\"Das universelle Verbl\u00f6dungssystem \u2013 ein Aufruf zum Widerstand gegen den Irrsinn unserer Zeit\">Das universelle Verbl\u00f6dungssystem \u2013 ein Aufruf zum Widerstand gegen den Irrsinn unserer Zeit<\/a><\/li><\/ul>","protected":false},"excerpt":{"rendered":"<p>Erwing Pelzig hat in der letzten \u201eNeues aus der Anstalt\u201c-Sendung eine Weihnachts- und Neujahrsansprache gehalten, wie wir sie nie von irgendwelchen Politikern oder anderen Amtstr\u00e4gern zu h\u00f6ren bekommen werden: &nbsp; Verwandte Beitr\u00e4ge:Gegen die st\u00e4ndige Erreichbarkeit des SeinsRevolution? Ach, das passt mir heute aber ganz schlecht.Fernsehtipp: Burnout \u2013 eine Gesellschaft am Rande des NervenzusammenbruchsAffluenza \u2013 das [&hellip;]<\/p>\n","protected":false},"author":1,"featured_media":0,"comment_status":"open","ping_status":"open","sticky":false,"template":"","format":"standard","meta":{"footnotes":""},"categories":[259,190],"tags":[2681,2881,2552],"yoast_head":"<!-- This site is optimized with the Yoast SEO plugin v24.4 - https:\/\/yoast.com\/wordpress\/plugins\/seo\/ -->\n<title>Weihnachts- und Neujahrsansprache an die Mitte der Gesellschaft - Konsumpf - Forum f\u00fcr kreative Konsumkritik - Culture Jamming, Nachhaltigkeit, Konzernkritik, Adbusting<\/title>\n<meta name=\"robots\" content=\"index, follow, max-snippet:-1, max-image-preview:large, max-video-preview:-1\" \/>\n<link rel=\"canonical\" href=\"https:\/\/konsumpf.de\/?p=14649\" \/>\n<meta property=\"og:locale\" content=\"de_DE\" \/>\n<meta property=\"og:type\" content=\"article\" \/>\n<meta property=\"og:title\" content=\"Weihnachts- und Neujahrsansprache an die Mitte der Gesellschaft - Konsumpf - Forum f\u00fcr kreative Konsumkritik - Culture Jamming, Nachhaltigkeit, Konzernkritik, Adbusting\" \/>\n<meta property=\"og:description\" content=\"Erwing Pelzig hat in der letzten \u201eNeues aus der Anstalt\u201c-Sendung eine Weihnachts- und Neujahrsansprache gehalten, wie wir sie nie von irgendwelchen Politikern oder anderen Amtstr\u00e4gern zu h\u00f6ren bekommen werden: &nbsp; Verwandte Beitr\u00e4ge:Gegen die st\u00e4ndige Erreichbarkeit des SeinsRevolution? Ach, das passt mir heute aber ganz schlecht.Fernsehtipp: Burnout \u2013 eine Gesellschaft am Rande des NervenzusammenbruchsAffluenza \u2013 das [&hellip;]\" \/>\n<meta property=\"og:url\" content=\"https:\/\/konsumpf.de\/?p=14649\" \/>\n<meta property=\"og:site_name\" content=\"Konsumpf - Forum f\u00fcr kreative Konsumkritik - Culture Jamming, Nachhaltigkeit, Konzernkritik, Adbusting\" \/>\n<meta property=\"article:published_time\" content=\"2012-12-25T09:03:13+00:00\" \/>\n<meta name=\"author\" content=\"Peter M.\" \/>\n<meta name=\"twitter:card\" content=\"summary_large_image\" \/>\n<meta name=\"twitter:label1\" content=\"Verfasst von\" \/>\n\t<meta name=\"twitter:data1\" content=\"Peter M.\" \/>\n<script type=\"application\/ld+json\" class=\"yoast-schema-graph\">{\"@context\":\"https:\/\/schema.org\",\"@graph\":[{\"@type\":\"WebPage\",\"@id\":\"https:\/\/konsumpf.de\/?p=14649\",\"url\":\"https:\/\/konsumpf.de\/?p=14649\",\"name\":\"Weihnachts- und Neujahrsansprache an die Mitte der Gesellschaft - Konsumpf - Forum f\u00fcr kreative Konsumkritik - Culture Jamming, Nachhaltigkeit, Konzernkritik, Adbusting\",\"isPartOf\":{\"@id\":\"https:\/\/konsumpf.de\/#website\"},\"datePublished\":\"2012-12-25T09:03:13+00:00\",\"author\":{\"@id\":\"https:\/\/konsumpf.de\/#\/schema\/person\/e595a6d286b26994e7e0926d70699070\"},\"breadcrumb\":{\"@id\":\"https:\/\/konsumpf.de\/?p=14649#breadcrumb\"},\"inLanguage\":\"de\",\"potentialAction\":[{\"@type\":\"ReadAction\",\"target\":[\"https:\/\/konsumpf.de\/?p=14649\"]}]},{\"@type\":\"BreadcrumbList\",\"@id\":\"https:\/\/konsumpf.de\/?p=14649#breadcrumb\",\"itemListElement\":[{\"@type\":\"ListItem\",\"position\":1,\"name\":\"Startseite\",\"item\":\"https:\/\/konsumpf.de\/\"},{\"@type\":\"ListItem\",\"position\":2,\"name\":\"Weihnachts- und Neujahrsansprache an die Mitte der Gesellschaft\"}]},{\"@type\":\"WebSite\",\"@id\":\"https:\/\/konsumpf.de\/#website\",\"url\":\"https:\/\/konsumpf.de\/\",\"name\":\"Konsumpf - Forum f\u00fcr kreative Konsumkritik - Culture Jamming, Nachhaltigkeit, Konzernkritik, Adbusting\",\"description\":\"\",\"potentialAction\":[{\"@type\":\"SearchAction\",\"target\":{\"@type\":\"EntryPoint\",\"urlTemplate\":\"https:\/\/konsumpf.de\/?s={search_term_string}\"},\"query-input\":{\"@type\":\"PropertyValueSpecification\",\"valueRequired\":true,\"valueName\":\"search_term_string\"}}],\"inLanguage\":\"de\"},{\"@type\":\"Person\",\"@id\":\"https:\/\/konsumpf.de\/#\/schema\/person\/e595a6d286b26994e7e0926d70699070\",\"name\":\"Peter M.\",\"sameAs\":[\"http:\/\/konsumpf.de\"]}]}<\/script>\n<!-- \/ Yoast SEO plugin. -->","yoast_head_json":{"title":"Weihnachts- und Neujahrsansprache an die Mitte der Gesellschaft - Konsumpf - Forum f\u00fcr kreative Konsumkritik - Culture Jamming, Nachhaltigkeit, Konzernkritik, Adbusting","robots":{"index":"index","follow":"follow","max-snippet":"max-snippet:-1","max-image-preview":"max-image-preview:large","max-video-preview":"max-video-preview:-1"},"canonical":"https:\/\/konsumpf.de\/?p=14649","og_locale":"de_DE","og_type":"article","og_title":"Weihnachts- und Neujahrsansprache an die Mitte der Gesellschaft - Konsumpf - Forum f\u00fcr kreative Konsumkritik - Culture Jamming, Nachhaltigkeit, Konzernkritik, Adbusting","og_description":"Erwing Pelzig hat in der letzten \u201eNeues aus der Anstalt\u201c-Sendung eine Weihnachts- und Neujahrsansprache gehalten, wie wir sie nie von irgendwelchen Politikern oder anderen Amtstr\u00e4gern zu h\u00f6ren bekommen werden: &nbsp; Verwandte Beitr\u00e4ge:Gegen die st\u00e4ndige Erreichbarkeit des SeinsRevolution? Ach, das passt mir heute aber ganz schlecht.Fernsehtipp: Burnout \u2013 eine Gesellschaft am Rande des NervenzusammenbruchsAffluenza \u2013 das [&hellip;]","og_url":"https:\/\/konsumpf.de\/?p=14649","og_site_name":"Konsumpf - Forum f\u00fcr kreative Konsumkritik - Culture Jamming, Nachhaltigkeit, Konzernkritik, Adbusting","article_published_time":"2012-12-25T09:03:13+00:00","author":"Peter M.","twitter_card":"summary_large_image","twitter_misc":{"Verfasst von":"Peter M."},"schema":{"@context":"https:\/\/schema.org","@graph":[{"@type":"WebPage","@id":"https:\/\/konsumpf.de\/?p=14649","url":"https:\/\/konsumpf.de\/?p=14649","name":"Weihnachts- und Neujahrsansprache an die Mitte der Gesellschaft - Konsumpf - Forum f\u00fcr kreative Konsumkritik - Culture Jamming, Nachhaltigkeit, Konzernkritik, Adbusting","isPartOf":{"@id":"https:\/\/konsumpf.de\/#website"},"datePublished":"2012-12-25T09:03:13+00:00","author":{"@id":"https:\/\/konsumpf.de\/#\/schema\/person\/e595a6d286b26994e7e0926d70699070"},"breadcrumb":{"@id":"https:\/\/konsumpf.de\/?p=14649#breadcrumb"},"inLanguage":"de","potentialAction":[{"@type":"ReadAction","target":["https:\/\/konsumpf.de\/?p=14649"]}]},{"@type":"BreadcrumbList","@id":"https:\/\/konsumpf.de\/?p=14649#breadcrumb","itemListElement":[{"@type":"ListItem","position":1,"name":"Startseite","item":"https:\/\/konsumpf.de\/"},{"@type":"ListItem","position":2,"name":"Weihnachts- und Neujahrsansprache an die Mitte der Gesellschaft"}]},{"@type":"WebSite","@id":"https:\/\/konsumpf.de\/#website","url":"https:\/\/konsumpf.de\/","name":"Konsumpf - Forum f\u00fcr kreative Konsumkritik - Culture Jamming, Nachhaltigkeit, Konzernkritik, Adbusting","description":"","potentialAction":[{"@type":"SearchAction","target":{"@type":"EntryPoint","urlTemplate":"https:\/\/konsumpf.de\/?s={search_term_string}"},"query-input":{"@type":"PropertyValueSpecification","valueRequired":true,"valueName":"search_term_string"}}],"inLanguage":"de"},{"@type":"Person","@id":"https:\/\/konsumpf.de\/#\/schema\/person\/e595a6d286b26994e7e0926d70699070","name":"Peter M.","sameAs":["http:\/\/konsumpf.de"]}]}},"_links":{"self":[{"href":"https:\/\/konsumpf.de\/index.php?rest_route=\/wp\/v2\/posts\/14649"}],"collection":[{"href":"https:\/\/konsumpf.de\/index.php?rest_route=\/wp\/v2\/posts"}],"about":[{"href":"https:\/\/konsumpf.de\/index.php?rest_route=\/wp\/v2\/types\/post"}],"author":[{"embeddable":true,"href":"https:\/\/konsumpf.de\/index.php?rest_route=\/wp\/v2\/users\/1"}],"replies":[{"embeddable":true,"href":"https:\/\/konsumpf.de\/index.php?rest_route=%2Fwp%2Fv2%2Fcomments&post=14649"}],"version-history":[{"count":1,"href":"https:\/\/konsumpf.de\/index.php?rest_route=\/wp\/v2\/posts\/14649\/revisions"}],"predecessor-version":[{"id":14650,"href":"https:\/\/konsumpf.de\/index.php?rest_route=\/wp\/v2\/posts\/14649\/revisions\/14650"}],"wp:attachment":[{"href":"https:\/\/konsumpf.de\/index.php?rest_route=%2Fwp%2Fv2%2Fmedia&parent=14649"}],"wp:term":[{"taxonomy":"category","embeddable":true,"href":"https:\/\/konsumpf.de\/index.php?rest_route=%2Fwp%2Fv2%2Fcategories&post=14649"},{"taxonomy":"post_tag","embeddable":true,"href":"https:\/\/konsumpf.de\/index.php?rest_route=%2Fwp%2Fv2%2Ftags&post=14649"}],"curies":[{"name":"wp","href":"https:\/\/api.w.org\/{rel}","templated":true}]}}