{"id":1459,"date":"2008-12-10T12:06:44","date_gmt":"2008-12-10T11:06:44","guid":{"rendered":"http:\/\/konsumpf.de\/?p=1459"},"modified":"2009-10-31T13:54:27","modified_gmt":"2009-10-31T11:54:27","slug":"nebenbei-bemerkt-soweit-zur-%e2%80%9eklimakanzlerin%e2%80%9d","status":"publish","type":"post","link":"https:\/\/konsumpf.de\/?p=1459","title":{"rendered":"Nebenbei bemerkt: Soviel zur \u201eKlimakanzlerin\u201d"},"content":{"rendered":"<p><a href=\"http:\/\/konsumpf.de\/wp-content\/uploads\/2008\/12\/merkel-plakat.jpg\"><img loading=\"lazy\" decoding=\"async\" class=\"alignright size-medium wp-image-1461\" title=\"merkel-plakat\" src=\"http:\/\/konsumpf.de\/wp-content\/uploads\/2008\/12\/merkel-plakat-231x300.jpg\" alt=\"\" width=\"166\" height=\"216\" \/><\/a>Jaja, es kommt, wie es nicht anders zu erwarten war \u2013 unsere \u201eKlimakanzlerin\u201d, die vor einiger Zeit noch medienwirksam vollmundige Ank\u00fcndigungen hinsichtlich Klima- und Umweltschutz verk\u00fcndete, rudert nun, anl\u00e4sslich der \u201eFinanzkrise\u201d wieder zur\u00fcck \u2013 \u201e<a href=\"http:\/\/www.jungewelt.de\/2008\/12-09\/037.php\" target=\"_blank\">Klima kein Thema mehr<\/a>\u201d:<\/p>\n<blockquote><p>Im Sommer des vergangenen Jahres lie\u00df sie sich beim G-8-Gipfel in Heiligendamm noch als Klimaretterin feiern und propagierte \u00e4u\u00dferst ehrgeizige Ziele f\u00fcr die EU. Doch mittlerweile tritt sie wieder als Schutzpatronin der gro\u00dfen Klima- und Umwelts\u00fcnder in der Energiewirtschaft, sowie der Automobil- und Chemieindustrie in Erscheinung. Es werde auf dem UN-Klimagipfel am Wochenende in Poznan \u00bbkeine Klimaschutzbeschl\u00fcsse geben, die in Deutschland Arbeitspl\u00e4tze oder Investitionen gef\u00e4hrden. Daf\u00fcr werde ich sorgen\u00ab, teilte sie am Mittwoch via Bild-Zeitung mit.<\/p>\n<p>Und ihr Wirtschaftsminister Michael Glos (CSU) fordert gar eine Absenkung der EU-weiten Umweltstandards auf das Niveau der osteurop\u00e4ischen Beitrittsstaaten, was z. B. die Fortschreibung der kostenlosen Zuteilung von Emis\u00adsionszertifikaten an Kraftwerke und Schwerindustrie bedeuten w\u00fcrde. Dadurch w\u00fcrde schlie\u00dflich auch der Anstieg der Strompreise gebremst werden, assistiert Saarlands Ministerpr\u00e4sident Peter M\u00fcller (CDU).<\/p><\/blockquote>\n<p>Besten Dank, kann man da nur sagen, die Politik beweist erneut die von mir neulich schon beklagte Kurzsichtigkeit und schadet der Zukunft des Landes und des Planeten durch ihre ganzen hektischen Rettungsschirm-Aktionen gleich in mehrfacher Hinsicht: Zuk\u00fcnftigen Generationen werden immense Neuschulden aufgeb\u00fcrdet, dazu kommen Klimasch\u00e4den mit unabsehbaren Folgen und au\u00dferdem wird das <a href=\"http:\/\/konsumpf.de\/?p=1410\">marode System<\/a> noch ein paar weitere Jahre (?) k\u00fcnstlich am Leben gehalten, so dass ein Umlenken und -denken zus\u00e4tzlich erschwert wird. Nat\u00fcrlich sind viele Konsumenten auch selbst Schuld, wenn es noch schlimmer kommt, denn niemand MUSS ja beispielsweise einen d\u00e4mlichen SUV-Minipanzer kaufen (siehe auch \u201e<a href=\"http:\/\/www.greenpeace-magazin.de\/index.php?id=5400\" target=\"_blank\">Gegen Gel\u00e4ndewagen<\/a>\u201d) &#8230;<\/p>\n<p><strong>NACHTRAG<\/strong>: Damit dies nicht wie eine reine Merkel-Schelte aussieht, muss ich erg\u00e4nzen, dass sich inzwischen ja auch die Regierungschefs von <a href=\"http:\/\/www.zeit.de\/online\/2008\/51\/eu-gipfel-klima\" target=\"_blank\">Polen, Italien und Frankreich f\u00fcr eine \u00e4hnliche Politik ausgesprochen<\/a> haben, also: Klimaschutz ist super, aber nur, wenn die Wirtschaft nichts \u00e4ndern muss. Berlusconi will sogar den ganzen Gipfel platzen lassen, wenn es zu Beschl\u00fcssen k\u00e4me, die die italienische Industrie betr\u00e4fen. Man bekommt fast den Eindruck, dass Staatslenker und Wirtschaft richtig froh \u00fcber die \u201eFinanzkrise\u201d sind, denn so k\u00f6nnen sie mal eben l\u00e4stige Umweltauflagen kippen. Nicht sehend, dass Klimaschutz keine \u201enette Geste\u201d irgendwelchen W\u00e4ldern gegen\u00fcber ist, sondern eben sogar \u00fcberlebensnotwendig f\u00fcr alle, auch f\u00fcr diese Politiker- und Wirtschaftskaste!<\/p>\n<h3 class='related_post_title'>Verwandte Beitr\u00e4ge:<\/h3><ul class='related_post'><li><a href=\"http:\/\/konsumpf.de\/?p=14332\" title=\"Da hilft doch nur noch Auswandern\">Da hilft doch nur noch Auswandern<\/a><\/li><li><a href=\"http:\/\/konsumpf.de\/?p=15015\" title=\"Mein Reich \u2013 Die Qual der Wahl\">Mein Reich \u2013 Die Qual der Wahl<\/a><\/li><li><a href=\"http:\/\/konsumpf.de\/?p=14894\" title=\"Der Parteien-Einheitsbrei\">Der Parteien-Einheitsbrei<\/a><\/li><li><a href=\"http:\/\/konsumpf.de\/?p=9770\" title=\"Lobbyismus f\u00fcr Dummies\">Lobbyismus f\u00fcr Dummies<\/a><\/li><li><a href=\"http:\/\/konsumpf.de\/?p=8857\" title=\"Widerstand gegen Atompl\u00e4ne und Geheimvertr\u00e4ge\">Widerstand gegen Atompl\u00e4ne und Geheimvertr\u00e4ge<\/a><\/li><\/ul>","protected":false},"excerpt":{"rendered":"<p>Jaja, es kommt, wie es nicht anders zu erwarten war \u2013 unsere \u201eKlimakanzlerin\u201d, die vor einiger Zeit noch medienwirksam vollmundige Ank\u00fcndigungen hinsichtlich Klima- und Umweltschutz verk\u00fcndete, rudert nun, anl\u00e4sslich der \u201eFinanzkrise\u201d wieder zur\u00fcck \u2013 \u201eKlima kein Thema mehr\u201d: Im Sommer des vergangenen Jahres lie\u00df sie sich beim G-8-Gipfel in Heiligendamm noch als Klimaretterin feiern und [&hellip;]<\/p>\n","protected":false},"author":1,"featured_media":0,"comment_status":"open","ping_status":"open","sticky":false,"template":"","format":"standard","meta":{"footnotes":""},"categories":[53,50],"tags":[233,232,2878,52,2869,234],"yoast_head":"<!-- This site is optimized with the Yoast SEO plugin v24.4 - https:\/\/yoast.com\/wordpress\/plugins\/seo\/ -->\n<title>Nebenbei bemerkt: Soviel zur \u201eKlimakanzlerin\u201d - Konsumpf - Forum f\u00fcr kreative Konsumkritik - Culture Jamming, Nachhaltigkeit, Konzernkritik, Adbusting<\/title>\n<meta name=\"robots\" content=\"index, follow, max-snippet:-1, max-image-preview:large, max-video-preview:-1\" \/>\n<link rel=\"canonical\" href=\"https:\/\/konsumpf.de\/?p=1459\" \/>\n<meta property=\"og:locale\" content=\"de_DE\" \/>\n<meta property=\"og:type\" content=\"article\" \/>\n<meta property=\"og:title\" content=\"Nebenbei bemerkt: Soviel zur \u201eKlimakanzlerin\u201d - Konsumpf - Forum f\u00fcr kreative Konsumkritik - Culture Jamming, Nachhaltigkeit, Konzernkritik, Adbusting\" \/>\n<meta property=\"og:description\" content=\"Jaja, es kommt, wie es nicht anders zu erwarten war \u2013 unsere \u201eKlimakanzlerin\u201d, die vor einiger Zeit noch medienwirksam vollmundige Ank\u00fcndigungen hinsichtlich Klima- und Umweltschutz verk\u00fcndete, rudert nun, anl\u00e4sslich der \u201eFinanzkrise\u201d wieder zur\u00fcck \u2013 \u201eKlima kein Thema mehr\u201d: Im Sommer des vergangenen Jahres lie\u00df sie sich beim G-8-Gipfel in Heiligendamm noch als Klimaretterin feiern und [&hellip;]\" \/>\n<meta property=\"og:url\" content=\"https:\/\/konsumpf.de\/?p=1459\" \/>\n<meta property=\"og:site_name\" content=\"Konsumpf - Forum f\u00fcr kreative Konsumkritik - Culture Jamming, Nachhaltigkeit, Konzernkritik, Adbusting\" \/>\n<meta property=\"article:published_time\" content=\"2008-12-10T11:06:44+00:00\" \/>\n<meta property=\"article:modified_time\" content=\"2009-10-31T11:54:27+00:00\" \/>\n<meta property=\"og:image\" content=\"http:\/\/konsumpf.de\/wp-content\/uploads\/2008\/12\/merkel-plakat-231x300.jpg\" \/>\n<meta name=\"author\" content=\"Peter M.\" \/>\n<meta name=\"twitter:card\" content=\"summary_large_image\" \/>\n<meta name=\"twitter:label1\" content=\"Verfasst von\" \/>\n\t<meta name=\"twitter:data1\" content=\"Peter M.\" \/>\n\t<meta name=\"twitter:label2\" content=\"Gesch\u00e4tzte Lesezeit\" \/>\n\t<meta name=\"twitter:data2\" content=\"2\u00a0Minuten\" \/>\n<script type=\"application\/ld+json\" class=\"yoast-schema-graph\">{\"@context\":\"https:\/\/schema.org\",\"@graph\":[{\"@type\":\"WebPage\",\"@id\":\"https:\/\/konsumpf.de\/?p=1459\",\"url\":\"https:\/\/konsumpf.de\/?p=1459\",\"name\":\"Nebenbei bemerkt: Soviel zur \u201eKlimakanzlerin\u201d - Konsumpf - Forum f\u00fcr kreative Konsumkritik - Culture Jamming, Nachhaltigkeit, Konzernkritik, Adbusting\",\"isPartOf\":{\"@id\":\"https:\/\/konsumpf.de\/#website\"},\"primaryImageOfPage\":{\"@id\":\"https:\/\/konsumpf.de\/?p=1459#primaryimage\"},\"image\":{\"@id\":\"https:\/\/konsumpf.de\/?p=1459#primaryimage\"},\"thumbnailUrl\":\"http:\/\/konsumpf.de\/wp-content\/uploads\/2008\/12\/merkel-plakat-231x300.jpg\",\"datePublished\":\"2008-12-10T11:06:44+00:00\",\"dateModified\":\"2009-10-31T11:54:27+00:00\",\"author\":{\"@id\":\"https:\/\/konsumpf.de\/#\/schema\/person\/e595a6d286b26994e7e0926d70699070\"},\"breadcrumb\":{\"@id\":\"https:\/\/konsumpf.de\/?p=1459#breadcrumb\"},\"inLanguage\":\"de\",\"potentialAction\":[{\"@type\":\"ReadAction\",\"target\":[\"https:\/\/konsumpf.de\/?p=1459\"]}]},{\"@type\":\"ImageObject\",\"inLanguage\":\"de\",\"@id\":\"https:\/\/konsumpf.de\/?p=1459#primaryimage\",\"url\":\"https:\/\/konsumpf.de\/wp-content\/uploads\/2008\/12\/merkel-plakat.jpg\",\"contentUrl\":\"https:\/\/konsumpf.de\/wp-content\/uploads\/2008\/12\/merkel-plakat.jpg\"},{\"@type\":\"BreadcrumbList\",\"@id\":\"https:\/\/konsumpf.de\/?p=1459#breadcrumb\",\"itemListElement\":[{\"@type\":\"ListItem\",\"position\":1,\"name\":\"Startseite\",\"item\":\"https:\/\/konsumpf.de\/\"},{\"@type\":\"ListItem\",\"position\":2,\"name\":\"Nebenbei bemerkt: Soviel zur \u201eKlimakanzlerin\u201d\"}]},{\"@type\":\"WebSite\",\"@id\":\"https:\/\/konsumpf.de\/#website\",\"url\":\"https:\/\/konsumpf.de\/\",\"name\":\"Konsumpf - Forum f\u00fcr kreative Konsumkritik - Culture Jamming, Nachhaltigkeit, Konzernkritik, Adbusting\",\"description\":\"\",\"potentialAction\":[{\"@type\":\"SearchAction\",\"target\":{\"@type\":\"EntryPoint\",\"urlTemplate\":\"https:\/\/konsumpf.de\/?s={search_term_string}\"},\"query-input\":{\"@type\":\"PropertyValueSpecification\",\"valueRequired\":true,\"valueName\":\"search_term_string\"}}],\"inLanguage\":\"de\"},{\"@type\":\"Person\",\"@id\":\"https:\/\/konsumpf.de\/#\/schema\/person\/e595a6d286b26994e7e0926d70699070\",\"name\":\"Peter M.\",\"sameAs\":[\"http:\/\/konsumpf.de\"]}]}<\/script>\n<!-- \/ Yoast SEO plugin. -->","yoast_head_json":{"title":"Nebenbei bemerkt: Soviel zur \u201eKlimakanzlerin\u201d - Konsumpf - Forum f\u00fcr kreative Konsumkritik - Culture Jamming, Nachhaltigkeit, Konzernkritik, Adbusting","robots":{"index":"index","follow":"follow","max-snippet":"max-snippet:-1","max-image-preview":"max-image-preview:large","max-video-preview":"max-video-preview:-1"},"canonical":"https:\/\/konsumpf.de\/?p=1459","og_locale":"de_DE","og_type":"article","og_title":"Nebenbei bemerkt: Soviel zur \u201eKlimakanzlerin\u201d - Konsumpf - Forum f\u00fcr kreative Konsumkritik - Culture Jamming, Nachhaltigkeit, Konzernkritik, Adbusting","og_description":"Jaja, es kommt, wie es nicht anders zu erwarten war \u2013 unsere \u201eKlimakanzlerin\u201d, die vor einiger Zeit noch medienwirksam vollmundige Ank\u00fcndigungen hinsichtlich Klima- und Umweltschutz verk\u00fcndete, rudert nun, anl\u00e4sslich der \u201eFinanzkrise\u201d wieder zur\u00fcck \u2013 \u201eKlima kein Thema mehr\u201d: Im Sommer des vergangenen Jahres lie\u00df sie sich beim G-8-Gipfel in Heiligendamm noch als Klimaretterin feiern und [&hellip;]","og_url":"https:\/\/konsumpf.de\/?p=1459","og_site_name":"Konsumpf - Forum f\u00fcr kreative Konsumkritik - Culture Jamming, Nachhaltigkeit, Konzernkritik, Adbusting","article_published_time":"2008-12-10T11:06:44+00:00","article_modified_time":"2009-10-31T11:54:27+00:00","og_image":[{"url":"http:\/\/konsumpf.de\/wp-content\/uploads\/2008\/12\/merkel-plakat-231x300.jpg","type":"","width":"","height":""}],"author":"Peter M.","twitter_card":"summary_large_image","twitter_misc":{"Verfasst von":"Peter M.","Gesch\u00e4tzte Lesezeit":"2\u00a0Minuten"},"schema":{"@context":"https:\/\/schema.org","@graph":[{"@type":"WebPage","@id":"https:\/\/konsumpf.de\/?p=1459","url":"https:\/\/konsumpf.de\/?p=1459","name":"Nebenbei bemerkt: Soviel zur \u201eKlimakanzlerin\u201d - Konsumpf - Forum f\u00fcr kreative Konsumkritik - Culture Jamming, Nachhaltigkeit, Konzernkritik, Adbusting","isPartOf":{"@id":"https:\/\/konsumpf.de\/#website"},"primaryImageOfPage":{"@id":"https:\/\/konsumpf.de\/?p=1459#primaryimage"},"image":{"@id":"https:\/\/konsumpf.de\/?p=1459#primaryimage"},"thumbnailUrl":"http:\/\/konsumpf.de\/wp-content\/uploads\/2008\/12\/merkel-plakat-231x300.jpg","datePublished":"2008-12-10T11:06:44+00:00","dateModified":"2009-10-31T11:54:27+00:00","author":{"@id":"https:\/\/konsumpf.de\/#\/schema\/person\/e595a6d286b26994e7e0926d70699070"},"breadcrumb":{"@id":"https:\/\/konsumpf.de\/?p=1459#breadcrumb"},"inLanguage":"de","potentialAction":[{"@type":"ReadAction","target":["https:\/\/konsumpf.de\/?p=1459"]}]},{"@type":"ImageObject","inLanguage":"de","@id":"https:\/\/konsumpf.de\/?p=1459#primaryimage","url":"https:\/\/konsumpf.de\/wp-content\/uploads\/2008\/12\/merkel-plakat.jpg","contentUrl":"https:\/\/konsumpf.de\/wp-content\/uploads\/2008\/12\/merkel-plakat.jpg"},{"@type":"BreadcrumbList","@id":"https:\/\/konsumpf.de\/?p=1459#breadcrumb","itemListElement":[{"@type":"ListItem","position":1,"name":"Startseite","item":"https:\/\/konsumpf.de\/"},{"@type":"ListItem","position":2,"name":"Nebenbei bemerkt: Soviel zur \u201eKlimakanzlerin\u201d"}]},{"@type":"WebSite","@id":"https:\/\/konsumpf.de\/#website","url":"https:\/\/konsumpf.de\/","name":"Konsumpf - Forum f\u00fcr kreative Konsumkritik - Culture Jamming, Nachhaltigkeit, Konzernkritik, Adbusting","description":"","potentialAction":[{"@type":"SearchAction","target":{"@type":"EntryPoint","urlTemplate":"https:\/\/konsumpf.de\/?s={search_term_string}"},"query-input":{"@type":"PropertyValueSpecification","valueRequired":true,"valueName":"search_term_string"}}],"inLanguage":"de"},{"@type":"Person","@id":"https:\/\/konsumpf.de\/#\/schema\/person\/e595a6d286b26994e7e0926d70699070","name":"Peter M.","sameAs":["http:\/\/konsumpf.de"]}]}},"_links":{"self":[{"href":"https:\/\/konsumpf.de\/index.php?rest_route=\/wp\/v2\/posts\/1459"}],"collection":[{"href":"https:\/\/konsumpf.de\/index.php?rest_route=\/wp\/v2\/posts"}],"about":[{"href":"https:\/\/konsumpf.de\/index.php?rest_route=\/wp\/v2\/types\/post"}],"author":[{"embeddable":true,"href":"https:\/\/konsumpf.de\/index.php?rest_route=\/wp\/v2\/users\/1"}],"replies":[{"embeddable":true,"href":"https:\/\/konsumpf.de\/index.php?rest_route=%2Fwp%2Fv2%2Fcomments&post=1459"}],"version-history":[{"count":10,"href":"https:\/\/konsumpf.de\/index.php?rest_route=\/wp\/v2\/posts\/1459\/revisions"}],"predecessor-version":[{"id":6182,"href":"https:\/\/konsumpf.de\/index.php?rest_route=\/wp\/v2\/posts\/1459\/revisions\/6182"}],"wp:attachment":[{"href":"https:\/\/konsumpf.de\/index.php?rest_route=%2Fwp%2Fv2%2Fmedia&parent=1459"}],"wp:term":[{"taxonomy":"category","embeddable":true,"href":"https:\/\/konsumpf.de\/index.php?rest_route=%2Fwp%2Fv2%2Fcategories&post=1459"},{"taxonomy":"post_tag","embeddable":true,"href":"https:\/\/konsumpf.de\/index.php?rest_route=%2Fwp%2Fv2%2Ftags&post=1459"}],"curies":[{"name":"wp","href":"https:\/\/api.w.org\/{rel}","templated":true}]}}