{"id":14494,"date":"2012-11-30T09:49:34","date_gmt":"2012-11-30T08:49:34","guid":{"rendered":"http:\/\/konsumpf.de\/?p=14494"},"modified":"2012-12-11T13:27:15","modified_gmt":"2012-12-11T12:27:15","slug":"bringt-das-was-neues-tierschutzsiegel-im-supermarkt","status":"publish","type":"post","link":"https:\/\/konsumpf.de\/?p=14494","title":{"rendered":"Bringt das was? Neues Tierschutzsiegel im Supermarkt"},"content":{"rendered":"<p>Heute will ich mal eine Entwicklung im Lebensmittelsektor zur Diskussion stellen, bei der man sich sicherlich die K\u00f6pfe hei\u00df reden kann. So im Grunde und an und f\u00fcr sich sind sicherlich die meisten Menschen gegen die sog. Massentierhaltung \u2013 auch wenn sie beim Einkaufen trotzdem zu dem Billigfleisch greifen und sich somit \u00fcber die niedrigen Preise f\u00fcr ein St\u00fcck totes Tier freuen. \u201eBio-Fleisch, artgerechte Haltung, sch\u00f6n und gut, aber wer soll das bezahlen?\u201c, so geht es sicherlich manchem Konsumenten durch den Kopf. Tats\u00e4chlich kommt nur ein verschwindend geringer Teil der Fleischproduktion aus Biohaltung (unter 1 Prozent!), so dass fast alles, was Fleischesser sich so auf den Teller schaufeln, aus eben jenen unw\u00fcrdigen Haltungsbedingungen kommt, die einem mitf\u00fchlenden Menschen den Magen umdrehen m\u00fcssten.<\/p>\n<p>Ich will hier gar nicht mal vorrangig das Thema \u201eFleischkonsum \u2013 ja oder nein\u201c auf die Tagesordnung setzen \u2013 dennoch war ich etwas erstaunt, ja sogar etwas erz\u00fcrnt, als ich den folgenden Beitrag der BR-Sendung <strong>quer<\/strong> sah: \u201e<a href=\"http:\/\/blog.br.de\/quer\/ein-bisschen-bio-neues-tierschutzsiegel-fuer-supermarkt-fleisch-21112012.html\"><strong>Ein bisschen Bio? Neues Tierschutzsiegel im Supermarkt<\/strong><\/a>\u201c<\/p>\n<blockquote><p>Massentierhaltung mag der Verbraucher nicht. Als Supermarkt-Kunde kauft er Fleisch solcher Herkunft trotzdem. Und nimmt daf\u00fcr in Kauf, dass Schweine etwa in zu engen St\u00e4llen vor sich hinvegetieren. Denn Bio ist den meisten dann doch zu teuer. Um den Verbraucher trotzdem zu sensibilisieren, vergibt der Deutsche Tierschutzbund k\u00fcnftig das Siegel \u201cF\u00fcr mehr Tierschutz\u201d an Bauern, die ihre Tiere artgerechter halten, als gesetzlich vorgeschrieben. Gl\u00fccklich wird das Schwein so wohl trotzdem nicht. Aber wie sinnvoll ist so \u201eein bisschen Bio\u201c dann \u00fcberhaupt?<\/p><\/blockquote>\n<p>Und da sind wir beim Dilemma, von dem ich eingangs sprach \u2013 ist es gut, dass man versucht, die elendigen Bedingungen in der industriellen Landwirtschaft <em>etwas<\/em> zu verbessern, so dass die Tiere <em>ein wenig<\/em> weniger leiden m\u00fcssen? Muss man versuchen, auf diesem Weg der kleinen Schritte nach und nach dahin zu kommen, dass Tiere \u2013 wenn man denn schon unbedingt Fleisch produzieren muss \u2013 artgerecht leben k\u00f6nnen? Erstaunlicherweise hat ja der Deutsche Tierschutzbund dieses neue Siegel f\u00fcr Industriefleisch unterst\u00fctzt. Ich finde das kurzsichtig, denn so kann der Verbraucher, quasi als Ablasshandel, ein etwas teureres Fleisch kaufen, dass etwas weniger schlimme Haltung bedeutet, aber an der Grundproblematik, n\u00e4mlich dass Tiere hier ausgebeutet werden und Fleischkonsum auch sonst sch\u00e4dlich f\u00fcr die Umwelt ist, nichts \u00e4ndert. Und dem Biofleischabsatz wird das sicher auch nicht helfen, wenn es so ein verw\u00e4ssertes neues Siegel gibt. In den K\u00f6pfen der halb- bis uninformierten Konsumenten wird sich festsetzen, dass Fleisch mit diesem neuen Siegel ja tiervertr\u00e4glich hergestellt wurde und man somit das \u201e\u00fcberteuerte\u201c Biofleisch gar nicht brauche. Ich sehe in dem Ganzen am ehesten einen geschickten Schachzug der Lebensmittelindustrie, ihr Treiben nahezu unver\u00e4ndert fortsetzen zu k\u00f6nnen. Oder sehe ich das jetzt zu streng?<\/p>\n<p><img loading=\"lazy\" decoding=\"async\" src=\"http:\/\/vg08.met.vgwort.de\/na\/094682ba2bb14f4eb0735ff09764263f\" alt=\"\" width=\"1\" height=\"1\" \/><br \/>\n<div class=\"lyte-wrapper\" style=\"width:560px;max-width:100%;margin:5px;\"><div class=\"lyMe\" id=\"WYL_472mzh4NGqs\"><div id=\"lyte_472mzh4NGqs\" data-src=\"\/\/i.ytimg.com\/vi\/472mzh4NGqs\/hqdefault.jpg\" class=\"pL\"><div class=\"tC\"><div class=\"tT\"><\/div><\/div><div class=\"play\"><\/div><div class=\"ctrl\"><div class=\"Lctrl\"><\/div><div class=\"Rctrl\"><\/div><\/div><\/div><noscript><a href=\"https:\/\/youtu.be\/472mzh4NGqs\" rel=\"nofollow\"><img loading=\"lazy\" decoding=\"async\" src=\"https:\/\/i.ytimg.com\/vi\/472mzh4NGqs\/0.jpg\" alt=\"YouTube-Video-Thumbnail\" width=\"560\" height=\"295\" \/><br \/>Dieses Video auf YouTube ansehen<\/a><\/noscript><\/div><\/div><div class=\"lL\" style=\"max-width:100%;width:560px;margin:5px;\"><\/div><\/p>\n<h3 class='related_post_title'>Verwandte Beitr\u00e4ge:<\/h3><ul class='related_post'><li><a href=\"http:\/\/konsumpf.de\/?p=10692\" title=\"Turbomast und Gift im Tierfutter\">Turbomast und Gift im Tierfutter<\/a><\/li><li><a href=\"http:\/\/konsumpf.de\/?p=14277\" title=\"Wie billig kann Bio sein?\">Wie billig kann Bio sein?<\/a><\/li><li><a href=\"http:\/\/konsumpf.de\/?p=14266\" title=\"Klonfleisch \u2013 guten Appetit!\">Klonfleisch \u2013 guten Appetit!<\/a><\/li><li><a href=\"http:\/\/konsumpf.de\/?p=14155\" title=\"Schluss mit der Massentierhaltung!\">Schluss mit der Massentierhaltung!<\/a><\/li><li><a href=\"http:\/\/konsumpf.de\/?p=12374\" title=\"Das Gesch\u00e4ft mit dem Schwein\">Das Gesch\u00e4ft mit dem Schwein<\/a><\/li><\/ul>","protected":false},"excerpt":{"rendered":"<p>Heute will ich mal eine Entwicklung im Lebensmittelsektor zur Diskussion stellen, bei der man sich sicherlich die K\u00f6pfe hei\u00df reden kann. So im Grunde und an und f\u00fcr sich sind sicherlich die meisten Menschen gegen die sog. Massentierhaltung \u2013 auch wenn sie beim Einkaufen trotzdem zu dem Billigfleisch greifen und sich somit \u00fcber die niedrigen [&hellip;]<\/p>\n","protected":false},"author":1,"featured_media":0,"comment_status":"open","ping_status":"open","sticky":false,"template":"","format":"standard","meta":{"footnotes":""},"categories":[256,12,334],"tags":[483,369,732,1448,1180,1259],"yoast_head":"<!-- This site is optimized with the Yoast SEO plugin v24.4 - https:\/\/yoast.com\/wordpress\/plugins\/seo\/ -->\n<title>Bringt das was? Neues Tierschutzsiegel im Supermarkt - Konsumpf - Forum f\u00fcr kreative Konsumkritik - Culture Jamming, Nachhaltigkeit, Konzernkritik, Adbusting<\/title>\n<meta name=\"robots\" content=\"index, follow, max-snippet:-1, max-image-preview:large, max-video-preview:-1\" \/>\n<link rel=\"canonical\" href=\"https:\/\/konsumpf.de\/?p=14494\" \/>\n<meta property=\"og:locale\" content=\"de_DE\" \/>\n<meta property=\"og:type\" content=\"article\" \/>\n<meta property=\"og:title\" content=\"Bringt das was? Neues Tierschutzsiegel im Supermarkt - Konsumpf - Forum f\u00fcr kreative Konsumkritik - Culture Jamming, Nachhaltigkeit, Konzernkritik, Adbusting\" \/>\n<meta property=\"og:description\" content=\"Heute will ich mal eine Entwicklung im Lebensmittelsektor zur Diskussion stellen, bei der man sich sicherlich die K\u00f6pfe hei\u00df reden kann. So im Grunde und an und f\u00fcr sich sind sicherlich die meisten Menschen gegen die sog. Massentierhaltung \u2013 auch wenn sie beim Einkaufen trotzdem zu dem Billigfleisch greifen und sich somit \u00fcber die niedrigen [&hellip;]\" \/>\n<meta property=\"og:url\" content=\"https:\/\/konsumpf.de\/?p=14494\" \/>\n<meta property=\"og:site_name\" content=\"Konsumpf - Forum f\u00fcr kreative Konsumkritik - Culture Jamming, Nachhaltigkeit, Konzernkritik, Adbusting\" \/>\n<meta property=\"article:published_time\" content=\"2012-11-30T08:49:34+00:00\" \/>\n<meta property=\"article:modified_time\" content=\"2012-12-11T12:27:15+00:00\" \/>\n<meta property=\"og:image\" content=\"http:\/\/vg08.met.vgwort.de\/na\/094682ba2bb14f4eb0735ff09764263f\" \/>\n<meta name=\"author\" content=\"Peter M.\" \/>\n<meta name=\"twitter:card\" content=\"summary_large_image\" \/>\n<meta name=\"twitter:label1\" content=\"Verfasst von\" \/>\n\t<meta name=\"twitter:data1\" content=\"Peter M.\" \/>\n\t<meta name=\"twitter:label2\" content=\"Gesch\u00e4tzte Lesezeit\" \/>\n\t<meta name=\"twitter:data2\" content=\"2\u00a0Minuten\" \/>\n<script type=\"application\/ld+json\" class=\"yoast-schema-graph\">{\"@context\":\"https:\/\/schema.org\",\"@graph\":[{\"@type\":\"WebPage\",\"@id\":\"https:\/\/konsumpf.de\/?p=14494\",\"url\":\"https:\/\/konsumpf.de\/?p=14494\",\"name\":\"Bringt das was? Neues Tierschutzsiegel im Supermarkt - Konsumpf - Forum f\u00fcr kreative Konsumkritik - Culture Jamming, Nachhaltigkeit, Konzernkritik, Adbusting\",\"isPartOf\":{\"@id\":\"https:\/\/konsumpf.de\/#website\"},\"primaryImageOfPage\":{\"@id\":\"https:\/\/konsumpf.de\/?p=14494#primaryimage\"},\"image\":{\"@id\":\"https:\/\/konsumpf.de\/?p=14494#primaryimage\"},\"thumbnailUrl\":\"http:\/\/vg08.met.vgwort.de\/na\/094682ba2bb14f4eb0735ff09764263f\",\"datePublished\":\"2012-11-30T08:49:34+00:00\",\"dateModified\":\"2012-12-11T12:27:15+00:00\",\"author\":{\"@id\":\"https:\/\/konsumpf.de\/#\/schema\/person\/e595a6d286b26994e7e0926d70699070\"},\"breadcrumb\":{\"@id\":\"https:\/\/konsumpf.de\/?p=14494#breadcrumb\"},\"inLanguage\":\"de\",\"potentialAction\":[{\"@type\":\"ReadAction\",\"target\":[\"https:\/\/konsumpf.de\/?p=14494\"]}]},{\"@type\":\"ImageObject\",\"inLanguage\":\"de\",\"@id\":\"https:\/\/konsumpf.de\/?p=14494#primaryimage\",\"url\":\"http:\/\/vg08.met.vgwort.de\/na\/094682ba2bb14f4eb0735ff09764263f\",\"contentUrl\":\"http:\/\/vg08.met.vgwort.de\/na\/094682ba2bb14f4eb0735ff09764263f\"},{\"@type\":\"BreadcrumbList\",\"@id\":\"https:\/\/konsumpf.de\/?p=14494#breadcrumb\",\"itemListElement\":[{\"@type\":\"ListItem\",\"position\":1,\"name\":\"Startseite\",\"item\":\"https:\/\/konsumpf.de\/\"},{\"@type\":\"ListItem\",\"position\":2,\"name\":\"Bringt das was? Neues Tierschutzsiegel im Supermarkt\"}]},{\"@type\":\"WebSite\",\"@id\":\"https:\/\/konsumpf.de\/#website\",\"url\":\"https:\/\/konsumpf.de\/\",\"name\":\"Konsumpf - Forum f\u00fcr kreative Konsumkritik - Culture Jamming, Nachhaltigkeit, Konzernkritik, Adbusting\",\"description\":\"\",\"potentialAction\":[{\"@type\":\"SearchAction\",\"target\":{\"@type\":\"EntryPoint\",\"urlTemplate\":\"https:\/\/konsumpf.de\/?s={search_term_string}\"},\"query-input\":{\"@type\":\"PropertyValueSpecification\",\"valueRequired\":true,\"valueName\":\"search_term_string\"}}],\"inLanguage\":\"de\"},{\"@type\":\"Person\",\"@id\":\"https:\/\/konsumpf.de\/#\/schema\/person\/e595a6d286b26994e7e0926d70699070\",\"name\":\"Peter M.\",\"sameAs\":[\"http:\/\/konsumpf.de\"]}]}<\/script>\n<!-- \/ Yoast SEO plugin. -->","yoast_head_json":{"title":"Bringt das was? Neues Tierschutzsiegel im Supermarkt - Konsumpf - Forum f\u00fcr kreative Konsumkritik - Culture Jamming, Nachhaltigkeit, Konzernkritik, Adbusting","robots":{"index":"index","follow":"follow","max-snippet":"max-snippet:-1","max-image-preview":"max-image-preview:large","max-video-preview":"max-video-preview:-1"},"canonical":"https:\/\/konsumpf.de\/?p=14494","og_locale":"de_DE","og_type":"article","og_title":"Bringt das was? Neues Tierschutzsiegel im Supermarkt - Konsumpf - Forum f\u00fcr kreative Konsumkritik - Culture Jamming, Nachhaltigkeit, Konzernkritik, Adbusting","og_description":"Heute will ich mal eine Entwicklung im Lebensmittelsektor zur Diskussion stellen, bei der man sich sicherlich die K\u00f6pfe hei\u00df reden kann. So im Grunde und an und f\u00fcr sich sind sicherlich die meisten Menschen gegen die sog. Massentierhaltung \u2013 auch wenn sie beim Einkaufen trotzdem zu dem Billigfleisch greifen und sich somit \u00fcber die niedrigen [&hellip;]","og_url":"https:\/\/konsumpf.de\/?p=14494","og_site_name":"Konsumpf - Forum f\u00fcr kreative Konsumkritik - Culture Jamming, Nachhaltigkeit, Konzernkritik, Adbusting","article_published_time":"2012-11-30T08:49:34+00:00","article_modified_time":"2012-12-11T12:27:15+00:00","og_image":[{"url":"http:\/\/vg08.met.vgwort.de\/na\/094682ba2bb14f4eb0735ff09764263f","type":"","width":"","height":""}],"author":"Peter M.","twitter_card":"summary_large_image","twitter_misc":{"Verfasst von":"Peter M.","Gesch\u00e4tzte Lesezeit":"2\u00a0Minuten"},"schema":{"@context":"https:\/\/schema.org","@graph":[{"@type":"WebPage","@id":"https:\/\/konsumpf.de\/?p=14494","url":"https:\/\/konsumpf.de\/?p=14494","name":"Bringt das was? Neues Tierschutzsiegel im Supermarkt - Konsumpf - Forum f\u00fcr kreative Konsumkritik - Culture Jamming, Nachhaltigkeit, Konzernkritik, Adbusting","isPartOf":{"@id":"https:\/\/konsumpf.de\/#website"},"primaryImageOfPage":{"@id":"https:\/\/konsumpf.de\/?p=14494#primaryimage"},"image":{"@id":"https:\/\/konsumpf.de\/?p=14494#primaryimage"},"thumbnailUrl":"http:\/\/vg08.met.vgwort.de\/na\/094682ba2bb14f4eb0735ff09764263f","datePublished":"2012-11-30T08:49:34+00:00","dateModified":"2012-12-11T12:27:15+00:00","author":{"@id":"https:\/\/konsumpf.de\/#\/schema\/person\/e595a6d286b26994e7e0926d70699070"},"breadcrumb":{"@id":"https:\/\/konsumpf.de\/?p=14494#breadcrumb"},"inLanguage":"de","potentialAction":[{"@type":"ReadAction","target":["https:\/\/konsumpf.de\/?p=14494"]}]},{"@type":"ImageObject","inLanguage":"de","@id":"https:\/\/konsumpf.de\/?p=14494#primaryimage","url":"http:\/\/vg08.met.vgwort.de\/na\/094682ba2bb14f4eb0735ff09764263f","contentUrl":"http:\/\/vg08.met.vgwort.de\/na\/094682ba2bb14f4eb0735ff09764263f"},{"@type":"BreadcrumbList","@id":"https:\/\/konsumpf.de\/?p=14494#breadcrumb","itemListElement":[{"@type":"ListItem","position":1,"name":"Startseite","item":"https:\/\/konsumpf.de\/"},{"@type":"ListItem","position":2,"name":"Bringt das was? Neues Tierschutzsiegel im Supermarkt"}]},{"@type":"WebSite","@id":"https:\/\/konsumpf.de\/#website","url":"https:\/\/konsumpf.de\/","name":"Konsumpf - Forum f\u00fcr kreative Konsumkritik - Culture Jamming, Nachhaltigkeit, Konzernkritik, Adbusting","description":"","potentialAction":[{"@type":"SearchAction","target":{"@type":"EntryPoint","urlTemplate":"https:\/\/konsumpf.de\/?s={search_term_string}"},"query-input":{"@type":"PropertyValueSpecification","valueRequired":true,"valueName":"search_term_string"}}],"inLanguage":"de"},{"@type":"Person","@id":"https:\/\/konsumpf.de\/#\/schema\/person\/e595a6d286b26994e7e0926d70699070","name":"Peter M.","sameAs":["http:\/\/konsumpf.de"]}]}},"_links":{"self":[{"href":"https:\/\/konsumpf.de\/index.php?rest_route=\/wp\/v2\/posts\/14494"}],"collection":[{"href":"https:\/\/konsumpf.de\/index.php?rest_route=\/wp\/v2\/posts"}],"about":[{"href":"https:\/\/konsumpf.de\/index.php?rest_route=\/wp\/v2\/types\/post"}],"author":[{"embeddable":true,"href":"https:\/\/konsumpf.de\/index.php?rest_route=\/wp\/v2\/users\/1"}],"replies":[{"embeddable":true,"href":"https:\/\/konsumpf.de\/index.php?rest_route=%2Fwp%2Fv2%2Fcomments&post=14494"}],"version-history":[{"count":8,"href":"https:\/\/konsumpf.de\/index.php?rest_route=\/wp\/v2\/posts\/14494\/revisions"}],"predecessor-version":[{"id":14566,"href":"https:\/\/konsumpf.de\/index.php?rest_route=\/wp\/v2\/posts\/14494\/revisions\/14566"}],"wp:attachment":[{"href":"https:\/\/konsumpf.de\/index.php?rest_route=%2Fwp%2Fv2%2Fmedia&parent=14494"}],"wp:term":[{"taxonomy":"category","embeddable":true,"href":"https:\/\/konsumpf.de\/index.php?rest_route=%2Fwp%2Fv2%2Fcategories&post=14494"},{"taxonomy":"post_tag","embeddable":true,"href":"https:\/\/konsumpf.de\/index.php?rest_route=%2Fwp%2Fv2%2Ftags&post=14494"}],"curies":[{"name":"wp","href":"https:\/\/api.w.org\/{rel}","templated":true}]}}