{"id":14393,"date":"2012-10-28T09:42:15","date_gmt":"2012-10-28T08:42:15","guid":{"rendered":"http:\/\/konsumpf.de\/?p=14393"},"modified":"2012-10-27T12:51:10","modified_gmt":"2012-10-27T10:51:10","slug":"fur-eine-plurale-vwl","status":"publish","type":"post","link":"https:\/\/konsumpf.de\/?p=14393","title":{"rendered":"F\u00fcr eine plurale VWL"},"content":{"rendered":"<p>Ab und an stimme ich hier im Blog ja auch mein Klagelied dar\u00fcber an, dass die sog. Wirtschafts\u201ewissenschaften\u201c VWL &amp; BWL letztlich nur eine einseitige ideologische Zurichtung junger Menschen auf den neoliberalen Marktkampf darstellen und keineswegs eine kritische Auseinandersetzung mit herrschenden Dogmen f\u00f6rdern. Das war bereits zu meiner Zeit an der Uni so, und das hat sich bis heute, \u201eDank\u201c Bachelor etc. nicht verbessert. Darum wundert es mich auch nicht, dass es inzwischen vermehrt Versuche gibt, VWL aus dieser Sackgasse herauszubringen. Wie die Aktion \u201e<a href=\"http:\/\/www.plurale-oekonomik.de\/\"><strong>Netzwerk Plurale \u00d6konomik<\/strong><\/a>\u201c:<\/p>\n<blockquote><p>Das Netzwerk Plurale \u00d6konomik ist ein Zusammenschluss von Initiativen, die sich f\u00fcr eine Ver\u00e4nderung innerhalb der Volkswirtschaftslehre einsetzen. Der gemeinsame Nenner ist der <a title=\"Der offene Brief\" href=\"http:\/\/www.plurale-oekonomik.de\/?page_id=4\">offene Brief<\/a>, der die Notwendigkeit einer Neugestaltung der Volkswirtschaftslehre unter den Vorzeichen von Theorien- und Methodenvielfalt sowie Selbstreflexion verdeutlicht.<\/p>\n<p><strong>Mittel zur Erreichung dieses Zieles<\/strong><\/p>\n<ul>\n<li>Offener Brief sowie systematische \u00dcberpr\u00fcfung der Forderungen an einzelnen Universit\u00e4ten<\/li>\n<li>Multiplikation erfolgreicher Veranstaltungen der Netzwerkmitglieder, z.B.: Vorlesungen, Seminare, Vortragsreihen, Kongresse<\/li>\n<li>Entwicklung alternativer Lehrmodule<\/li>\n<li>Aufbau und einer gemeinsamen Literatur- und Materialsammlung<\/li>\n<li>Ausbau der derzeitigen Homepage, z.B. \u00dcberblickskarte existierender Gruppen und plurale Studieng\u00e4nge<\/li>\n<li>Regelm\u00e4\u00dfige Treffen<\/li>\n<li>Erweiterung des Netzwerkes durch neue Mitglieder<\/li>\n<\/ul>\n<p>Der vorherrschende Modellplatonismus, mangelnde Selbstreflexion und fehlende Methoden- und Theorienvielfalt haben nicht nur unser Fach in eine Sackgasse gef\u00fchrt: die Einseitigkeit \u00f6konomischen Denkens tr\u00e4gt auch zur anhaltenden Wirtschaftskrise und der damit einhergehenden Perspektivlosigkeit bei. Mit dem offenen Brief wollen wir, Studierende und Lehrende der Volkswirtschaftslehre, auf den alarmierenden Zustand unseres Faches aufmerksam machen und konstruktiv an der Neugestaltung der Volkswirtschaftslehre mitwirken.<\/p><\/blockquote>\n<p>Dazu passt auch der Beitrag von <strong>ZDF info<\/strong> \u00fcber den beklagenswerten Zustand der VWL (man muss schon staunen, dass es wirklich Leute gibt, die glauben, eine komplexe Gesellschaft mit Hilfe von Formeln erfassen zu k\u00f6nnen). Inwieweit die Wirtschafts\u201ewissenschaften\u201c zu retten sind und ob sie nicht Teil des Problems sind, das sie zu bek\u00e4mofen vorgeben, ist eine spannende Frage:<\/p>\n<p>&nbsp;<br \/>\n<div class=\"lyte-wrapper\" style=\"width:560px;max-width:100%;margin:5px;\"><div class=\"lyMe\" id=\"WYL_ykqBX8j4dUM\"><div id=\"lyte_ykqBX8j4dUM\" data-src=\"\/\/i.ytimg.com\/vi\/ykqBX8j4dUM\/hqdefault.jpg\" class=\"pL\"><div class=\"tC\"><div class=\"tT\"><\/div><\/div><div class=\"play\"><\/div><div class=\"ctrl\"><div class=\"Lctrl\"><\/div><div class=\"Rctrl\"><\/div><\/div><\/div><noscript><a href=\"https:\/\/youtu.be\/ykqBX8j4dUM\" rel=\"nofollow\"><img loading=\"lazy\" decoding=\"async\" src=\"https:\/\/i.ytimg.com\/vi\/ykqBX8j4dUM\/0.jpg\" alt=\"YouTube-Video-Thumbnail\" width=\"560\" height=\"295\" \/><br \/>Dieses Video auf YouTube ansehen<\/a><\/noscript><\/div><\/div><div class=\"lL\" style=\"max-width:100%;width:560px;margin:5px;\"><\/div><\/p>\n<h3 class='related_post_title'>Verwandte Beitr\u00e4ge:<\/h3><ul class='related_post'><li><a href=\"http:\/\/konsumpf.de\/?p=1554\" title=\"\u201eKurvendiagramm, dein Wille geschehe\u201c \u2013 Gedanken zur Lehre der Wirtschafts\u201ewissenschaften\u201c\">\u201eKurvendiagramm, dein Wille geschehe\u201c \u2013 Gedanken zur Lehre der Wirtschafts\u201ewissenschaften\u201c<\/a><\/li><li><a href=\"http:\/\/konsumpf.de\/?p=13382\" title=\"Lesetipps: Krise und Wahn | 147 Konzerne kontrollieren die Wirtschaft | Fundamentalisten | \u00d6ko\">Lesetipps: Krise und Wahn | 147 Konzerne kontrollieren die Wirtschaft | Fundamentalisten | \u00d6ko<\/a><\/li><li><a href=\"http:\/\/konsumpf.de\/?p=8870\" title=\"Lesetipps: \u201eDie Diktatur des Lebenslaufs\u201c \/ \u201eWelch hoffnungsloses Menschenbild!\u201c \/ Feuchte Luft und Hundekot k\u00f6nnen Strom liefern\">Lesetipps: \u201eDie Diktatur des Lebenslaufs\u201c \/ \u201eWelch hoffnungsloses Menschenbild!\u201c \/ Feuchte Luft und Hundekot k\u00f6nnen Strom liefern<\/a><\/li><li><a href=\"http:\/\/konsumpf.de\/?p=8977\" title=\"Radiotipps: \u201eEssen \u2013 wie wir get\u00e4uscht werden\u201c und \u201eAbschied vom Homo Oeconomicus\u201c \">Radiotipps: \u201eEssen \u2013 wie wir get\u00e4uscht werden\u201c und \u201eAbschied vom Homo Oeconomicus\u201c <\/a><\/li><li><a href=\"http:\/\/konsumpf.de\/?p=8084\" title=\"In was f\u00fcr einer Gesellschaft leben wir eigentlich? 1\/2\">In was f\u00fcr einer Gesellschaft leben wir eigentlich? 1\/2<\/a><\/li><\/ul>","protected":false},"excerpt":{"rendered":"<p>Ab und an stimme ich hier im Blog ja auch mein Klagelied dar\u00fcber an, dass die sog. Wirtschafts\u201ewissenschaften\u201c VWL &amp; BWL letztlich nur eine einseitige ideologische Zurichtung junger Menschen auf den neoliberalen Marktkampf darstellen und keineswegs eine kritische Auseinandersetzung mit herrschenden Dogmen f\u00f6rdern. Das war bereits zu meiner Zeit an der Uni so, und das [&hellip;]<\/p>\n","protected":false},"author":1,"featured_media":0,"comment_status":"open","ping_status":"open","sticky":false,"template":"","format":"standard","meta":{"footnotes":""},"categories":[259,78],"tags":[303,2642,427,1134,304,1423],"yoast_head":"<!-- This site is optimized with the Yoast SEO plugin v24.4 - https:\/\/yoast.com\/wordpress\/plugins\/seo\/ -->\n<title>F\u00fcr eine plurale VWL - Konsumpf - Forum f\u00fcr kreative Konsumkritik - Culture Jamming, Nachhaltigkeit, Konzernkritik, Adbusting<\/title>\n<meta name=\"robots\" content=\"index, follow, max-snippet:-1, max-image-preview:large, max-video-preview:-1\" \/>\n<link rel=\"canonical\" href=\"https:\/\/konsumpf.de\/?p=14393\" \/>\n<meta property=\"og:locale\" content=\"de_DE\" \/>\n<meta property=\"og:type\" content=\"article\" \/>\n<meta property=\"og:title\" content=\"F\u00fcr eine plurale VWL - Konsumpf - Forum f\u00fcr kreative Konsumkritik - Culture Jamming, Nachhaltigkeit, Konzernkritik, Adbusting\" \/>\n<meta property=\"og:description\" content=\"Ab und an stimme ich hier im Blog ja auch mein Klagelied dar\u00fcber an, dass die sog. Wirtschafts\u201ewissenschaften\u201c VWL &amp; BWL letztlich nur eine einseitige ideologische Zurichtung junger Menschen auf den neoliberalen Marktkampf darstellen und keineswegs eine kritische Auseinandersetzung mit herrschenden Dogmen f\u00f6rdern. Das war bereits zu meiner Zeit an der Uni so, und das [&hellip;]\" \/>\n<meta property=\"og:url\" content=\"https:\/\/konsumpf.de\/?p=14393\" \/>\n<meta property=\"og:site_name\" content=\"Konsumpf - Forum f\u00fcr kreative Konsumkritik - Culture Jamming, Nachhaltigkeit, Konzernkritik, Adbusting\" \/>\n<meta property=\"article:published_time\" content=\"2012-10-28T08:42:15+00:00\" \/>\n<meta name=\"author\" content=\"Peter M.\" \/>\n<meta name=\"twitter:card\" content=\"summary_large_image\" \/>\n<meta name=\"twitter:label1\" content=\"Verfasst von\" \/>\n\t<meta name=\"twitter:data1\" content=\"Peter M.\" \/>\n\t<meta name=\"twitter:label2\" content=\"Gesch\u00e4tzte Lesezeit\" \/>\n\t<meta name=\"twitter:data2\" content=\"2\u00a0Minuten\" \/>\n<script type=\"application\/ld+json\" class=\"yoast-schema-graph\">{\"@context\":\"https:\/\/schema.org\",\"@graph\":[{\"@type\":\"WebPage\",\"@id\":\"https:\/\/konsumpf.de\/?p=14393\",\"url\":\"https:\/\/konsumpf.de\/?p=14393\",\"name\":\"F\u00fcr eine plurale VWL - Konsumpf - Forum f\u00fcr kreative Konsumkritik - Culture Jamming, Nachhaltigkeit, Konzernkritik, Adbusting\",\"isPartOf\":{\"@id\":\"https:\/\/konsumpf.de\/#website\"},\"datePublished\":\"2012-10-28T08:42:15+00:00\",\"author\":{\"@id\":\"https:\/\/konsumpf.de\/#\/schema\/person\/e595a6d286b26994e7e0926d70699070\"},\"breadcrumb\":{\"@id\":\"https:\/\/konsumpf.de\/?p=14393#breadcrumb\"},\"inLanguage\":\"de\",\"potentialAction\":[{\"@type\":\"ReadAction\",\"target\":[\"https:\/\/konsumpf.de\/?p=14393\"]}]},{\"@type\":\"BreadcrumbList\",\"@id\":\"https:\/\/konsumpf.de\/?p=14393#breadcrumb\",\"itemListElement\":[{\"@type\":\"ListItem\",\"position\":1,\"name\":\"Startseite\",\"item\":\"https:\/\/konsumpf.de\/\"},{\"@type\":\"ListItem\",\"position\":2,\"name\":\"F\u00fcr eine plurale VWL\"}]},{\"@type\":\"WebSite\",\"@id\":\"https:\/\/konsumpf.de\/#website\",\"url\":\"https:\/\/konsumpf.de\/\",\"name\":\"Konsumpf - Forum f\u00fcr kreative Konsumkritik - Culture Jamming, Nachhaltigkeit, Konzernkritik, Adbusting\",\"description\":\"\",\"potentialAction\":[{\"@type\":\"SearchAction\",\"target\":{\"@type\":\"EntryPoint\",\"urlTemplate\":\"https:\/\/konsumpf.de\/?s={search_term_string}\"},\"query-input\":{\"@type\":\"PropertyValueSpecification\",\"valueRequired\":true,\"valueName\":\"search_term_string\"}}],\"inLanguage\":\"de\"},{\"@type\":\"Person\",\"@id\":\"https:\/\/konsumpf.de\/#\/schema\/person\/e595a6d286b26994e7e0926d70699070\",\"name\":\"Peter M.\",\"sameAs\":[\"http:\/\/konsumpf.de\"]}]}<\/script>\n<!-- \/ Yoast SEO plugin. -->","yoast_head_json":{"title":"F\u00fcr eine plurale VWL - Konsumpf - Forum f\u00fcr kreative Konsumkritik - Culture Jamming, Nachhaltigkeit, Konzernkritik, Adbusting","robots":{"index":"index","follow":"follow","max-snippet":"max-snippet:-1","max-image-preview":"max-image-preview:large","max-video-preview":"max-video-preview:-1"},"canonical":"https:\/\/konsumpf.de\/?p=14393","og_locale":"de_DE","og_type":"article","og_title":"F\u00fcr eine plurale VWL - Konsumpf - Forum f\u00fcr kreative Konsumkritik - Culture Jamming, Nachhaltigkeit, Konzernkritik, Adbusting","og_description":"Ab und an stimme ich hier im Blog ja auch mein Klagelied dar\u00fcber an, dass die sog. Wirtschafts\u201ewissenschaften\u201c VWL &amp; BWL letztlich nur eine einseitige ideologische Zurichtung junger Menschen auf den neoliberalen Marktkampf darstellen und keineswegs eine kritische Auseinandersetzung mit herrschenden Dogmen f\u00f6rdern. Das war bereits zu meiner Zeit an der Uni so, und das [&hellip;]","og_url":"https:\/\/konsumpf.de\/?p=14393","og_site_name":"Konsumpf - Forum f\u00fcr kreative Konsumkritik - Culture Jamming, Nachhaltigkeit, Konzernkritik, Adbusting","article_published_time":"2012-10-28T08:42:15+00:00","author":"Peter M.","twitter_card":"summary_large_image","twitter_misc":{"Verfasst von":"Peter M.","Gesch\u00e4tzte Lesezeit":"2\u00a0Minuten"},"schema":{"@context":"https:\/\/schema.org","@graph":[{"@type":"WebPage","@id":"https:\/\/konsumpf.de\/?p=14393","url":"https:\/\/konsumpf.de\/?p=14393","name":"F\u00fcr eine plurale VWL - Konsumpf - Forum f\u00fcr kreative Konsumkritik - Culture Jamming, Nachhaltigkeit, Konzernkritik, Adbusting","isPartOf":{"@id":"https:\/\/konsumpf.de\/#website"},"datePublished":"2012-10-28T08:42:15+00:00","author":{"@id":"https:\/\/konsumpf.de\/#\/schema\/person\/e595a6d286b26994e7e0926d70699070"},"breadcrumb":{"@id":"https:\/\/konsumpf.de\/?p=14393#breadcrumb"},"inLanguage":"de","potentialAction":[{"@type":"ReadAction","target":["https:\/\/konsumpf.de\/?p=14393"]}]},{"@type":"BreadcrumbList","@id":"https:\/\/konsumpf.de\/?p=14393#breadcrumb","itemListElement":[{"@type":"ListItem","position":1,"name":"Startseite","item":"https:\/\/konsumpf.de\/"},{"@type":"ListItem","position":2,"name":"F\u00fcr eine plurale VWL"}]},{"@type":"WebSite","@id":"https:\/\/konsumpf.de\/#website","url":"https:\/\/konsumpf.de\/","name":"Konsumpf - Forum f\u00fcr kreative Konsumkritik - Culture Jamming, Nachhaltigkeit, Konzernkritik, Adbusting","description":"","potentialAction":[{"@type":"SearchAction","target":{"@type":"EntryPoint","urlTemplate":"https:\/\/konsumpf.de\/?s={search_term_string}"},"query-input":{"@type":"PropertyValueSpecification","valueRequired":true,"valueName":"search_term_string"}}],"inLanguage":"de"},{"@type":"Person","@id":"https:\/\/konsumpf.de\/#\/schema\/person\/e595a6d286b26994e7e0926d70699070","name":"Peter M.","sameAs":["http:\/\/konsumpf.de"]}]}},"_links":{"self":[{"href":"https:\/\/konsumpf.de\/index.php?rest_route=\/wp\/v2\/posts\/14393"}],"collection":[{"href":"https:\/\/konsumpf.de\/index.php?rest_route=\/wp\/v2\/posts"}],"about":[{"href":"https:\/\/konsumpf.de\/index.php?rest_route=\/wp\/v2\/types\/post"}],"author":[{"embeddable":true,"href":"https:\/\/konsumpf.de\/index.php?rest_route=\/wp\/v2\/users\/1"}],"replies":[{"embeddable":true,"href":"https:\/\/konsumpf.de\/index.php?rest_route=%2Fwp%2Fv2%2Fcomments&post=14393"}],"version-history":[{"count":1,"href":"https:\/\/konsumpf.de\/index.php?rest_route=\/wp\/v2\/posts\/14393\/revisions"}],"predecessor-version":[{"id":14394,"href":"https:\/\/konsumpf.de\/index.php?rest_route=\/wp\/v2\/posts\/14393\/revisions\/14394"}],"wp:attachment":[{"href":"https:\/\/konsumpf.de\/index.php?rest_route=%2Fwp%2Fv2%2Fmedia&parent=14393"}],"wp:term":[{"taxonomy":"category","embeddable":true,"href":"https:\/\/konsumpf.de\/index.php?rest_route=%2Fwp%2Fv2%2Fcategories&post=14393"},{"taxonomy":"post_tag","embeddable":true,"href":"https:\/\/konsumpf.de\/index.php?rest_route=%2Fwp%2Fv2%2Ftags&post=14393"}],"curies":[{"name":"wp","href":"https:\/\/api.w.org\/{rel}","templated":true}]}}