{"id":14301,"date":"2012-09-20T09:22:36","date_gmt":"2012-09-20T07:22:36","guid":{"rendered":"http:\/\/konsumpf.de\/?p=14301"},"modified":"2012-09-19T17:25:34","modified_gmt":"2012-09-19T15:25:34","slug":"die-energiewende-als-unsoziales-projekt-auf-dem-rucken-der-burger","status":"publish","type":"post","link":"https:\/\/konsumpf.de\/?p=14301","title":{"rendered":"Die Energiewende als unsoziales Projekt auf dem R\u00fccken der B\u00fcrger"},"content":{"rendered":"<p>Ja, heute gleich mal wieder ein Beitrag, der einen die Haare zu Berge stehen l\u00e4sst \u2013 das BR-Magazin <strong>quer<\/strong> hat sich frisch aus der Sommerpause gleich mit einigen hei\u00dfen Eisen befasst, beispielsweise der Energiewende, die in Deutschland zu Lasten der B\u00fcrger und zum Vorteil der Konzerne durchgef\u00fchrt wird. Das ist zwar schon etwas l\u00e4nger bekannt, aber so kompakt auf den Punkt wurde das selten gezeigt wie hier. Da f\u00e4llt mir nichts mehr zu ein&#8230; \u201e<a href=\"http:\/\/blog.br.de\/quer\/oko-paradox-geld-sparen-mit-stromverschwendung-13092012.html\"><strong>\u00d6ko-Paradox: Geld sparen mit Stromverschwendung<\/strong><\/a>\u201c<\/p>\n<blockquote><p>Letztes Jahr sagte Angela Merkel, die Umlage f\u00fcr den \u00d6kostrom w\u00fcrde nicht mehr steigen. Jetzt steigt der Strompreis aber wieder gewaltig. Nur f\u00fcr Privathaushalte, wohlgemerkt. Eine steigende Anzahl \u201cenergieintensiver\u201d Unternehmen wird davon befreit. Das Paradoxe am \u00d6kostrom: \u00f6kologisch handelnde Firmen werden f\u00fcr ihre Nachhaltigkeitsbem\u00fchungen bestraft. So wie Helmut Drechsel aus Oberfranken. Er hat in einen energiesparenden Maschinenpark investiert und bleibt dadurch unter der Befreiungsgrenze. Gleichzeitig beobachtet er, wie manche Betriebe ihre Maschinen jetzt sogar extra Tag und Nacht leer laufen lassen, nur um die Befreiungsgrenze zu \u00fcberschreiten.<\/p><\/blockquote>\n<p>&nbsp;<div class=\"lyte-wrapper\" style=\"width:560px;max-width:100%;margin:5px;\"><div class=\"lyMe\" id=\"WYL_uhGQeL56GrA\"><div id=\"lyte_uhGQeL56GrA\" data-src=\"\/\/i.ytimg.com\/vi\/uhGQeL56GrA\/hqdefault.jpg\" class=\"pL\"><div class=\"tC\"><div class=\"tT\"><\/div><\/div><div class=\"play\"><\/div><div class=\"ctrl\"><div class=\"Lctrl\"><\/div><div class=\"Rctrl\"><\/div><\/div><\/div><noscript><a href=\"https:\/\/youtu.be\/uhGQeL56GrA\" rel=\"nofollow\"><img loading=\"lazy\" decoding=\"async\" src=\"https:\/\/i.ytimg.com\/vi\/uhGQeL56GrA\/0.jpg\" alt=\"YouTube-Video-Thumbnail\" width=\"560\" height=\"295\" \/><br \/>Dieses Video auf YouTube ansehen<\/a><\/noscript><\/div><\/div><div class=\"lL\" style=\"max-width:100%;width:560px;margin:5px;\"><\/div><\/p>\n<h3 class='related_post_title'>Verwandte Beitr\u00e4ge:<\/h3><ul class='related_post'><li><a href=\"http:\/\/konsumpf.de\/?p=14143\" title=\"Blockade: Wie die Stromriesen die Energiewende sabotieren\">Blockade: Wie die Stromriesen die Energiewende sabotieren<\/a><\/li><li><a href=\"http:\/\/konsumpf.de\/?p=11982\" title=\"RWE, die \u00dcberallmitmischer\">RWE, die \u00dcberallmitmischer<\/a><\/li><li><a href=\"http:\/\/konsumpf.de\/?p=11629\" title=\"Krebs durch Atomkraft und Panikmache der Energiekonzerne\">Krebs durch Atomkraft und Panikmache der Energiekonzerne<\/a><\/li><li><a href=\"http:\/\/konsumpf.de\/?p=2099\" title=\"Lobby Control \u2013 Greenwashing-Studie\">Lobby Control \u2013 Greenwashing-Studie<\/a><\/li><li><a href=\"http:\/\/konsumpf.de\/?p=505\" title=\"Schummelstrom \u2013 Entega \/ E.ON\">Schummelstrom \u2013 Entega \/ E.ON<\/a><\/li><\/ul>","protected":false},"excerpt":{"rendered":"<p>Ja, heute gleich mal wieder ein Beitrag, der einen die Haare zu Berge stehen l\u00e4sst \u2013 das BR-Magazin quer hat sich frisch aus der Sommerpause gleich mit einigen hei\u00dfen Eisen befasst, beispielsweise der Energiewende, die in Deutschland zu Lasten der B\u00fcrger und zum Vorteil der Konzerne durchgef\u00fchrt wird. Das ist zwar schon etwas l\u00e4nger bekannt, [&hellip;]<\/p>\n","protected":false},"author":1,"featured_media":0,"comment_status":"open","ping_status":"open","sticky":false,"template":"","format":"standard","meta":{"footnotes":""},"categories":[69,12,16,320,78],"tags":[73,2871,2091,896,616,2884,72,2617],"yoast_head":"<!-- This site is optimized with the Yoast SEO plugin v24.4 - https:\/\/yoast.com\/wordpress\/plugins\/seo\/ -->\n<title>Die Energiewende als unsoziales Projekt auf dem R\u00fccken der B\u00fcrger - Konsumpf - Forum f\u00fcr kreative Konsumkritik - Culture Jamming, Nachhaltigkeit, Konzernkritik, Adbusting<\/title>\n<meta name=\"robots\" content=\"index, follow, max-snippet:-1, max-image-preview:large, max-video-preview:-1\" \/>\n<link rel=\"canonical\" href=\"https:\/\/konsumpf.de\/?p=14301\" \/>\n<meta property=\"og:locale\" content=\"de_DE\" \/>\n<meta property=\"og:type\" content=\"article\" \/>\n<meta property=\"og:title\" content=\"Die Energiewende als unsoziales Projekt auf dem R\u00fccken der B\u00fcrger - Konsumpf - Forum f\u00fcr kreative Konsumkritik - Culture Jamming, Nachhaltigkeit, Konzernkritik, Adbusting\" \/>\n<meta property=\"og:description\" content=\"Ja, heute gleich mal wieder ein Beitrag, der einen die Haare zu Berge stehen l\u00e4sst \u2013 das BR-Magazin quer hat sich frisch aus der Sommerpause gleich mit einigen hei\u00dfen Eisen befasst, beispielsweise der Energiewende, die in Deutschland zu Lasten der B\u00fcrger und zum Vorteil der Konzerne durchgef\u00fchrt wird. Das ist zwar schon etwas l\u00e4nger bekannt, [&hellip;]\" \/>\n<meta property=\"og:url\" content=\"https:\/\/konsumpf.de\/?p=14301\" \/>\n<meta property=\"og:site_name\" content=\"Konsumpf - Forum f\u00fcr kreative Konsumkritik - Culture Jamming, Nachhaltigkeit, Konzernkritik, Adbusting\" \/>\n<meta property=\"article:published_time\" content=\"2012-09-20T07:22:36+00:00\" \/>\n<meta name=\"author\" content=\"Peter M.\" \/>\n<meta name=\"twitter:card\" content=\"summary_large_image\" \/>\n<meta name=\"twitter:label1\" content=\"Verfasst von\" \/>\n\t<meta name=\"twitter:data1\" content=\"Peter M.\" \/>\n\t<meta name=\"twitter:label2\" content=\"Gesch\u00e4tzte Lesezeit\" \/>\n\t<meta name=\"twitter:data2\" content=\"1\u00a0Minute\" \/>\n<script type=\"application\/ld+json\" class=\"yoast-schema-graph\">{\"@context\":\"https:\/\/schema.org\",\"@graph\":[{\"@type\":\"WebPage\",\"@id\":\"https:\/\/konsumpf.de\/?p=14301\",\"url\":\"https:\/\/konsumpf.de\/?p=14301\",\"name\":\"Die Energiewende als unsoziales Projekt auf dem R\u00fccken der B\u00fcrger - Konsumpf - Forum f\u00fcr kreative Konsumkritik - Culture Jamming, Nachhaltigkeit, Konzernkritik, Adbusting\",\"isPartOf\":{\"@id\":\"https:\/\/konsumpf.de\/#website\"},\"datePublished\":\"2012-09-20T07:22:36+00:00\",\"author\":{\"@id\":\"https:\/\/konsumpf.de\/#\/schema\/person\/e595a6d286b26994e7e0926d70699070\"},\"breadcrumb\":{\"@id\":\"https:\/\/konsumpf.de\/?p=14301#breadcrumb\"},\"inLanguage\":\"de\",\"potentialAction\":[{\"@type\":\"ReadAction\",\"target\":[\"https:\/\/konsumpf.de\/?p=14301\"]}]},{\"@type\":\"BreadcrumbList\",\"@id\":\"https:\/\/konsumpf.de\/?p=14301#breadcrumb\",\"itemListElement\":[{\"@type\":\"ListItem\",\"position\":1,\"name\":\"Startseite\",\"item\":\"https:\/\/konsumpf.de\/\"},{\"@type\":\"ListItem\",\"position\":2,\"name\":\"Die Energiewende als unsoziales Projekt auf dem R\u00fccken der B\u00fcrger\"}]},{\"@type\":\"WebSite\",\"@id\":\"https:\/\/konsumpf.de\/#website\",\"url\":\"https:\/\/konsumpf.de\/\",\"name\":\"Konsumpf - Forum f\u00fcr kreative Konsumkritik - Culture Jamming, Nachhaltigkeit, Konzernkritik, Adbusting\",\"description\":\"\",\"potentialAction\":[{\"@type\":\"SearchAction\",\"target\":{\"@type\":\"EntryPoint\",\"urlTemplate\":\"https:\/\/konsumpf.de\/?s={search_term_string}\"},\"query-input\":{\"@type\":\"PropertyValueSpecification\",\"valueRequired\":true,\"valueName\":\"search_term_string\"}}],\"inLanguage\":\"de\"},{\"@type\":\"Person\",\"@id\":\"https:\/\/konsumpf.de\/#\/schema\/person\/e595a6d286b26994e7e0926d70699070\",\"name\":\"Peter M.\",\"sameAs\":[\"http:\/\/konsumpf.de\"]}]}<\/script>\n<!-- \/ Yoast SEO plugin. -->","yoast_head_json":{"title":"Die Energiewende als unsoziales Projekt auf dem R\u00fccken der B\u00fcrger - Konsumpf - Forum f\u00fcr kreative Konsumkritik - Culture Jamming, Nachhaltigkeit, Konzernkritik, Adbusting","robots":{"index":"index","follow":"follow","max-snippet":"max-snippet:-1","max-image-preview":"max-image-preview:large","max-video-preview":"max-video-preview:-1"},"canonical":"https:\/\/konsumpf.de\/?p=14301","og_locale":"de_DE","og_type":"article","og_title":"Die Energiewende als unsoziales Projekt auf dem R\u00fccken der B\u00fcrger - Konsumpf - Forum f\u00fcr kreative Konsumkritik - Culture Jamming, Nachhaltigkeit, Konzernkritik, Adbusting","og_description":"Ja, heute gleich mal wieder ein Beitrag, der einen die Haare zu Berge stehen l\u00e4sst \u2013 das BR-Magazin quer hat sich frisch aus der Sommerpause gleich mit einigen hei\u00dfen Eisen befasst, beispielsweise der Energiewende, die in Deutschland zu Lasten der B\u00fcrger und zum Vorteil der Konzerne durchgef\u00fchrt wird. Das ist zwar schon etwas l\u00e4nger bekannt, [&hellip;]","og_url":"https:\/\/konsumpf.de\/?p=14301","og_site_name":"Konsumpf - Forum f\u00fcr kreative Konsumkritik - Culture Jamming, Nachhaltigkeit, Konzernkritik, Adbusting","article_published_time":"2012-09-20T07:22:36+00:00","author":"Peter M.","twitter_card":"summary_large_image","twitter_misc":{"Verfasst von":"Peter M.","Gesch\u00e4tzte Lesezeit":"1\u00a0Minute"},"schema":{"@context":"https:\/\/schema.org","@graph":[{"@type":"WebPage","@id":"https:\/\/konsumpf.de\/?p=14301","url":"https:\/\/konsumpf.de\/?p=14301","name":"Die Energiewende als unsoziales Projekt auf dem R\u00fccken der B\u00fcrger - Konsumpf - Forum f\u00fcr kreative Konsumkritik - Culture Jamming, Nachhaltigkeit, Konzernkritik, Adbusting","isPartOf":{"@id":"https:\/\/konsumpf.de\/#website"},"datePublished":"2012-09-20T07:22:36+00:00","author":{"@id":"https:\/\/konsumpf.de\/#\/schema\/person\/e595a6d286b26994e7e0926d70699070"},"breadcrumb":{"@id":"https:\/\/konsumpf.de\/?p=14301#breadcrumb"},"inLanguage":"de","potentialAction":[{"@type":"ReadAction","target":["https:\/\/konsumpf.de\/?p=14301"]}]},{"@type":"BreadcrumbList","@id":"https:\/\/konsumpf.de\/?p=14301#breadcrumb","itemListElement":[{"@type":"ListItem","position":1,"name":"Startseite","item":"https:\/\/konsumpf.de\/"},{"@type":"ListItem","position":2,"name":"Die Energiewende als unsoziales Projekt auf dem R\u00fccken der B\u00fcrger"}]},{"@type":"WebSite","@id":"https:\/\/konsumpf.de\/#website","url":"https:\/\/konsumpf.de\/","name":"Konsumpf - Forum f\u00fcr kreative Konsumkritik - Culture Jamming, Nachhaltigkeit, Konzernkritik, Adbusting","description":"","potentialAction":[{"@type":"SearchAction","target":{"@type":"EntryPoint","urlTemplate":"https:\/\/konsumpf.de\/?s={search_term_string}"},"query-input":{"@type":"PropertyValueSpecification","valueRequired":true,"valueName":"search_term_string"}}],"inLanguage":"de"},{"@type":"Person","@id":"https:\/\/konsumpf.de\/#\/schema\/person\/e595a6d286b26994e7e0926d70699070","name":"Peter M.","sameAs":["http:\/\/konsumpf.de"]}]}},"_links":{"self":[{"href":"https:\/\/konsumpf.de\/index.php?rest_route=\/wp\/v2\/posts\/14301"}],"collection":[{"href":"https:\/\/konsumpf.de\/index.php?rest_route=\/wp\/v2\/posts"}],"about":[{"href":"https:\/\/konsumpf.de\/index.php?rest_route=\/wp\/v2\/types\/post"}],"author":[{"embeddable":true,"href":"https:\/\/konsumpf.de\/index.php?rest_route=\/wp\/v2\/users\/1"}],"replies":[{"embeddable":true,"href":"https:\/\/konsumpf.de\/index.php?rest_route=%2Fwp%2Fv2%2Fcomments&post=14301"}],"version-history":[{"count":3,"href":"https:\/\/konsumpf.de\/index.php?rest_route=\/wp\/v2\/posts\/14301\/revisions"}],"predecessor-version":[{"id":14304,"href":"https:\/\/konsumpf.de\/index.php?rest_route=\/wp\/v2\/posts\/14301\/revisions\/14304"}],"wp:attachment":[{"href":"https:\/\/konsumpf.de\/index.php?rest_route=%2Fwp%2Fv2%2Fmedia&parent=14301"}],"wp:term":[{"taxonomy":"category","embeddable":true,"href":"https:\/\/konsumpf.de\/index.php?rest_route=%2Fwp%2Fv2%2Fcategories&post=14301"},{"taxonomy":"post_tag","embeddable":true,"href":"https:\/\/konsumpf.de\/index.php?rest_route=%2Fwp%2Fv2%2Ftags&post=14301"}],"curies":[{"name":"wp","href":"https:\/\/api.w.org\/{rel}","templated":true}]}}