{"id":14220,"date":"2012-08-06T09:27:36","date_gmt":"2012-08-06T07:27:36","guid":{"rendered":"http:\/\/konsumpf.de\/?p=14220"},"modified":"2012-08-06T18:27:24","modified_gmt":"2012-08-06T16:27:24","slug":"abgefahren-vom-ende-des-autos","status":"publish","type":"post","link":"https:\/\/konsumpf.de\/?p=14220","title":{"rendered":"Abgefahren \u2013 vom Ende des Autos"},"content":{"rendered":"<p>Autos sind laut. Sie stinken. Sie sind meist h\u00e4sslich. Sie nehmen viel Platz weg. Sie sind gef\u00e4hrlich. F\u00fcr ihren \u201eLebensraum\u201c, Stra\u00dfen und Parkpl\u00e4tze, muss der Mensch und die Natur weichen. Sie sind \u00f6kologisch bedenklich. <a href=\"http:\/\/konsumpf.de\/?p=5722\">Sie haben viele viele Nachteile<\/a>. Aber sie sind halt irgendwie auch praktisch&#8230; Dass das Zeitalter des Automobils zu Ende geht, dagegen k\u00e4mpfen Politiker auf der ganzen Welt, aber vor allem nat\u00fcrlich in der Autorepublik Deutschland. Und so wird Bahnfahren immer teurer und der \u00d6PNV vielerorts unattraktiv gemacht, so dass vielen Menschen in ihren Vorort-Schlafst\u00e4dten kaum etwas anderes \u00fcbrig bleibt als doch wieder auf den PKW zur\u00fcckzugreifen. Ein spannendes Thema \u2013 dem sich neulich auch Deutschlandradio Kultur in der Sendung \u201e<a href=\"http:\/\/www.dradio.de\/dkultur\/sendungen\/feature\/1789712\/\"><strong>Abgefahren \u2013 vom Ende einer Fortbewegung<\/strong><\/a>\u201c widmete:<\/p>\n<blockquote><p><strong>&#8220;Ich glaube an das Pferd. Das Automobil ist eine vor\u00fcbergehende Erscheinung&#8221;, erkl\u00e4rte Kaiser Wilhelm II. Was, wenn er recht behalten sollte?<br \/>\n<\/strong><\/p>\n<p>Erd\u00f6lknappheit, Klima- und Verkehrskollaps, aber auch die eher hoffnungslosen Versuche der Autoindustrie, mit Akkus und Elektromotoren die Faszination der automobilen Freiheit \u00fcber die Runden zu bringen, scheinen daf\u00fcr zu sprechen.<\/p>\n<p>Allerdings wehrt sich die fahrende Menschheit gegen die drohende Einschr\u00e4nkung oder gar den Verlust der Automobilit\u00e4t. Das Auto hat keine Zukunftschance, also nutzen wir sie.<\/p>\n<p>Regie: Iris Dr\u00f6gekamp<br \/>\nMit: Astrid Meyerfeldt, Rainer Philippi, Ulrich Land u.a.<br \/>\nTon: Johanna Fegert<br \/>\nProduktion: SWR\/NDR 2011<br \/>\nL\u00e4nge: 54&#8243;29<\/p><\/blockquote>\n<p><object width=\"466\" height=\"105\" classid=\"clsid:d27cdb6e-ae6d-11cf-96b8-444553540000\" codebase=\"http:\/\/download.macromedia.com\/pub\/shockwave\/cabs\/flash\/swflash.cab#version=6,0,40,0\"><param name=\"allowFullScreen\" value=\"true\" \/><param name=\"allowscriptaccess\" value=\"always\" \/><param name=\"wmode\" value=\"transparent\" \/><param name=\"src\" value=\"http:\/\/tindeck.com\/player\/v1\/player.swf?trackid=gghf\" \/><param name=\"allowfullscreen\" value=\"true\" \/><embed width=\"466\" height=\"105\" type=\"application\/x-shockwave-flash\" src=\"http:\/\/tindeck.com\/player\/v1\/player.swf?trackid=gghf\" allowFullScreen=\"true\" allowscriptaccess=\"always\" wmode=\"transparent\" allowfullscreen=\"true\" \/><\/object><br \/>\n<a title=\"Upload MP3\" href=\"http:\/\/tindeck.com\/\" target=\"_blank\">Upload MP3<\/a> and <a title=\"download mp3\" href=\"http:\/\/tindeck.com\/\" target=\"_blank\">download MP3<\/a> using <a title=\"Free MP3 hosting\" href=\"http:\/\/tindeck.com\/\" target=\"_blank\">free MP3 hosting<\/a> from Tindeck.<\/p>\n<h3 class='related_post_title'>Verwandte Beitr\u00e4ge:<\/h3><ul class='related_post'><li><a href=\"http:\/\/konsumpf.de\/?p=9955\" title=\"Lesetipps: Umbau der Autoindustrie \/ Planer will Auto aus den K\u00f6pfen bekommen \/ Das \u201ekonfliktfreie\u201c iPhone \/ \u201eSeid faul und militant!\u201c \/ Wie die EU Fair-Trade-Produkte verhindert\">Lesetipps: Umbau der Autoindustrie \/ Planer will Auto aus den K\u00f6pfen bekommen \/ Das \u201ekonfliktfreie\u201c iPhone \/ \u201eSeid faul und militant!\u201c \/ Wie die EU Fair-Trade-Produkte verhindert<\/a><\/li><li><a href=\"http:\/\/konsumpf.de\/?p=13608\" title=\"Lesetipps: Zwangsbeschallung | Deutschland wird amerikanischer | Lernatlas | Gier nach Soja | Kopp\">Lesetipps: Zwangsbeschallung | Deutschland wird amerikanischer | Lernatlas | Gier nach Soja | Kopp<\/a><\/li><li><a href=\"http:\/\/konsumpf.de\/?p=11909\" title=\"Grillen mit Tropenholz\">Grillen mit Tropenholz<\/a><\/li><li><a href=\"http:\/\/konsumpf.de\/?p=10703\" title=\"Weise Worte (25)\">Weise Worte (25)<\/a><\/li><li><a href=\"http:\/\/konsumpf.de\/?p=10435\" title=\"Ethanol-Kamine: Sch\u00e4dlich, unverantwortlich und brandgef\u00e4hrlich\">Ethanol-Kamine: Sch\u00e4dlich, unverantwortlich und brandgef\u00e4hrlich<\/a><\/li><\/ul>","protected":false},"excerpt":{"rendered":"<p>Autos sind laut. Sie stinken. Sie sind meist h\u00e4sslich. Sie nehmen viel Platz weg. Sie sind gef\u00e4hrlich. F\u00fcr ihren \u201eLebensraum\u201c, Stra\u00dfen und Parkpl\u00e4tze, muss der Mensch und die Natur weichen. Sie sind \u00f6kologisch bedenklich. Sie haben viele viele Nachteile. Aber sie sind halt irgendwie auch praktisch&#8230; Dass das Zeitalter des Automobils zu Ende geht, dagegen [&hellip;]<\/p>\n","protected":false},"author":1,"featured_media":0,"comment_status":"open","ping_status":"open","sticky":false,"template":"","format":"standard","meta":{"footnotes":""},"categories":[259,12,568,78],"tags":[318,2603,2601,2600,2502,2602,2868,1102,2886],"yoast_head":"<!-- This site is optimized with the Yoast SEO plugin v24.4 - https:\/\/yoast.com\/wordpress\/plugins\/seo\/ -->\n<title>Abgefahren \u2013 vom Ende des Autos - Konsumpf - Forum f\u00fcr kreative Konsumkritik - Culture Jamming, Nachhaltigkeit, Konzernkritik, Adbusting<\/title>\n<meta name=\"robots\" content=\"index, follow, max-snippet:-1, max-image-preview:large, max-video-preview:-1\" \/>\n<link rel=\"canonical\" href=\"https:\/\/konsumpf.de\/?p=14220\" \/>\n<meta property=\"og:locale\" content=\"de_DE\" \/>\n<meta property=\"og:type\" content=\"article\" \/>\n<meta property=\"og:title\" content=\"Abgefahren \u2013 vom Ende des Autos - Konsumpf - Forum f\u00fcr kreative Konsumkritik - Culture Jamming, Nachhaltigkeit, Konzernkritik, Adbusting\" \/>\n<meta property=\"og:description\" content=\"Autos sind laut. Sie stinken. Sie sind meist h\u00e4sslich. Sie nehmen viel Platz weg. Sie sind gef\u00e4hrlich. F\u00fcr ihren \u201eLebensraum\u201c, Stra\u00dfen und Parkpl\u00e4tze, muss der Mensch und die Natur weichen. Sie sind \u00f6kologisch bedenklich. Sie haben viele viele Nachteile. Aber sie sind halt irgendwie auch praktisch&#8230; Dass das Zeitalter des Automobils zu Ende geht, dagegen [&hellip;]\" \/>\n<meta property=\"og:url\" content=\"https:\/\/konsumpf.de\/?p=14220\" \/>\n<meta property=\"og:site_name\" content=\"Konsumpf - Forum f\u00fcr kreative Konsumkritik - Culture Jamming, Nachhaltigkeit, Konzernkritik, Adbusting\" \/>\n<meta property=\"article:published_time\" content=\"2012-08-06T07:27:36+00:00\" \/>\n<meta property=\"article:modified_time\" content=\"2012-08-06T16:27:24+00:00\" \/>\n<meta name=\"author\" content=\"Peter M.\" \/>\n<meta name=\"twitter:card\" content=\"summary_large_image\" \/>\n<meta name=\"twitter:label1\" content=\"Verfasst von\" \/>\n\t<meta name=\"twitter:data1\" content=\"Peter M.\" \/>\n\t<meta name=\"twitter:label2\" content=\"Gesch\u00e4tzte Lesezeit\" \/>\n\t<meta name=\"twitter:data2\" content=\"1\u00a0Minute\" \/>\n<script type=\"application\/ld+json\" class=\"yoast-schema-graph\">{\"@context\":\"https:\/\/schema.org\",\"@graph\":[{\"@type\":\"WebPage\",\"@id\":\"https:\/\/konsumpf.de\/?p=14220\",\"url\":\"https:\/\/konsumpf.de\/?p=14220\",\"name\":\"Abgefahren \u2013 vom Ende des Autos - Konsumpf - Forum f\u00fcr kreative Konsumkritik - Culture Jamming, Nachhaltigkeit, Konzernkritik, Adbusting\",\"isPartOf\":{\"@id\":\"https:\/\/konsumpf.de\/#website\"},\"datePublished\":\"2012-08-06T07:27:36+00:00\",\"dateModified\":\"2012-08-06T16:27:24+00:00\",\"author\":{\"@id\":\"https:\/\/konsumpf.de\/#\/schema\/person\/e595a6d286b26994e7e0926d70699070\"},\"breadcrumb\":{\"@id\":\"https:\/\/konsumpf.de\/?p=14220#breadcrumb\"},\"inLanguage\":\"de\",\"potentialAction\":[{\"@type\":\"ReadAction\",\"target\":[\"https:\/\/konsumpf.de\/?p=14220\"]}]},{\"@type\":\"BreadcrumbList\",\"@id\":\"https:\/\/konsumpf.de\/?p=14220#breadcrumb\",\"itemListElement\":[{\"@type\":\"ListItem\",\"position\":1,\"name\":\"Startseite\",\"item\":\"https:\/\/konsumpf.de\/\"},{\"@type\":\"ListItem\",\"position\":2,\"name\":\"Abgefahren \u2013 vom Ende des Autos\"}]},{\"@type\":\"WebSite\",\"@id\":\"https:\/\/konsumpf.de\/#website\",\"url\":\"https:\/\/konsumpf.de\/\",\"name\":\"Konsumpf - Forum f\u00fcr kreative Konsumkritik - Culture Jamming, Nachhaltigkeit, Konzernkritik, Adbusting\",\"description\":\"\",\"potentialAction\":[{\"@type\":\"SearchAction\",\"target\":{\"@type\":\"EntryPoint\",\"urlTemplate\":\"https:\/\/konsumpf.de\/?s={search_term_string}\"},\"query-input\":{\"@type\":\"PropertyValueSpecification\",\"valueRequired\":true,\"valueName\":\"search_term_string\"}}],\"inLanguage\":\"de\"},{\"@type\":\"Person\",\"@id\":\"https:\/\/konsumpf.de\/#\/schema\/person\/e595a6d286b26994e7e0926d70699070\",\"name\":\"Peter M.\",\"sameAs\":[\"http:\/\/konsumpf.de\"]}]}<\/script>\n<!-- \/ Yoast SEO plugin. -->","yoast_head_json":{"title":"Abgefahren \u2013 vom Ende des Autos - Konsumpf - Forum f\u00fcr kreative Konsumkritik - Culture Jamming, Nachhaltigkeit, Konzernkritik, Adbusting","robots":{"index":"index","follow":"follow","max-snippet":"max-snippet:-1","max-image-preview":"max-image-preview:large","max-video-preview":"max-video-preview:-1"},"canonical":"https:\/\/konsumpf.de\/?p=14220","og_locale":"de_DE","og_type":"article","og_title":"Abgefahren \u2013 vom Ende des Autos - Konsumpf - Forum f\u00fcr kreative Konsumkritik - Culture Jamming, Nachhaltigkeit, Konzernkritik, Adbusting","og_description":"Autos sind laut. Sie stinken. Sie sind meist h\u00e4sslich. Sie nehmen viel Platz weg. Sie sind gef\u00e4hrlich. F\u00fcr ihren \u201eLebensraum\u201c, Stra\u00dfen und Parkpl\u00e4tze, muss der Mensch und die Natur weichen. Sie sind \u00f6kologisch bedenklich. Sie haben viele viele Nachteile. Aber sie sind halt irgendwie auch praktisch&#8230; Dass das Zeitalter des Automobils zu Ende geht, dagegen [&hellip;]","og_url":"https:\/\/konsumpf.de\/?p=14220","og_site_name":"Konsumpf - Forum f\u00fcr kreative Konsumkritik - Culture Jamming, Nachhaltigkeit, Konzernkritik, Adbusting","article_published_time":"2012-08-06T07:27:36+00:00","article_modified_time":"2012-08-06T16:27:24+00:00","author":"Peter M.","twitter_card":"summary_large_image","twitter_misc":{"Verfasst von":"Peter M.","Gesch\u00e4tzte Lesezeit":"1\u00a0Minute"},"schema":{"@context":"https:\/\/schema.org","@graph":[{"@type":"WebPage","@id":"https:\/\/konsumpf.de\/?p=14220","url":"https:\/\/konsumpf.de\/?p=14220","name":"Abgefahren \u2013 vom Ende des Autos - Konsumpf - Forum f\u00fcr kreative Konsumkritik - Culture Jamming, Nachhaltigkeit, Konzernkritik, Adbusting","isPartOf":{"@id":"https:\/\/konsumpf.de\/#website"},"datePublished":"2012-08-06T07:27:36+00:00","dateModified":"2012-08-06T16:27:24+00:00","author":{"@id":"https:\/\/konsumpf.de\/#\/schema\/person\/e595a6d286b26994e7e0926d70699070"},"breadcrumb":{"@id":"https:\/\/konsumpf.de\/?p=14220#breadcrumb"},"inLanguage":"de","potentialAction":[{"@type":"ReadAction","target":["https:\/\/konsumpf.de\/?p=14220"]}]},{"@type":"BreadcrumbList","@id":"https:\/\/konsumpf.de\/?p=14220#breadcrumb","itemListElement":[{"@type":"ListItem","position":1,"name":"Startseite","item":"https:\/\/konsumpf.de\/"},{"@type":"ListItem","position":2,"name":"Abgefahren \u2013 vom Ende des Autos"}]},{"@type":"WebSite","@id":"https:\/\/konsumpf.de\/#website","url":"https:\/\/konsumpf.de\/","name":"Konsumpf - Forum f\u00fcr kreative Konsumkritik - Culture Jamming, Nachhaltigkeit, Konzernkritik, Adbusting","description":"","potentialAction":[{"@type":"SearchAction","target":{"@type":"EntryPoint","urlTemplate":"https:\/\/konsumpf.de\/?s={search_term_string}"},"query-input":{"@type":"PropertyValueSpecification","valueRequired":true,"valueName":"search_term_string"}}],"inLanguage":"de"},{"@type":"Person","@id":"https:\/\/konsumpf.de\/#\/schema\/person\/e595a6d286b26994e7e0926d70699070","name":"Peter M.","sameAs":["http:\/\/konsumpf.de"]}]}},"_links":{"self":[{"href":"https:\/\/konsumpf.de\/index.php?rest_route=\/wp\/v2\/posts\/14220"}],"collection":[{"href":"https:\/\/konsumpf.de\/index.php?rest_route=\/wp\/v2\/posts"}],"about":[{"href":"https:\/\/konsumpf.de\/index.php?rest_route=\/wp\/v2\/types\/post"}],"author":[{"embeddable":true,"href":"https:\/\/konsumpf.de\/index.php?rest_route=\/wp\/v2\/users\/1"}],"replies":[{"embeddable":true,"href":"https:\/\/konsumpf.de\/index.php?rest_route=%2Fwp%2Fv2%2Fcomments&post=14220"}],"version-history":[{"count":10,"href":"https:\/\/konsumpf.de\/index.php?rest_route=\/wp\/v2\/posts\/14220\/revisions"}],"predecessor-version":[{"id":14230,"href":"https:\/\/konsumpf.de\/index.php?rest_route=\/wp\/v2\/posts\/14220\/revisions\/14230"}],"wp:attachment":[{"href":"https:\/\/konsumpf.de\/index.php?rest_route=%2Fwp%2Fv2%2Fmedia&parent=14220"}],"wp:term":[{"taxonomy":"category","embeddable":true,"href":"https:\/\/konsumpf.de\/index.php?rest_route=%2Fwp%2Fv2%2Fcategories&post=14220"},{"taxonomy":"post_tag","embeddable":true,"href":"https:\/\/konsumpf.de\/index.php?rest_route=%2Fwp%2Fv2%2Ftags&post=14220"}],"curies":[{"name":"wp","href":"https:\/\/api.w.org\/{rel}","templated":true}]}}