{"id":14218,"date":"2012-08-02T09:50:36","date_gmt":"2012-08-02T07:50:36","guid":{"rendered":"http:\/\/konsumpf.de\/?p=14218"},"modified":"2012-08-01T13:04:46","modified_gmt":"2012-08-01T11:04:46","slug":"neo-minimalisten-weniger-ist-mehr","status":"publish","type":"post","link":"https:\/\/konsumpf.de\/?p=14218","title":{"rendered":"Neo-Minimalisten \u2013 Weniger ist mehr"},"content":{"rendered":"<p>Hach, dieser Beitrag von Arte spricht mir nat\u00fcrlich vollstumf\u00e4nglich aus dem Herzen \u2013 auch wenn ich selbst von solch einem Minimalismus, wie er im Film zu sehen ist, noch weit entfernt bin, so entspricht dies doch letztlich dem konsumkritischen Ideal, mit so wenig Dingen wie m\u00f6glich auszukommen. Selbstverst\u00e4ndlich wird es bedeutend schwieriger, so zu leben, wenn man z.B. eine Familie hat \u2013 dann d\u00fcrfte man mit 80 Gegenst\u00e4nden nicht mehr hinkommen. \u201e<a href=\"http:\/\/videos.arte.tv\/de\/videos\/neo_minimialisten_weniger_ist_mehr-6270122.html\"><strong>Neo-Minimalisten \u2014 Weniger ist mehr<\/strong><\/a>\u201c:<\/p>\n<blockquote><p>Der Konsum von Dingen wie M\u00f6bel, Klamotten und DVD\u2019s macht sie nicht gl\u00fccklich, sondern schr\u00e4nkt sie ein. Die <a href=\"http:\/\/thetechnomads.net\/\">Neo-Minimalisten<\/a> wollen gr\u00f6\u00dftm\u00f6gliche individuelle Freiheit und deshalb nur noch mit dem N\u00f6tigsten auskommen. Was bleibt sind ein Bett, ein Schrank und ein Laptop.<\/p><\/blockquote>\n<p><object width=\"500\" height=\"281\" classid=\"clsid:d27cdb6e-ae6d-11cf-96b8-444553540000\" codebase=\"http:\/\/download.macromedia.com\/pub\/shockwave\/cabs\/flash\/swflash.cab#version=6,0,40,0\"><param name=\"allowFullScreen\" value=\"true\" \/><param name=\"allowscriptaccess\" value=\"always\" \/><param name=\"src\" value=\"http:\/\/www.youtube.com\/v\/u4n_6-mbMd8?version=3&amp;hl=de_DE\" \/><param name=\"allowfullscreen\" value=\"true\" \/><embed width=\"500\" height=\"281\" type=\"application\/x-shockwave-flash\" src=\"http:\/\/www.youtube.com\/v\/u4n_6-mbMd8?version=3&amp;hl=de_DE\" allowFullScreen=\"true\" allowscriptaccess=\"always\" allowfullscreen=\"true\" \/><\/object><\/p>\n<h3 class='related_post_title'>Verwandte Beitr\u00e4ge:<\/h3><ul class='related_post'><li><a href=\"http:\/\/konsumpf.de\/?p=15354\" title=\"Die besten Weihnachtsgeschenketipps aller Zeiten\">Die besten Weihnachtsgeschenketipps aller Zeiten<\/a><\/li><li><a href=\"http:\/\/konsumpf.de\/?p=15133\" title=\"\u00dcberdruss im \u00dcberfluss \u2013 Vom Ende der Konsumkultur\">\u00dcberdruss im \u00dcberfluss \u2013 Vom Ende der Konsumkultur<\/a><\/li><li><a href=\"http:\/\/konsumpf.de\/?p=15001\" title=\"Wir brauchen mehr Konsum!\">Wir brauchen mehr Konsum!<\/a><\/li><li><a href=\"http:\/\/konsumpf.de\/?p=14866\" title=\"Die 20 gr\u00f6\u00dften Konsums\u00fcnden\">Die 20 gr\u00f6\u00dften Konsums\u00fcnden<\/a><\/li><li><a href=\"http:\/\/konsumpf.de\/?p=14666\" title=\"Lesetipps: \u00dcberwachungsstaat USA | Freiheit | Anarchismus | Arbeit | Faire Klamotten | Unn\u00fctze Geschenke\">Lesetipps: \u00dcberwachungsstaat USA | Freiheit | Anarchismus | Arbeit | Faire Klamotten | Unn\u00fctze Geschenke<\/a><\/li><\/ul>","protected":false},"excerpt":{"rendered":"<p>Hach, dieser Beitrag von Arte spricht mir nat\u00fcrlich vollstumf\u00e4nglich aus dem Herzen \u2013 auch wenn ich selbst von solch einem Minimalismus, wie er im Film zu sehen ist, noch weit entfernt bin, so entspricht dies doch letztlich dem konsumkritischen Ideal, mit so wenig Dingen wie m\u00f6glich auszukommen. Selbstverst\u00e4ndlich wird es bedeutend schwieriger, so zu leben, [&hellip;]<\/p>\n","protected":false},"author":1,"featured_media":0,"comment_status":"open","ping_status":"open","sticky":false,"template":"","format":"standard","meta":{"footnotes":""},"categories":[1097,259,4],"tags":[756,2599,58,2854,2598],"yoast_head":"<!-- This site is optimized with the Yoast SEO plugin v24.4 - https:\/\/yoast.com\/wordpress\/plugins\/seo\/ -->\n<title>Neo-Minimalisten \u2013 Weniger ist mehr - Konsumpf - Forum f\u00fcr kreative Konsumkritik - Culture Jamming, Nachhaltigkeit, Konzernkritik, Adbusting<\/title>\n<meta name=\"robots\" content=\"index, follow, max-snippet:-1, max-image-preview:large, max-video-preview:-1\" \/>\n<link rel=\"canonical\" href=\"https:\/\/konsumpf.de\/?p=14218\" \/>\n<meta property=\"og:locale\" content=\"de_DE\" \/>\n<meta property=\"og:type\" content=\"article\" \/>\n<meta property=\"og:title\" content=\"Neo-Minimalisten \u2013 Weniger ist mehr - Konsumpf - Forum f\u00fcr kreative Konsumkritik - Culture Jamming, Nachhaltigkeit, Konzernkritik, Adbusting\" \/>\n<meta property=\"og:description\" content=\"Hach, dieser Beitrag von Arte spricht mir nat\u00fcrlich vollstumf\u00e4nglich aus dem Herzen \u2013 auch wenn ich selbst von solch einem Minimalismus, wie er im Film zu sehen ist, noch weit entfernt bin, so entspricht dies doch letztlich dem konsumkritischen Ideal, mit so wenig Dingen wie m\u00f6glich auszukommen. Selbstverst\u00e4ndlich wird es bedeutend schwieriger, so zu leben, [&hellip;]\" \/>\n<meta property=\"og:url\" content=\"https:\/\/konsumpf.de\/?p=14218\" \/>\n<meta property=\"og:site_name\" content=\"Konsumpf - Forum f\u00fcr kreative Konsumkritik - Culture Jamming, Nachhaltigkeit, Konzernkritik, Adbusting\" \/>\n<meta property=\"article:published_time\" content=\"2012-08-02T07:50:36+00:00\" \/>\n<meta name=\"author\" content=\"Peter M.\" \/>\n<meta name=\"twitter:card\" content=\"summary_large_image\" \/>\n<meta name=\"twitter:label1\" content=\"Verfasst von\" \/>\n\t<meta name=\"twitter:data1\" content=\"Peter M.\" \/>\n\t<meta name=\"twitter:label2\" content=\"Gesch\u00e4tzte Lesezeit\" \/>\n\t<meta name=\"twitter:data2\" content=\"1\u00a0Minute\" \/>\n<script type=\"application\/ld+json\" class=\"yoast-schema-graph\">{\"@context\":\"https:\/\/schema.org\",\"@graph\":[{\"@type\":\"WebPage\",\"@id\":\"https:\/\/konsumpf.de\/?p=14218\",\"url\":\"https:\/\/konsumpf.de\/?p=14218\",\"name\":\"Neo-Minimalisten \u2013 Weniger ist mehr - Konsumpf - Forum f\u00fcr kreative Konsumkritik - Culture Jamming, Nachhaltigkeit, Konzernkritik, Adbusting\",\"isPartOf\":{\"@id\":\"https:\/\/konsumpf.de\/#website\"},\"datePublished\":\"2012-08-02T07:50:36+00:00\",\"author\":{\"@id\":\"https:\/\/konsumpf.de\/#\/schema\/person\/e595a6d286b26994e7e0926d70699070\"},\"breadcrumb\":{\"@id\":\"https:\/\/konsumpf.de\/?p=14218#breadcrumb\"},\"inLanguage\":\"de\",\"potentialAction\":[{\"@type\":\"ReadAction\",\"target\":[\"https:\/\/konsumpf.de\/?p=14218\"]}]},{\"@type\":\"BreadcrumbList\",\"@id\":\"https:\/\/konsumpf.de\/?p=14218#breadcrumb\",\"itemListElement\":[{\"@type\":\"ListItem\",\"position\":1,\"name\":\"Startseite\",\"item\":\"https:\/\/konsumpf.de\/\"},{\"@type\":\"ListItem\",\"position\":2,\"name\":\"Neo-Minimalisten \u2013 Weniger ist mehr\"}]},{\"@type\":\"WebSite\",\"@id\":\"https:\/\/konsumpf.de\/#website\",\"url\":\"https:\/\/konsumpf.de\/\",\"name\":\"Konsumpf - Forum f\u00fcr kreative Konsumkritik - Culture Jamming, Nachhaltigkeit, Konzernkritik, Adbusting\",\"description\":\"\",\"potentialAction\":[{\"@type\":\"SearchAction\",\"target\":{\"@type\":\"EntryPoint\",\"urlTemplate\":\"https:\/\/konsumpf.de\/?s={search_term_string}\"},\"query-input\":{\"@type\":\"PropertyValueSpecification\",\"valueRequired\":true,\"valueName\":\"search_term_string\"}}],\"inLanguage\":\"de\"},{\"@type\":\"Person\",\"@id\":\"https:\/\/konsumpf.de\/#\/schema\/person\/e595a6d286b26994e7e0926d70699070\",\"name\":\"Peter M.\",\"sameAs\":[\"http:\/\/konsumpf.de\"]}]}<\/script>\n<!-- \/ Yoast SEO plugin. -->","yoast_head_json":{"title":"Neo-Minimalisten \u2013 Weniger ist mehr - Konsumpf - Forum f\u00fcr kreative Konsumkritik - Culture Jamming, Nachhaltigkeit, Konzernkritik, Adbusting","robots":{"index":"index","follow":"follow","max-snippet":"max-snippet:-1","max-image-preview":"max-image-preview:large","max-video-preview":"max-video-preview:-1"},"canonical":"https:\/\/konsumpf.de\/?p=14218","og_locale":"de_DE","og_type":"article","og_title":"Neo-Minimalisten \u2013 Weniger ist mehr - Konsumpf - Forum f\u00fcr kreative Konsumkritik - Culture Jamming, Nachhaltigkeit, Konzernkritik, Adbusting","og_description":"Hach, dieser Beitrag von Arte spricht mir nat\u00fcrlich vollstumf\u00e4nglich aus dem Herzen \u2013 auch wenn ich selbst von solch einem Minimalismus, wie er im Film zu sehen ist, noch weit entfernt bin, so entspricht dies doch letztlich dem konsumkritischen Ideal, mit so wenig Dingen wie m\u00f6glich auszukommen. Selbstverst\u00e4ndlich wird es bedeutend schwieriger, so zu leben, [&hellip;]","og_url":"https:\/\/konsumpf.de\/?p=14218","og_site_name":"Konsumpf - Forum f\u00fcr kreative Konsumkritik - Culture Jamming, Nachhaltigkeit, Konzernkritik, Adbusting","article_published_time":"2012-08-02T07:50:36+00:00","author":"Peter M.","twitter_card":"summary_large_image","twitter_misc":{"Verfasst von":"Peter M.","Gesch\u00e4tzte Lesezeit":"1\u00a0Minute"},"schema":{"@context":"https:\/\/schema.org","@graph":[{"@type":"WebPage","@id":"https:\/\/konsumpf.de\/?p=14218","url":"https:\/\/konsumpf.de\/?p=14218","name":"Neo-Minimalisten \u2013 Weniger ist mehr - Konsumpf - Forum f\u00fcr kreative Konsumkritik - Culture Jamming, Nachhaltigkeit, Konzernkritik, Adbusting","isPartOf":{"@id":"https:\/\/konsumpf.de\/#website"},"datePublished":"2012-08-02T07:50:36+00:00","author":{"@id":"https:\/\/konsumpf.de\/#\/schema\/person\/e595a6d286b26994e7e0926d70699070"},"breadcrumb":{"@id":"https:\/\/konsumpf.de\/?p=14218#breadcrumb"},"inLanguage":"de","potentialAction":[{"@type":"ReadAction","target":["https:\/\/konsumpf.de\/?p=14218"]}]},{"@type":"BreadcrumbList","@id":"https:\/\/konsumpf.de\/?p=14218#breadcrumb","itemListElement":[{"@type":"ListItem","position":1,"name":"Startseite","item":"https:\/\/konsumpf.de\/"},{"@type":"ListItem","position":2,"name":"Neo-Minimalisten \u2013 Weniger ist mehr"}]},{"@type":"WebSite","@id":"https:\/\/konsumpf.de\/#website","url":"https:\/\/konsumpf.de\/","name":"Konsumpf - Forum f\u00fcr kreative Konsumkritik - Culture Jamming, Nachhaltigkeit, Konzernkritik, Adbusting","description":"","potentialAction":[{"@type":"SearchAction","target":{"@type":"EntryPoint","urlTemplate":"https:\/\/konsumpf.de\/?s={search_term_string}"},"query-input":{"@type":"PropertyValueSpecification","valueRequired":true,"valueName":"search_term_string"}}],"inLanguage":"de"},{"@type":"Person","@id":"https:\/\/konsumpf.de\/#\/schema\/person\/e595a6d286b26994e7e0926d70699070","name":"Peter M.","sameAs":["http:\/\/konsumpf.de"]}]}},"_links":{"self":[{"href":"https:\/\/konsumpf.de\/index.php?rest_route=\/wp\/v2\/posts\/14218"}],"collection":[{"href":"https:\/\/konsumpf.de\/index.php?rest_route=\/wp\/v2\/posts"}],"about":[{"href":"https:\/\/konsumpf.de\/index.php?rest_route=\/wp\/v2\/types\/post"}],"author":[{"embeddable":true,"href":"https:\/\/konsumpf.de\/index.php?rest_route=\/wp\/v2\/users\/1"}],"replies":[{"embeddable":true,"href":"https:\/\/konsumpf.de\/index.php?rest_route=%2Fwp%2Fv2%2Fcomments&post=14218"}],"version-history":[{"count":1,"href":"https:\/\/konsumpf.de\/index.php?rest_route=\/wp\/v2\/posts\/14218\/revisions"}],"predecessor-version":[{"id":14219,"href":"https:\/\/konsumpf.de\/index.php?rest_route=\/wp\/v2\/posts\/14218\/revisions\/14219"}],"wp:attachment":[{"href":"https:\/\/konsumpf.de\/index.php?rest_route=%2Fwp%2Fv2%2Fmedia&parent=14218"}],"wp:term":[{"taxonomy":"category","embeddable":true,"href":"https:\/\/konsumpf.de\/index.php?rest_route=%2Fwp%2Fv2%2Fcategories&post=14218"},{"taxonomy":"post_tag","embeddable":true,"href":"https:\/\/konsumpf.de\/index.php?rest_route=%2Fwp%2Fv2%2Ftags&post=14218"}],"curies":[{"name":"wp","href":"https:\/\/api.w.org\/{rel}","templated":true}]}}