{"id":14138,"date":"2012-07-04T17:22:51","date_gmt":"2012-07-04T15:22:51","guid":{"rendered":"http:\/\/konsumpf.de\/?p=14138"},"modified":"2012-07-04T17:23:51","modified_gmt":"2012-07-04T15:23:51","slug":"offentlichkeit-unerwunscht-ethecon-kritisiert-blockadehaltung-von-tepco","status":"publish","type":"post","link":"https:\/\/konsumpf.de\/?p=14138","title":{"rendered":"\u00d6ffentlichkeit unerw\u00fcnscht \u2013 ethecon kritisiert Blockadehaltung von TEPCO"},"content":{"rendered":"<p>Heute \u00fcbernehme ich mal einen Artikel des <a href=\"http:\/\/www.kritisches-netzwerk.de\/forum\/oeffentlichkeit-unerwuenscht-ethecon-kritisiert-blockadehaltung-von-tepco-schmaehpreis-tepco\">Kritischen Netzwerks<\/a> \u2013 es geht, gut ein Jahr nach der Atomkatastrophe von Fukushima (die hierzulande fast schon wieder in Vergessenheit geraten ist, wie es eben in einer schnelllebigen Mediengesellschaft so passiert) um <strong>TEPCO<\/strong>, den Betreiber des havarierten Kraftwerks. Wie alle gro\u00dfen Konzerne geht es im prim\u00e4r ums eigene Wohl bzw. das der Aktion\u00e4re. Risiken und Nebenwirkungen f\u00fcr die restliche Bev\u00f6lkerung sind egal.<\/p>\n<blockquote><p><img loading=\"lazy\" decoding=\"async\" class=\"alignright size-thumbnail wp-image-14139\" title=\"ethecon_Logo_dreisprachig\" src=\"http:\/\/konsumpf.de\/wp-content\/uploads\/2012\/07\/ethecon_Logo_dreisprachig-194x250.gif\" alt=\"\" width=\"194\" height=\"250\" srcset=\"https:\/\/konsumpf.de\/wp-content\/uploads\/2012\/07\/ethecon_Logo_dreisprachig-194x250.gif 194w, https:\/\/konsumpf.de\/wp-content\/uploads\/2012\/07\/ethecon_Logo_dreisprachig-233x300.gif 233w, https:\/\/konsumpf.de\/wp-content\/uploads\/2012\/07\/ethecon_Logo_dreisprachig.gif 300w\" sizes=\"(max-width: 194px) 100vw, 194px\" \/>Mehr als ein Jahr nach der Katastrophe von Fukushima hat der atomare Super-GAU noch immer keine ernsthaften Konsequenzen f\u00fcr die Verantwortlichen des Betreiberkonzerns TEPCO gehabt. Der Form halber wurden ein paar Manager ausgetauscht, von strafrechtlichen Konsequenzen ist jedoch nach wie vor keine Rede. Nun versucht der Konzern sogar, das Datum seiner anstehenden Aktion\u00e4rsversammlung geheim zu halten &#8211; offenkundig, um Proteste zu erschweren.<\/p>\n<p>In den vergangenen Jahren hat der TEPCO-Konzern seine Hauptversammlung regelm\u00e4\u00dfig Ende Juni veranstaltet. Im letzten Jahr fand sie am 28. Juni statt. 2011 stand die Hauptversammlung im Zeichen massiver \u00f6ffentlicher Proteste. Diese sollen in 2012 offenbar weitestgehend verunm\u00f6glicht werden. TEPCO hatte zun\u00e4chst den genauen HV-Termin noch nicht bekannt gegeben. Auf direkte Nachfrage von ethecon &#8211; Stiftung Ethik &amp; \u00d6konomie hat die Presse-Abteilung des Konzerns behauptet, es st\u00fcnde noch nicht fest, ob und wann die Hauptversammlung stattfinde. Nach Recherche von ethecon sind selbst internationale Banken nicht \u00fcber den genauen HV-Termin informiert.<\/p>\n<p>Dass es sich dabei um eine gezielte Desinformation handelt, wird daran deutlich, dass japanische Gro\u00dfaktion\u00e4re ganz offensichtlich weiterhin davon ausgehen, dass die HV Ende Juni stattfindet (Quelle: <a href=\"http:\/\/www.cleanbiz.asia\/story\/verge-collapse-tepco-seeks-12-bln-bail-out\">CleanBiz Asia<\/a>). Einige wollen zu diesem Zeitpunkt eine Vielzahl von Forderungen an das Management von TEPCO stellen, in denen es unter anderem um Einsparungen und mehr Transparenz im Management geht (Quelle: <a href=\"http:\/\/www.japantimes.co.jp\/text\/nn20120428b2.html#.T-mTqZFSTbw\">Japan Times<\/a>). Au\u00dferdem ist die Rede von einer Verstaatlichung. Voraussichtlich im Juli soll TEPCO eine Billion Yen (12 Milliarden Dollar) an Staatshilfen erhalten. Im Gegenzug erh\u00e4lt die Regierung Aktien, die nicht frei am Markt gehandelt werden und mehr als 50 Prozent der Stimmrechte ausmachen (Quelle: <a href=\"http:\/\/e.nikkei.com\/e\/fr\/tnks\/Nni20120427D2704F02.htm\">Nikkei.com<\/a>).<\/p>\n<p>\u201eDas Verhalten von TEPCO ist ein internationaler Skandal\u201c, so ethecon-Vorstand Axel K\u00f6hler-Schnura. \u201eSelbst die Banken, bei denen wir nachgefragt haben, best\u00e4tigen, dass sie so etwas noch nicht erlebt haben.\u201c Es entstehe der Eindruck, dass TEPCO KleinanlegerInnen und Medien nicht bei der HV haben wolle. Und vor allem, dass die von zahlreichen japanischen und anderen Organisationen &#8211; auch von ethecon &#8211; angek\u00fcndigten Proteste zur TEPCO-HV in die Irre gef\u00fchrt werden sollen.<\/p>\n<p>Die Stiftung ethecon hat im vergangenen November den Vorstandsvorsitzenden Tsunehisa Katsumata, den ehemaligen Konzernpr\u00e4sidenten Masataka Shimizu und den gegenw\u00e4rtigen Pr\u00e4sidenten Toshio Nishizawa sowie die Gro\u00dfaktion\u00e4rInnen des Energieversorgungs-Konzerns TEPCO mit dem Internationalen ethecon Black Planet Award 2011 an den Pranger gestellt. Es ist geplant, den Schm\u00e4hpreis im Rahmen internationaler Aktionen am 27. Juni 2012 in Japan den Geschm\u00e4hten in Tokyo zu \u00fcbergeben.<\/p>\n<p>Die ausf\u00fchrliche Begr\u00fcndung f\u00fcr die Verleihung des Internationalen Black Planet Award 2011 finden Sie im <a href=\"http:\/\/www.ethecon.org\/download\/Dossier_Black_Planet_Award_2011_deutsch.pdf\">Dossier<\/a> \u00fcber die TEPCO-Verantwortlichen im Downloadbereich der Webseite www.ethecon.org, eine Kurzfassung im <a href=\"http:\/\/www.ethecon.org\/download\/Offener_Brief_an_TEPCO.pdf\">Offenen Brief<\/a>. Darin fordert ethecon die Haftung der Gro\u00dfaktion\u00e4re und die Bestrafung der Entscheidungstr\u00e4ger des Energiekonzerns. Diese trafen aus reinen Profit-Gr\u00fcnden Fehlentscheidungen, ohne die es gar nicht erst zu der Nuklearkatastrophe h\u00e4tte kommen k\u00f6nnen.<\/p>\n<p>Die Stiftung ethecon ist vor allem durch die j\u00e4hrliche Vergabe ihrer Internationalen ethecon Blue bzw. Black Planet Awards in Berlin bekannt. Mit den Positivpreisen hat ethecon in den vergangenen Jahren Diane Wilson\/USA (2006), Vandana Shiva\/Indien (2007), Jos\u00e9 Abreu und Hugo Ch\u00e1vez\/Venezuela (2008), Uri Avnery\/Israel (2009), Elias Bierdel\/\u00d6sterreich (2010) sowie Angela Davis\/USA (2011) ausgezeichnet. Die Schm\u00e4hpreise gingen bisher an die Eigent\u00fcmerInnen bzw. Aktion\u00e4rInnen und das verantwortliche Management der Konzerne Monsanto\/USA (2006), Nestl\u00e9\/Schweiz (2007), Blackwater (Xe)\/USA (2008), Formosa Plastics Group\/Taiwan (2009), BP\/Gro\u00dfbritannien (2010) und Tepco\/Japan (2011).<\/p>\n<p>ethecon ist im Gegensatz zu den vielen Konzern-, Familien-, Kirchen-, Partei- und Staatsstiftungen eine der wenigen Stiftungen \u201evon unten\u201c, die sich mit ihren derzeit 30 ZustifterInnen und dem Leitmotiv \u201eF\u00fcr eine Welt ohne Ausbeutung und Unterdr\u00fcckung!\u201c in der Verantwortung gegen\u00fcber den kommenden Generationen sieht. Die noch junge Stiftung finanziert sich \u00fcber Zustiftungen, Spenden und F\u00f6rdermitgliedschaften.<\/p>\n<p><a href=\"http:\/\/www.ethecon.org\">http:\/\/www.ethecon.org<\/a><\/p><\/blockquote>\n<h3 class='related_post_title'>Verwandte Beitr\u00e4ge:<\/h3><ul class='related_post'><li><a href=\"http:\/\/konsumpf.de\/?p=11236\" title=\"Lesetipps: Atomkraft Sonder-Edition\">Lesetipps: Atomkraft Sonder-Edition<\/a><\/li><li><a href=\"http:\/\/konsumpf.de\/?p=7421\" title=\"Noch ein Veranstaltungstipp: Morgen, 10.4. Anti-Atomkette in vielen deutschen St\u00e4dten\">Noch ein Veranstaltungstipp: Morgen, 10.4. Anti-Atomkette in vielen deutschen St\u00e4dten<\/a><\/li><li><a href=\"http:\/\/konsumpf.de\/?p=5890\" title=\"Den Ausstieg aus dem Ausstieg verhindern!\">Den Ausstieg aus dem Ausstieg verhindern!<\/a><\/li><li><a href=\"http:\/\/konsumpf.de\/?p=15184\" title=\"Kulturelle St\u00f6rger\u00e4usche \">Kulturelle St\u00f6rger\u00e4usche <\/a><\/li><li><a href=\"http:\/\/konsumpf.de\/?p=15005\" title=\"Revolution? Ach, das passt mir heute aber ganz schlecht.\">Revolution? Ach, das passt mir heute aber ganz schlecht.<\/a><\/li><\/ul>","protected":false},"excerpt":{"rendered":"<p>Heute \u00fcbernehme ich mal einen Artikel des Kritischen Netzwerks \u2013 es geht, gut ein Jahr nach der Atomkatastrophe von Fukushima (die hierzulande fast schon wieder in Vergessenheit geraten ist, wie es eben in einer schnelllebigen Mediengesellschaft so passiert) um TEPCO, den Betreiber des havarierten Kraftwerks. Wie alle gro\u00dfen Konzerne geht es im prim\u00e4r ums eigene [&hellip;]<\/p>\n","protected":false},"author":1,"featured_media":0,"comment_status":"open","ping_status":"open","sticky":false,"template":"","format":"standard","meta":{"footnotes":""},"categories":[91,69,16],"tags":[2873,2499,2089,2582,479],"yoast_head":"<!-- This site is optimized with the Yoast SEO plugin v24.4 - https:\/\/yoast.com\/wordpress\/plugins\/seo\/ -->\n<title>\u00d6ffentlichkeit unerw\u00fcnscht \u2013 ethecon kritisiert Blockadehaltung von TEPCO - Konsumpf - Forum f\u00fcr kreative Konsumkritik - Culture Jamming, Nachhaltigkeit, Konzernkritik, Adbusting<\/title>\n<meta name=\"robots\" content=\"index, follow, max-snippet:-1, max-image-preview:large, max-video-preview:-1\" \/>\n<link rel=\"canonical\" href=\"https:\/\/konsumpf.de\/?p=14138\" \/>\n<meta property=\"og:locale\" content=\"de_DE\" \/>\n<meta property=\"og:type\" content=\"article\" \/>\n<meta property=\"og:title\" content=\"\u00d6ffentlichkeit unerw\u00fcnscht \u2013 ethecon kritisiert Blockadehaltung von TEPCO - Konsumpf - Forum f\u00fcr kreative Konsumkritik - Culture Jamming, Nachhaltigkeit, Konzernkritik, Adbusting\" \/>\n<meta property=\"og:description\" content=\"Heute \u00fcbernehme ich mal einen Artikel des Kritischen Netzwerks \u2013 es geht, gut ein Jahr nach der Atomkatastrophe von Fukushima (die hierzulande fast schon wieder in Vergessenheit geraten ist, wie es eben in einer schnelllebigen Mediengesellschaft so passiert) um TEPCO, den Betreiber des havarierten Kraftwerks. Wie alle gro\u00dfen Konzerne geht es im prim\u00e4r ums eigene [&hellip;]\" \/>\n<meta property=\"og:url\" content=\"https:\/\/konsumpf.de\/?p=14138\" \/>\n<meta property=\"og:site_name\" content=\"Konsumpf - Forum f\u00fcr kreative Konsumkritik - Culture Jamming, Nachhaltigkeit, Konzernkritik, Adbusting\" \/>\n<meta property=\"article:published_time\" content=\"2012-07-04T15:22:51+00:00\" \/>\n<meta property=\"article:modified_time\" content=\"2012-07-04T15:23:51+00:00\" \/>\n<meta property=\"og:image\" content=\"http:\/\/konsumpf.de\/wp-content\/uploads\/2012\/07\/ethecon_Logo_dreisprachig-194x250.gif\" \/>\n<meta name=\"author\" content=\"Peter M.\" \/>\n<meta name=\"twitter:card\" content=\"summary_large_image\" \/>\n<meta name=\"twitter:label1\" content=\"Verfasst von\" \/>\n\t<meta name=\"twitter:data1\" content=\"Peter M.\" \/>\n\t<meta name=\"twitter:label2\" content=\"Gesch\u00e4tzte Lesezeit\" \/>\n\t<meta name=\"twitter:data2\" content=\"3\u00a0Minuten\" \/>\n<script type=\"application\/ld+json\" class=\"yoast-schema-graph\">{\"@context\":\"https:\/\/schema.org\",\"@graph\":[{\"@type\":\"WebPage\",\"@id\":\"https:\/\/konsumpf.de\/?p=14138\",\"url\":\"https:\/\/konsumpf.de\/?p=14138\",\"name\":\"\u00d6ffentlichkeit unerw\u00fcnscht \u2013 ethecon kritisiert Blockadehaltung von TEPCO - Konsumpf - Forum f\u00fcr kreative Konsumkritik - Culture Jamming, Nachhaltigkeit, Konzernkritik, Adbusting\",\"isPartOf\":{\"@id\":\"https:\/\/konsumpf.de\/#website\"},\"primaryImageOfPage\":{\"@id\":\"https:\/\/konsumpf.de\/?p=14138#primaryimage\"},\"image\":{\"@id\":\"https:\/\/konsumpf.de\/?p=14138#primaryimage\"},\"thumbnailUrl\":\"http:\/\/konsumpf.de\/wp-content\/uploads\/2012\/07\/ethecon_Logo_dreisprachig-194x250.gif\",\"datePublished\":\"2012-07-04T15:22:51+00:00\",\"dateModified\":\"2012-07-04T15:23:51+00:00\",\"author\":{\"@id\":\"https:\/\/konsumpf.de\/#\/schema\/person\/e595a6d286b26994e7e0926d70699070\"},\"breadcrumb\":{\"@id\":\"https:\/\/konsumpf.de\/?p=14138#breadcrumb\"},\"inLanguage\":\"de\",\"potentialAction\":[{\"@type\":\"ReadAction\",\"target\":[\"https:\/\/konsumpf.de\/?p=14138\"]}]},{\"@type\":\"ImageObject\",\"inLanguage\":\"de\",\"@id\":\"https:\/\/konsumpf.de\/?p=14138#primaryimage\",\"url\":\"https:\/\/konsumpf.de\/wp-content\/uploads\/2012\/07\/ethecon_Logo_dreisprachig.gif\",\"contentUrl\":\"https:\/\/konsumpf.de\/wp-content\/uploads\/2012\/07\/ethecon_Logo_dreisprachig.gif\",\"width\":\"300\",\"height\":\"385\"},{\"@type\":\"BreadcrumbList\",\"@id\":\"https:\/\/konsumpf.de\/?p=14138#breadcrumb\",\"itemListElement\":[{\"@type\":\"ListItem\",\"position\":1,\"name\":\"Startseite\",\"item\":\"https:\/\/konsumpf.de\/\"},{\"@type\":\"ListItem\",\"position\":2,\"name\":\"\u00d6ffentlichkeit unerw\u00fcnscht \u2013 ethecon kritisiert Blockadehaltung von TEPCO\"}]},{\"@type\":\"WebSite\",\"@id\":\"https:\/\/konsumpf.de\/#website\",\"url\":\"https:\/\/konsumpf.de\/\",\"name\":\"Konsumpf - Forum f\u00fcr kreative Konsumkritik - Culture Jamming, Nachhaltigkeit, Konzernkritik, Adbusting\",\"description\":\"\",\"potentialAction\":[{\"@type\":\"SearchAction\",\"target\":{\"@type\":\"EntryPoint\",\"urlTemplate\":\"https:\/\/konsumpf.de\/?s={search_term_string}\"},\"query-input\":{\"@type\":\"PropertyValueSpecification\",\"valueRequired\":true,\"valueName\":\"search_term_string\"}}],\"inLanguage\":\"de\"},{\"@type\":\"Person\",\"@id\":\"https:\/\/konsumpf.de\/#\/schema\/person\/e595a6d286b26994e7e0926d70699070\",\"name\":\"Peter M.\",\"sameAs\":[\"http:\/\/konsumpf.de\"]}]}<\/script>\n<!-- \/ Yoast SEO plugin. -->","yoast_head_json":{"title":"\u00d6ffentlichkeit unerw\u00fcnscht \u2013 ethecon kritisiert Blockadehaltung von TEPCO - Konsumpf - Forum f\u00fcr kreative Konsumkritik - Culture Jamming, Nachhaltigkeit, Konzernkritik, Adbusting","robots":{"index":"index","follow":"follow","max-snippet":"max-snippet:-1","max-image-preview":"max-image-preview:large","max-video-preview":"max-video-preview:-1"},"canonical":"https:\/\/konsumpf.de\/?p=14138","og_locale":"de_DE","og_type":"article","og_title":"\u00d6ffentlichkeit unerw\u00fcnscht \u2013 ethecon kritisiert Blockadehaltung von TEPCO - Konsumpf - Forum f\u00fcr kreative Konsumkritik - Culture Jamming, Nachhaltigkeit, Konzernkritik, Adbusting","og_description":"Heute \u00fcbernehme ich mal einen Artikel des Kritischen Netzwerks \u2013 es geht, gut ein Jahr nach der Atomkatastrophe von Fukushima (die hierzulande fast schon wieder in Vergessenheit geraten ist, wie es eben in einer schnelllebigen Mediengesellschaft so passiert) um TEPCO, den Betreiber des havarierten Kraftwerks. Wie alle gro\u00dfen Konzerne geht es im prim\u00e4r ums eigene [&hellip;]","og_url":"https:\/\/konsumpf.de\/?p=14138","og_site_name":"Konsumpf - Forum f\u00fcr kreative Konsumkritik - Culture Jamming, Nachhaltigkeit, Konzernkritik, Adbusting","article_published_time":"2012-07-04T15:22:51+00:00","article_modified_time":"2012-07-04T15:23:51+00:00","og_image":[{"url":"http:\/\/konsumpf.de\/wp-content\/uploads\/2012\/07\/ethecon_Logo_dreisprachig-194x250.gif","type":"","width":"","height":""}],"author":"Peter M.","twitter_card":"summary_large_image","twitter_misc":{"Verfasst von":"Peter M.","Gesch\u00e4tzte Lesezeit":"3\u00a0Minuten"},"schema":{"@context":"https:\/\/schema.org","@graph":[{"@type":"WebPage","@id":"https:\/\/konsumpf.de\/?p=14138","url":"https:\/\/konsumpf.de\/?p=14138","name":"\u00d6ffentlichkeit unerw\u00fcnscht \u2013 ethecon kritisiert Blockadehaltung von TEPCO - Konsumpf - Forum f\u00fcr kreative Konsumkritik - Culture Jamming, Nachhaltigkeit, Konzernkritik, Adbusting","isPartOf":{"@id":"https:\/\/konsumpf.de\/#website"},"primaryImageOfPage":{"@id":"https:\/\/konsumpf.de\/?p=14138#primaryimage"},"image":{"@id":"https:\/\/konsumpf.de\/?p=14138#primaryimage"},"thumbnailUrl":"http:\/\/konsumpf.de\/wp-content\/uploads\/2012\/07\/ethecon_Logo_dreisprachig-194x250.gif","datePublished":"2012-07-04T15:22:51+00:00","dateModified":"2012-07-04T15:23:51+00:00","author":{"@id":"https:\/\/konsumpf.de\/#\/schema\/person\/e595a6d286b26994e7e0926d70699070"},"breadcrumb":{"@id":"https:\/\/konsumpf.de\/?p=14138#breadcrumb"},"inLanguage":"de","potentialAction":[{"@type":"ReadAction","target":["https:\/\/konsumpf.de\/?p=14138"]}]},{"@type":"ImageObject","inLanguage":"de","@id":"https:\/\/konsumpf.de\/?p=14138#primaryimage","url":"https:\/\/konsumpf.de\/wp-content\/uploads\/2012\/07\/ethecon_Logo_dreisprachig.gif","contentUrl":"https:\/\/konsumpf.de\/wp-content\/uploads\/2012\/07\/ethecon_Logo_dreisprachig.gif","width":"300","height":"385"},{"@type":"BreadcrumbList","@id":"https:\/\/konsumpf.de\/?p=14138#breadcrumb","itemListElement":[{"@type":"ListItem","position":1,"name":"Startseite","item":"https:\/\/konsumpf.de\/"},{"@type":"ListItem","position":2,"name":"\u00d6ffentlichkeit unerw\u00fcnscht \u2013 ethecon kritisiert Blockadehaltung von TEPCO"}]},{"@type":"WebSite","@id":"https:\/\/konsumpf.de\/#website","url":"https:\/\/konsumpf.de\/","name":"Konsumpf - Forum f\u00fcr kreative Konsumkritik - Culture Jamming, Nachhaltigkeit, Konzernkritik, Adbusting","description":"","potentialAction":[{"@type":"SearchAction","target":{"@type":"EntryPoint","urlTemplate":"https:\/\/konsumpf.de\/?s={search_term_string}"},"query-input":{"@type":"PropertyValueSpecification","valueRequired":true,"valueName":"search_term_string"}}],"inLanguage":"de"},{"@type":"Person","@id":"https:\/\/konsumpf.de\/#\/schema\/person\/e595a6d286b26994e7e0926d70699070","name":"Peter M.","sameAs":["http:\/\/konsumpf.de"]}]}},"_links":{"self":[{"href":"https:\/\/konsumpf.de\/index.php?rest_route=\/wp\/v2\/posts\/14138"}],"collection":[{"href":"https:\/\/konsumpf.de\/index.php?rest_route=\/wp\/v2\/posts"}],"about":[{"href":"https:\/\/konsumpf.de\/index.php?rest_route=\/wp\/v2\/types\/post"}],"author":[{"embeddable":true,"href":"https:\/\/konsumpf.de\/index.php?rest_route=\/wp\/v2\/users\/1"}],"replies":[{"embeddable":true,"href":"https:\/\/konsumpf.de\/index.php?rest_route=%2Fwp%2Fv2%2Fcomments&post=14138"}],"version-history":[{"count":3,"href":"https:\/\/konsumpf.de\/index.php?rest_route=\/wp\/v2\/posts\/14138\/revisions"}],"predecessor-version":[{"id":14142,"href":"https:\/\/konsumpf.de\/index.php?rest_route=\/wp\/v2\/posts\/14138\/revisions\/14142"}],"wp:attachment":[{"href":"https:\/\/konsumpf.de\/index.php?rest_route=%2Fwp%2Fv2%2Fmedia&parent=14138"}],"wp:term":[{"taxonomy":"category","embeddable":true,"href":"https:\/\/konsumpf.de\/index.php?rest_route=%2Fwp%2Fv2%2Fcategories&post=14138"},{"taxonomy":"post_tag","embeddable":true,"href":"https:\/\/konsumpf.de\/index.php?rest_route=%2Fwp%2Fv2%2Ftags&post=14138"}],"curies":[{"name":"wp","href":"https:\/\/api.w.org\/{rel}","templated":true}]}}