{"id":14099,"date":"2012-06-10T09:44:18","date_gmt":"2012-06-10T07:44:18","guid":{"rendered":"http:\/\/konsumpf.de\/?p=14099"},"modified":"2012-06-08T11:44:20","modified_gmt":"2012-06-08T09:44:20","slug":"kaufland-billig-auf-kosten-anderer","status":"publish","type":"post","link":"https:\/\/konsumpf.de\/?p=14099","title":{"rendered":"Kaufland \u2013 Billig auf Kosten Anderer"},"content":{"rendered":"<p>Es wird mal wieder Zeit, dass ich mich dem Thema Discounter zuwende \u2013 und zwar diesmal, damit auch alle Konzerne dran kommen und niemand denkt, die eine Discounterkette sei etwa besser als eine andere, mit <strong>Kaufland<\/strong> (die zur Schwarz=Lidl-Gruppe geh\u00f6ren). Report M\u00fcnchen berichtete letztens: \u201e<a href=\"http:\/\/www.swr.de\/report\/-\/id=233454\/nid=233454\/did=9787030\/4v3cux\/index.html\"><strong>Billig auf Kosten Anderer \u2013 Wie ein Discounter mit osteurop\u00e4ischen Dienstleistern den Sozialstaat sch\u00e4digt<\/strong><\/a>\u201c. \u00dcberraschen d\u00fcrften solche Umtriebe niemanden mehr, denn die scheinbar so g\u00fcnstigen Preise bei den Billigheimern <a href=\"http:\/\/konsumpf.de\/?p=2353\">zahlen bekanntlich wir als Gesellschaft doppelt und dreifach<\/a>&#8230;<\/p>\n<blockquote><p>Nach au\u00dfen gibt sich Kaufland verantwortungsbewusst, \u00fcberschl\u00e4gt sich auf seiner Website mit Versprechen wie \u201esoziale Verantwortung\u201c und \u201egesellschaftliches Engagement\u201c. Und hinter den Kulissen? In den Logistikzentren dr\u00fcckt der Konzern massiv die Kosten. Arbeiter erhalten hier nicht die \u00fcblichen Tarifl\u00f6hne, denn sie arbeiten im Rahmen eines Werkvertrages. Kaufland setzt dabei massiv auf ostereurop\u00e4ische Werkvertragsfirmen und die arbeiten mit einem Trick: Sie erkl\u00e4ren gro\u00dfe Teile des Lohnes zu Spesen, f\u00fcr die sie in ihren Heimatl\u00e4ndern keine Sozialversicherungsbeitr\u00e4ge abf\u00fchren m\u00fcssen. Davon profitiert letztlich auch Kaufland. Die Gewerkschaft ver.di bef\u00fcrchtet, dass so sozialversicherungspflichtige Jobs in Deutschland verdr\u00e4ngt werden. Sogar das Bundesarbeitsministerium h\u00e4lt das Modell f\u00fcr unzul\u00e4ssig.<\/p><\/blockquote>\n<p><object width=\"500\" height=\"281\" classid=\"clsid:d27cdb6e-ae6d-11cf-96b8-444553540000\" codebase=\"http:\/\/download.macromedia.com\/pub\/shockwave\/cabs\/flash\/swflash.cab#version=6,0,40,0\"><param name=\"allowFullScreen\" value=\"true\" \/><param name=\"allowscriptaccess\" value=\"always\" \/><param name=\"src\" value=\"http:\/\/www.youtube.com\/v\/ottwRe0P6VE?version=3&amp;hl=de_DE\" \/><param name=\"allowfullscreen\" value=\"true\" \/><embed width=\"500\" height=\"281\" type=\"application\/x-shockwave-flash\" src=\"http:\/\/www.youtube.com\/v\/ottwRe0P6VE?version=3&amp;hl=de_DE\" allowFullScreen=\"true\" allowscriptaccess=\"always\" allowfullscreen=\"true\" \/><\/object><\/p>\n<h3 class='related_post_title'>Verwandte Beitr\u00e4ge:<\/h3><ul class='related_post'><li><a href=\"http:\/\/konsumpf.de\/?p=15323\" title=\"Die Masche der Discounter \u2013 Billig-Eier\">Die Masche der Discounter \u2013 Billig-Eier<\/a><\/li><li><a href=\"http:\/\/konsumpf.de\/?p=14937\" title=\"Billig. Billiger. Banane.\">Billig. Billiger. Banane.<\/a><\/li><li><a href=\"http:\/\/konsumpf.de\/?p=13758\" title=\"Lidl-Check\/McDonald\u2019s-Check \u2013 Gedanken zu den \u201eMarkenchecks\u201c in der ARD\">Lidl-Check\/McDonald\u2019s-Check \u2013 Gedanken zu den \u201eMarkenchecks\u201c in der ARD<\/a><\/li><li><a href=\"http:\/\/konsumpf.de\/?p=13677\" title=\"Fernsehtipp: Der Lidl-Check\">Fernsehtipp: Der Lidl-Check<\/a><\/li><li><a href=\"http:\/\/konsumpf.de\/?p=12338\" title=\"Sch\u00f6nf\u00e4rberei konkret bei Discountern\">Sch\u00f6nf\u00e4rberei konkret bei Discountern<\/a><\/li><\/ul>","protected":false},"excerpt":{"rendered":"<p>Es wird mal wieder Zeit, dass ich mich dem Thema Discounter zuwende \u2013 und zwar diesmal, damit auch alle Konzerne dran kommen und niemand denkt, die eine Discounterkette sei etwa besser als eine andere, mit Kaufland (die zur Schwarz=Lidl-Gruppe geh\u00f6ren). Report M\u00fcnchen berichtete letztens: \u201eBillig auf Kosten Anderer \u2013 Wie ein Discounter mit osteurop\u00e4ischen Dienstleistern [&hellip;]<\/p>\n","protected":false},"author":1,"featured_media":0,"comment_status":"open","ping_status":"open","sticky":false,"template":"","format":"standard","meta":{"footnotes":""},"categories":[23,259,16,78],"tags":[2575,2860,1705,24],"yoast_head":"<!-- This site is optimized with the Yoast SEO plugin v24.4 - https:\/\/yoast.com\/wordpress\/plugins\/seo\/ -->\n<title>Kaufland \u2013 Billig auf Kosten Anderer - Konsumpf - Forum f\u00fcr kreative Konsumkritik - Culture Jamming, Nachhaltigkeit, Konzernkritik, Adbusting<\/title>\n<meta name=\"robots\" content=\"index, follow, max-snippet:-1, max-image-preview:large, max-video-preview:-1\" \/>\n<link rel=\"canonical\" href=\"https:\/\/konsumpf.de\/?p=14099\" \/>\n<meta property=\"og:locale\" content=\"de_DE\" \/>\n<meta property=\"og:type\" content=\"article\" \/>\n<meta property=\"og:title\" content=\"Kaufland \u2013 Billig auf Kosten Anderer - Konsumpf - Forum f\u00fcr kreative Konsumkritik - Culture Jamming, Nachhaltigkeit, Konzernkritik, Adbusting\" \/>\n<meta property=\"og:description\" content=\"Es wird mal wieder Zeit, dass ich mich dem Thema Discounter zuwende \u2013 und zwar diesmal, damit auch alle Konzerne dran kommen und niemand denkt, die eine Discounterkette sei etwa besser als eine andere, mit Kaufland (die zur Schwarz=Lidl-Gruppe geh\u00f6ren). Report M\u00fcnchen berichtete letztens: \u201eBillig auf Kosten Anderer \u2013 Wie ein Discounter mit osteurop\u00e4ischen Dienstleistern [&hellip;]\" \/>\n<meta property=\"og:url\" content=\"https:\/\/konsumpf.de\/?p=14099\" \/>\n<meta property=\"og:site_name\" content=\"Konsumpf - Forum f\u00fcr kreative Konsumkritik - Culture Jamming, Nachhaltigkeit, Konzernkritik, Adbusting\" \/>\n<meta property=\"article:published_time\" content=\"2012-06-10T07:44:18+00:00\" \/>\n<meta name=\"author\" content=\"Peter M.\" \/>\n<meta name=\"twitter:card\" content=\"summary_large_image\" \/>\n<meta name=\"twitter:label1\" content=\"Verfasst von\" \/>\n\t<meta name=\"twitter:data1\" content=\"Peter M.\" \/>\n\t<meta name=\"twitter:label2\" content=\"Gesch\u00e4tzte Lesezeit\" \/>\n\t<meta name=\"twitter:data2\" content=\"1\u00a0Minute\" \/>\n<script type=\"application\/ld+json\" class=\"yoast-schema-graph\">{\"@context\":\"https:\/\/schema.org\",\"@graph\":[{\"@type\":\"WebPage\",\"@id\":\"https:\/\/konsumpf.de\/?p=14099\",\"url\":\"https:\/\/konsumpf.de\/?p=14099\",\"name\":\"Kaufland \u2013 Billig auf Kosten Anderer - Konsumpf - Forum f\u00fcr kreative Konsumkritik - Culture Jamming, Nachhaltigkeit, Konzernkritik, Adbusting\",\"isPartOf\":{\"@id\":\"https:\/\/konsumpf.de\/#website\"},\"datePublished\":\"2012-06-10T07:44:18+00:00\",\"author\":{\"@id\":\"https:\/\/konsumpf.de\/#\/schema\/person\/e595a6d286b26994e7e0926d70699070\"},\"breadcrumb\":{\"@id\":\"https:\/\/konsumpf.de\/?p=14099#breadcrumb\"},\"inLanguage\":\"de\",\"potentialAction\":[{\"@type\":\"ReadAction\",\"target\":[\"https:\/\/konsumpf.de\/?p=14099\"]}]},{\"@type\":\"BreadcrumbList\",\"@id\":\"https:\/\/konsumpf.de\/?p=14099#breadcrumb\",\"itemListElement\":[{\"@type\":\"ListItem\",\"position\":1,\"name\":\"Startseite\",\"item\":\"https:\/\/konsumpf.de\/\"},{\"@type\":\"ListItem\",\"position\":2,\"name\":\"Kaufland \u2013 Billig auf Kosten Anderer\"}]},{\"@type\":\"WebSite\",\"@id\":\"https:\/\/konsumpf.de\/#website\",\"url\":\"https:\/\/konsumpf.de\/\",\"name\":\"Konsumpf - Forum f\u00fcr kreative Konsumkritik - Culture Jamming, Nachhaltigkeit, Konzernkritik, Adbusting\",\"description\":\"\",\"potentialAction\":[{\"@type\":\"SearchAction\",\"target\":{\"@type\":\"EntryPoint\",\"urlTemplate\":\"https:\/\/konsumpf.de\/?s={search_term_string}\"},\"query-input\":{\"@type\":\"PropertyValueSpecification\",\"valueRequired\":true,\"valueName\":\"search_term_string\"}}],\"inLanguage\":\"de\"},{\"@type\":\"Person\",\"@id\":\"https:\/\/konsumpf.de\/#\/schema\/person\/e595a6d286b26994e7e0926d70699070\",\"name\":\"Peter M.\",\"sameAs\":[\"http:\/\/konsumpf.de\"]}]}<\/script>\n<!-- \/ Yoast SEO plugin. -->","yoast_head_json":{"title":"Kaufland \u2013 Billig auf Kosten Anderer - Konsumpf - Forum f\u00fcr kreative Konsumkritik - Culture Jamming, Nachhaltigkeit, Konzernkritik, Adbusting","robots":{"index":"index","follow":"follow","max-snippet":"max-snippet:-1","max-image-preview":"max-image-preview:large","max-video-preview":"max-video-preview:-1"},"canonical":"https:\/\/konsumpf.de\/?p=14099","og_locale":"de_DE","og_type":"article","og_title":"Kaufland \u2013 Billig auf Kosten Anderer - Konsumpf - Forum f\u00fcr kreative Konsumkritik - Culture Jamming, Nachhaltigkeit, Konzernkritik, Adbusting","og_description":"Es wird mal wieder Zeit, dass ich mich dem Thema Discounter zuwende \u2013 und zwar diesmal, damit auch alle Konzerne dran kommen und niemand denkt, die eine Discounterkette sei etwa besser als eine andere, mit Kaufland (die zur Schwarz=Lidl-Gruppe geh\u00f6ren). Report M\u00fcnchen berichtete letztens: \u201eBillig auf Kosten Anderer \u2013 Wie ein Discounter mit osteurop\u00e4ischen Dienstleistern [&hellip;]","og_url":"https:\/\/konsumpf.de\/?p=14099","og_site_name":"Konsumpf - Forum f\u00fcr kreative Konsumkritik - Culture Jamming, Nachhaltigkeit, Konzernkritik, Adbusting","article_published_time":"2012-06-10T07:44:18+00:00","author":"Peter M.","twitter_card":"summary_large_image","twitter_misc":{"Verfasst von":"Peter M.","Gesch\u00e4tzte Lesezeit":"1\u00a0Minute"},"schema":{"@context":"https:\/\/schema.org","@graph":[{"@type":"WebPage","@id":"https:\/\/konsumpf.de\/?p=14099","url":"https:\/\/konsumpf.de\/?p=14099","name":"Kaufland \u2013 Billig auf Kosten Anderer - Konsumpf - Forum f\u00fcr kreative Konsumkritik - Culture Jamming, Nachhaltigkeit, Konzernkritik, Adbusting","isPartOf":{"@id":"https:\/\/konsumpf.de\/#website"},"datePublished":"2012-06-10T07:44:18+00:00","author":{"@id":"https:\/\/konsumpf.de\/#\/schema\/person\/e595a6d286b26994e7e0926d70699070"},"breadcrumb":{"@id":"https:\/\/konsumpf.de\/?p=14099#breadcrumb"},"inLanguage":"de","potentialAction":[{"@type":"ReadAction","target":["https:\/\/konsumpf.de\/?p=14099"]}]},{"@type":"BreadcrumbList","@id":"https:\/\/konsumpf.de\/?p=14099#breadcrumb","itemListElement":[{"@type":"ListItem","position":1,"name":"Startseite","item":"https:\/\/konsumpf.de\/"},{"@type":"ListItem","position":2,"name":"Kaufland \u2013 Billig auf Kosten Anderer"}]},{"@type":"WebSite","@id":"https:\/\/konsumpf.de\/#website","url":"https:\/\/konsumpf.de\/","name":"Konsumpf - Forum f\u00fcr kreative Konsumkritik - Culture Jamming, Nachhaltigkeit, Konzernkritik, Adbusting","description":"","potentialAction":[{"@type":"SearchAction","target":{"@type":"EntryPoint","urlTemplate":"https:\/\/konsumpf.de\/?s={search_term_string}"},"query-input":{"@type":"PropertyValueSpecification","valueRequired":true,"valueName":"search_term_string"}}],"inLanguage":"de"},{"@type":"Person","@id":"https:\/\/konsumpf.de\/#\/schema\/person\/e595a6d286b26994e7e0926d70699070","name":"Peter M.","sameAs":["http:\/\/konsumpf.de"]}]}},"_links":{"self":[{"href":"https:\/\/konsumpf.de\/index.php?rest_route=\/wp\/v2\/posts\/14099"}],"collection":[{"href":"https:\/\/konsumpf.de\/index.php?rest_route=\/wp\/v2\/posts"}],"about":[{"href":"https:\/\/konsumpf.de\/index.php?rest_route=\/wp\/v2\/types\/post"}],"author":[{"embeddable":true,"href":"https:\/\/konsumpf.de\/index.php?rest_route=\/wp\/v2\/users\/1"}],"replies":[{"embeddable":true,"href":"https:\/\/konsumpf.de\/index.php?rest_route=%2Fwp%2Fv2%2Fcomments&post=14099"}],"version-history":[{"count":5,"href":"https:\/\/konsumpf.de\/index.php?rest_route=\/wp\/v2\/posts\/14099\/revisions"}],"predecessor-version":[{"id":14104,"href":"https:\/\/konsumpf.de\/index.php?rest_route=\/wp\/v2\/posts\/14099\/revisions\/14104"}],"wp:attachment":[{"href":"https:\/\/konsumpf.de\/index.php?rest_route=%2Fwp%2Fv2%2Fmedia&parent=14099"}],"wp:term":[{"taxonomy":"category","embeddable":true,"href":"https:\/\/konsumpf.de\/index.php?rest_route=%2Fwp%2Fv2%2Fcategories&post=14099"},{"taxonomy":"post_tag","embeddable":true,"href":"https:\/\/konsumpf.de\/index.php?rest_route=%2Fwp%2Fv2%2Ftags&post=14099"}],"curies":[{"name":"wp","href":"https:\/\/api.w.org\/{rel}","templated":true}]}}