{"id":14055,"date":"2012-05-18T12:27:25","date_gmt":"2012-05-18T10:27:25","guid":{"rendered":"http:\/\/konsumpf.de\/?p=14055"},"modified":"2012-05-18T12:27:25","modified_gmt":"2012-05-18T10:27:25","slug":"volksverdummung-die-eu-und-die-energiesparlampe-2","status":"publish","type":"post","link":"https:\/\/konsumpf.de\/?p=14055","title":{"rendered":"Volksverdummung: Die EU und die Energiesparlampe"},"content":{"rendered":"<p>Im Prinzip habe ich ja nichts dagegen, wenn der Gesetzgeber die B\u00fcrger zu sinnvollem, da umweltschonendem Verhalten animiert oder von mir aus auch mal zwingt, wenn es nicht anders geht. Auch auf EU-Ebene kann man da sicherlich einiges Sinnvolle tun. NICHT sinnvoll war jedoch das Gl\u00fchbirnenverbot \u2013 ein typisches Beispiel f\u00fcr lobbygetriebene Symbolpolitik. Statt, zum Beispiel, SUVs zu verbieten und damit wirklich etwas f\u00fcr die Umwelt zu tun, wird lieber so ein Unsinn betrieben, der zudem auch noch mehr schadet als nutzt. Wie auch die Sendung quer im Bayerischen Fernsehen festgestellt hat \u2013 \u201e<a href=\"http:\/\/blog.br-online.de\/quer\/volksverdummung-die-eu-und-die-energiesparlampe-09052012.html\"><strong>Volksverdummung: Die EU und die Energiesparlampe<\/strong><\/a>\u201c.<\/p>\n<blockquote><p>Die Energiesparlampe: Eigentlich hei\u00dft sie Kompaktleuchtstofflampe, aber Energie und Sparen klingt besser. Leider h\u00e4lt sie keines ihrer Versprechen. Nicht nur, dass Energiesparlampen Experten zufolge keine Energie sparen, sondern das Gesundheitsrisiko der von EU, Industrie und Greenpeace als Energie-Revolution angek\u00fcndigten Leuchte ist wesentlich h\u00f6her als gedacht. Zerbricht eine Lampe, tritt hochgiftiger Dampf aus. Die wenigsten Verbraucher wissen um die Gefahr. Ein trauriges Beispiel daf\u00fcr, wie erfolgreiche Lobbyarbeit und politische Blindheit zum Risiko f\u00fcr den Einzelnen werden.<\/p><\/blockquote>\n<p><object width=\"500\" height=\"284\"><param name=\"movie\" value=\"http:\/\/www.youtube.com\/v\/KUYIpNgk7eM?version=3&amp;hl=de_DE\"><\/param><param name=\"allowFullScreen\" value=\"true\"><\/param><param name=\"allowscriptaccess\" value=\"always\"><\/param><embed src=\"http:\/\/www.youtube.com\/v\/KUYIpNgk7eM?version=3&amp;hl=de_DE\" type=\"application\/x-shockwave-flash\" width=\"500\" height=\"284\" allowscriptaccess=\"always\" allowfullscreen=\"true\"><\/embed><\/object><\/p>\n<p>Einen sachlichen Fehler enth\u00e4lt der Beitrag allerdings \u2013 am Ende wird behauptet, dass die Lebensdauer der Gl\u00fchbirne in den letzten 20 Jahren k\u00fcnstlich auf 1000 Stunden gesenkt worden sei. Dieses Gl\u00fchbirnenkartell ist allerdings noch viel \u00e4lter (aus den 20er Jahren), wie man in der Doku \u201e<a href=\"http:\/\/konsumpf.de\/?p=10796\">Kaufen f\u00fcr die M\u00fcllhalde<\/a>\u201c sehen konnte. Was nat\u00fcrlich nichts daran \u00e4ndert, dass hier die Konzerne auf Kosten der Verbraucher und der Umwelt gehandelt haben.<\/p>\n<h3 class='related_post_title'>Verwandte Beitr\u00e4ge:<\/h3><ul class='related_post'><li><a href=\"http:\/\/konsumpf.de\/?p=14244\" title=\"Bulb Fiction\u00a0\u2013 Die dunkle Seite der Gl\u00fchbirne\">Bulb Fiction\u00a0\u2013 Die dunkle Seite der Gl\u00fchbirne<\/a><\/li><li><a href=\"http:\/\/konsumpf.de\/?p=15332\" title=\"Gef\u00e4hrliche Geheimnisse \u2013 Das Freihandelsabkommen\">Gef\u00e4hrliche Geheimnisse \u2013 Das Freihandelsabkommen<\/a><\/li><li><a href=\"http:\/\/konsumpf.de\/?p=14848\" title=\"Werden Sie doch Lobbyist!\">Werden Sie doch Lobbyist!<\/a><\/li><li><a href=\"http:\/\/konsumpf.de\/?p=14803\" title=\"Unsere Daten als \u201eGoldmine\u201c f\u00fcr Verlage\">Unsere Daten als \u201eGoldmine\u201c f\u00fcr Verlage<\/a><\/li><li><a href=\"http:\/\/konsumpf.de\/?p=14692\" title=\"Geheimoperation Wasser \u2013 EU f\u00f6rdert Wasserprivatisierung\">Geheimoperation Wasser \u2013 EU f\u00f6rdert Wasserprivatisierung<\/a><\/li><\/ul>","protected":false},"excerpt":{"rendered":"<p>Im Prinzip habe ich ja nichts dagegen, wenn der Gesetzgeber die B\u00fcrger zu sinnvollem, da umweltschonendem Verhalten animiert oder von mir aus auch mal zwingt, wenn es nicht anders geht. Auch auf EU-Ebene kann man da sicherlich einiges Sinnvolle tun. NICHT sinnvoll war jedoch das Gl\u00fchbirnenverbot \u2013 ein typisches Beispiel f\u00fcr lobbygetriebene Symbolpolitik. Statt, zum [&hellip;]<\/p>\n","protected":false},"author":1,"featured_media":0,"comment_status":"open","ping_status":"open","sticky":false,"template":"","format":"standard","meta":{"footnotes":""},"categories":[320,54,53,78],"tags":[2569,85,2568,2884,2359,2570],"yoast_head":"<!-- This site is optimized with the Yoast SEO plugin v24.4 - https:\/\/yoast.com\/wordpress\/plugins\/seo\/ -->\n<title>Volksverdummung: Die EU und die Energiesparlampe - Konsumpf - Forum f\u00fcr kreative Konsumkritik - Culture Jamming, Nachhaltigkeit, Konzernkritik, Adbusting<\/title>\n<meta name=\"robots\" content=\"index, follow, max-snippet:-1, max-image-preview:large, max-video-preview:-1\" \/>\n<link rel=\"canonical\" href=\"https:\/\/konsumpf.de\/?p=14055\" \/>\n<meta property=\"og:locale\" content=\"de_DE\" \/>\n<meta property=\"og:type\" content=\"article\" \/>\n<meta property=\"og:title\" content=\"Volksverdummung: Die EU und die Energiesparlampe - Konsumpf - Forum f\u00fcr kreative Konsumkritik - Culture Jamming, Nachhaltigkeit, Konzernkritik, Adbusting\" \/>\n<meta property=\"og:description\" content=\"Im Prinzip habe ich ja nichts dagegen, wenn der Gesetzgeber die B\u00fcrger zu sinnvollem, da umweltschonendem Verhalten animiert oder von mir aus auch mal zwingt, wenn es nicht anders geht. Auch auf EU-Ebene kann man da sicherlich einiges Sinnvolle tun. NICHT sinnvoll war jedoch das Gl\u00fchbirnenverbot \u2013 ein typisches Beispiel f\u00fcr lobbygetriebene Symbolpolitik. Statt, zum [&hellip;]\" \/>\n<meta property=\"og:url\" content=\"https:\/\/konsumpf.de\/?p=14055\" \/>\n<meta property=\"og:site_name\" content=\"Konsumpf - Forum f\u00fcr kreative Konsumkritik - Culture Jamming, Nachhaltigkeit, Konzernkritik, Adbusting\" \/>\n<meta property=\"article:published_time\" content=\"2012-05-18T10:27:25+00:00\" \/>\n<meta name=\"author\" content=\"Peter M.\" \/>\n<meta name=\"twitter:card\" content=\"summary_large_image\" \/>\n<meta name=\"twitter:label1\" content=\"Verfasst von\" \/>\n\t<meta name=\"twitter:data1\" content=\"Peter M.\" \/>\n\t<meta name=\"twitter:label2\" content=\"Gesch\u00e4tzte Lesezeit\" \/>\n\t<meta name=\"twitter:data2\" content=\"1\u00a0Minute\" \/>\n<script type=\"application\/ld+json\" class=\"yoast-schema-graph\">{\"@context\":\"https:\/\/schema.org\",\"@graph\":[{\"@type\":\"WebPage\",\"@id\":\"https:\/\/konsumpf.de\/?p=14055\",\"url\":\"https:\/\/konsumpf.de\/?p=14055\",\"name\":\"Volksverdummung: Die EU und die Energiesparlampe - Konsumpf - Forum f\u00fcr kreative Konsumkritik - Culture Jamming, Nachhaltigkeit, Konzernkritik, Adbusting\",\"isPartOf\":{\"@id\":\"https:\/\/konsumpf.de\/#website\"},\"datePublished\":\"2012-05-18T10:27:25+00:00\",\"author\":{\"@id\":\"https:\/\/konsumpf.de\/#\/schema\/person\/e595a6d286b26994e7e0926d70699070\"},\"breadcrumb\":{\"@id\":\"https:\/\/konsumpf.de\/?p=14055#breadcrumb\"},\"inLanguage\":\"de\",\"potentialAction\":[{\"@type\":\"ReadAction\",\"target\":[\"https:\/\/konsumpf.de\/?p=14055\"]}]},{\"@type\":\"BreadcrumbList\",\"@id\":\"https:\/\/konsumpf.de\/?p=14055#breadcrumb\",\"itemListElement\":[{\"@type\":\"ListItem\",\"position\":1,\"name\":\"Startseite\",\"item\":\"https:\/\/konsumpf.de\/\"},{\"@type\":\"ListItem\",\"position\":2,\"name\":\"Volksverdummung: Die EU und die Energiesparlampe\"}]},{\"@type\":\"WebSite\",\"@id\":\"https:\/\/konsumpf.de\/#website\",\"url\":\"https:\/\/konsumpf.de\/\",\"name\":\"Konsumpf - Forum f\u00fcr kreative Konsumkritik - Culture Jamming, Nachhaltigkeit, Konzernkritik, Adbusting\",\"description\":\"\",\"potentialAction\":[{\"@type\":\"SearchAction\",\"target\":{\"@type\":\"EntryPoint\",\"urlTemplate\":\"https:\/\/konsumpf.de\/?s={search_term_string}\"},\"query-input\":{\"@type\":\"PropertyValueSpecification\",\"valueRequired\":true,\"valueName\":\"search_term_string\"}}],\"inLanguage\":\"de\"},{\"@type\":\"Person\",\"@id\":\"https:\/\/konsumpf.de\/#\/schema\/person\/e595a6d286b26994e7e0926d70699070\",\"name\":\"Peter M.\",\"sameAs\":[\"http:\/\/konsumpf.de\"]}]}<\/script>\n<!-- \/ Yoast SEO plugin. -->","yoast_head_json":{"title":"Volksverdummung: Die EU und die Energiesparlampe - Konsumpf - Forum f\u00fcr kreative Konsumkritik - Culture Jamming, Nachhaltigkeit, Konzernkritik, Adbusting","robots":{"index":"index","follow":"follow","max-snippet":"max-snippet:-1","max-image-preview":"max-image-preview:large","max-video-preview":"max-video-preview:-1"},"canonical":"https:\/\/konsumpf.de\/?p=14055","og_locale":"de_DE","og_type":"article","og_title":"Volksverdummung: Die EU und die Energiesparlampe - Konsumpf - Forum f\u00fcr kreative Konsumkritik - Culture Jamming, Nachhaltigkeit, Konzernkritik, Adbusting","og_description":"Im Prinzip habe ich ja nichts dagegen, wenn der Gesetzgeber die B\u00fcrger zu sinnvollem, da umweltschonendem Verhalten animiert oder von mir aus auch mal zwingt, wenn es nicht anders geht. Auch auf EU-Ebene kann man da sicherlich einiges Sinnvolle tun. NICHT sinnvoll war jedoch das Gl\u00fchbirnenverbot \u2013 ein typisches Beispiel f\u00fcr lobbygetriebene Symbolpolitik. Statt, zum [&hellip;]","og_url":"https:\/\/konsumpf.de\/?p=14055","og_site_name":"Konsumpf - Forum f\u00fcr kreative Konsumkritik - Culture Jamming, Nachhaltigkeit, Konzernkritik, Adbusting","article_published_time":"2012-05-18T10:27:25+00:00","author":"Peter M.","twitter_card":"summary_large_image","twitter_misc":{"Verfasst von":"Peter M.","Gesch\u00e4tzte Lesezeit":"1\u00a0Minute"},"schema":{"@context":"https:\/\/schema.org","@graph":[{"@type":"WebPage","@id":"https:\/\/konsumpf.de\/?p=14055","url":"https:\/\/konsumpf.de\/?p=14055","name":"Volksverdummung: Die EU und die Energiesparlampe - Konsumpf - Forum f\u00fcr kreative Konsumkritik - Culture Jamming, Nachhaltigkeit, Konzernkritik, Adbusting","isPartOf":{"@id":"https:\/\/konsumpf.de\/#website"},"datePublished":"2012-05-18T10:27:25+00:00","author":{"@id":"https:\/\/konsumpf.de\/#\/schema\/person\/e595a6d286b26994e7e0926d70699070"},"breadcrumb":{"@id":"https:\/\/konsumpf.de\/?p=14055#breadcrumb"},"inLanguage":"de","potentialAction":[{"@type":"ReadAction","target":["https:\/\/konsumpf.de\/?p=14055"]}]},{"@type":"BreadcrumbList","@id":"https:\/\/konsumpf.de\/?p=14055#breadcrumb","itemListElement":[{"@type":"ListItem","position":1,"name":"Startseite","item":"https:\/\/konsumpf.de\/"},{"@type":"ListItem","position":2,"name":"Volksverdummung: Die EU und die Energiesparlampe"}]},{"@type":"WebSite","@id":"https:\/\/konsumpf.de\/#website","url":"https:\/\/konsumpf.de\/","name":"Konsumpf - Forum f\u00fcr kreative Konsumkritik - Culture Jamming, Nachhaltigkeit, Konzernkritik, Adbusting","description":"","potentialAction":[{"@type":"SearchAction","target":{"@type":"EntryPoint","urlTemplate":"https:\/\/konsumpf.de\/?s={search_term_string}"},"query-input":{"@type":"PropertyValueSpecification","valueRequired":true,"valueName":"search_term_string"}}],"inLanguage":"de"},{"@type":"Person","@id":"https:\/\/konsumpf.de\/#\/schema\/person\/e595a6d286b26994e7e0926d70699070","name":"Peter M.","sameAs":["http:\/\/konsumpf.de"]}]}},"_links":{"self":[{"href":"https:\/\/konsumpf.de\/index.php?rest_route=\/wp\/v2\/posts\/14055"}],"collection":[{"href":"https:\/\/konsumpf.de\/index.php?rest_route=\/wp\/v2\/posts"}],"about":[{"href":"https:\/\/konsumpf.de\/index.php?rest_route=\/wp\/v2\/types\/post"}],"author":[{"embeddable":true,"href":"https:\/\/konsumpf.de\/index.php?rest_route=\/wp\/v2\/users\/1"}],"replies":[{"embeddable":true,"href":"https:\/\/konsumpf.de\/index.php?rest_route=%2Fwp%2Fv2%2Fcomments&post=14055"}],"version-history":[{"count":2,"href":"https:\/\/konsumpf.de\/index.php?rest_route=\/wp\/v2\/posts\/14055\/revisions"}],"predecessor-version":[{"id":14058,"href":"https:\/\/konsumpf.de\/index.php?rest_route=\/wp\/v2\/posts\/14055\/revisions\/14058"}],"wp:attachment":[{"href":"https:\/\/konsumpf.de\/index.php?rest_route=%2Fwp%2Fv2%2Fmedia&parent=14055"}],"wp:term":[{"taxonomy":"category","embeddable":true,"href":"https:\/\/konsumpf.de\/index.php?rest_route=%2Fwp%2Fv2%2Fcategories&post=14055"},{"taxonomy":"post_tag","embeddable":true,"href":"https:\/\/konsumpf.de\/index.php?rest_route=%2Fwp%2Fv2%2Ftags&post=14055"}],"curies":[{"name":"wp","href":"https:\/\/api.w.org\/{rel}","templated":true}]}}