{"id":13988,"date":"2012-04-15T10:14:52","date_gmt":"2012-04-15T08:14:52","guid":{"rendered":"http:\/\/konsumpf.de\/?p=13988"},"modified":"2012-04-15T22:36:27","modified_gmt":"2012-04-15T20:36:27","slug":"die-inhalltsleere-von-wahlplakaten","status":"publish","type":"post","link":"https:\/\/konsumpf.de\/?p=13988","title":{"rendered":"Die Inhaltsleere von Wahlplakaten"},"content":{"rendered":"<p>Hurra, endlich ist wieder Wahlkampf in Schleswig-Holstein! Und wie jedes Mal \u00fcberbieten sich die Wahlplakate der einzelnen Parteien mit einer extremen Inhaltsarmut \u2013 auf die Spitze treiben es diese beiden von der SPD und den Gr\u00fcnen, bei denen man sich zudem unwillk\u00fcrlich fragt, ob sie die selbe Werbeagentur gebucht haben. Mal ehrlich:<em> \u201eF\u00fcr hier mit dir\u201c<\/em>, was ist das denn f\u00fcr ein selten d\u00e4mlicher Spruch, werte Gr\u00fcnen?!<\/p>\n<p><img loading=\"lazy\" decoding=\"async\" class=\"aligncenter  wp-image-13989\" title=\"rot-guren-plakat\" src=\"http:\/\/konsumpf.de\/wp-content\/uploads\/2012\/04\/rot-guren-plakat.jpg\" alt=\"\" width=\"332\" height=\"643\" \/><\/p>\n<p>Bekannt aus der heute show und unfreiwillig komisch (in mehrfacher Hinsicht) ist dieses Plakat der NRW-FDP:<\/p>\n<p><img loading=\"lazy\" decoding=\"async\" class=\"aligncenter size-full wp-image-13990\" title=\"fdp-nrw-kasper\" src=\"http:\/\/konsumpf.de\/wp-content\/uploads\/2012\/04\/fdp-nrw-kasper.jpg\" alt=\"\" width=\"500\" height=\"333\" srcset=\"https:\/\/konsumpf.de\/wp-content\/uploads\/2012\/04\/fdp-nrw-kasper.jpg 500w, https:\/\/konsumpf.de\/wp-content\/uploads\/2012\/04\/fdp-nrw-kasper-250x166.jpg 250w, https:\/\/konsumpf.de\/wp-content\/uploads\/2012\/04\/fdp-nrw-kasper-300x199.jpg 300w\" sizes=\"(max-width: 500px) 100vw, 500px\" \/><\/p>\n<h3 class='related_post_title'>Verwandte Beitr\u00e4ge:<\/h3><ul class='related_post'><li><a href=\"http:\/\/konsumpf.de\/?p=14894\" title=\"Der Parteien-Einheitsbrei\">Der Parteien-Einheitsbrei<\/a><\/li><li><a href=\"http:\/\/konsumpf.de\/?p=12878\" title=\"Berliner Wahlplakat-Busting, Nachschlag\">Berliner Wahlplakat-Busting, Nachschlag<\/a><\/li><li><a href=\"http:\/\/konsumpf.de\/?p=15036\" title=\"Die \u201eErfolgsbilanz\u201c von Schwarz-Gelb, Parteispenden sowie Tierschutz in den Wahlprogrammen\">Die \u201eErfolgsbilanz\u201c von Schwarz-Gelb, Parteispenden sowie Tierschutz in den Wahlprogrammen<\/a><\/li><li><a href=\"http:\/\/konsumpf.de\/?p=14332\" title=\"Da hilft doch nur noch Auswandern\">Da hilft doch nur noch Auswandern<\/a><\/li><li><a href=\"http:\/\/konsumpf.de\/?p=10382\" title=\"Lesetipps \u2013 Kehraus-Edition. Von Privatisierungswahn, Sarrazinaden und Parteispenden\">Lesetipps \u2013 Kehraus-Edition. Von Privatisierungswahn, Sarrazinaden und Parteispenden<\/a><\/li><\/ul>","protected":false},"excerpt":{"rendered":"<p>Hurra, endlich ist wieder Wahlkampf in Schleswig-Holstein! Und wie jedes Mal \u00fcberbieten sich die Wahlplakate der einzelnen Parteien mit einer extremen Inhaltsarmut \u2013 auf die Spitze treiben es diese beiden von der SPD und den Gr\u00fcnen, bei denen man sich zudem unwillk\u00fcrlich fragt, ob sie die selbe Werbeagentur gebucht haben. Mal ehrlich: \u201eF\u00fcr hier mit [&hellip;]<\/p>\n","protected":false},"author":1,"featured_media":0,"comment_status":"open","ping_status":"open","sticky":false,"template":"","format":"standard","meta":{"footnotes":""},"categories":[311,53,20],"tags":[1925,2869,1028,448,2382,801],"yoast_head":"<!-- This site is optimized with the Yoast SEO plugin v24.4 - https:\/\/yoast.com\/wordpress\/plugins\/seo\/ -->\n<title>Die Inhaltsleere von Wahlplakaten - Konsumpf - Forum f\u00fcr kreative Konsumkritik - Culture Jamming, Nachhaltigkeit, Konzernkritik, Adbusting<\/title>\n<meta name=\"robots\" content=\"index, follow, max-snippet:-1, max-image-preview:large, max-video-preview:-1\" \/>\n<link rel=\"canonical\" href=\"https:\/\/konsumpf.de\/?p=13988\" \/>\n<meta property=\"og:locale\" content=\"de_DE\" \/>\n<meta property=\"og:type\" content=\"article\" \/>\n<meta property=\"og:title\" content=\"Die Inhaltsleere von Wahlplakaten - Konsumpf - Forum f\u00fcr kreative Konsumkritik - Culture Jamming, Nachhaltigkeit, Konzernkritik, Adbusting\" \/>\n<meta property=\"og:description\" content=\"Hurra, endlich ist wieder Wahlkampf in Schleswig-Holstein! Und wie jedes Mal \u00fcberbieten sich die Wahlplakate der einzelnen Parteien mit einer extremen Inhaltsarmut \u2013 auf die Spitze treiben es diese beiden von der SPD und den Gr\u00fcnen, bei denen man sich zudem unwillk\u00fcrlich fragt, ob sie die selbe Werbeagentur gebucht haben. Mal ehrlich: \u201eF\u00fcr hier mit [&hellip;]\" \/>\n<meta property=\"og:url\" content=\"https:\/\/konsumpf.de\/?p=13988\" \/>\n<meta property=\"og:site_name\" content=\"Konsumpf - Forum f\u00fcr kreative Konsumkritik - Culture Jamming, Nachhaltigkeit, Konzernkritik, Adbusting\" \/>\n<meta property=\"article:published_time\" content=\"2012-04-15T08:14:52+00:00\" \/>\n<meta property=\"article:modified_time\" content=\"2012-04-15T20:36:27+00:00\" \/>\n<meta property=\"og:image\" content=\"http:\/\/konsumpf.de\/wp-content\/uploads\/2012\/04\/rot-guren-plakat.jpg\" \/>\n<meta name=\"author\" content=\"Peter M.\" \/>\n<meta name=\"twitter:card\" content=\"summary_large_image\" \/>\n<meta name=\"twitter:label1\" content=\"Verfasst von\" \/>\n\t<meta name=\"twitter:data1\" content=\"Peter M.\" \/>\n<script type=\"application\/ld+json\" class=\"yoast-schema-graph\">{\"@context\":\"https:\/\/schema.org\",\"@graph\":[{\"@type\":\"WebPage\",\"@id\":\"https:\/\/konsumpf.de\/?p=13988\",\"url\":\"https:\/\/konsumpf.de\/?p=13988\",\"name\":\"Die Inhaltsleere von Wahlplakaten - Konsumpf - Forum f\u00fcr kreative Konsumkritik - Culture Jamming, Nachhaltigkeit, Konzernkritik, Adbusting\",\"isPartOf\":{\"@id\":\"https:\/\/konsumpf.de\/#website\"},\"primaryImageOfPage\":{\"@id\":\"https:\/\/konsumpf.de\/?p=13988#primaryimage\"},\"image\":{\"@id\":\"https:\/\/konsumpf.de\/?p=13988#primaryimage\"},\"thumbnailUrl\":\"http:\/\/konsumpf.de\/wp-content\/uploads\/2012\/04\/rot-guren-plakat.jpg\",\"datePublished\":\"2012-04-15T08:14:52+00:00\",\"dateModified\":\"2012-04-15T20:36:27+00:00\",\"author\":{\"@id\":\"https:\/\/konsumpf.de\/#\/schema\/person\/e595a6d286b26994e7e0926d70699070\"},\"breadcrumb\":{\"@id\":\"https:\/\/konsumpf.de\/?p=13988#breadcrumb\"},\"inLanguage\":\"de\",\"potentialAction\":[{\"@type\":\"ReadAction\",\"target\":[\"https:\/\/konsumpf.de\/?p=13988\"]}]},{\"@type\":\"ImageObject\",\"inLanguage\":\"de\",\"@id\":\"https:\/\/konsumpf.de\/?p=13988#primaryimage\",\"url\":\"https:\/\/konsumpf.de\/wp-content\/uploads\/2012\/04\/rot-guren-plakat.jpg\",\"contentUrl\":\"https:\/\/konsumpf.de\/wp-content\/uploads\/2012\/04\/rot-guren-plakat.jpg\",\"width\":\"500\",\"height\":\"970\"},{\"@type\":\"BreadcrumbList\",\"@id\":\"https:\/\/konsumpf.de\/?p=13988#breadcrumb\",\"itemListElement\":[{\"@type\":\"ListItem\",\"position\":1,\"name\":\"Startseite\",\"item\":\"https:\/\/konsumpf.de\/\"},{\"@type\":\"ListItem\",\"position\":2,\"name\":\"Die Inhaltsleere von Wahlplakaten\"}]},{\"@type\":\"WebSite\",\"@id\":\"https:\/\/konsumpf.de\/#website\",\"url\":\"https:\/\/konsumpf.de\/\",\"name\":\"Konsumpf - Forum f\u00fcr kreative Konsumkritik - Culture Jamming, Nachhaltigkeit, Konzernkritik, Adbusting\",\"description\":\"\",\"potentialAction\":[{\"@type\":\"SearchAction\",\"target\":{\"@type\":\"EntryPoint\",\"urlTemplate\":\"https:\/\/konsumpf.de\/?s={search_term_string}\"},\"query-input\":{\"@type\":\"PropertyValueSpecification\",\"valueRequired\":true,\"valueName\":\"search_term_string\"}}],\"inLanguage\":\"de\"},{\"@type\":\"Person\",\"@id\":\"https:\/\/konsumpf.de\/#\/schema\/person\/e595a6d286b26994e7e0926d70699070\",\"name\":\"Peter M.\",\"sameAs\":[\"http:\/\/konsumpf.de\"]}]}<\/script>\n<!-- \/ Yoast SEO plugin. -->","yoast_head_json":{"title":"Die Inhaltsleere von Wahlplakaten - Konsumpf - Forum f\u00fcr kreative Konsumkritik - Culture Jamming, Nachhaltigkeit, Konzernkritik, Adbusting","robots":{"index":"index","follow":"follow","max-snippet":"max-snippet:-1","max-image-preview":"max-image-preview:large","max-video-preview":"max-video-preview:-1"},"canonical":"https:\/\/konsumpf.de\/?p=13988","og_locale":"de_DE","og_type":"article","og_title":"Die Inhaltsleere von Wahlplakaten - Konsumpf - Forum f\u00fcr kreative Konsumkritik - Culture Jamming, Nachhaltigkeit, Konzernkritik, Adbusting","og_description":"Hurra, endlich ist wieder Wahlkampf in Schleswig-Holstein! Und wie jedes Mal \u00fcberbieten sich die Wahlplakate der einzelnen Parteien mit einer extremen Inhaltsarmut \u2013 auf die Spitze treiben es diese beiden von der SPD und den Gr\u00fcnen, bei denen man sich zudem unwillk\u00fcrlich fragt, ob sie die selbe Werbeagentur gebucht haben. Mal ehrlich: \u201eF\u00fcr hier mit [&hellip;]","og_url":"https:\/\/konsumpf.de\/?p=13988","og_site_name":"Konsumpf - Forum f\u00fcr kreative Konsumkritik - Culture Jamming, Nachhaltigkeit, Konzernkritik, Adbusting","article_published_time":"2012-04-15T08:14:52+00:00","article_modified_time":"2012-04-15T20:36:27+00:00","og_image":[{"url":"http:\/\/konsumpf.de\/wp-content\/uploads\/2012\/04\/rot-guren-plakat.jpg","type":"","width":"","height":""}],"author":"Peter M.","twitter_card":"summary_large_image","twitter_misc":{"Verfasst von":"Peter M."},"schema":{"@context":"https:\/\/schema.org","@graph":[{"@type":"WebPage","@id":"https:\/\/konsumpf.de\/?p=13988","url":"https:\/\/konsumpf.de\/?p=13988","name":"Die Inhaltsleere von Wahlplakaten - Konsumpf - Forum f\u00fcr kreative Konsumkritik - Culture Jamming, Nachhaltigkeit, Konzernkritik, Adbusting","isPartOf":{"@id":"https:\/\/konsumpf.de\/#website"},"primaryImageOfPage":{"@id":"https:\/\/konsumpf.de\/?p=13988#primaryimage"},"image":{"@id":"https:\/\/konsumpf.de\/?p=13988#primaryimage"},"thumbnailUrl":"http:\/\/konsumpf.de\/wp-content\/uploads\/2012\/04\/rot-guren-plakat.jpg","datePublished":"2012-04-15T08:14:52+00:00","dateModified":"2012-04-15T20:36:27+00:00","author":{"@id":"https:\/\/konsumpf.de\/#\/schema\/person\/e595a6d286b26994e7e0926d70699070"},"breadcrumb":{"@id":"https:\/\/konsumpf.de\/?p=13988#breadcrumb"},"inLanguage":"de","potentialAction":[{"@type":"ReadAction","target":["https:\/\/konsumpf.de\/?p=13988"]}]},{"@type":"ImageObject","inLanguage":"de","@id":"https:\/\/konsumpf.de\/?p=13988#primaryimage","url":"https:\/\/konsumpf.de\/wp-content\/uploads\/2012\/04\/rot-guren-plakat.jpg","contentUrl":"https:\/\/konsumpf.de\/wp-content\/uploads\/2012\/04\/rot-guren-plakat.jpg","width":"500","height":"970"},{"@type":"BreadcrumbList","@id":"https:\/\/konsumpf.de\/?p=13988#breadcrumb","itemListElement":[{"@type":"ListItem","position":1,"name":"Startseite","item":"https:\/\/konsumpf.de\/"},{"@type":"ListItem","position":2,"name":"Die Inhaltsleere von Wahlplakaten"}]},{"@type":"WebSite","@id":"https:\/\/konsumpf.de\/#website","url":"https:\/\/konsumpf.de\/","name":"Konsumpf - Forum f\u00fcr kreative Konsumkritik - Culture Jamming, Nachhaltigkeit, Konzernkritik, Adbusting","description":"","potentialAction":[{"@type":"SearchAction","target":{"@type":"EntryPoint","urlTemplate":"https:\/\/konsumpf.de\/?s={search_term_string}"},"query-input":{"@type":"PropertyValueSpecification","valueRequired":true,"valueName":"search_term_string"}}],"inLanguage":"de"},{"@type":"Person","@id":"https:\/\/konsumpf.de\/#\/schema\/person\/e595a6d286b26994e7e0926d70699070","name":"Peter M.","sameAs":["http:\/\/konsumpf.de"]}]}},"_links":{"self":[{"href":"https:\/\/konsumpf.de\/index.php?rest_route=\/wp\/v2\/posts\/13988"}],"collection":[{"href":"https:\/\/konsumpf.de\/index.php?rest_route=\/wp\/v2\/posts"}],"about":[{"href":"https:\/\/konsumpf.de\/index.php?rest_route=\/wp\/v2\/types\/post"}],"author":[{"embeddable":true,"href":"https:\/\/konsumpf.de\/index.php?rest_route=\/wp\/v2\/users\/1"}],"replies":[{"embeddable":true,"href":"https:\/\/konsumpf.de\/index.php?rest_route=%2Fwp%2Fv2%2Fcomments&post=13988"}],"version-history":[{"count":7,"href":"https:\/\/konsumpf.de\/index.php?rest_route=\/wp\/v2\/posts\/13988\/revisions"}],"predecessor-version":[{"id":13999,"href":"https:\/\/konsumpf.de\/index.php?rest_route=\/wp\/v2\/posts\/13988\/revisions\/13999"}],"wp:attachment":[{"href":"https:\/\/konsumpf.de\/index.php?rest_route=%2Fwp%2Fv2%2Fmedia&parent=13988"}],"wp:term":[{"taxonomy":"category","embeddable":true,"href":"https:\/\/konsumpf.de\/index.php?rest_route=%2Fwp%2Fv2%2Fcategories&post=13988"},{"taxonomy":"post_tag","embeddable":true,"href":"https:\/\/konsumpf.de\/index.php?rest_route=%2Fwp%2Fv2%2Ftags&post=13988"}],"curies":[{"name":"wp","href":"https:\/\/api.w.org\/{rel}","templated":true}]}}