{"id":13922,"date":"2012-03-20T09:11:02","date_gmt":"2012-03-20T08:11:02","guid":{"rendered":"http:\/\/konsumpf.de\/?p=13922"},"modified":"2012-03-19T13:15:41","modified_gmt":"2012-03-19T12:15:41","slug":"am-21-3-demo-in-kiel-%e2%80%9ebauernhofe-statt-agrarindustrie","status":"publish","type":"post","link":"https:\/\/konsumpf.de\/?p=13922","title":{"rendered":"Am 21.3. Demo in Kiel \u201eBauernh\u00f6fe statt Agrarindustrie\u201c"},"content":{"rendered":"<p><img loading=\"lazy\" decoding=\"async\" class=\"aligncenter size-full wp-image-13925\" title=\"DEMO_-21-o3_Kiel_Handzettel_klein\" src=\"http:\/\/konsumpf.de\/wp-content\/uploads\/2012\/03\/DEMO_-21-o3_Kiel_Handzettel_klein.jpg\" alt=\"\" width=\"500\" height=\"887\" srcset=\"https:\/\/konsumpf.de\/wp-content\/uploads\/2012\/03\/DEMO_-21-o3_Kiel_Handzettel_klein.jpg 500w, https:\/\/konsumpf.de\/wp-content\/uploads\/2012\/03\/DEMO_-21-o3_Kiel_Handzettel_klein-169x300.jpg 169w\" sizes=\"(max-width: 500px) 100vw, 500px\" \/><\/p>\n<p>Diesen Veranstaltungstipp f\u00fcr die Region Kiel m\u00f6chte ich Euch heute mit auf den Weg geben \u2013 wie man sieht, bewegt sich etwas im Kampf gegen eine alles monopolisierende Nahrungsmittelindustrie:<\/p>\n<blockquote><p><strong>Bauernh\u00f6fe statt Agrarindustrie<\/strong><br \/>\n<strong>Gemeinsam f\u00fcr eine neue, faire Agrarpolitik in Schleswig-Holstein<\/strong><\/p>\n<p>KUNDGEBUNG MI. 21.3. 13 Uhr vor dem Landeshaus in Kiel, D\u00fcsternbrooker Weg 70<br \/>\nTrecker-Korso vom Wilhelmplatz zum Landeshaus<\/p>\n<p>Ein breites B\u00fcndnis (siehe Flyer) aus Landwirtschafts-, Umwelt-, Imker-, Verbraucher-, Tierschutz- und Eine-Welt Organisationen l\u00e4dt ein zur Kundgebung Bauernh\u00f6fe statt Agrarindustrie<\/p>\n<p>&#8211; 11.00 Uhr Treffen der Trecker auf dem Wilhelmplatz in Kiel \u2013 gemeinsamer Treckerkorso<br \/>\n&#8211; 13.00 Uhr Versammlung vor dem Landeshaus, D\u00fcsternbrooker Weg 70 mit Musik, Poesie, bunten Transparenten und politischen Forderungen<br \/>\n&#8211; 13.30 Uhr Kundgebung mit Forderungen und Fragen an die politischen VertreterInnen<\/p>\n<p>&#8211; St\u00e4rkung des \u00d6kolandbaus \u2013 BIOLAND und DEMETER<br \/>\n&#8211; Faire Preise &amp; St\u00e4rkung der Erzeuger am Markt \u2013 Bundesverband Deutscher Milchviehhalter (BDM)<br \/>\n&#8211; Artgerechte Tierhaltung \u2013 PROVIEH<br \/>\n&#8211; Umwelt- und Klimaschutz \u2013 BUND<br \/>\n&#8211; Gentechnikfreie Landwirtschaft und Bienenschutz \u2013 BI gentechnikfreies SH<br \/>\n&#8211; Regionale Vermarktung \u2013 EVG Landwege e.G.<br \/>\n&#8211; St\u00e4rkung der Kleinb\u00e4uerinnen und Bauern in den L\u00e4ndern des S\u00fcdens \u2013 Brot f\u00fcr die Welt<\/p>\n<p>Wir wollen gemeinsam kurz vor der Landtagswahl in Schleswig-Holstein ein deutliches Zeichen setzen f\u00fcr eine b\u00e4uerliche, \u00f6kologische Landwirtschaft, faire Preise, f\u00fcr Vielfalt statt Monokulturen. F\u00fcr eine klima- und umweltvertr\u00e4gliche und gentechnikfreie Landwirtschaft mit artgerechter Tierhaltung. F\u00fcr gesunde, regionale Lebensmittel, solidarisch mit den Kleinb\u00e4uerInnen des S\u00fcdens.<\/p>\n<p><strong>Wie kann man sich beteiligen?<\/strong><br \/>\nDurch zahlreiche Teilnahme!<br \/>\nDurch eine Spende an: Landwege e.V. \u2013 Konto 9906520 \u2013 Sparkasse zu L\u00fcbeck \u2013 BLZ 23050101 \u2013 Verwendungszweck: Spende f\u00fcr Kundgebung 21.3.2012 und Angabe der vollst\u00e4ndigen Adresse f\u00fcr die Spendenbescheinigung<\/p><\/blockquote>\n<h3 class='related_post_title'>Verwandte Beitr\u00e4ge:<\/h3><ul class='related_post'><li><a href=\"http:\/\/konsumpf.de\/?p=13614\" title=\"Gentechnik \u2013 made by Profit\">Gentechnik \u2013 made by Profit<\/a><\/li><li><a href=\"http:\/\/konsumpf.de\/?p=10054\" title=\"Zeichen setzen \u2013 Demo zum internationalen Tag zur Abschaffung von Tierversuchen am 30. April 2011\">Zeichen setzen \u2013 Demo zum internationalen Tag zur Abschaffung von Tierversuchen am 30. April 2011<\/a><\/li><li><a href=\"http:\/\/konsumpf.de\/?p=11400\" title=\"Bienen in Not, Pflanzen bedroht\">Bienen in Not, Pflanzen bedroht<\/a><\/li><li><a href=\"http:\/\/konsumpf.de\/?p=11386\" title=\"Fernsehtipp: Umweltschutz und Nachhaltigkeit auf ARTE.tv\">Fernsehtipp: Umweltschutz und Nachhaltigkeit auf ARTE.tv<\/a><\/li><li><a href=\"http:\/\/konsumpf.de\/?p=11020\" title=\"Permakultur bitte!\">Permakultur bitte!<\/a><\/li><\/ul>","protected":false},"excerpt":{"rendered":"<p>Diesen Veranstaltungstipp f\u00fcr die Region Kiel m\u00f6chte ich Euch heute mit auf den Weg geben \u2013 wie man sieht, bewegt sich etwas im Kampf gegen eine alles monopolisierende Nahrungsmittelindustrie: Bauernh\u00f6fe statt Agrarindustrie Gemeinsam f\u00fcr eine neue, faire Agrarpolitik in Schleswig-Holstein KUNDGEBUNG MI. 21.3. 13 Uhr vor dem Landeshaus in Kiel, D\u00fcsternbrooker Weg 70 Trecker-Korso vom [&hellip;]<\/p>\n","protected":false},"author":1,"featured_media":0,"comment_status":"open","ping_status":"open","sticky":false,"template":"","format":"standard","meta":{"footnotes":""},"categories":[256,259,12,54,50],"tags":[2541,577,1122,348,1121,659,2885,2868],"yoast_head":"<!-- This site is optimized with the Yoast SEO plugin v24.4 - https:\/\/yoast.com\/wordpress\/plugins\/seo\/ -->\n<title>Am 21.3. Demo in Kiel \u201eBauernh\u00f6fe statt Agrarindustrie\u201c - Konsumpf - Forum f\u00fcr kreative Konsumkritik - Culture Jamming, Nachhaltigkeit, Konzernkritik, Adbusting<\/title>\n<meta name=\"robots\" content=\"index, follow, max-snippet:-1, max-image-preview:large, max-video-preview:-1\" \/>\n<link rel=\"canonical\" href=\"https:\/\/konsumpf.de\/?p=13922\" \/>\n<meta property=\"og:locale\" content=\"de_DE\" \/>\n<meta property=\"og:type\" content=\"article\" \/>\n<meta property=\"og:title\" content=\"Am 21.3. Demo in Kiel \u201eBauernh\u00f6fe statt Agrarindustrie\u201c - Konsumpf - Forum f\u00fcr kreative Konsumkritik - Culture Jamming, Nachhaltigkeit, Konzernkritik, Adbusting\" \/>\n<meta property=\"og:description\" content=\"Diesen Veranstaltungstipp f\u00fcr die Region Kiel m\u00f6chte ich Euch heute mit auf den Weg geben \u2013 wie man sieht, bewegt sich etwas im Kampf gegen eine alles monopolisierende Nahrungsmittelindustrie: Bauernh\u00f6fe statt Agrarindustrie Gemeinsam f\u00fcr eine neue, faire Agrarpolitik in Schleswig-Holstein KUNDGEBUNG MI. 21.3. 13 Uhr vor dem Landeshaus in Kiel, D\u00fcsternbrooker Weg 70 Trecker-Korso vom [&hellip;]\" \/>\n<meta property=\"og:url\" content=\"https:\/\/konsumpf.de\/?p=13922\" \/>\n<meta property=\"og:site_name\" content=\"Konsumpf - Forum f\u00fcr kreative Konsumkritik - Culture Jamming, Nachhaltigkeit, Konzernkritik, Adbusting\" \/>\n<meta property=\"article:published_time\" content=\"2012-03-20T08:11:02+00:00\" \/>\n<meta property=\"og:image\" content=\"http:\/\/konsumpf.de\/wp-content\/uploads\/2012\/03\/DEMO_-21-o3_Kiel_Handzettel_klein.jpg\" \/>\n<meta name=\"author\" content=\"Peter M.\" \/>\n<meta name=\"twitter:card\" content=\"summary_large_image\" \/>\n<meta name=\"twitter:label1\" content=\"Verfasst von\" \/>\n\t<meta name=\"twitter:data1\" content=\"Peter M.\" \/>\n\t<meta name=\"twitter:label2\" content=\"Gesch\u00e4tzte Lesezeit\" \/>\n\t<meta name=\"twitter:data2\" content=\"1\u00a0Minute\" \/>\n<script type=\"application\/ld+json\" class=\"yoast-schema-graph\">{\"@context\":\"https:\/\/schema.org\",\"@graph\":[{\"@type\":\"WebPage\",\"@id\":\"https:\/\/konsumpf.de\/?p=13922\",\"url\":\"https:\/\/konsumpf.de\/?p=13922\",\"name\":\"Am 21.3. Demo in Kiel \u201eBauernh\u00f6fe statt Agrarindustrie\u201c - Konsumpf - Forum f\u00fcr kreative Konsumkritik - Culture Jamming, Nachhaltigkeit, Konzernkritik, Adbusting\",\"isPartOf\":{\"@id\":\"https:\/\/konsumpf.de\/#website\"},\"primaryImageOfPage\":{\"@id\":\"https:\/\/konsumpf.de\/?p=13922#primaryimage\"},\"image\":{\"@id\":\"https:\/\/konsumpf.de\/?p=13922#primaryimage\"},\"thumbnailUrl\":\"http:\/\/konsumpf.de\/wp-content\/uploads\/2012\/03\/DEMO_-21-o3_Kiel_Handzettel_klein.jpg\",\"datePublished\":\"2012-03-20T08:11:02+00:00\",\"author\":{\"@id\":\"https:\/\/konsumpf.de\/#\/schema\/person\/e595a6d286b26994e7e0926d70699070\"},\"breadcrumb\":{\"@id\":\"https:\/\/konsumpf.de\/?p=13922#breadcrumb\"},\"inLanguage\":\"de\",\"potentialAction\":[{\"@type\":\"ReadAction\",\"target\":[\"https:\/\/konsumpf.de\/?p=13922\"]}]},{\"@type\":\"ImageObject\",\"inLanguage\":\"de\",\"@id\":\"https:\/\/konsumpf.de\/?p=13922#primaryimage\",\"url\":\"https:\/\/konsumpf.de\/wp-content\/uploads\/2012\/03\/DEMO_-21-o3_Kiel_Handzettel_klein.jpg\",\"contentUrl\":\"https:\/\/konsumpf.de\/wp-content\/uploads\/2012\/03\/DEMO_-21-o3_Kiel_Handzettel_klein.jpg\",\"width\":\"500\",\"height\":\"887\"},{\"@type\":\"BreadcrumbList\",\"@id\":\"https:\/\/konsumpf.de\/?p=13922#breadcrumb\",\"itemListElement\":[{\"@type\":\"ListItem\",\"position\":1,\"name\":\"Startseite\",\"item\":\"https:\/\/konsumpf.de\/\"},{\"@type\":\"ListItem\",\"position\":2,\"name\":\"Am 21.3. Demo in Kiel \u201eBauernh\u00f6fe statt Agrarindustrie\u201c\"}]},{\"@type\":\"WebSite\",\"@id\":\"https:\/\/konsumpf.de\/#website\",\"url\":\"https:\/\/konsumpf.de\/\",\"name\":\"Konsumpf - Forum f\u00fcr kreative Konsumkritik - Culture Jamming, Nachhaltigkeit, Konzernkritik, Adbusting\",\"description\":\"\",\"potentialAction\":[{\"@type\":\"SearchAction\",\"target\":{\"@type\":\"EntryPoint\",\"urlTemplate\":\"https:\/\/konsumpf.de\/?s={search_term_string}\"},\"query-input\":{\"@type\":\"PropertyValueSpecification\",\"valueRequired\":true,\"valueName\":\"search_term_string\"}}],\"inLanguage\":\"de\"},{\"@type\":\"Person\",\"@id\":\"https:\/\/konsumpf.de\/#\/schema\/person\/e595a6d286b26994e7e0926d70699070\",\"name\":\"Peter M.\",\"sameAs\":[\"http:\/\/konsumpf.de\"]}]}<\/script>\n<!-- \/ Yoast SEO plugin. -->","yoast_head_json":{"title":"Am 21.3. Demo in Kiel \u201eBauernh\u00f6fe statt Agrarindustrie\u201c - Konsumpf - Forum f\u00fcr kreative Konsumkritik - Culture Jamming, Nachhaltigkeit, Konzernkritik, Adbusting","robots":{"index":"index","follow":"follow","max-snippet":"max-snippet:-1","max-image-preview":"max-image-preview:large","max-video-preview":"max-video-preview:-1"},"canonical":"https:\/\/konsumpf.de\/?p=13922","og_locale":"de_DE","og_type":"article","og_title":"Am 21.3. Demo in Kiel \u201eBauernh\u00f6fe statt Agrarindustrie\u201c - Konsumpf - Forum f\u00fcr kreative Konsumkritik - Culture Jamming, Nachhaltigkeit, Konzernkritik, Adbusting","og_description":"Diesen Veranstaltungstipp f\u00fcr die Region Kiel m\u00f6chte ich Euch heute mit auf den Weg geben \u2013 wie man sieht, bewegt sich etwas im Kampf gegen eine alles monopolisierende Nahrungsmittelindustrie: Bauernh\u00f6fe statt Agrarindustrie Gemeinsam f\u00fcr eine neue, faire Agrarpolitik in Schleswig-Holstein KUNDGEBUNG MI. 21.3. 13 Uhr vor dem Landeshaus in Kiel, D\u00fcsternbrooker Weg 70 Trecker-Korso vom [&hellip;]","og_url":"https:\/\/konsumpf.de\/?p=13922","og_site_name":"Konsumpf - Forum f\u00fcr kreative Konsumkritik - Culture Jamming, Nachhaltigkeit, Konzernkritik, Adbusting","article_published_time":"2012-03-20T08:11:02+00:00","og_image":[{"url":"http:\/\/konsumpf.de\/wp-content\/uploads\/2012\/03\/DEMO_-21-o3_Kiel_Handzettel_klein.jpg","type":"","width":"","height":""}],"author":"Peter M.","twitter_card":"summary_large_image","twitter_misc":{"Verfasst von":"Peter M.","Gesch\u00e4tzte Lesezeit":"1\u00a0Minute"},"schema":{"@context":"https:\/\/schema.org","@graph":[{"@type":"WebPage","@id":"https:\/\/konsumpf.de\/?p=13922","url":"https:\/\/konsumpf.de\/?p=13922","name":"Am 21.3. Demo in Kiel \u201eBauernh\u00f6fe statt Agrarindustrie\u201c - Konsumpf - Forum f\u00fcr kreative Konsumkritik - Culture Jamming, Nachhaltigkeit, Konzernkritik, Adbusting","isPartOf":{"@id":"https:\/\/konsumpf.de\/#website"},"primaryImageOfPage":{"@id":"https:\/\/konsumpf.de\/?p=13922#primaryimage"},"image":{"@id":"https:\/\/konsumpf.de\/?p=13922#primaryimage"},"thumbnailUrl":"http:\/\/konsumpf.de\/wp-content\/uploads\/2012\/03\/DEMO_-21-o3_Kiel_Handzettel_klein.jpg","datePublished":"2012-03-20T08:11:02+00:00","author":{"@id":"https:\/\/konsumpf.de\/#\/schema\/person\/e595a6d286b26994e7e0926d70699070"},"breadcrumb":{"@id":"https:\/\/konsumpf.de\/?p=13922#breadcrumb"},"inLanguage":"de","potentialAction":[{"@type":"ReadAction","target":["https:\/\/konsumpf.de\/?p=13922"]}]},{"@type":"ImageObject","inLanguage":"de","@id":"https:\/\/konsumpf.de\/?p=13922#primaryimage","url":"https:\/\/konsumpf.de\/wp-content\/uploads\/2012\/03\/DEMO_-21-o3_Kiel_Handzettel_klein.jpg","contentUrl":"https:\/\/konsumpf.de\/wp-content\/uploads\/2012\/03\/DEMO_-21-o3_Kiel_Handzettel_klein.jpg","width":"500","height":"887"},{"@type":"BreadcrumbList","@id":"https:\/\/konsumpf.de\/?p=13922#breadcrumb","itemListElement":[{"@type":"ListItem","position":1,"name":"Startseite","item":"https:\/\/konsumpf.de\/"},{"@type":"ListItem","position":2,"name":"Am 21.3. Demo in Kiel \u201eBauernh\u00f6fe statt Agrarindustrie\u201c"}]},{"@type":"WebSite","@id":"https:\/\/konsumpf.de\/#website","url":"https:\/\/konsumpf.de\/","name":"Konsumpf - Forum f\u00fcr kreative Konsumkritik - Culture Jamming, Nachhaltigkeit, Konzernkritik, Adbusting","description":"","potentialAction":[{"@type":"SearchAction","target":{"@type":"EntryPoint","urlTemplate":"https:\/\/konsumpf.de\/?s={search_term_string}"},"query-input":{"@type":"PropertyValueSpecification","valueRequired":true,"valueName":"search_term_string"}}],"inLanguage":"de"},{"@type":"Person","@id":"https:\/\/konsumpf.de\/#\/schema\/person\/e595a6d286b26994e7e0926d70699070","name":"Peter M.","sameAs":["http:\/\/konsumpf.de"]}]}},"_links":{"self":[{"href":"https:\/\/konsumpf.de\/index.php?rest_route=\/wp\/v2\/posts\/13922"}],"collection":[{"href":"https:\/\/konsumpf.de\/index.php?rest_route=\/wp\/v2\/posts"}],"about":[{"href":"https:\/\/konsumpf.de\/index.php?rest_route=\/wp\/v2\/types\/post"}],"author":[{"embeddable":true,"href":"https:\/\/konsumpf.de\/index.php?rest_route=\/wp\/v2\/users\/1"}],"replies":[{"embeddable":true,"href":"https:\/\/konsumpf.de\/index.php?rest_route=%2Fwp%2Fv2%2Fcomments&post=13922"}],"version-history":[{"count":3,"href":"https:\/\/konsumpf.de\/index.php?rest_route=\/wp\/v2\/posts\/13922\/revisions"}],"predecessor-version":[{"id":13926,"href":"https:\/\/konsumpf.de\/index.php?rest_route=\/wp\/v2\/posts\/13922\/revisions\/13926"}],"wp:attachment":[{"href":"https:\/\/konsumpf.de\/index.php?rest_route=%2Fwp%2Fv2%2Fmedia&parent=13922"}],"wp:term":[{"taxonomy":"category","embeddable":true,"href":"https:\/\/konsumpf.de\/index.php?rest_route=%2Fwp%2Fv2%2Fcategories&post=13922"},{"taxonomy":"post_tag","embeddable":true,"href":"https:\/\/konsumpf.de\/index.php?rest_route=%2Fwp%2Fv2%2Ftags&post=13922"}],"curies":[{"name":"wp","href":"https:\/\/api.w.org\/{rel}","templated":true}]}}