{"id":13916,"date":"2012-03-18T09:41:49","date_gmt":"2012-03-18T08:41:49","guid":{"rendered":"http:\/\/konsumpf.de\/?p=13916"},"modified":"2012-03-17T21:01:57","modified_gmt":"2012-03-17T20:01:57","slug":"veggie-monday","status":"publish","type":"post","link":"https:\/\/konsumpf.de\/?p=13916","title":{"rendered":"Meat free Monday"},"content":{"rendered":"<p>Ich denke mal, sp\u00e4testens seit dem Bestseller \u201eTiere essen\u201c von J.S. Foer ist das Thema (Teilzeit-)Vegetarismus im Mainstream angekommen und wurde bei manchen Menschen das Bewusstsein f\u00fcr die Problematik, die mit etwas scheinbar Selbstverst\u00e4ndlichem wie dem Fleischkonsum einhergeht, gesch\u00e4rft. Nat\u00fcrlich w\u00e4re es aus den verschiedensten Gr\u00fcnden \u2013 Umwelt, Ethik, Gesundheit&#8230; \u2013 sinnvoll, wenn der Fleischverzehr ganz eingestellt werden w\u00fcrde, allerdings ist der Ansatz, zumindest eine Reduktion zu bewirken, auch nicht so verkehrt, wenn man bedenkt, wie emotional aufgeladen f\u00fcr einige Leute dieses Thema ist. Dies sieht man auch bei dem Beitrag \u201e<a href=\"http:\/\/blog.br-online.de\/quer\/fleischlos-tage-kulturkampf-in-deutschen-kantinen-07032012.html\"><strong>Fleischlos-Tage: Kulturkampf in deutschen Kantinen<\/strong><\/a>\u201c der BR-Sendung quer, der den \u201eMeat free Monday\u201c beschreibt, der l\u00f6blicherweise mittlerweile in einigen Firmen-Kantinen \u00fcblich ist und so die Leute auch an die Vielfalt vegetarischen Essens heranf\u00fchrt und zeigt, dass Gem\u00fcse etc. nicht blo\u00dfe Beilagen zu einer Wurst oder einem Steak sind. Ich staune bei der Gelegenheit ja immer wieder, dass so mancher Zeitgenosse es offenbar schon kaum ertragen kann, auch nur einen Tag lang mal kein totes Tier in sich reinzuschaufeln, wie man in dem Beitrag sehen kann. Traurig, wie festgefahren Menschen so sein k\u00f6nnen&#8230;<\/p>\n<blockquote><p>Immer h\u00e4ufiger machen Firmenkantinen monatliche oder w\u00f6chentliche Fleischlos-Tage und wollen damit die Umwelt schonen. Denn fast 20 Prozent der weltweiten CO2-Emissionen sind auf die Fleischindustrie zur\u00fcckzuf\u00fchren \u2013 mehr als alle Transport- und Verkehrsabgase zusammen. Doch das hehre Ziel des Umweltschutzes \u00fcberzeugt viele Arbeitnehmer dieser Firmen trotzdem nicht. Sie f\u00fchlen sich an den sogenannten Veggie-Days im wahrsten Sinne des Wortes bevormundet und boykottieren die Kantinen.<\/p><\/blockquote>\n<p><object width=\"500\" height=\"284\"><param name=\"movie\" value=\"http:\/\/www.youtube.com\/v\/fRfXT9QSoDY?version=3&amp;hl=de_DE\"><\/param><param name=\"allowFullScreen\" value=\"true\"><\/param><param name=\"allowscriptaccess\" value=\"always\"><\/param><embed src=\"http:\/\/www.youtube.com\/v\/fRfXT9QSoDY?version=3&amp;hl=de_DE\" type=\"application\/x-shockwave-flash\" width=\"500\" height=\"284\" allowscriptaccess=\"always\" allowfullscreen=\"true\"><\/embed><\/object><\/p>\n<h3 class='related_post_title'>Verwandte Beitr\u00e4ge:<\/h3><ul class='related_post'><li><a href=\"http:\/\/konsumpf.de\/?p=8639\" title=\"Tiere essen\">Tiere essen<\/a><\/li><li><a href=\"http:\/\/konsumpf.de\/?p=14792\" title=\"In aller Munde: Pferdefleisch\">In aller Munde: Pferdefleisch<\/a><\/li><li><a href=\"http:\/\/konsumpf.de\/?p=10494\" title=\"Lesetipps: Kollateralschaden an der Fleischtheke | Die Wahrheit \u00fcber IKEA | Konsum macht einsam | Wie frisch ist Frischmilch?\">Lesetipps: Kollateralschaden an der Fleischtheke | Die Wahrheit \u00fcber IKEA | Konsum macht einsam | Wie frisch ist Frischmilch?<\/a><\/li><li><a href=\"http:\/\/konsumpf.de\/?p=14179\" title=\"Lesetipps: Saatgut-Monopol gekippt | Essbare Stadt | Facebook | Gef\u00e4hrlicher Wahnsinn Auto\">Lesetipps: Saatgut-Monopol gekippt | Essbare Stadt | Facebook | Gef\u00e4hrlicher Wahnsinn Auto<\/a><\/li><li><a href=\"http:\/\/konsumpf.de\/?p=12782\" title=\"Taste the Waste &#8211; die gro\u00dfe Verschwendung\">Taste the Waste &#8211; die gro\u00dfe Verschwendung<\/a><\/li><\/ul>","protected":false},"excerpt":{"rendered":"<p>Ich denke mal, sp\u00e4testens seit dem Bestseller \u201eTiere essen\u201c von J.S. Foer ist das Thema (Teilzeit-)Vegetarismus im Mainstream angekommen und wurde bei manchen Menschen das Bewusstsein f\u00fcr die Problematik, die mit etwas scheinbar Selbstverst\u00e4ndlichem wie dem Fleischkonsum einhergeht, gesch\u00e4rft. Nat\u00fcrlich w\u00e4re es aus den verschiedensten Gr\u00fcnden \u2013 Umwelt, Ethik, Gesundheit&#8230; \u2013 sinnvoll, wenn der Fleischverzehr [&hellip;]<\/p>\n","protected":false},"author":1,"featured_media":0,"comment_status":"open","ping_status":"open","sticky":false,"template":"","format":"standard","meta":{"footnotes":""},"categories":[256,259,1505,334],"tags":[2880,882,732,2539,1315,1222,2540],"yoast_head":"<!-- This site is optimized with the Yoast SEO plugin v24.4 - https:\/\/yoast.com\/wordpress\/plugins\/seo\/ -->\n<title>Meat free Monday - Konsumpf - Forum f\u00fcr kreative Konsumkritik - Culture Jamming, Nachhaltigkeit, Konzernkritik, Adbusting<\/title>\n<meta name=\"robots\" content=\"index, follow, max-snippet:-1, max-image-preview:large, max-video-preview:-1\" \/>\n<link rel=\"canonical\" href=\"https:\/\/konsumpf.de\/?p=13916\" \/>\n<meta property=\"og:locale\" content=\"de_DE\" \/>\n<meta property=\"og:type\" content=\"article\" \/>\n<meta property=\"og:title\" content=\"Meat free Monday - Konsumpf - Forum f\u00fcr kreative Konsumkritik - Culture Jamming, Nachhaltigkeit, Konzernkritik, Adbusting\" \/>\n<meta property=\"og:description\" content=\"Ich denke mal, sp\u00e4testens seit dem Bestseller \u201eTiere essen\u201c von J.S. Foer ist das Thema (Teilzeit-)Vegetarismus im Mainstream angekommen und wurde bei manchen Menschen das Bewusstsein f\u00fcr die Problematik, die mit etwas scheinbar Selbstverst\u00e4ndlichem wie dem Fleischkonsum einhergeht, gesch\u00e4rft. Nat\u00fcrlich w\u00e4re es aus den verschiedensten Gr\u00fcnden \u2013 Umwelt, Ethik, Gesundheit&#8230; \u2013 sinnvoll, wenn der Fleischverzehr [&hellip;]\" \/>\n<meta property=\"og:url\" content=\"https:\/\/konsumpf.de\/?p=13916\" \/>\n<meta property=\"og:site_name\" content=\"Konsumpf - Forum f\u00fcr kreative Konsumkritik - Culture Jamming, Nachhaltigkeit, Konzernkritik, Adbusting\" \/>\n<meta property=\"article:published_time\" content=\"2012-03-18T08:41:49+00:00\" \/>\n<meta name=\"author\" content=\"Peter M.\" \/>\n<meta name=\"twitter:card\" content=\"summary_large_image\" \/>\n<meta name=\"twitter:label1\" content=\"Verfasst von\" \/>\n\t<meta name=\"twitter:data1\" content=\"Peter M.\" \/>\n\t<meta name=\"twitter:label2\" content=\"Gesch\u00e4tzte Lesezeit\" \/>\n\t<meta name=\"twitter:data2\" content=\"1\u00a0Minute\" \/>\n<script type=\"application\/ld+json\" class=\"yoast-schema-graph\">{\"@context\":\"https:\/\/schema.org\",\"@graph\":[{\"@type\":\"WebPage\",\"@id\":\"https:\/\/konsumpf.de\/?p=13916\",\"url\":\"https:\/\/konsumpf.de\/?p=13916\",\"name\":\"Meat free Monday - Konsumpf - Forum f\u00fcr kreative Konsumkritik - Culture Jamming, Nachhaltigkeit, Konzernkritik, Adbusting\",\"isPartOf\":{\"@id\":\"https:\/\/konsumpf.de\/#website\"},\"datePublished\":\"2012-03-18T08:41:49+00:00\",\"author\":{\"@id\":\"https:\/\/konsumpf.de\/#\/schema\/person\/e595a6d286b26994e7e0926d70699070\"},\"breadcrumb\":{\"@id\":\"https:\/\/konsumpf.de\/?p=13916#breadcrumb\"},\"inLanguage\":\"de\",\"potentialAction\":[{\"@type\":\"ReadAction\",\"target\":[\"https:\/\/konsumpf.de\/?p=13916\"]}]},{\"@type\":\"BreadcrumbList\",\"@id\":\"https:\/\/konsumpf.de\/?p=13916#breadcrumb\",\"itemListElement\":[{\"@type\":\"ListItem\",\"position\":1,\"name\":\"Startseite\",\"item\":\"https:\/\/konsumpf.de\/\"},{\"@type\":\"ListItem\",\"position\":2,\"name\":\"Meat free Monday\"}]},{\"@type\":\"WebSite\",\"@id\":\"https:\/\/konsumpf.de\/#website\",\"url\":\"https:\/\/konsumpf.de\/\",\"name\":\"Konsumpf - Forum f\u00fcr kreative Konsumkritik - Culture Jamming, Nachhaltigkeit, Konzernkritik, Adbusting\",\"description\":\"\",\"potentialAction\":[{\"@type\":\"SearchAction\",\"target\":{\"@type\":\"EntryPoint\",\"urlTemplate\":\"https:\/\/konsumpf.de\/?s={search_term_string}\"},\"query-input\":{\"@type\":\"PropertyValueSpecification\",\"valueRequired\":true,\"valueName\":\"search_term_string\"}}],\"inLanguage\":\"de\"},{\"@type\":\"Person\",\"@id\":\"https:\/\/konsumpf.de\/#\/schema\/person\/e595a6d286b26994e7e0926d70699070\",\"name\":\"Peter M.\",\"sameAs\":[\"http:\/\/konsumpf.de\"]}]}<\/script>\n<!-- \/ Yoast SEO plugin. -->","yoast_head_json":{"title":"Meat free Monday - Konsumpf - Forum f\u00fcr kreative Konsumkritik - Culture Jamming, Nachhaltigkeit, Konzernkritik, Adbusting","robots":{"index":"index","follow":"follow","max-snippet":"max-snippet:-1","max-image-preview":"max-image-preview:large","max-video-preview":"max-video-preview:-1"},"canonical":"https:\/\/konsumpf.de\/?p=13916","og_locale":"de_DE","og_type":"article","og_title":"Meat free Monday - Konsumpf - Forum f\u00fcr kreative Konsumkritik - Culture Jamming, Nachhaltigkeit, Konzernkritik, Adbusting","og_description":"Ich denke mal, sp\u00e4testens seit dem Bestseller \u201eTiere essen\u201c von J.S. Foer ist das Thema (Teilzeit-)Vegetarismus im Mainstream angekommen und wurde bei manchen Menschen das Bewusstsein f\u00fcr die Problematik, die mit etwas scheinbar Selbstverst\u00e4ndlichem wie dem Fleischkonsum einhergeht, gesch\u00e4rft. Nat\u00fcrlich w\u00e4re es aus den verschiedensten Gr\u00fcnden \u2013 Umwelt, Ethik, Gesundheit&#8230; \u2013 sinnvoll, wenn der Fleischverzehr [&hellip;]","og_url":"https:\/\/konsumpf.de\/?p=13916","og_site_name":"Konsumpf - Forum f\u00fcr kreative Konsumkritik - Culture Jamming, Nachhaltigkeit, Konzernkritik, Adbusting","article_published_time":"2012-03-18T08:41:49+00:00","author":"Peter M.","twitter_card":"summary_large_image","twitter_misc":{"Verfasst von":"Peter M.","Gesch\u00e4tzte Lesezeit":"1\u00a0Minute"},"schema":{"@context":"https:\/\/schema.org","@graph":[{"@type":"WebPage","@id":"https:\/\/konsumpf.de\/?p=13916","url":"https:\/\/konsumpf.de\/?p=13916","name":"Meat free Monday - Konsumpf - Forum f\u00fcr kreative Konsumkritik - Culture Jamming, Nachhaltigkeit, Konzernkritik, Adbusting","isPartOf":{"@id":"https:\/\/konsumpf.de\/#website"},"datePublished":"2012-03-18T08:41:49+00:00","author":{"@id":"https:\/\/konsumpf.de\/#\/schema\/person\/e595a6d286b26994e7e0926d70699070"},"breadcrumb":{"@id":"https:\/\/konsumpf.de\/?p=13916#breadcrumb"},"inLanguage":"de","potentialAction":[{"@type":"ReadAction","target":["https:\/\/konsumpf.de\/?p=13916"]}]},{"@type":"BreadcrumbList","@id":"https:\/\/konsumpf.de\/?p=13916#breadcrumb","itemListElement":[{"@type":"ListItem","position":1,"name":"Startseite","item":"https:\/\/konsumpf.de\/"},{"@type":"ListItem","position":2,"name":"Meat free Monday"}]},{"@type":"WebSite","@id":"https:\/\/konsumpf.de\/#website","url":"https:\/\/konsumpf.de\/","name":"Konsumpf - Forum f\u00fcr kreative Konsumkritik - Culture Jamming, Nachhaltigkeit, Konzernkritik, Adbusting","description":"","potentialAction":[{"@type":"SearchAction","target":{"@type":"EntryPoint","urlTemplate":"https:\/\/konsumpf.de\/?s={search_term_string}"},"query-input":{"@type":"PropertyValueSpecification","valueRequired":true,"valueName":"search_term_string"}}],"inLanguage":"de"},{"@type":"Person","@id":"https:\/\/konsumpf.de\/#\/schema\/person\/e595a6d286b26994e7e0926d70699070","name":"Peter M.","sameAs":["http:\/\/konsumpf.de"]}]}},"_links":{"self":[{"href":"https:\/\/konsumpf.de\/index.php?rest_route=\/wp\/v2\/posts\/13916"}],"collection":[{"href":"https:\/\/konsumpf.de\/index.php?rest_route=\/wp\/v2\/posts"}],"about":[{"href":"https:\/\/konsumpf.de\/index.php?rest_route=\/wp\/v2\/types\/post"}],"author":[{"embeddable":true,"href":"https:\/\/konsumpf.de\/index.php?rest_route=\/wp\/v2\/users\/1"}],"replies":[{"embeddable":true,"href":"https:\/\/konsumpf.de\/index.php?rest_route=%2Fwp%2Fv2%2Fcomments&post=13916"}],"version-history":[{"count":5,"href":"https:\/\/konsumpf.de\/index.php?rest_route=\/wp\/v2\/posts\/13916\/revisions"}],"predecessor-version":[{"id":13921,"href":"https:\/\/konsumpf.de\/index.php?rest_route=\/wp\/v2\/posts\/13916\/revisions\/13921"}],"wp:attachment":[{"href":"https:\/\/konsumpf.de\/index.php?rest_route=%2Fwp%2Fv2%2Fmedia&parent=13916"}],"wp:term":[{"taxonomy":"category","embeddable":true,"href":"https:\/\/konsumpf.de\/index.php?rest_route=%2Fwp%2Fv2%2Fcategories&post=13916"},{"taxonomy":"post_tag","embeddable":true,"href":"https:\/\/konsumpf.de\/index.php?rest_route=%2Fwp%2Fv2%2Ftags&post=13916"}],"curies":[{"name":"wp","href":"https:\/\/api.w.org\/{rel}","templated":true}]}}