{"id":13896,"date":"2012-03-13T09:56:45","date_gmt":"2012-03-13T08:56:45","guid":{"rendered":"http:\/\/konsumpf.de\/?p=13896"},"modified":"2012-06-08T11:48:50","modified_gmt":"2012-06-08T09:48:50","slug":"meins-ist-deins-europaer-teilen-mehr-als-schulden","status":"publish","type":"post","link":"https:\/\/konsumpf.de\/?p=13896","title":{"rendered":"Meins ist Deins \u2013 Europ\u00e4er teilen mehr als Schulden"},"content":{"rendered":"<p>Es wird mal wieder Zeit f\u00fcr ein paar positive T\u00f6ne in meinem Blog, schlie\u00dflich will ich hier nicht nur kritisieren und anprangern, sondern auch alternative L\u00f6sungsans\u00e4tze f\u00fcr Probleme unserer Zeit aufzeigen. So kam mir die Mail der Online-Redaktion von Yourope (\u201edas junge Europamagazin auf ARTE\u201c), die mich vor einigen Tagen erreichte, gerade Recht. Denn ich wurde auf den Themenabend aufmerksam gemacht, der im Februar unter dem Motto \u201eMeins ist Deins\u201c ausgestrahlt wurde und in dem es um Europas Teil- und Tauschkultur geht. Vier kurze Reportagen gibt es dazu:<\/p>\n<blockquote><p><strong>Swap-Parties<\/strong><br \/>\nOb Kleidertauschpartys in Berlin, gemietete G\u00e4rten in Bonn oder privates Carsharing in Hamburg: Konsumenten wollen nicht mehr alles besitzen, sondern viel erleben. Sie teilen und leihen, statt zu kaufen.<br \/>\nLink:\u00a0 <a href=\"http:\/\/videos.arte.tv\/de\/videos\/swap_parties_-6402242.html\">http:\/\/videos.arte.tv\/de\/videos\/swap_parties_-6402242.html<\/a><\/p>\n<p><object id=\"playerArte\" width=\"450\" height=\"303\" classid=\"clsid:d27cdb6e-ae6d-11cf-96b8-444553540000\" codebase=\"http:\/\/download.macromedia.com\/pub\/shockwave\/cabs\/flash\/swflash.cab#version=6,0,40,0\"><param name=\"allowFullScreen\" value=\"true\" \/><param name=\"allowScriptAccess\" value=\"always\" \/><param name=\"quality\" value=\"high\" \/><param name=\"src\" value=\"http:\/\/videos.arte.tv\/videoplayer.swf?localizedPathUrl=http%3A%2F%2Fvideos%2Earte%2Etv%2Fcae%2Fstatic%2Fflash%2Fplayer%2F&amp;mode=prod&amp;configFileUrl=http%3A%2F%2Fvideos%2Earte%2Etv%2Fcae%2Fstatic%2Fflash%2Fplayer%2Fconfig%2Exml&amp;lang=de&amp;videoId=6402242&amp;videorefFileUrl=http%3A%2F%2Fvideos%2Earte%2Etv%2Fde%2Fdo%5Fdelegate%2Fvideos%2Fswap%5Fparties%5F%2D6402242%2Cview%2CasPlayerXml%2Exml&amp;admin=false&amp;autoPlay=true&amp;embed=true&amp;autoPlay=false\" \/><param name=\"allowfullscreen\" value=\"true\" \/><param name=\"allowscriptaccess\" value=\"always\" \/><param name=\"pluginspage\" value=\"http:\/\/www.macromedia.com\/go\/getflashplayer\" \/><embed id=\"playerArte\" width=\"450\" height=\"303\" type=\"application\/x-shockwave-flash\" src=\"http:\/\/videos.arte.tv\/videoplayer.swf?localizedPathUrl=http%3A%2F%2Fvideos%2Earte%2Etv%2Fcae%2Fstatic%2Fflash%2Fplayer%2F&amp;mode=prod&amp;configFileUrl=http%3A%2F%2Fvideos%2Earte%2Etv%2Fcae%2Fstatic%2Fflash%2Fplayer%2Fconfig%2Exml&amp;lang=de&amp;videoId=6402242&amp;videorefFileUrl=http%3A%2F%2Fvideos%2Earte%2Etv%2Fde%2Fdo%5Fdelegate%2Fvideos%2Fswap%5Fparties%5F%2D6402242%2Cview%2CasPlayerXml%2Exml&amp;admin=false&amp;autoPlay=true&amp;embed=true&amp;autoPlay=false\" allowFullScreen=\"true\" allowScriptAccess=\"always\" quality=\"high\" allowfullscreen=\"true\" allowscriptaccess=\"always\" pluginspage=\"http:\/\/www.macromedia.com\/go\/getflashplayer\" \/><\/object><\/p>\n<p><strong>Landshare \u2013\u00a0 Dein Land ist mein Land<\/strong><br \/>\nIn England sind die Wartelisten f\u00fcr ein St\u00fcck eigenes Land utopisch lang. Die Plattform ?Landshare? vernetzt seit 2009 Menschen, die ihr brachliegendes Land f\u00fcr jene zur Verf\u00fcgung stellen k\u00f6nnen, die gern ihr eigenes Gem\u00fcse anbauen wollen. Als Gegenleistung gibt?s einen Teil der Ernte f\u00fcr den Landbesitzer. Mit bisher knapp 67.000 Mitgliedern eine durchschlagende Initiative.<br \/>\nLink: <a href=\"http:\/\/videos.arte.tv\/de\/videos\/landshare_dein_land_ist_mein_land_-6402260.html \">http:\/\/videos.arte.tv\/de\/videos\/landshare_dein_land_ist_mein_land_-6402260.html <\/a><\/p>\n<p><object id=\"playerArte\" width=\"450\" height=\"303\" classid=\"clsid:d27cdb6e-ae6d-11cf-96b8-444553540000\" codebase=\"http:\/\/download.macromedia.com\/pub\/shockwave\/cabs\/flash\/swflash.cab#version=6,0,40,0\"><param name=\"allowFullScreen\" value=\"true\" \/><param name=\"allowScriptAccess\" value=\"always\" \/><param name=\"quality\" value=\"high\" \/><param name=\"src\" value=\"http:\/\/videos.arte.tv\/videoplayer.swf?localizedPathUrl=http%3A%2F%2Fvideos%2Earte%2Etv%2Fcae%2Fstatic%2Fflash%2Fplayer%2F&amp;mode=prod&amp;configFileUrl=http%3A%2F%2Fvideos%2Earte%2Etv%2Fcae%2Fstatic%2Fflash%2Fplayer%2Fconfig%2Exml&amp;lang=de&amp;videoId=6402260&amp;videorefFileUrl=http%3A%2F%2Fvideos%2Earte%2Etv%2Fde%2Fdo%5Fdelegate%2Fvideos%2Flandshare%5Fdein%5Fland%5Fist%5Fmein%5Fland%5F%2D6402260%2Cview%2CasPlayerXml%2Exml&amp;admin=false&amp;autoPlay=true&amp;embed=true&amp;autoPlay=false\" \/><param name=\"allowfullscreen\" value=\"true\" \/><param name=\"allowscriptaccess\" value=\"always\" \/><param name=\"pluginspage\" value=\"http:\/\/www.macromedia.com\/go\/getflashplayer\" \/><embed id=\"playerArte\" width=\"450\" height=\"303\" type=\"application\/x-shockwave-flash\" src=\"http:\/\/videos.arte.tv\/videoplayer.swf?localizedPathUrl=http%3A%2F%2Fvideos%2Earte%2Etv%2Fcae%2Fstatic%2Fflash%2Fplayer%2F&amp;mode=prod&amp;configFileUrl=http%3A%2F%2Fvideos%2Earte%2Etv%2Fcae%2Fstatic%2Fflash%2Fplayer%2Fconfig%2Exml&amp;lang=de&amp;videoId=6402260&amp;videorefFileUrl=http%3A%2F%2Fvideos%2Earte%2Etv%2Fde%2Fdo%5Fdelegate%2Fvideos%2Flandshare%5Fdein%5Fland%5Fist%5Fmein%5Fland%5F%2D6402260%2Cview%2CasPlayerXml%2Exml&amp;admin=false&amp;autoPlay=true&amp;embed=true&amp;autoPlay=false\" allowFullScreen=\"true\" allowScriptAccess=\"always\" quality=\"high\" allowfullscreen=\"true\" allowscriptaccess=\"always\" pluginspage=\"http:\/\/www.macromedia.com\/go\/getflashplayer\" \/><\/object><\/p>\n<p><strong>Re-Food \u2013 Essen ist f\u00fcr alle da<\/strong><br \/>\nEin Amerikaner pl\u00fcndert Edelrestaurants und verteilt das Essen an Familien. \u00dcber 60 junge Portugiesen machen mittlerweile mit.<br \/>\nLink: <a href=\"http:\/\/videos.arte.tv\/de\/videos\/re_food_essen_ist_fuer_alle_da-6402270.html\">http:\/\/videos.arte.tv\/de\/videos\/re_food_essen_ist_fuer_alle_da-6402270.html <\/a><\/p>\n<p><object id=\"playerArte\" width=\"450\" height=\"303\" classid=\"clsid:d27cdb6e-ae6d-11cf-96b8-444553540000\" codebase=\"http:\/\/download.macromedia.com\/pub\/shockwave\/cabs\/flash\/swflash.cab#version=6,0,40,0\"><param name=\"allowFullScreen\" value=\"true\" \/><param name=\"allowScriptAccess\" value=\"always\" \/><param name=\"quality\" value=\"high\" \/><param name=\"src\" value=\"http:\/\/videos.arte.tv\/videoplayer.swf?localizedPathUrl=http%3A%2F%2Fvideos%2Earte%2Etv%2Fcae%2Fstatic%2Fflash%2Fplayer%2F&amp;mode=prod&amp;configFileUrl=http%3A%2F%2Fvideos%2Earte%2Etv%2Fcae%2Fstatic%2Fflash%2Fplayer%2Fconfig%2Exml&amp;lang=de&amp;videoId=6402270&amp;videorefFileUrl=http%3A%2F%2Fvideos%2Earte%2Etv%2Fde%2Fdo%5Fdelegate%2Fvideos%2Fre%5Ffood%5Fessen%5Fist%5Ffuer%5Falle%5Fda%2D6402270%2Cview%2CasPlayerXml%2Exml&amp;admin=false&amp;autoPlay=true&amp;embed=true&amp;autoPlay=false\" \/><param name=\"allowfullscreen\" value=\"true\" \/><param name=\"allowscriptaccess\" value=\"always\" \/><param name=\"pluginspage\" value=\"http:\/\/www.macromedia.com\/go\/getflashplayer\" \/><embed id=\"playerArte\" width=\"450\" height=\"303\" type=\"application\/x-shockwave-flash\" src=\"http:\/\/videos.arte.tv\/videoplayer.swf?localizedPathUrl=http%3A%2F%2Fvideos%2Earte%2Etv%2Fcae%2Fstatic%2Fflash%2Fplayer%2F&amp;mode=prod&amp;configFileUrl=http%3A%2F%2Fvideos%2Earte%2Etv%2Fcae%2Fstatic%2Fflash%2Fplayer%2Fconfig%2Exml&amp;lang=de&amp;videoId=6402270&amp;videorefFileUrl=http%3A%2F%2Fvideos%2Earte%2Etv%2Fde%2Fdo%5Fdelegate%2Fvideos%2Fre%5Ffood%5Fessen%5Fist%5Ffuer%5Falle%5Fda%2D6402270%2Cview%2CasPlayerXml%2Exml&amp;admin=false&amp;autoPlay=true&amp;embed=true&amp;autoPlay=false\" allowFullScreen=\"true\" allowScriptAccess=\"always\" quality=\"high\" allowfullscreen=\"true\" allowscriptaccess=\"always\" pluginspage=\"http:\/\/www.macromedia.com\/go\/getflashplayer\" \/><\/object><\/p>\n<p><strong>Wirtschaften im Minutentakt \u2013 Spaniens Zeitbanken<br \/>\n<\/strong>Eine <a href=\"http:\/\/www.comunitats.org\/\">Euro-Alternative<\/a> aus Spanien zeigt: Wenn Menschen Dinge weitergeben, ohne Geld daf\u00fcr zu verlangen, kommen sie sich dabei n\u00e4her. Besonders, wenn die Ware, die gehandelt wird,\u00a0extrem wertvoll ist : Wissen.<\/p>\n<p><object id=\"playerArte\" width=\"450\" height=\"303\" classid=\"clsid:d27cdb6e-ae6d-11cf-96b8-444553540000\" codebase=\"http:\/\/download.macromedia.com\/pub\/shockwave\/cabs\/flash\/swflash.cab#version=6,0,40,0\"><param name=\"allowFullScreen\" value=\"true\" \/><param name=\"allowScriptAccess\" value=\"always\" \/><param name=\"quality\" value=\"high\" \/><param name=\"src\" value=\"http:\/\/videos.arte.tv\/videoplayer.swf?localizedPathUrl=http%3A%2F%2Fvideos%2Earte%2Etv%2Fcae%2Fstatic%2Fflash%2Fplayer%2F&amp;mode=prod&amp;configFileUrl=http%3A%2F%2Fvideos%2Earte%2Etv%2Fcae%2Fstatic%2Fflash%2Fplayer%2Fconfig%2Exml&amp;lang=de&amp;videoId=6343372&amp;videorefFileUrl=http%3A%2F%2Fvideos%2Earte%2Etv%2Fde%2Fdo%5Fdelegate%2Fvideos%2Fwirtschaften%5Fim%5Fminutentakt%5Fspaniens%5Fzeitbanken%2D6343372%2Cview%2CasPlayerXml%2Exml&amp;admin=false&amp;autoPlay=true&amp;embed=true&amp;autoPlay=false\" \/><param name=\"allowfullscreen\" value=\"true\" \/><param name=\"allowscriptaccess\" value=\"always\" \/><param name=\"pluginspage\" value=\"http:\/\/www.macromedia.com\/go\/getflashplayer\" \/><embed id=\"playerArte\" width=\"450\" height=\"303\" type=\"application\/x-shockwave-flash\" src=\"http:\/\/videos.arte.tv\/videoplayer.swf?localizedPathUrl=http%3A%2F%2Fvideos%2Earte%2Etv%2Fcae%2Fstatic%2Fflash%2Fplayer%2F&amp;mode=prod&amp;configFileUrl=http%3A%2F%2Fvideos%2Earte%2Etv%2Fcae%2Fstatic%2Fflash%2Fplayer%2Fconfig%2Exml&amp;lang=de&amp;videoId=6343372&amp;videorefFileUrl=http%3A%2F%2Fvideos%2Earte%2Etv%2Fde%2Fdo%5Fdelegate%2Fvideos%2Fwirtschaften%5Fim%5Fminutentakt%5Fspaniens%5Fzeitbanken%2D6343372%2Cview%2CasPlayerXml%2Exml&amp;admin=false&amp;autoPlay=true&amp;embed=true&amp;autoPlay=false\" allowFullScreen=\"true\" allowScriptAccess=\"always\" quality=\"high\" allowfullscreen=\"true\" allowscriptaccess=\"always\" pluginspage=\"http:\/\/www.macromedia.com\/go\/getflashplayer\" \/><\/object><\/p><\/blockquote>\n<h3 class='related_post_title'>Verwandte Beitr\u00e4ge:<\/h3><ul class='related_post'><li><a href=\"http:\/\/konsumpf.de\/?p=15349\" title=\"Schluss mit schnell \u2013 Alternativen zur Turbo-Konsumgesellschaft\">Schluss mit schnell \u2013 Alternativen zur Turbo-Konsumgesellschaft<\/a><\/li><li><a href=\"http:\/\/konsumpf.de\/?p=14550\" title=\"Futurzwei \u2013 Plattform f\u00fcr zukunftsf\u00e4hige Ideen und nachhaltige Konzepte\">Futurzwei \u2013 Plattform f\u00fcr zukunftsf\u00e4hige Ideen und nachhaltige Konzepte<\/a><\/li><li><a href=\"http:\/\/konsumpf.de\/?p=14248\" title=\"Zwei interessante Veranstaltungen \u2013 Transition-Konferenz und Umundu-Festival\">Zwei interessante Veranstaltungen \u2013 Transition-Konferenz und Umundu-Festival<\/a><\/li><li><a href=\"http:\/\/konsumpf.de\/?p=14070\" title=\"Tauschringe\">Tauschringe<\/a><\/li><li><a href=\"http:\/\/konsumpf.de\/?p=13109\" title=\"Surftipp: Alternative Realit\u00e4t\">Surftipp: Alternative Realit\u00e4t<\/a><\/li><\/ul>","protected":false},"excerpt":{"rendered":"<p>Es wird mal wieder Zeit f\u00fcr ein paar positive T\u00f6ne in meinem Blog, schlie\u00dflich will ich hier nicht nur kritisieren und anprangern, sondern auch alternative L\u00f6sungsans\u00e4tze f\u00fcr Probleme unserer Zeit aufzeigen. So kam mir die Mail der Online-Redaktion von Yourope (\u201edas junge Europamagazin auf ARTE\u201c), die mich vor einigen Tagen erreichte, gerade Recht. Denn ich [&hellip;]<\/p>\n","protected":false},"author":1,"featured_media":0,"comment_status":"open","ping_status":"open","sticky":false,"template":"","format":"standard","meta":{"footnotes":""},"categories":[1097,259,37],"tags":[562,1272,2537,2538,2536,2534,2535],"yoast_head":"<!-- This site is optimized with the Yoast SEO plugin v24.4 - https:\/\/yoast.com\/wordpress\/plugins\/seo\/ -->\n<title>Meins ist Deins \u2013 Europ\u00e4er teilen mehr als Schulden - Konsumpf - Forum f\u00fcr kreative Konsumkritik - Culture Jamming, Nachhaltigkeit, Konzernkritik, Adbusting<\/title>\n<meta name=\"robots\" content=\"index, follow, max-snippet:-1, max-image-preview:large, max-video-preview:-1\" \/>\n<link rel=\"canonical\" href=\"https:\/\/konsumpf.de\/?p=13896\" \/>\n<meta property=\"og:locale\" content=\"de_DE\" \/>\n<meta property=\"og:type\" content=\"article\" \/>\n<meta property=\"og:title\" content=\"Meins ist Deins \u2013 Europ\u00e4er teilen mehr als Schulden - Konsumpf - Forum f\u00fcr kreative Konsumkritik - Culture Jamming, Nachhaltigkeit, Konzernkritik, Adbusting\" \/>\n<meta property=\"og:description\" content=\"Es wird mal wieder Zeit f\u00fcr ein paar positive T\u00f6ne in meinem Blog, schlie\u00dflich will ich hier nicht nur kritisieren und anprangern, sondern auch alternative L\u00f6sungsans\u00e4tze f\u00fcr Probleme unserer Zeit aufzeigen. So kam mir die Mail der Online-Redaktion von Yourope (\u201edas junge Europamagazin auf ARTE\u201c), die mich vor einigen Tagen erreichte, gerade Recht. Denn ich [&hellip;]\" \/>\n<meta property=\"og:url\" content=\"https:\/\/konsumpf.de\/?p=13896\" \/>\n<meta property=\"og:site_name\" content=\"Konsumpf - Forum f\u00fcr kreative Konsumkritik - Culture Jamming, Nachhaltigkeit, Konzernkritik, Adbusting\" \/>\n<meta property=\"article:published_time\" content=\"2012-03-13T08:56:45+00:00\" \/>\n<meta property=\"article:modified_time\" content=\"2012-06-08T09:48:50+00:00\" \/>\n<meta name=\"author\" content=\"Peter M.\" \/>\n<meta name=\"twitter:card\" content=\"summary_large_image\" \/>\n<meta name=\"twitter:label1\" content=\"Verfasst von\" \/>\n\t<meta name=\"twitter:data1\" content=\"Peter M.\" \/>\n\t<meta name=\"twitter:label2\" content=\"Gesch\u00e4tzte Lesezeit\" \/>\n\t<meta name=\"twitter:data2\" content=\"1\u00a0Minute\" \/>\n<script type=\"application\/ld+json\" class=\"yoast-schema-graph\">{\"@context\":\"https:\/\/schema.org\",\"@graph\":[{\"@type\":\"WebPage\",\"@id\":\"https:\/\/konsumpf.de\/?p=13896\",\"url\":\"https:\/\/konsumpf.de\/?p=13896\",\"name\":\"Meins ist Deins \u2013 Europ\u00e4er teilen mehr als Schulden - Konsumpf - Forum f\u00fcr kreative Konsumkritik - Culture Jamming, Nachhaltigkeit, Konzernkritik, Adbusting\",\"isPartOf\":{\"@id\":\"https:\/\/konsumpf.de\/#website\"},\"datePublished\":\"2012-03-13T08:56:45+00:00\",\"dateModified\":\"2012-06-08T09:48:50+00:00\",\"author\":{\"@id\":\"https:\/\/konsumpf.de\/#\/schema\/person\/e595a6d286b26994e7e0926d70699070\"},\"breadcrumb\":{\"@id\":\"https:\/\/konsumpf.de\/?p=13896#breadcrumb\"},\"inLanguage\":\"de\",\"potentialAction\":[{\"@type\":\"ReadAction\",\"target\":[\"https:\/\/konsumpf.de\/?p=13896\"]}]},{\"@type\":\"BreadcrumbList\",\"@id\":\"https:\/\/konsumpf.de\/?p=13896#breadcrumb\",\"itemListElement\":[{\"@type\":\"ListItem\",\"position\":1,\"name\":\"Startseite\",\"item\":\"https:\/\/konsumpf.de\/\"},{\"@type\":\"ListItem\",\"position\":2,\"name\":\"Meins ist Deins \u2013 Europ\u00e4er teilen mehr als Schulden\"}]},{\"@type\":\"WebSite\",\"@id\":\"https:\/\/konsumpf.de\/#website\",\"url\":\"https:\/\/konsumpf.de\/\",\"name\":\"Konsumpf - Forum f\u00fcr kreative Konsumkritik - Culture Jamming, Nachhaltigkeit, Konzernkritik, Adbusting\",\"description\":\"\",\"potentialAction\":[{\"@type\":\"SearchAction\",\"target\":{\"@type\":\"EntryPoint\",\"urlTemplate\":\"https:\/\/konsumpf.de\/?s={search_term_string}\"},\"query-input\":{\"@type\":\"PropertyValueSpecification\",\"valueRequired\":true,\"valueName\":\"search_term_string\"}}],\"inLanguage\":\"de\"},{\"@type\":\"Person\",\"@id\":\"https:\/\/konsumpf.de\/#\/schema\/person\/e595a6d286b26994e7e0926d70699070\",\"name\":\"Peter M.\",\"sameAs\":[\"http:\/\/konsumpf.de\"]}]}<\/script>\n<!-- \/ Yoast SEO plugin. -->","yoast_head_json":{"title":"Meins ist Deins \u2013 Europ\u00e4er teilen mehr als Schulden - Konsumpf - Forum f\u00fcr kreative Konsumkritik - Culture Jamming, Nachhaltigkeit, Konzernkritik, Adbusting","robots":{"index":"index","follow":"follow","max-snippet":"max-snippet:-1","max-image-preview":"max-image-preview:large","max-video-preview":"max-video-preview:-1"},"canonical":"https:\/\/konsumpf.de\/?p=13896","og_locale":"de_DE","og_type":"article","og_title":"Meins ist Deins \u2013 Europ\u00e4er teilen mehr als Schulden - Konsumpf - Forum f\u00fcr kreative Konsumkritik - Culture Jamming, Nachhaltigkeit, Konzernkritik, Adbusting","og_description":"Es wird mal wieder Zeit f\u00fcr ein paar positive T\u00f6ne in meinem Blog, schlie\u00dflich will ich hier nicht nur kritisieren und anprangern, sondern auch alternative L\u00f6sungsans\u00e4tze f\u00fcr Probleme unserer Zeit aufzeigen. So kam mir die Mail der Online-Redaktion von Yourope (\u201edas junge Europamagazin auf ARTE\u201c), die mich vor einigen Tagen erreichte, gerade Recht. Denn ich [&hellip;]","og_url":"https:\/\/konsumpf.de\/?p=13896","og_site_name":"Konsumpf - Forum f\u00fcr kreative Konsumkritik - Culture Jamming, Nachhaltigkeit, Konzernkritik, Adbusting","article_published_time":"2012-03-13T08:56:45+00:00","article_modified_time":"2012-06-08T09:48:50+00:00","author":"Peter M.","twitter_card":"summary_large_image","twitter_misc":{"Verfasst von":"Peter M.","Gesch\u00e4tzte Lesezeit":"1\u00a0Minute"},"schema":{"@context":"https:\/\/schema.org","@graph":[{"@type":"WebPage","@id":"https:\/\/konsumpf.de\/?p=13896","url":"https:\/\/konsumpf.de\/?p=13896","name":"Meins ist Deins \u2013 Europ\u00e4er teilen mehr als Schulden - Konsumpf - Forum f\u00fcr kreative Konsumkritik - Culture Jamming, Nachhaltigkeit, Konzernkritik, Adbusting","isPartOf":{"@id":"https:\/\/konsumpf.de\/#website"},"datePublished":"2012-03-13T08:56:45+00:00","dateModified":"2012-06-08T09:48:50+00:00","author":{"@id":"https:\/\/konsumpf.de\/#\/schema\/person\/e595a6d286b26994e7e0926d70699070"},"breadcrumb":{"@id":"https:\/\/konsumpf.de\/?p=13896#breadcrumb"},"inLanguage":"de","potentialAction":[{"@type":"ReadAction","target":["https:\/\/konsumpf.de\/?p=13896"]}]},{"@type":"BreadcrumbList","@id":"https:\/\/konsumpf.de\/?p=13896#breadcrumb","itemListElement":[{"@type":"ListItem","position":1,"name":"Startseite","item":"https:\/\/konsumpf.de\/"},{"@type":"ListItem","position":2,"name":"Meins ist Deins \u2013 Europ\u00e4er teilen mehr als Schulden"}]},{"@type":"WebSite","@id":"https:\/\/konsumpf.de\/#website","url":"https:\/\/konsumpf.de\/","name":"Konsumpf - Forum f\u00fcr kreative Konsumkritik - Culture Jamming, Nachhaltigkeit, Konzernkritik, Adbusting","description":"","potentialAction":[{"@type":"SearchAction","target":{"@type":"EntryPoint","urlTemplate":"https:\/\/konsumpf.de\/?s={search_term_string}"},"query-input":{"@type":"PropertyValueSpecification","valueRequired":true,"valueName":"search_term_string"}}],"inLanguage":"de"},{"@type":"Person","@id":"https:\/\/konsumpf.de\/#\/schema\/person\/e595a6d286b26994e7e0926d70699070","name":"Peter M.","sameAs":["http:\/\/konsumpf.de"]}]}},"_links":{"self":[{"href":"https:\/\/konsumpf.de\/index.php?rest_route=\/wp\/v2\/posts\/13896"}],"collection":[{"href":"https:\/\/konsumpf.de\/index.php?rest_route=\/wp\/v2\/posts"}],"about":[{"href":"https:\/\/konsumpf.de\/index.php?rest_route=\/wp\/v2\/types\/post"}],"author":[{"embeddable":true,"href":"https:\/\/konsumpf.de\/index.php?rest_route=\/wp\/v2\/users\/1"}],"replies":[{"embeddable":true,"href":"https:\/\/konsumpf.de\/index.php?rest_route=%2Fwp%2Fv2%2Fcomments&post=13896"}],"version-history":[{"count":9,"href":"https:\/\/konsumpf.de\/index.php?rest_route=\/wp\/v2\/posts\/13896\/revisions"}],"predecessor-version":[{"id":14106,"href":"https:\/\/konsumpf.de\/index.php?rest_route=\/wp\/v2\/posts\/13896\/revisions\/14106"}],"wp:attachment":[{"href":"https:\/\/konsumpf.de\/index.php?rest_route=%2Fwp%2Fv2%2Fmedia&parent=13896"}],"wp:term":[{"taxonomy":"category","embeddable":true,"href":"https:\/\/konsumpf.de\/index.php?rest_route=%2Fwp%2Fv2%2Fcategories&post=13896"},{"taxonomy":"post_tag","embeddable":true,"href":"https:\/\/konsumpf.de\/index.php?rest_route=%2Fwp%2Fv2%2Ftags&post=13896"}],"curies":[{"name":"wp","href":"https:\/\/api.w.org\/{rel}","templated":true}]}}