{"id":13644,"date":"2012-01-06T10:14:07","date_gmt":"2012-01-06T09:14:07","guid":{"rendered":"http:\/\/konsumpf.de\/?p=13644"},"modified":"2012-01-06T10:14:07","modified_gmt":"2012-01-06T09:14:07","slug":"konformitat-%e2%80%93-wem-gehort-mein-leben","status":"publish","type":"post","link":"https:\/\/konsumpf.de\/?p=13644","title":{"rendered":"Konformit\u00e4t \u2013 wem geh\u00f6rt mein Leben?"},"content":{"rendered":"<p>Es tut mir leid, dass ich heute wieder nur mit einem kurzen Lesehinweis abspeisen muss, aber mein Blogschreibe-Elan ist gerade etwas erlahmt. Vielleicht bringt das neue Jahr wieder etwas mehr Schwung! Auf jeden Fall bringt es den Artikel \u201e<a href=\"http:\/\/www.weeyoo.de\/konformitaet-wem-gehoert-mein-leben\/\"><strong>Konformit\u00e4t \u2013 wem geh\u00f6rt mein Leben?<\/strong><\/a>\u201c, der auf <strong>weeyoo.de<\/strong> erschienen ist und eine interessante Betrachtung des Ph\u00e4nomens Anpassung etc. bringt. Dies passt auch sehr gut zum Grundthema meines Blogs, weil Konformit\u00e4t und Konsum in der heutigen Zeit eng miteinander zusammen h\u00e4ngen bzw. das eine Ausdruck des anderen ist. Ich empfehle auf jeden Fall, wie \u00fcblich, die Lekt\u00fcre des gesamten Artikels!<\/p>\n<blockquote><p>(&#8230;) Haben wir nicht  gerade durch den Kapitalismus scheinbar unbegrenzte Wahlm\u00f6glichkeiten,  k\u00f6nnen uns alle ein ganz individuelles Lebenskonzept zusammenschustern,  jenseits von \u00fcberkommenen Traditionen und Verhaltensregeln? Einerseits  schon. Andererseits, so argumentiert der Sozialpsychologe Erich Fromm in  seinem \u201cDie Kunst des Liebes\u201d von 1956, mache der Kapitalismus die  Menschen austauschbar. Ma\u00dfgeblich beteiligt sei die Arbeitsteilung. Sie  f\u00fchre zum Verlust der Individualit\u00e4t und der Ganzheit des Menschen. Man  vergleiche: Einen Menschen, der einen Stuhl in liebevoller Handarbeit  und mit Detailfreude herstellt, ihn vielleicht sogar h\u00fcbsch bemalt \u2013 und  einen Menschen, der in der Fabrik eines gro\u00dfen M\u00f6belhauses 373  Stuhlbeine pro Tag an einen vorgefertigten Sitz schraubt. Welcher von  ihnen lebt mehr Individualit\u00e4t? Wer kann sich mehr ausdr\u00fccken und wer  empfindet mehr Befriedigung beim Anblick seines fertigen Produktes?<\/p>\n<p>Zu keiner Zeit des Jahres wird der erzwungene Konformismus durch den  Kapitalismus sp\u00fcrbarer als zu Weihnachten. Verzweifelt, gestresst und  missmutig schlittern wir durch die Stra\u00dfen, um Geld auszugeben, das wir  eigentlich nicht haben \u2013 Strom-, Gas- und sonstige  Betriebskostenabrechnung sei Dank. \u201cIch muss noch was f\u00fcr Papa finden\u201d \u2013  dieser Satz kann uns wochenlang besch\u00e4ftigen und in Atem halten. Obwohl  Papa doch schon alles hat, was man sich w\u00fcnschen kann und wenn etwas  Neues auf den Markt k\u00e4me, k\u00f6nnte er es sich im Handumdrehen selbst  kaufen. \u201cAber ich MUSS\u2026\u201d<\/p>\n<p>Konsumfreudig und stromlinienf\u00f6rmig soll er sein, der Mensch im  Kapitalismus. Den Lieben selbstgemalte Bilder zu Weihnachten schenken?  Geht nur, wenn man h\u00f6chstens acht Jahre alt ist oder ein direkter  Nachkomme Picassos. (&#8230;)<\/p>\n<p>(&#8230;) So viele unserer gro\u00dfen und kleinen Entscheidungen legen wir in die  H\u00e4nde anderer Menschen und das meiste davon f\u00e4llt uns noch nicht einmal  auf. Weil wir bestimmte Denkmuster von der Masse \u00fcbernommen haben, die  unser Verhalten begr\u00fcnden oder zumindest rechtfertigen. Die  superbilligen T-Shirts, gefertigt vermutlich von Kinderh\u00e4nden irgendwo  in Indien \u2013 man muss ja mit der Mode gehen. Der Job, den wir eigentlich  hassen und der uns innerlich zu Grunde richtet. Irgendwie muss man ja  schlie\u00dflich Geld verdienen. (&#8230;)<\/p><\/blockquote>\n<h3 class='related_post_title'>Verwandte Beitr\u00e4ge:<\/h3><ul class='related_post'><li><a href=\"http:\/\/konsumpf.de\/?p=14469\" title=\"Affluenza \u2013 das Konsum-Virus \u2013 \u201eDer Markt ist unser Gott\u201c\">Affluenza \u2013 das Konsum-Virus \u2013 \u201eDer Markt ist unser Gott\u201c<\/a><\/li><li><a href=\"http:\/\/konsumpf.de\/?p=12582\" title=\"Buchvorstellung: Einfacher leben\">Buchvorstellung: Einfacher leben<\/a><\/li><li><a href=\"http:\/\/konsumpf.de\/?p=6112\" title=\"Buchbesprechung: Alexander Meschnig &#038; Mathias Stuhr \u201eWunschlos ungl\u00fccklich \u2013 Alles \u00fcber Konsum\u201c\">Buchbesprechung: Alexander Meschnig &#038; Mathias Stuhr \u201eWunschlos ungl\u00fccklich \u2013 Alles \u00fcber Konsum\u201c<\/a><\/li><li><a href=\"http:\/\/konsumpf.de\/?p=15354\" title=\"Die besten Weihnachtsgeschenketipps aller Zeiten\">Die besten Weihnachtsgeschenketipps aller Zeiten<\/a><\/li><li><a href=\"http:\/\/konsumpf.de\/?p=15133\" title=\"\u00dcberdruss im \u00dcberfluss \u2013 Vom Ende der Konsumkultur\">\u00dcberdruss im \u00dcberfluss \u2013 Vom Ende der Konsumkultur<\/a><\/li><\/ul>","protected":false},"excerpt":{"rendered":"<p>Es tut mir leid, dass ich heute wieder nur mit einem kurzen Lesehinweis abspeisen muss, aber mein Blogschreibe-Elan ist gerade etwas erlahmt. Vielleicht bringt das neue Jahr wieder etwas mehr Schwung! Auf jeden Fall bringt es den Artikel \u201eKonformit\u00e4t \u2013 wem geh\u00f6rt mein Leben?\u201c, der auf weeyoo.de erschienen ist und eine interessante Betrachtung des Ph\u00e4nomens [&hellip;]<\/p>\n","protected":false},"author":1,"featured_media":0,"comment_status":"open","ping_status":"open","sticky":false,"template":"","format":"standard","meta":{"footnotes":""},"categories":[259,12,4,20],"tags":[2296,2881,858,2504,58,2859],"yoast_head":"<!-- This site is optimized with the Yoast SEO plugin v24.4 - https:\/\/yoast.com\/wordpress\/plugins\/seo\/ -->\n<title>Konformit\u00e4t \u2013 wem geh\u00f6rt mein Leben? - Konsumpf - Forum f\u00fcr kreative Konsumkritik - Culture Jamming, Nachhaltigkeit, Konzernkritik, Adbusting<\/title>\n<meta name=\"robots\" content=\"index, follow, max-snippet:-1, max-image-preview:large, max-video-preview:-1\" \/>\n<link rel=\"canonical\" href=\"https:\/\/konsumpf.de\/?p=13644\" \/>\n<meta property=\"og:locale\" content=\"de_DE\" \/>\n<meta property=\"og:type\" content=\"article\" \/>\n<meta property=\"og:title\" content=\"Konformit\u00e4t \u2013 wem geh\u00f6rt mein Leben? - Konsumpf - Forum f\u00fcr kreative Konsumkritik - Culture Jamming, Nachhaltigkeit, Konzernkritik, Adbusting\" \/>\n<meta property=\"og:description\" content=\"Es tut mir leid, dass ich heute wieder nur mit einem kurzen Lesehinweis abspeisen muss, aber mein Blogschreibe-Elan ist gerade etwas erlahmt. Vielleicht bringt das neue Jahr wieder etwas mehr Schwung! Auf jeden Fall bringt es den Artikel \u201eKonformit\u00e4t \u2013 wem geh\u00f6rt mein Leben?\u201c, der auf weeyoo.de erschienen ist und eine interessante Betrachtung des Ph\u00e4nomens [&hellip;]\" \/>\n<meta property=\"og:url\" content=\"https:\/\/konsumpf.de\/?p=13644\" \/>\n<meta property=\"og:site_name\" content=\"Konsumpf - Forum f\u00fcr kreative Konsumkritik - Culture Jamming, Nachhaltigkeit, Konzernkritik, Adbusting\" \/>\n<meta property=\"article:published_time\" content=\"2012-01-06T09:14:07+00:00\" \/>\n<meta name=\"author\" content=\"Peter M.\" \/>\n<meta name=\"twitter:card\" content=\"summary_large_image\" \/>\n<meta name=\"twitter:label1\" content=\"Verfasst von\" \/>\n\t<meta name=\"twitter:data1\" content=\"Peter M.\" \/>\n\t<meta name=\"twitter:label2\" content=\"Gesch\u00e4tzte Lesezeit\" \/>\n\t<meta name=\"twitter:data2\" content=\"2\u00a0Minuten\" \/>\n<script type=\"application\/ld+json\" class=\"yoast-schema-graph\">{\"@context\":\"https:\/\/schema.org\",\"@graph\":[{\"@type\":\"WebPage\",\"@id\":\"https:\/\/konsumpf.de\/?p=13644\",\"url\":\"https:\/\/konsumpf.de\/?p=13644\",\"name\":\"Konformit\u00e4t \u2013 wem geh\u00f6rt mein Leben? - Konsumpf - Forum f\u00fcr kreative Konsumkritik - Culture Jamming, Nachhaltigkeit, Konzernkritik, Adbusting\",\"isPartOf\":{\"@id\":\"https:\/\/konsumpf.de\/#website\"},\"datePublished\":\"2012-01-06T09:14:07+00:00\",\"author\":{\"@id\":\"https:\/\/konsumpf.de\/#\/schema\/person\/e595a6d286b26994e7e0926d70699070\"},\"breadcrumb\":{\"@id\":\"https:\/\/konsumpf.de\/?p=13644#breadcrumb\"},\"inLanguage\":\"de\",\"potentialAction\":[{\"@type\":\"ReadAction\",\"target\":[\"https:\/\/konsumpf.de\/?p=13644\"]}]},{\"@type\":\"BreadcrumbList\",\"@id\":\"https:\/\/konsumpf.de\/?p=13644#breadcrumb\",\"itemListElement\":[{\"@type\":\"ListItem\",\"position\":1,\"name\":\"Startseite\",\"item\":\"https:\/\/konsumpf.de\/\"},{\"@type\":\"ListItem\",\"position\":2,\"name\":\"Konformit\u00e4t \u2013 wem geh\u00f6rt mein Leben?\"}]},{\"@type\":\"WebSite\",\"@id\":\"https:\/\/konsumpf.de\/#website\",\"url\":\"https:\/\/konsumpf.de\/\",\"name\":\"Konsumpf - Forum f\u00fcr kreative Konsumkritik - Culture Jamming, Nachhaltigkeit, Konzernkritik, Adbusting\",\"description\":\"\",\"potentialAction\":[{\"@type\":\"SearchAction\",\"target\":{\"@type\":\"EntryPoint\",\"urlTemplate\":\"https:\/\/konsumpf.de\/?s={search_term_string}\"},\"query-input\":{\"@type\":\"PropertyValueSpecification\",\"valueRequired\":true,\"valueName\":\"search_term_string\"}}],\"inLanguage\":\"de\"},{\"@type\":\"Person\",\"@id\":\"https:\/\/konsumpf.de\/#\/schema\/person\/e595a6d286b26994e7e0926d70699070\",\"name\":\"Peter M.\",\"sameAs\":[\"http:\/\/konsumpf.de\"]}]}<\/script>\n<!-- \/ Yoast SEO plugin. -->","yoast_head_json":{"title":"Konformit\u00e4t \u2013 wem geh\u00f6rt mein Leben? - Konsumpf - Forum f\u00fcr kreative Konsumkritik - Culture Jamming, Nachhaltigkeit, Konzernkritik, Adbusting","robots":{"index":"index","follow":"follow","max-snippet":"max-snippet:-1","max-image-preview":"max-image-preview:large","max-video-preview":"max-video-preview:-1"},"canonical":"https:\/\/konsumpf.de\/?p=13644","og_locale":"de_DE","og_type":"article","og_title":"Konformit\u00e4t \u2013 wem geh\u00f6rt mein Leben? - Konsumpf - Forum f\u00fcr kreative Konsumkritik - Culture Jamming, Nachhaltigkeit, Konzernkritik, Adbusting","og_description":"Es tut mir leid, dass ich heute wieder nur mit einem kurzen Lesehinweis abspeisen muss, aber mein Blogschreibe-Elan ist gerade etwas erlahmt. Vielleicht bringt das neue Jahr wieder etwas mehr Schwung! Auf jeden Fall bringt es den Artikel \u201eKonformit\u00e4t \u2013 wem geh\u00f6rt mein Leben?\u201c, der auf weeyoo.de erschienen ist und eine interessante Betrachtung des Ph\u00e4nomens [&hellip;]","og_url":"https:\/\/konsumpf.de\/?p=13644","og_site_name":"Konsumpf - Forum f\u00fcr kreative Konsumkritik - Culture Jamming, Nachhaltigkeit, Konzernkritik, Adbusting","article_published_time":"2012-01-06T09:14:07+00:00","author":"Peter M.","twitter_card":"summary_large_image","twitter_misc":{"Verfasst von":"Peter M.","Gesch\u00e4tzte Lesezeit":"2\u00a0Minuten"},"schema":{"@context":"https:\/\/schema.org","@graph":[{"@type":"WebPage","@id":"https:\/\/konsumpf.de\/?p=13644","url":"https:\/\/konsumpf.de\/?p=13644","name":"Konformit\u00e4t \u2013 wem geh\u00f6rt mein Leben? - Konsumpf - Forum f\u00fcr kreative Konsumkritik - Culture Jamming, Nachhaltigkeit, Konzernkritik, Adbusting","isPartOf":{"@id":"https:\/\/konsumpf.de\/#website"},"datePublished":"2012-01-06T09:14:07+00:00","author":{"@id":"https:\/\/konsumpf.de\/#\/schema\/person\/e595a6d286b26994e7e0926d70699070"},"breadcrumb":{"@id":"https:\/\/konsumpf.de\/?p=13644#breadcrumb"},"inLanguage":"de","potentialAction":[{"@type":"ReadAction","target":["https:\/\/konsumpf.de\/?p=13644"]}]},{"@type":"BreadcrumbList","@id":"https:\/\/konsumpf.de\/?p=13644#breadcrumb","itemListElement":[{"@type":"ListItem","position":1,"name":"Startseite","item":"https:\/\/konsumpf.de\/"},{"@type":"ListItem","position":2,"name":"Konformit\u00e4t \u2013 wem geh\u00f6rt mein Leben?"}]},{"@type":"WebSite","@id":"https:\/\/konsumpf.de\/#website","url":"https:\/\/konsumpf.de\/","name":"Konsumpf - Forum f\u00fcr kreative Konsumkritik - Culture Jamming, Nachhaltigkeit, Konzernkritik, Adbusting","description":"","potentialAction":[{"@type":"SearchAction","target":{"@type":"EntryPoint","urlTemplate":"https:\/\/konsumpf.de\/?s={search_term_string}"},"query-input":{"@type":"PropertyValueSpecification","valueRequired":true,"valueName":"search_term_string"}}],"inLanguage":"de"},{"@type":"Person","@id":"https:\/\/konsumpf.de\/#\/schema\/person\/e595a6d286b26994e7e0926d70699070","name":"Peter M.","sameAs":["http:\/\/konsumpf.de"]}]}},"_links":{"self":[{"href":"https:\/\/konsumpf.de\/index.php?rest_route=\/wp\/v2\/posts\/13644"}],"collection":[{"href":"https:\/\/konsumpf.de\/index.php?rest_route=\/wp\/v2\/posts"}],"about":[{"href":"https:\/\/konsumpf.de\/index.php?rest_route=\/wp\/v2\/types\/post"}],"author":[{"embeddable":true,"href":"https:\/\/konsumpf.de\/index.php?rest_route=\/wp\/v2\/users\/1"}],"replies":[{"embeddable":true,"href":"https:\/\/konsumpf.de\/index.php?rest_route=%2Fwp%2Fv2%2Fcomments&post=13644"}],"version-history":[{"count":3,"href":"https:\/\/konsumpf.de\/index.php?rest_route=\/wp\/v2\/posts\/13644\/revisions"}],"predecessor-version":[{"id":13664,"href":"https:\/\/konsumpf.de\/index.php?rest_route=\/wp\/v2\/posts\/13644\/revisions\/13664"}],"wp:attachment":[{"href":"https:\/\/konsumpf.de\/index.php?rest_route=%2Fwp%2Fv2%2Fmedia&parent=13644"}],"wp:term":[{"taxonomy":"category","embeddable":true,"href":"https:\/\/konsumpf.de\/index.php?rest_route=%2Fwp%2Fv2%2Fcategories&post=13644"},{"taxonomy":"post_tag","embeddable":true,"href":"https:\/\/konsumpf.de\/index.php?rest_route=%2Fwp%2Fv2%2Ftags&post=13644"}],"curies":[{"name":"wp","href":"https:\/\/api.w.org\/{rel}","templated":true}]}}