{"id":13480,"date":"2011-11-28T09:50:19","date_gmt":"2011-11-28T08:50:19","guid":{"rendered":"http:\/\/konsumpf.de\/?p=13480"},"modified":"2011-11-27T13:16:18","modified_gmt":"2011-11-27T12:16:18","slug":"fernsehtipp-die-rosen-story-wdr-28-11-22-uhr","status":"publish","type":"post","link":"https:\/\/konsumpf.de\/?p=13480","title":{"rendered":"Fernsehtipp: Die Rosen-Story (WDR, 28.11., 22 Uhr)"},"content":{"rendered":"<p><img loading=\"lazy\" decoding=\"async\" class=\"aligncenter size-full wp-image-13481\" title=\"die-story\" src=\"http:\/\/konsumpf.de\/wp-content\/uploads\/2011\/11\/die-story.jpg\" alt=\"\" width=\"495\" height=\"51\" srcset=\"https:\/\/konsumpf.de\/wp-content\/uploads\/2011\/11\/die-story.jpg 776w, https:\/\/konsumpf.de\/wp-content\/uploads\/2011\/11\/die-story-250x25.jpg 250w, https:\/\/konsumpf.de\/wp-content\/uploads\/2011\/11\/die-story-300x30.jpg 300w\" sizes=\"(max-width: 495px) 100vw, 495px\" \/><\/p>\n<p>Heute nur ein kurzer Fernsehtipp von mir \u2013 um <strong>22 Uhr<\/strong> l\u00e4uft im <strong>WDR<\/strong> die Dokumentation \u201e<a href=\"http:\/\/www.wdr.de\/tv\/diestory\/sendungsbeitraege\/2011\/1128\/rosen.jsp\"><strong>Die Rosen-Story<\/strong><\/a>\u201c, die \u00fcber die teils besch\u00e4menden Zust\u00e4nde in der afrikanischen Blumenproduktion berichtet. Denn irgendjemand zahlt nat\u00fcrlich den Preis daf\u00fcr, dass wir hier bei Aldi &amp; Co. f\u00fcr ein paar Euro fuffzich \u201esch\u00f6n billig\u201c Blumen an der Supermarktkasse kaufen k\u00f6nnen \u2026 dieses Prinzip gilt ja generell f\u00fcr unsere scheinbar so g\u00fcnstigen Konsumg\u00fcter&#8230;<\/p>\n<blockquote><p>Die Rose \u2013 das Symbol der Liebe, vom Blumenh\u00e4ndler um die Ecke. Die Blumen selbst aber kommen aus Kenia, aus Ecuador oder \u00c4thiopien. Wie ist es m\u00f6glich, Blumen um die halbe Welt zu schicken, wenn ein Strau\u00df Rosen im Supermarkt nur \u20ac 1,99 kostet?<\/p>\n<p>Der wichtigste Rosenz\u00fcchter weltweit hat seine Heimat in Schleswig-Holstein. Seit \u00fcber 100 Jahren z\u00fcchten Wilhelm Kordes S\u00f6hne die \u201eK\u00f6nigin der Blumen\u201c. Heute ist die Firma v\u00f6llig unabh\u00e4ngig vom deutschen Markt und beliefert Rosenproduzenten vor allem in Afrika und Lateinamerika mit ihren Z\u00fcchtungen.<\/p>\n<p>Besonders in Kenia, am Naivashasee, ist Kordes pr\u00e4sent. Dort haben sich fast hundert Rosenfarmen angesiedelt, die t\u00e4glich Millionen Rosen produzieren \u2013 unter fragw\u00fcrdigen Bedingungen. Die kaum mehr als 30 Euro monatlich sind f\u00fcr die Arbeiter zu wenig, um ihre Familien zu ern\u00e4hren, und der massive Pestizid-Einsatz f\u00fchrt oft zu gesundheitlichen Sch\u00e4den. Der Wasserspiegel des Naivasha ist gesunken, der See selbst durch Abw\u00e4sser der Farmen verdreckt.<\/p><\/blockquote>\n<h3 class='related_post_title'>Verwandte Beitr\u00e4ge:<\/h3><ul class='related_post'><li><a href=\"http:\/\/konsumpf.de\/?p=13590\" title=\"Die Wei\u00dfen kommen \u2013 Die wahre Geschichte des Kolonialismus\">Die Wei\u00dfen kommen \u2013 Die wahre Geschichte des Kolonialismus<\/a><\/li><li><a href=\"http:\/\/konsumpf.de\/?p=10486\" title=\"Neuzeitlicher Kolonialismus und schlimme Zust\u00e4nde beim Goldabbau\">Neuzeitlicher Kolonialismus und schlimme Zust\u00e4nde beim Goldabbau<\/a><\/li><li><a href=\"http:\/\/konsumpf.de\/?p=14631\" title=\"KiK \u2013 Der Menschenrechts-Diskont\">KiK \u2013 Der Menschenrechts-Diskont<\/a><\/li><li><a href=\"http:\/\/konsumpf.de\/?p=14439\" title=\"Ananas \u2013 bittere Frucht \u2013 Del Monte und die Umweltzerst\u00f6rung in Costa Rica\">Ananas \u2013 bittere Frucht \u2013 Del Monte und die Umweltzerst\u00f6rung in Costa Rica<\/a><\/li><li><a href=\"http:\/\/konsumpf.de\/?p=14019\" title=\"Markt oder Moral\">Markt oder Moral<\/a><\/li><\/ul>","protected":false},"excerpt":{"rendered":"<p>Heute nur ein kurzer Fernsehtipp von mir \u2013 um 22 Uhr l\u00e4uft im WDR die Dokumentation \u201eDie Rosen-Story\u201c, die \u00fcber die teils besch\u00e4menden Zust\u00e4nde in der afrikanischen Blumenproduktion berichtet. Denn irgendjemand zahlt nat\u00fcrlich den Preis daf\u00fcr, dass wir hier bei Aldi &amp; Co. f\u00fcr ein paar Euro fuffzich \u201esch\u00f6n billig\u201c Blumen an der Supermarktkasse kaufen [&hellip;]<\/p>\n","protected":false},"author":1,"featured_media":0,"comment_status":"open","ping_status":"open","sticky":false,"template":"","format":"standard","meta":{"footnotes":""},"categories":[34,37,4,54],"tags":[1623,603,2479,2865],"yoast_head":"<!-- This site is optimized with the Yoast SEO plugin v24.4 - https:\/\/yoast.com\/wordpress\/plugins\/seo\/ -->\n<title>Fernsehtipp: Die Rosen-Story (WDR, 28.11., 22 Uhr) - Konsumpf - Forum f\u00fcr kreative Konsumkritik - Culture Jamming, Nachhaltigkeit, Konzernkritik, Adbusting<\/title>\n<meta name=\"robots\" content=\"index, follow, max-snippet:-1, max-image-preview:large, max-video-preview:-1\" \/>\n<link rel=\"canonical\" href=\"https:\/\/konsumpf.de\/?p=13480\" \/>\n<meta property=\"og:locale\" content=\"de_DE\" \/>\n<meta property=\"og:type\" content=\"article\" \/>\n<meta property=\"og:title\" content=\"Fernsehtipp: Die Rosen-Story (WDR, 28.11., 22 Uhr) - Konsumpf - Forum f\u00fcr kreative Konsumkritik - Culture Jamming, Nachhaltigkeit, Konzernkritik, Adbusting\" \/>\n<meta property=\"og:description\" content=\"Heute nur ein kurzer Fernsehtipp von mir \u2013 um 22 Uhr l\u00e4uft im WDR die Dokumentation \u201eDie Rosen-Story\u201c, die \u00fcber die teils besch\u00e4menden Zust\u00e4nde in der afrikanischen Blumenproduktion berichtet. Denn irgendjemand zahlt nat\u00fcrlich den Preis daf\u00fcr, dass wir hier bei Aldi &amp; Co. f\u00fcr ein paar Euro fuffzich \u201esch\u00f6n billig\u201c Blumen an der Supermarktkasse kaufen [&hellip;]\" \/>\n<meta property=\"og:url\" content=\"https:\/\/konsumpf.de\/?p=13480\" \/>\n<meta property=\"og:site_name\" content=\"Konsumpf - Forum f\u00fcr kreative Konsumkritik - Culture Jamming, Nachhaltigkeit, Konzernkritik, Adbusting\" \/>\n<meta property=\"article:published_time\" content=\"2011-11-28T08:50:19+00:00\" \/>\n<meta property=\"og:image\" content=\"http:\/\/konsumpf.de\/wp-content\/uploads\/2011\/11\/die-story.jpg\" \/>\n<meta name=\"author\" content=\"Peter M.\" \/>\n<meta name=\"twitter:card\" content=\"summary_large_image\" \/>\n<meta name=\"twitter:label1\" content=\"Verfasst von\" \/>\n\t<meta name=\"twitter:data1\" content=\"Peter M.\" \/>\n\t<meta name=\"twitter:label2\" content=\"Gesch\u00e4tzte Lesezeit\" \/>\n\t<meta name=\"twitter:data2\" content=\"1\u00a0Minute\" \/>\n<script type=\"application\/ld+json\" class=\"yoast-schema-graph\">{\"@context\":\"https:\/\/schema.org\",\"@graph\":[{\"@type\":\"WebPage\",\"@id\":\"https:\/\/konsumpf.de\/?p=13480\",\"url\":\"https:\/\/konsumpf.de\/?p=13480\",\"name\":\"Fernsehtipp: Die Rosen-Story (WDR, 28.11., 22 Uhr) - Konsumpf - Forum f\u00fcr kreative Konsumkritik - Culture Jamming, Nachhaltigkeit, Konzernkritik, Adbusting\",\"isPartOf\":{\"@id\":\"https:\/\/konsumpf.de\/#website\"},\"primaryImageOfPage\":{\"@id\":\"https:\/\/konsumpf.de\/?p=13480#primaryimage\"},\"image\":{\"@id\":\"https:\/\/konsumpf.de\/?p=13480#primaryimage\"},\"thumbnailUrl\":\"http:\/\/konsumpf.de\/wp-content\/uploads\/2011\/11\/die-story.jpg\",\"datePublished\":\"2011-11-28T08:50:19+00:00\",\"author\":{\"@id\":\"https:\/\/konsumpf.de\/#\/schema\/person\/e595a6d286b26994e7e0926d70699070\"},\"breadcrumb\":{\"@id\":\"https:\/\/konsumpf.de\/?p=13480#breadcrumb\"},\"inLanguage\":\"de\",\"potentialAction\":[{\"@type\":\"ReadAction\",\"target\":[\"https:\/\/konsumpf.de\/?p=13480\"]}]},{\"@type\":\"ImageObject\",\"inLanguage\":\"de\",\"@id\":\"https:\/\/konsumpf.de\/?p=13480#primaryimage\",\"url\":\"https:\/\/konsumpf.de\/wp-content\/uploads\/2011\/11\/die-story.jpg\",\"contentUrl\":\"https:\/\/konsumpf.de\/wp-content\/uploads\/2011\/11\/die-story.jpg\",\"width\":\"776\",\"height\":\"80\"},{\"@type\":\"BreadcrumbList\",\"@id\":\"https:\/\/konsumpf.de\/?p=13480#breadcrumb\",\"itemListElement\":[{\"@type\":\"ListItem\",\"position\":1,\"name\":\"Startseite\",\"item\":\"https:\/\/konsumpf.de\/\"},{\"@type\":\"ListItem\",\"position\":2,\"name\":\"Fernsehtipp: Die Rosen-Story (WDR, 28.11., 22 Uhr)\"}]},{\"@type\":\"WebSite\",\"@id\":\"https:\/\/konsumpf.de\/#website\",\"url\":\"https:\/\/konsumpf.de\/\",\"name\":\"Konsumpf - Forum f\u00fcr kreative Konsumkritik - Culture Jamming, Nachhaltigkeit, Konzernkritik, Adbusting\",\"description\":\"\",\"potentialAction\":[{\"@type\":\"SearchAction\",\"target\":{\"@type\":\"EntryPoint\",\"urlTemplate\":\"https:\/\/konsumpf.de\/?s={search_term_string}\"},\"query-input\":{\"@type\":\"PropertyValueSpecification\",\"valueRequired\":true,\"valueName\":\"search_term_string\"}}],\"inLanguage\":\"de\"},{\"@type\":\"Person\",\"@id\":\"https:\/\/konsumpf.de\/#\/schema\/person\/e595a6d286b26994e7e0926d70699070\",\"name\":\"Peter M.\",\"sameAs\":[\"http:\/\/konsumpf.de\"]}]}<\/script>\n<!-- \/ Yoast SEO plugin. -->","yoast_head_json":{"title":"Fernsehtipp: Die Rosen-Story (WDR, 28.11., 22 Uhr) - Konsumpf - Forum f\u00fcr kreative Konsumkritik - Culture Jamming, Nachhaltigkeit, Konzernkritik, Adbusting","robots":{"index":"index","follow":"follow","max-snippet":"max-snippet:-1","max-image-preview":"max-image-preview:large","max-video-preview":"max-video-preview:-1"},"canonical":"https:\/\/konsumpf.de\/?p=13480","og_locale":"de_DE","og_type":"article","og_title":"Fernsehtipp: Die Rosen-Story (WDR, 28.11., 22 Uhr) - Konsumpf - Forum f\u00fcr kreative Konsumkritik - Culture Jamming, Nachhaltigkeit, Konzernkritik, Adbusting","og_description":"Heute nur ein kurzer Fernsehtipp von mir \u2013 um 22 Uhr l\u00e4uft im WDR die Dokumentation \u201eDie Rosen-Story\u201c, die \u00fcber die teils besch\u00e4menden Zust\u00e4nde in der afrikanischen Blumenproduktion berichtet. Denn irgendjemand zahlt nat\u00fcrlich den Preis daf\u00fcr, dass wir hier bei Aldi &amp; Co. f\u00fcr ein paar Euro fuffzich \u201esch\u00f6n billig\u201c Blumen an der Supermarktkasse kaufen [&hellip;]","og_url":"https:\/\/konsumpf.de\/?p=13480","og_site_name":"Konsumpf - Forum f\u00fcr kreative Konsumkritik - Culture Jamming, Nachhaltigkeit, Konzernkritik, Adbusting","article_published_time":"2011-11-28T08:50:19+00:00","og_image":[{"url":"http:\/\/konsumpf.de\/wp-content\/uploads\/2011\/11\/die-story.jpg","type":"","width":"","height":""}],"author":"Peter M.","twitter_card":"summary_large_image","twitter_misc":{"Verfasst von":"Peter M.","Gesch\u00e4tzte Lesezeit":"1\u00a0Minute"},"schema":{"@context":"https:\/\/schema.org","@graph":[{"@type":"WebPage","@id":"https:\/\/konsumpf.de\/?p=13480","url":"https:\/\/konsumpf.de\/?p=13480","name":"Fernsehtipp: Die Rosen-Story (WDR, 28.11., 22 Uhr) - Konsumpf - Forum f\u00fcr kreative Konsumkritik - Culture Jamming, Nachhaltigkeit, Konzernkritik, Adbusting","isPartOf":{"@id":"https:\/\/konsumpf.de\/#website"},"primaryImageOfPage":{"@id":"https:\/\/konsumpf.de\/?p=13480#primaryimage"},"image":{"@id":"https:\/\/konsumpf.de\/?p=13480#primaryimage"},"thumbnailUrl":"http:\/\/konsumpf.de\/wp-content\/uploads\/2011\/11\/die-story.jpg","datePublished":"2011-11-28T08:50:19+00:00","author":{"@id":"https:\/\/konsumpf.de\/#\/schema\/person\/e595a6d286b26994e7e0926d70699070"},"breadcrumb":{"@id":"https:\/\/konsumpf.de\/?p=13480#breadcrumb"},"inLanguage":"de","potentialAction":[{"@type":"ReadAction","target":["https:\/\/konsumpf.de\/?p=13480"]}]},{"@type":"ImageObject","inLanguage":"de","@id":"https:\/\/konsumpf.de\/?p=13480#primaryimage","url":"https:\/\/konsumpf.de\/wp-content\/uploads\/2011\/11\/die-story.jpg","contentUrl":"https:\/\/konsumpf.de\/wp-content\/uploads\/2011\/11\/die-story.jpg","width":"776","height":"80"},{"@type":"BreadcrumbList","@id":"https:\/\/konsumpf.de\/?p=13480#breadcrumb","itemListElement":[{"@type":"ListItem","position":1,"name":"Startseite","item":"https:\/\/konsumpf.de\/"},{"@type":"ListItem","position":2,"name":"Fernsehtipp: Die Rosen-Story (WDR, 28.11., 22 Uhr)"}]},{"@type":"WebSite","@id":"https:\/\/konsumpf.de\/#website","url":"https:\/\/konsumpf.de\/","name":"Konsumpf - Forum f\u00fcr kreative Konsumkritik - Culture Jamming, Nachhaltigkeit, Konzernkritik, Adbusting","description":"","potentialAction":[{"@type":"SearchAction","target":{"@type":"EntryPoint","urlTemplate":"https:\/\/konsumpf.de\/?s={search_term_string}"},"query-input":{"@type":"PropertyValueSpecification","valueRequired":true,"valueName":"search_term_string"}}],"inLanguage":"de"},{"@type":"Person","@id":"https:\/\/konsumpf.de\/#\/schema\/person\/e595a6d286b26994e7e0926d70699070","name":"Peter M.","sameAs":["http:\/\/konsumpf.de"]}]}},"_links":{"self":[{"href":"https:\/\/konsumpf.de\/index.php?rest_route=\/wp\/v2\/posts\/13480"}],"collection":[{"href":"https:\/\/konsumpf.de\/index.php?rest_route=\/wp\/v2\/posts"}],"about":[{"href":"https:\/\/konsumpf.de\/index.php?rest_route=\/wp\/v2\/types\/post"}],"author":[{"embeddable":true,"href":"https:\/\/konsumpf.de\/index.php?rest_route=\/wp\/v2\/users\/1"}],"replies":[{"embeddable":true,"href":"https:\/\/konsumpf.de\/index.php?rest_route=%2Fwp%2Fv2%2Fcomments&post=13480"}],"version-history":[{"count":2,"href":"https:\/\/konsumpf.de\/index.php?rest_route=\/wp\/v2\/posts\/13480\/revisions"}],"predecessor-version":[{"id":13483,"href":"https:\/\/konsumpf.de\/index.php?rest_route=\/wp\/v2\/posts\/13480\/revisions\/13483"}],"wp:attachment":[{"href":"https:\/\/konsumpf.de\/index.php?rest_route=%2Fwp%2Fv2%2Fmedia&parent=13480"}],"wp:term":[{"taxonomy":"category","embeddable":true,"href":"https:\/\/konsumpf.de\/index.php?rest_route=%2Fwp%2Fv2%2Fcategories&post=13480"},{"taxonomy":"post_tag","embeddable":true,"href":"https:\/\/konsumpf.de\/index.php?rest_route=%2Fwp%2Fv2%2Ftags&post=13480"}],"curies":[{"name":"wp","href":"https:\/\/api.w.org\/{rel}","templated":true}]}}