{"id":13350,"date":"2011-11-06T09:41:06","date_gmt":"2011-11-06T08:41:06","guid":{"rendered":"http:\/\/konsumpf.de\/?p=13350"},"modified":"2012-06-07T13:18:32","modified_gmt":"2012-06-07T11:18:32","slug":"pi-und-der-braune-sumpf","status":"publish","type":"post","link":"https:\/\/konsumpf.de\/?p=13350","title":{"rendered":"PI und der braune Sumpf"},"content":{"rendered":"<div id=\"attachment_13360\" style=\"width: 260px\" class=\"wp-caption alignright\"><a href=\"http:\/\/www.endstation-rechts.de\/index.php?option=com_k2&amp;view=item&amp;layout=item&amp;id=3720&amp;Itemid=482\"><img loading=\"lazy\" decoding=\"async\" aria-describedby=\"caption-attachment-13360\" class=\"size-thumbnail wp-image-13360\" title=\"storchheinar_blond_1158999p\" src=\"http:\/\/konsumpf.de\/wp-content\/uploads\/2011\/11\/storchheinar_blond_1158999p-250x166.jpg\" alt=\"\" width=\"250\" height=\"166\" srcset=\"https:\/\/konsumpf.de\/wp-content\/uploads\/2011\/11\/storchheinar_blond_1158999p-250x166.jpg 250w, https:\/\/konsumpf.de\/wp-content\/uploads\/2011\/11\/storchheinar_blond_1158999p-300x199.jpg 300w, https:\/\/konsumpf.de\/wp-content\/uploads\/2011\/11\/storchheinar_blond_1158999p.jpg 483w\" sizes=\"(max-width: 250px) 100vw, 250px\" \/><\/a><p id=\"caption-attachment-13360\" class=\"wp-caption-text\">\u00a9 Storch Heinar<\/p><\/div>\n<p>Das Tolle am Internet ist ja die unglaubliche Vielfalt, der man dort begegnen kann \u2013 oder manchmal auch muss, denn oft genug wird man ungefragt mit abseitigen Seiten konfrontiert, seien es nun unseri\u00f6se Gewinnspiele, Abofallen, Pornosites oder dubiose Anbieter von Ratgebern, mit deren Hilfe man innerhalb weniger Wochen reich wird, wenn man nur genug Freunde dazu \u00fcberredet, sich den Ratgeber ebenfalls zu kaufen. Ebenso bunt wird es, wenn man sich in den Bereichen der \u201ealtenativen Medien\u201c, also abseits von SpiegelOnline oder bild.de bewegt und versucht, glaubw\u00fcrdigere Informationen als die aus den Mainstreammedien zu finden. Mit nur wenigen Klicks ist man auf einer ultralinken Seite von Anarchosyndikalisten, und genauso leicht kann man sich auch auf protofaschistische Verschw\u00f6rungsseiten verirren. Nun ist es ja im Prinzip toll, dass wir in einer (Art) Demokratie leben, in der es Meinungsvielfalt gibt \u2013 und in einer pluralen Gesellschaft muss man nat\u00fcrlich auch kontr\u00e4re Ansichten aushalten k\u00f6nnen.<\/p>\n<p>Was nat\u00fcrlich nicht hei\u00dft, dass man auch alles guthei\u00dfen sollte, was da so an den Ecken der Gesellschaft an fauligem Gedankengut bl\u00fcht, w\u00e4chst und gedeiht. Gerade im Internet gibt es Foren und Blogs, die mittlerweile gro\u00dfe Aufmerksamkeit f\u00fcr sich verbuchen k\u00f6nnen, und das mit plumpen rassistischen, antiislamistischen, nationalistischen, chauvinistischen, erzkonservativen und \u00e4hnlichen Inhalten. Der gro\u00dfe Anlaufpunkt f\u00fcr dem rechten Gedankengut zugetane Menschen ist <em>Politically Incorrect<\/em> (sowas wird von mir nat\u00fcrlich nicht verlinkt!), eine der meistbesuchten Seiten im deutschen Netz, was schon sehr betr\u00fcblich und auch bedenklich ist. Lange Zeit konnte sich diese br\u00e4unlich angeranzte, perverse Plattform fast unbemerkt von den normalen Medien entwickeln, aber nach dem Attentat von Oslo haben diverse Sendungen das Thema in der letzten Zeit doch auf die Tagesordnung gehoben und \u00fcber die dortigen Umtriebe und auch das Treiben von rechten Kr\u00e4ften im Internet berichtet.<\/p>\n<p>So zum Beispiel <strong>Monitor<\/strong> mit \u201e<a href=\"http:\/\/www.wdr.de\/tv\/monitor\/\/sendungen\/2011\/0804\/muslime.php5\"><strong>MuslimFeinde in Deutschland \u2013 Volksverhetzer im b\u00fcrgerlichen Gewand<\/strong><\/a>\u201c:<\/p>\n<blockquote><p>&#8220;Nicht erst seit Oslo wei\u00df man: Es gibt ein neues rechtes Spektrum in Europa, das sich vom Antisemitismus abwendet und einen neuen Feind entdeckt hat &#8211; den Islam. Sie nennen sich Islam-Kritiker. Kritiker, das klingt ja so sachlich. Doch sind sie wirklich nur harmlose Kritiker? Es gibt Brandstifter und geistige Brandstifter. Und hat die eigentlich jemand im Blick? Isabel Schayani und Jan Schmitt \u00fcber eine neue Bedrohung, die offenbar niemand so richtig ernst nimmt.&#8221;<\/p>\n<p>(&#8230;) W\u00e4chst denn die Islamfeindlichkeit? Wahlkampf in Berlin, gestern. Eine Demonstration der Partei &#8220;Die Freiheit&#8221;. Sie wollen den &#8220;Vormarsch des Islam&#8221; aufhalten. Sie sind b\u00fcrgerlich, mittelst\u00e4ndisch und gerne deutsch. Im Windschatten der Sarrazin-Debatte gr\u00fcndete sich die Partei am rechten Rand. Mitten drinnen Markus Hoppe, der f\u00fcr die Partei kandidiert. Ein Mann mit Vergangenheit. Bis letzten Sommer w\u00e4hlte er noch andere Methoden, um die islamische Gefahr zu bek\u00e4mpfen. Er geh\u00f6rte zur Berliner Gruppe von Politically Incorrect, PI. PI ist die popul\u00e4rste Internet-Plattform der Islamgegner. Mit antiislamisch und rassistisch ist diese Seite freundlich umschrieben. (&#8230;)<\/p><\/blockquote>\n<p><object width=\"500\" height=\"284\" classid=\"clsid:d27cdb6e-ae6d-11cf-96b8-444553540000\" codebase=\"http:\/\/download.macromedia.com\/pub\/shockwave\/cabs\/flash\/swflash.cab#version=6,0,40,0\"><param name=\"allowFullScreen\" value=\"true\" \/><param name=\"allowscriptaccess\" value=\"always\" \/><param name=\"src\" value=\"http:\/\/www.youtube.com\/v\/lWJjp9yfNW0?version=3&amp;hl=de_DE\" \/><param name=\"allowfullscreen\" value=\"true\" \/><embed width=\"500\" height=\"284\" type=\"application\/x-shockwave-flash\" src=\"http:\/\/www.youtube.com\/v\/lWJjp9yfNW0?version=3&amp;hl=de_DE\" allowFullScreen=\"true\" allowscriptaccess=\"always\" allowfullscreen=\"true\" \/><\/object><\/p>\n<p>Auch die Sendung <strong>quer<\/strong> im Bayerischen Fernsehen ging in \u201e<a href=\"http:\/\/blog.br-online.de\/quer\/islam-hass-wie-gefaehrlich-sind-die-neuen-rechten-27072011.html\"><strong>Islamhass \u2013 Wie gef\u00e4hrlich sind die Neuen Rechten?<\/strong><\/a>\u201c dieser Frage nach:<\/p>\n<blockquote><p>In einem 1500 Seiten langen \u201cManifest\u201d hat der Massenm\u00f6rder von Norwegen sein islamfeindliches Weltbild dargelegt. Er vertritt dabei eine neue Form des Rechtsextremismus: Er ist kein Antisemit und er distanziert sich von klassischen Neonazis. Auch in Deutschland findet sich eine \u00e4hnliche europa-, fremden- und islamfeindliche Bewegung: Sie tritt nicht mehr in Springerstiefeln auf, sondern gibt sich intellektuell und will damit rechtskonservative, b\u00fcrgerliche Kreise ansprechen. Extremismusexperten sind sich v\u00f6llig uneinig, wie die Gesellschaft mit diesen neuen Rechten umgehen sollte.<\/p><\/blockquote>\n<p><object width=\"500\" height=\"284\" classid=\"clsid:d27cdb6e-ae6d-11cf-96b8-444553540000\" codebase=\"http:\/\/download.macromedia.com\/pub\/shockwave\/cabs\/flash\/swflash.cab#version=6,0,40,0\"><param name=\"allowFullScreen\" value=\"true\" \/><param name=\"allowscriptaccess\" value=\"always\" \/><param name=\"src\" value=\"http:\/\/www.youtube.com\/v\/zhbEXyYa_7Q?version=3&amp;hl=de_DE\" \/><param name=\"allowfullscreen\" value=\"true\" \/><embed width=\"500\" height=\"284\" type=\"application\/x-shockwave-flash\" src=\"http:\/\/www.youtube.com\/v\/zhbEXyYa_7Q?version=3&amp;hl=de_DE\" allowFullScreen=\"true\" allowscriptaccess=\"always\" allowfullscreen=\"true\" \/><\/object><\/p>\n<p>Und \u00c4hnliches ist auch von <strong>Panorama<\/strong> in \u201e<a href=\"http:\/\/daserste.ndr.de\/panorama\/archiv\/2011\/norwegen385.html\"><strong>Oslo-Massaker: Deutsche Rechtsradikale in Erkl\u00e4rungsnot<\/strong><\/a>\u201c zu sehen:<\/p>\n<blockquote><p>In seinem 1500 Seiten starkem Manifest skizziert er seine Feindbilder: Zuwanderer, Andersgl\u00e4ubige, Demokraten \u2013 kurz: eine offene Gesellschaft. Motive und Rechtfertigungen eines Rechtsradikalen? Die Rechten in Deutschland wollen offiziell davon nichts wissen. Schon kurz nach dem Terrorakt distanziert sich die NPD von den Anschl\u00e4gen. Einen ideologischen Zusammenhang zwischen ihnen und Breivik gebe es nicht.<\/p>\n<p>In der Anonymit\u00e4t des Internets klingt das jedoch ganz anders. Und erst recht,\u00a0wenn man mit den Rechten pers\u00f6nlich spricht. Panorama mit Reaktionen deutscher Rechtsradikaler auf die Anschl\u00e4ge von Oslo.<\/p><\/blockquote>\n<p><object width=\"500\" height=\"284\" classid=\"clsid:d27cdb6e-ae6d-11cf-96b8-444553540000\" codebase=\"http:\/\/download.macromedia.com\/pub\/shockwave\/cabs\/flash\/swflash.cab#version=6,0,40,0\"><param name=\"allowFullScreen\" value=\"true\" \/><param name=\"allowscriptaccess\" value=\"always\" \/><param name=\"src\" value=\"http:\/\/www.youtube.com\/v\/tg9hB7v6tys?version=3&amp;hl=de_DE\" \/><param name=\"allowfullscreen\" value=\"true\" \/><embed width=\"500\" height=\"284\" type=\"application\/x-shockwave-flash\" src=\"http:\/\/www.youtube.com\/v\/tg9hB7v6tys?version=3&amp;hl=de_DE\" allowFullScreen=\"true\" allowscriptaccess=\"always\" allowfullscreen=\"true\" \/><\/object><\/p>\n<p>Da lob ich mir dann doch die <a href=\"http:\/\/www.apfelfront.de\/\"><strong>Front Deutscher \u00c4pfel<\/strong><\/a>, die der Deutscht\u00fcmelei entsprechend humoristisch-aktivistisch entgegentreten.<\/p>\n<p><img loading=\"lazy\" decoding=\"async\" class=\"aligncenter size-full wp-image-13361\" title=\"Bildschirmfoto 2011-11-03 um 22.07.13\" src=\"http:\/\/konsumpf.de\/wp-content\/uploads\/2011\/11\/Bildschirmfoto-2011-11-03-um-22.07.13.png\" alt=\"\" width=\"101\" height=\"94\" \/><br \/>\n<img loading=\"lazy\" decoding=\"async\" src=\"http:\/\/vg08.met.vgwort.de\/na\/0865f5c37ab14bdba18d02f71b17339b\" alt=\"\" width=\"1\" height=\"1\" \/><\/p>\n<h3 class='related_post_title'>Verwandte Beitr\u00e4ge:<\/h3><ul class='related_post'><li><a href=\"http:\/\/konsumpf.de\/?p=8954\" title=\"Hakenkreuz-Dolch vom Weltmarkt-F\u00fchrer oder: Amazon rechts au\u00dfen\">Hakenkreuz-Dolch vom Weltmarkt-F\u00fchrer oder: Amazon rechts au\u00dfen<\/a><\/li><li><a href=\"http:\/\/konsumpf.de\/?p=15009\" title=\"Gegen die st\u00e4ndige Erreichbarkeit des Seins\">Gegen die st\u00e4ndige Erreichbarkeit des Seins<\/a><\/li><li><a href=\"http:\/\/konsumpf.de\/?p=15005\" title=\"Revolution? Ach, das passt mir heute aber ganz schlecht.\">Revolution? Ach, das passt mir heute aber ganz schlecht.<\/a><\/li><li><a href=\"http:\/\/konsumpf.de\/?p=14689\" title=\"Fernsehtipp: Burnout \u2013 eine Gesellschaft am Rande des Nervenzusammenbruchs\">Fernsehtipp: Burnout \u2013 eine Gesellschaft am Rande des Nervenzusammenbruchs<\/a><\/li><li><a href=\"http:\/\/konsumpf.de\/?p=14649\" title=\"Weihnachts- und Neujahrsansprache an die Mitte der Gesellschaft\">Weihnachts- und Neujahrsansprache an die Mitte der Gesellschaft<\/a><\/li><\/ul>","protected":false},"excerpt":{"rendered":"<p>Das Tolle am Internet ist ja die unglaubliche Vielfalt, der man dort begegnen kann \u2013 oder manchmal auch muss, denn oft genug wird man ungefragt mit abseitigen Seiten konfrontiert, seien es nun unseri\u00f6se Gewinnspiele, Abofallen, Pornosites oder dubiose Anbieter von Ratgebern, mit deren Hilfe man innerhalb weniger Wochen reich wird, wenn man nur genug Freunde [&hellip;]<\/p>\n","protected":false},"author":1,"featured_media":0,"comment_status":"open","ping_status":"open","sticky":false,"template":"","format":"standard","meta":{"footnotes":""},"categories":[259,12,265,33,53],"tags":[2454,2881,2455,940,1732,2452,2453,2456],"yoast_head":"<!-- This site is optimized with the Yoast SEO plugin v24.4 - https:\/\/yoast.com\/wordpress\/plugins\/seo\/ -->\n<title>PI und der braune Sumpf - Konsumpf - Forum f\u00fcr kreative Konsumkritik - Culture Jamming, Nachhaltigkeit, Konzernkritik, Adbusting<\/title>\n<meta name=\"robots\" content=\"index, follow, max-snippet:-1, max-image-preview:large, max-video-preview:-1\" \/>\n<link rel=\"canonical\" href=\"https:\/\/konsumpf.de\/?p=13350\" \/>\n<meta property=\"og:locale\" content=\"de_DE\" \/>\n<meta property=\"og:type\" content=\"article\" \/>\n<meta property=\"og:title\" content=\"PI und der braune Sumpf - Konsumpf - Forum f\u00fcr kreative Konsumkritik - Culture Jamming, Nachhaltigkeit, Konzernkritik, Adbusting\" \/>\n<meta property=\"og:description\" content=\"Das Tolle am Internet ist ja die unglaubliche Vielfalt, der man dort begegnen kann \u2013 oder manchmal auch muss, denn oft genug wird man ungefragt mit abseitigen Seiten konfrontiert, seien es nun unseri\u00f6se Gewinnspiele, Abofallen, Pornosites oder dubiose Anbieter von Ratgebern, mit deren Hilfe man innerhalb weniger Wochen reich wird, wenn man nur genug Freunde [&hellip;]\" \/>\n<meta property=\"og:url\" content=\"https:\/\/konsumpf.de\/?p=13350\" \/>\n<meta property=\"og:site_name\" content=\"Konsumpf - Forum f\u00fcr kreative Konsumkritik - Culture Jamming, Nachhaltigkeit, Konzernkritik, Adbusting\" \/>\n<meta property=\"article:published_time\" content=\"2011-11-06T08:41:06+00:00\" \/>\n<meta property=\"article:modified_time\" content=\"2012-06-07T11:18:32+00:00\" \/>\n<meta property=\"og:image\" content=\"http:\/\/konsumpf.de\/wp-content\/uploads\/2011\/11\/storchheinar_blond_1158999p-250x166.jpg\" \/>\n<meta name=\"author\" content=\"Peter M.\" \/>\n<meta name=\"twitter:card\" content=\"summary_large_image\" \/>\n<meta name=\"twitter:label1\" content=\"Verfasst von\" \/>\n\t<meta name=\"twitter:data1\" content=\"Peter M.\" \/>\n\t<meta name=\"twitter:label2\" content=\"Gesch\u00e4tzte Lesezeit\" \/>\n\t<meta name=\"twitter:data2\" content=\"4\u00a0Minuten\" \/>\n<script type=\"application\/ld+json\" class=\"yoast-schema-graph\">{\"@context\":\"https:\/\/schema.org\",\"@graph\":[{\"@type\":\"WebPage\",\"@id\":\"https:\/\/konsumpf.de\/?p=13350\",\"url\":\"https:\/\/konsumpf.de\/?p=13350\",\"name\":\"PI und der braune Sumpf - Konsumpf - Forum f\u00fcr kreative Konsumkritik - Culture Jamming, Nachhaltigkeit, Konzernkritik, Adbusting\",\"isPartOf\":{\"@id\":\"https:\/\/konsumpf.de\/#website\"},\"primaryImageOfPage\":{\"@id\":\"https:\/\/konsumpf.de\/?p=13350#primaryimage\"},\"image\":{\"@id\":\"https:\/\/konsumpf.de\/?p=13350#primaryimage\"},\"thumbnailUrl\":\"http:\/\/konsumpf.de\/wp-content\/uploads\/2011\/11\/storchheinar_blond_1158999p-250x166.jpg\",\"datePublished\":\"2011-11-06T08:41:06+00:00\",\"dateModified\":\"2012-06-07T11:18:32+00:00\",\"author\":{\"@id\":\"https:\/\/konsumpf.de\/#\/schema\/person\/e595a6d286b26994e7e0926d70699070\"},\"breadcrumb\":{\"@id\":\"https:\/\/konsumpf.de\/?p=13350#breadcrumb\"},\"inLanguage\":\"de\",\"potentialAction\":[{\"@type\":\"ReadAction\",\"target\":[\"https:\/\/konsumpf.de\/?p=13350\"]}]},{\"@type\":\"ImageObject\",\"inLanguage\":\"de\",\"@id\":\"https:\/\/konsumpf.de\/?p=13350#primaryimage\",\"url\":\"https:\/\/konsumpf.de\/wp-content\/uploads\/2011\/11\/storchheinar_blond_1158999p.jpg\",\"contentUrl\":\"https:\/\/konsumpf.de\/wp-content\/uploads\/2011\/11\/storchheinar_blond_1158999p.jpg\",\"width\":\"483\",\"height\":\"322\"},{\"@type\":\"BreadcrumbList\",\"@id\":\"https:\/\/konsumpf.de\/?p=13350#breadcrumb\",\"itemListElement\":[{\"@type\":\"ListItem\",\"position\":1,\"name\":\"Startseite\",\"item\":\"https:\/\/konsumpf.de\/\"},{\"@type\":\"ListItem\",\"position\":2,\"name\":\"PI und der braune Sumpf\"}]},{\"@type\":\"WebSite\",\"@id\":\"https:\/\/konsumpf.de\/#website\",\"url\":\"https:\/\/konsumpf.de\/\",\"name\":\"Konsumpf - Forum f\u00fcr kreative Konsumkritik - Culture Jamming, Nachhaltigkeit, Konzernkritik, Adbusting\",\"description\":\"\",\"potentialAction\":[{\"@type\":\"SearchAction\",\"target\":{\"@type\":\"EntryPoint\",\"urlTemplate\":\"https:\/\/konsumpf.de\/?s={search_term_string}\"},\"query-input\":{\"@type\":\"PropertyValueSpecification\",\"valueRequired\":true,\"valueName\":\"search_term_string\"}}],\"inLanguage\":\"de\"},{\"@type\":\"Person\",\"@id\":\"https:\/\/konsumpf.de\/#\/schema\/person\/e595a6d286b26994e7e0926d70699070\",\"name\":\"Peter M.\",\"sameAs\":[\"http:\/\/konsumpf.de\"]}]}<\/script>\n<!-- \/ Yoast SEO plugin. -->","yoast_head_json":{"title":"PI und der braune Sumpf - Konsumpf - Forum f\u00fcr kreative Konsumkritik - Culture Jamming, Nachhaltigkeit, Konzernkritik, Adbusting","robots":{"index":"index","follow":"follow","max-snippet":"max-snippet:-1","max-image-preview":"max-image-preview:large","max-video-preview":"max-video-preview:-1"},"canonical":"https:\/\/konsumpf.de\/?p=13350","og_locale":"de_DE","og_type":"article","og_title":"PI und der braune Sumpf - Konsumpf - Forum f\u00fcr kreative Konsumkritik - Culture Jamming, Nachhaltigkeit, Konzernkritik, Adbusting","og_description":"Das Tolle am Internet ist ja die unglaubliche Vielfalt, der man dort begegnen kann \u2013 oder manchmal auch muss, denn oft genug wird man ungefragt mit abseitigen Seiten konfrontiert, seien es nun unseri\u00f6se Gewinnspiele, Abofallen, Pornosites oder dubiose Anbieter von Ratgebern, mit deren Hilfe man innerhalb weniger Wochen reich wird, wenn man nur genug Freunde [&hellip;]","og_url":"https:\/\/konsumpf.de\/?p=13350","og_site_name":"Konsumpf - Forum f\u00fcr kreative Konsumkritik - Culture Jamming, Nachhaltigkeit, Konzernkritik, Adbusting","article_published_time":"2011-11-06T08:41:06+00:00","article_modified_time":"2012-06-07T11:18:32+00:00","og_image":[{"url":"http:\/\/konsumpf.de\/wp-content\/uploads\/2011\/11\/storchheinar_blond_1158999p-250x166.jpg","type":"","width":"","height":""}],"author":"Peter M.","twitter_card":"summary_large_image","twitter_misc":{"Verfasst von":"Peter M.","Gesch\u00e4tzte Lesezeit":"4\u00a0Minuten"},"schema":{"@context":"https:\/\/schema.org","@graph":[{"@type":"WebPage","@id":"https:\/\/konsumpf.de\/?p=13350","url":"https:\/\/konsumpf.de\/?p=13350","name":"PI und der braune Sumpf - Konsumpf - Forum f\u00fcr kreative Konsumkritik - Culture Jamming, Nachhaltigkeit, Konzernkritik, Adbusting","isPartOf":{"@id":"https:\/\/konsumpf.de\/#website"},"primaryImageOfPage":{"@id":"https:\/\/konsumpf.de\/?p=13350#primaryimage"},"image":{"@id":"https:\/\/konsumpf.de\/?p=13350#primaryimage"},"thumbnailUrl":"http:\/\/konsumpf.de\/wp-content\/uploads\/2011\/11\/storchheinar_blond_1158999p-250x166.jpg","datePublished":"2011-11-06T08:41:06+00:00","dateModified":"2012-06-07T11:18:32+00:00","author":{"@id":"https:\/\/konsumpf.de\/#\/schema\/person\/e595a6d286b26994e7e0926d70699070"},"breadcrumb":{"@id":"https:\/\/konsumpf.de\/?p=13350#breadcrumb"},"inLanguage":"de","potentialAction":[{"@type":"ReadAction","target":["https:\/\/konsumpf.de\/?p=13350"]}]},{"@type":"ImageObject","inLanguage":"de","@id":"https:\/\/konsumpf.de\/?p=13350#primaryimage","url":"https:\/\/konsumpf.de\/wp-content\/uploads\/2011\/11\/storchheinar_blond_1158999p.jpg","contentUrl":"https:\/\/konsumpf.de\/wp-content\/uploads\/2011\/11\/storchheinar_blond_1158999p.jpg","width":"483","height":"322"},{"@type":"BreadcrumbList","@id":"https:\/\/konsumpf.de\/?p=13350#breadcrumb","itemListElement":[{"@type":"ListItem","position":1,"name":"Startseite","item":"https:\/\/konsumpf.de\/"},{"@type":"ListItem","position":2,"name":"PI und der braune Sumpf"}]},{"@type":"WebSite","@id":"https:\/\/konsumpf.de\/#website","url":"https:\/\/konsumpf.de\/","name":"Konsumpf - Forum f\u00fcr kreative Konsumkritik - Culture Jamming, Nachhaltigkeit, Konzernkritik, Adbusting","description":"","potentialAction":[{"@type":"SearchAction","target":{"@type":"EntryPoint","urlTemplate":"https:\/\/konsumpf.de\/?s={search_term_string}"},"query-input":{"@type":"PropertyValueSpecification","valueRequired":true,"valueName":"search_term_string"}}],"inLanguage":"de"},{"@type":"Person","@id":"https:\/\/konsumpf.de\/#\/schema\/person\/e595a6d286b26994e7e0926d70699070","name":"Peter M.","sameAs":["http:\/\/konsumpf.de"]}]}},"_links":{"self":[{"href":"https:\/\/konsumpf.de\/index.php?rest_route=\/wp\/v2\/posts\/13350"}],"collection":[{"href":"https:\/\/konsumpf.de\/index.php?rest_route=\/wp\/v2\/posts"}],"about":[{"href":"https:\/\/konsumpf.de\/index.php?rest_route=\/wp\/v2\/types\/post"}],"author":[{"embeddable":true,"href":"https:\/\/konsumpf.de\/index.php?rest_route=\/wp\/v2\/users\/1"}],"replies":[{"embeddable":true,"href":"https:\/\/konsumpf.de\/index.php?rest_route=%2Fwp%2Fv2%2Fcomments&post=13350"}],"version-history":[{"count":14,"href":"https:\/\/konsumpf.de\/index.php?rest_route=\/wp\/v2\/posts\/13350\/revisions"}],"predecessor-version":[{"id":14092,"href":"https:\/\/konsumpf.de\/index.php?rest_route=\/wp\/v2\/posts\/13350\/revisions\/14092"}],"wp:attachment":[{"href":"https:\/\/konsumpf.de\/index.php?rest_route=%2Fwp%2Fv2%2Fmedia&parent=13350"}],"wp:term":[{"taxonomy":"category","embeddable":true,"href":"https:\/\/konsumpf.de\/index.php?rest_route=%2Fwp%2Fv2%2Fcategories&post=13350"},{"taxonomy":"post_tag","embeddable":true,"href":"https:\/\/konsumpf.de\/index.php?rest_route=%2Fwp%2Fv2%2Ftags&post=13350"}],"curies":[{"name":"wp","href":"https:\/\/api.w.org\/{rel}","templated":true}]}}