{"id":13203,"date":"2011-10-14T18:18:08","date_gmt":"2011-10-14T16:18:08","guid":{"rendered":"http:\/\/konsumpf.de\/?p=13203"},"modified":"2011-10-14T16:11:42","modified_gmt":"2011-10-14T14:11:42","slug":"weltweiter-aktionstag-am-15-oktober-%e2%80%93-auch-in-kiel","status":"publish","type":"post","link":"https:\/\/konsumpf.de\/?p=13203","title":{"rendered":"Weltweiter Aktionstag am 15. Oktober \u2013 auch in Kiel"},"content":{"rendered":"<p>Ich wei\u00df nicht, wie viele meiner Leser so aus Kiel und Umgebung stammen (vermutlich nicht gar zu viele), aber diejenigen d\u00fcrfte es vielleicht interessieren, dass Attac nun f\u00fcr den morgigen 15. Oktober auch zu einer Veranstaltung in Kiel aufruft:<\/p>\n<blockquote><p><strong>Weltweiter Aktionstag am 15. Oktober \u2013 auch in Kiel.<br \/>\nEmp\u00f6rt Euch!\u00a0\u00a0 \u00a0Organisiert Euch!\u00a0\u00a0 \u00a0Rebellion ist gerechtfertigt!<br \/>\n<\/strong><br \/>\nVersammelt Euch zum Aktionstag<br \/>\nam Samstag, 15.Oktober 2011,<br \/>\nab 11 Uhr Europaplatz zwischen Cafe-Fiedler und WMF<\/p>\n<p>Bringt Trillerpfeifen, T\u00f6pfe und Trommeln mit!<br \/>\nMalt Transparente! Singt Lieder! Sprecht Gedichte!<br \/>\nWerdet st\u00f6rrisch! Bleibt gewaltfrei!<\/p>\n<p>Vor \u00fcber drei Jahren kam es in der Folge einer weltweiten Rezession zur gr\u00f6\u00dften Finanzkrise seit der gro\u00dfen Depression. Seither besteht der wichtigste Betriebsstoff der Banken aus Steuermitteln. In der Folge sind die Schulden der Industriestaaten weltweit explodiert.<\/p>\n<p>Das muss ein Ende haben!!!<\/p>\n<p>Vor \u00fcber zwei Jahren haben die Staaten begonnen den Finanzsektor zu reformieren. Au\u00dfer kosmetischen Kleinstarbeiten ist Nichts geschehen. Gesetzesvorlagen wurden von Bankvorst\u00e4nden formuliert. Gr\u00f6\u00dfere Vorhaben wurden torpediert. Es wird gesagt, die M\u00e4rkte sollen es richten. Dabei funktioniert der Finanzmarkt grottenschlecht und je schlechter desto mehr Geld auf dem Spiel steht.<\/p>\n<p>Jetzt ist die Zeit f\u00fcr gr\u00fcndliche Ma\u00dfnahmen gekommen!!!<\/p>\n<p>Vor \u00fcber einem Jahr haben die europ\u00e4ischen Staaten begonnen zu \u201esparen\u201c. Das Geld, welches in den Finanzsektor gepumpt wurde, sollte nun aus den Taschen der B\u00fcrger wieder beschafft werden. Die ersten Opfer waren Jugendliche, die keine Arbeit mehr finden. Man macht die Leute glauben, sie h\u00e4tten seit Jahrzehnten \u00fcber ihre Verh\u00e4ltnisse gelebt.<\/p>\n<p>Das ist eine schreiende L\u00fcge!!!<\/p>\n<p>Wir fordern:<br \/>\n<strong>Sofortige Stilllegung des Finanzsektors.<br \/>\nVerstaatlichung aller Gro\u00dfbanken.<br \/>\nVerkleinerung der Banken bis zur Insolvenzf\u00e4higkeit.<br \/>\nFinanztransaktionssteuer.<br \/>\nDie Schulden sollen die bezahlen, die f\u00fcr sie verantwortlich sind.<\/strong><\/p>\n<p>In Schleswig-Holstein haben die Finanzminister Stegner (SPD) und Wiegard (CDU) die HSH Nordbank mit ihrer Privatisierungspolitik vor die Wand gefahren. Allein in den Jahren 2007 bis 2009 sind sie als ehemalige Aufsichtsr\u00e4te f\u00fcr einen Wertverlust in H\u00f6he von 1,7 Milliarden Euro bei der Beteiligung des Landes an der HSH Nordbank verantwortlich. Nicht die \u00f6ffentlichen Banken sind besonders unf\u00e4hig, sondern eine Clique von Politikern die ihre Privatisierung betrieben haben.<\/p>\n<p>Was hat der Landtag dann getan? Er hat eine Schuldenbremse in die Verfassung aufgenommen. Und er hat die Absicht bekundet die HSH Nordbank zu privatisieren.<br \/>\nWas hat die Landesregierung dann getan? Sie hat ein K\u00fcrzungsprogramm vorgelegt, das Blindengeld halbiert, das kostenfreie Kita-Jahr abgeschafft, die Sch\u00fclerbef\u00f6rderung abgeschafft, den jungen Leuten tausende von Einstiegsstellen im \u00f6ffentlichen Dienst weggenommen, Frauenh\u00e4user geschlossen und versucht eine Universit\u00e4t zu schlie\u00dfen. Und so will die Regierung weiter k\u00fcrzen.<\/p>\n<p>Wir fordern ein Ende der K\u00fcrzungspolitik im Land und eine vern\u00fcnftige Finanzierung der \u00f6ffentlichen Haushalte!!! Besteuert die Reichen!!!<\/p>\n<p>Die Umverteilung muss ein Ende haben. In den Industrienationen wird seit \u00fcber einer Generation ein immer h\u00f6herer Anteil der wirtschaftlichen Wertsch\u00f6pfung in die Taschen der Verm\u00f6genden geleitet. Diese politisch und nicht etwa nur wirtschaftlich herbeigef\u00fchrte wachsende Ungleichheit ist die Wurzel der vielen Krisen, die sich zu einer gro\u00dfen Krise verdichten. Das Geld f\u00e4llt nicht von allein nach oben! In Deutschland wurde die Umverteilung von unten nach oben mit der Agenda 2010 durchgesetzt. Wir fordern, die Agenda 2010 abzuwickeln.<\/p>\n<p>Deutschland braucht jetzt eine Politik der entschiedenen Erh\u00f6hung der Anteile der Arbeitenden an der wirtschaftlichen Wertsch\u00f6pfung des Landes. Um das zu erreichen sind Mindestl\u00f6hne, Rentenverbesserung, Arbeitszeitverk\u00fcrzungen und energische Lohnsteigerungen die richtigen Instrumente.<\/p>\n<p>Das f\u00fchrt auch zu einem Ende der Staatsschuldenkrise, weil dann mehr Menschen in der Lage sind, wieder vern\u00fcnftige Lasten zu tragen und nicht mehr f\u00fcr die Rettung der Banken zu bluten haben.<\/p>\n<p>V.i.S.d.P.: Thomas Herrmann, Kirchhofallee 14, 24103 Kiel<\/p><\/blockquote>\n<h3 class='related_post_title'>Verwandte Beitr\u00e4ge:<\/h3><ul class='related_post'><li><a href=\"http:\/\/konsumpf.de\/?p=13152\" title=\"Der 15. Oktober \u2013 Aufruf zum Widerstand gegen das Banken- und Finanzsystem\">Der 15. Oktober \u2013 Aufruf zum Widerstand gegen das Banken- und Finanzsystem<\/a><\/li><li><a href=\"http:\/\/konsumpf.de\/?p=5994\" title=\"Veranstaltungstipp f\u00fcr Kiel: Deutsche Gentechnik &#8211; Verflechtung von Staat und Konzernen\">Veranstaltungstipp f\u00fcr Kiel: Deutsche Gentechnik &#8211; Verflechtung von Staat und Konzernen<\/a><\/li><li><a href=\"http:\/\/konsumpf.de\/?p=13562\" title=\"Occupy \u2013 Die globale Rebellion\">Occupy \u2013 Die globale Rebellion<\/a><\/li><li><a href=\"http:\/\/konsumpf.de\/?p=13129\" title=\"Neustart Schweiz &#8211; die Nachbarschaft neu erfunden\">Neustart Schweiz &#8211; die Nachbarschaft neu erfunden<\/a><\/li><li><a href=\"http:\/\/konsumpf.de\/?p=12716\" title=\"#occupywallstreet \u2013 auch die Berliner B\u00f6rse blockieren?\">#occupywallstreet \u2013 auch die Berliner B\u00f6rse blockieren?<\/a><\/li><\/ul>","protected":false},"excerpt":{"rendered":"<p>Ich wei\u00df nicht, wie viele meiner Leser so aus Kiel und Umgebung stammen (vermutlich nicht gar zu viele), aber diejenigen d\u00fcrfte es vielleicht interessieren, dass Attac nun f\u00fcr den morgigen 15. Oktober auch zu einer Veranstaltung in Kiel aufruft: Weltweiter Aktionstag am 15. Oktober \u2013 auch in Kiel. Emp\u00f6rt Euch!\u00a0\u00a0 \u00a0Organisiert Euch!\u00a0\u00a0 \u00a0Rebellion ist gerechtfertigt! [&hellip;]<\/p>\n","protected":false},"author":1,"featured_media":0,"comment_status":"open","ping_status":"open","sticky":false,"template":"","format":"standard","meta":{"footnotes":""},"categories":[1097,30,259],"tags":[2429,90,348,2344,479],"yoast_head":"<!-- This site is optimized with the Yoast SEO plugin v24.4 - https:\/\/yoast.com\/wordpress\/plugins\/seo\/ -->\n<title>Weltweiter Aktionstag am 15. Oktober \u2013 auch in Kiel - Konsumpf - Forum f\u00fcr kreative Konsumkritik - Culture Jamming, Nachhaltigkeit, Konzernkritik, Adbusting<\/title>\n<meta name=\"robots\" content=\"index, follow, max-snippet:-1, max-image-preview:large, max-video-preview:-1\" \/>\n<link rel=\"canonical\" href=\"https:\/\/konsumpf.de\/?p=13203\" \/>\n<meta property=\"og:locale\" content=\"de_DE\" \/>\n<meta property=\"og:type\" content=\"article\" \/>\n<meta property=\"og:title\" content=\"Weltweiter Aktionstag am 15. Oktober \u2013 auch in Kiel - Konsumpf - Forum f\u00fcr kreative Konsumkritik - Culture Jamming, Nachhaltigkeit, Konzernkritik, Adbusting\" \/>\n<meta property=\"og:description\" content=\"Ich wei\u00df nicht, wie viele meiner Leser so aus Kiel und Umgebung stammen (vermutlich nicht gar zu viele), aber diejenigen d\u00fcrfte es vielleicht interessieren, dass Attac nun f\u00fcr den morgigen 15. Oktober auch zu einer Veranstaltung in Kiel aufruft: Weltweiter Aktionstag am 15. Oktober \u2013 auch in Kiel. Emp\u00f6rt Euch!\u00a0\u00a0 \u00a0Organisiert Euch!\u00a0\u00a0 \u00a0Rebellion ist gerechtfertigt! [&hellip;]\" \/>\n<meta property=\"og:url\" content=\"https:\/\/konsumpf.de\/?p=13203\" \/>\n<meta property=\"og:site_name\" content=\"Konsumpf - Forum f\u00fcr kreative Konsumkritik - Culture Jamming, Nachhaltigkeit, Konzernkritik, Adbusting\" \/>\n<meta property=\"article:published_time\" content=\"2011-10-14T16:18:08+00:00\" \/>\n<meta name=\"author\" content=\"Peter M.\" \/>\n<meta name=\"twitter:card\" content=\"summary_large_image\" \/>\n<meta name=\"twitter:label1\" content=\"Verfasst von\" \/>\n\t<meta name=\"twitter:data1\" content=\"Peter M.\" \/>\n\t<meta name=\"twitter:label2\" content=\"Gesch\u00e4tzte Lesezeit\" \/>\n\t<meta name=\"twitter:data2\" content=\"3\u00a0Minuten\" \/>\n<script type=\"application\/ld+json\" class=\"yoast-schema-graph\">{\"@context\":\"https:\/\/schema.org\",\"@graph\":[{\"@type\":\"WebPage\",\"@id\":\"https:\/\/konsumpf.de\/?p=13203\",\"url\":\"https:\/\/konsumpf.de\/?p=13203\",\"name\":\"Weltweiter Aktionstag am 15. Oktober \u2013 auch in Kiel - Konsumpf - Forum f\u00fcr kreative Konsumkritik - Culture Jamming, Nachhaltigkeit, Konzernkritik, Adbusting\",\"isPartOf\":{\"@id\":\"https:\/\/konsumpf.de\/#website\"},\"datePublished\":\"2011-10-14T16:18:08+00:00\",\"author\":{\"@id\":\"https:\/\/konsumpf.de\/#\/schema\/person\/e595a6d286b26994e7e0926d70699070\"},\"breadcrumb\":{\"@id\":\"https:\/\/konsumpf.de\/?p=13203#breadcrumb\"},\"inLanguage\":\"de\",\"potentialAction\":[{\"@type\":\"ReadAction\",\"target\":[\"https:\/\/konsumpf.de\/?p=13203\"]}]},{\"@type\":\"BreadcrumbList\",\"@id\":\"https:\/\/konsumpf.de\/?p=13203#breadcrumb\",\"itemListElement\":[{\"@type\":\"ListItem\",\"position\":1,\"name\":\"Startseite\",\"item\":\"https:\/\/konsumpf.de\/\"},{\"@type\":\"ListItem\",\"position\":2,\"name\":\"Weltweiter Aktionstag am 15. Oktober \u2013 auch in Kiel\"}]},{\"@type\":\"WebSite\",\"@id\":\"https:\/\/konsumpf.de\/#website\",\"url\":\"https:\/\/konsumpf.de\/\",\"name\":\"Konsumpf - Forum f\u00fcr kreative Konsumkritik - Culture Jamming, Nachhaltigkeit, Konzernkritik, Adbusting\",\"description\":\"\",\"potentialAction\":[{\"@type\":\"SearchAction\",\"target\":{\"@type\":\"EntryPoint\",\"urlTemplate\":\"https:\/\/konsumpf.de\/?s={search_term_string}\"},\"query-input\":{\"@type\":\"PropertyValueSpecification\",\"valueRequired\":true,\"valueName\":\"search_term_string\"}}],\"inLanguage\":\"de\"},{\"@type\":\"Person\",\"@id\":\"https:\/\/konsumpf.de\/#\/schema\/person\/e595a6d286b26994e7e0926d70699070\",\"name\":\"Peter M.\",\"sameAs\":[\"http:\/\/konsumpf.de\"]}]}<\/script>\n<!-- \/ Yoast SEO plugin. -->","yoast_head_json":{"title":"Weltweiter Aktionstag am 15. Oktober \u2013 auch in Kiel - Konsumpf - Forum f\u00fcr kreative Konsumkritik - Culture Jamming, Nachhaltigkeit, Konzernkritik, Adbusting","robots":{"index":"index","follow":"follow","max-snippet":"max-snippet:-1","max-image-preview":"max-image-preview:large","max-video-preview":"max-video-preview:-1"},"canonical":"https:\/\/konsumpf.de\/?p=13203","og_locale":"de_DE","og_type":"article","og_title":"Weltweiter Aktionstag am 15. Oktober \u2013 auch in Kiel - Konsumpf - Forum f\u00fcr kreative Konsumkritik - Culture Jamming, Nachhaltigkeit, Konzernkritik, Adbusting","og_description":"Ich wei\u00df nicht, wie viele meiner Leser so aus Kiel und Umgebung stammen (vermutlich nicht gar zu viele), aber diejenigen d\u00fcrfte es vielleicht interessieren, dass Attac nun f\u00fcr den morgigen 15. Oktober auch zu einer Veranstaltung in Kiel aufruft: Weltweiter Aktionstag am 15. Oktober \u2013 auch in Kiel. Emp\u00f6rt Euch!\u00a0\u00a0 \u00a0Organisiert Euch!\u00a0\u00a0 \u00a0Rebellion ist gerechtfertigt! [&hellip;]","og_url":"https:\/\/konsumpf.de\/?p=13203","og_site_name":"Konsumpf - Forum f\u00fcr kreative Konsumkritik - Culture Jamming, Nachhaltigkeit, Konzernkritik, Adbusting","article_published_time":"2011-10-14T16:18:08+00:00","author":"Peter M.","twitter_card":"summary_large_image","twitter_misc":{"Verfasst von":"Peter M.","Gesch\u00e4tzte Lesezeit":"3\u00a0Minuten"},"schema":{"@context":"https:\/\/schema.org","@graph":[{"@type":"WebPage","@id":"https:\/\/konsumpf.de\/?p=13203","url":"https:\/\/konsumpf.de\/?p=13203","name":"Weltweiter Aktionstag am 15. Oktober \u2013 auch in Kiel - Konsumpf - Forum f\u00fcr kreative Konsumkritik - Culture Jamming, Nachhaltigkeit, Konzernkritik, Adbusting","isPartOf":{"@id":"https:\/\/konsumpf.de\/#website"},"datePublished":"2011-10-14T16:18:08+00:00","author":{"@id":"https:\/\/konsumpf.de\/#\/schema\/person\/e595a6d286b26994e7e0926d70699070"},"breadcrumb":{"@id":"https:\/\/konsumpf.de\/?p=13203#breadcrumb"},"inLanguage":"de","potentialAction":[{"@type":"ReadAction","target":["https:\/\/konsumpf.de\/?p=13203"]}]},{"@type":"BreadcrumbList","@id":"https:\/\/konsumpf.de\/?p=13203#breadcrumb","itemListElement":[{"@type":"ListItem","position":1,"name":"Startseite","item":"https:\/\/konsumpf.de\/"},{"@type":"ListItem","position":2,"name":"Weltweiter Aktionstag am 15. Oktober \u2013 auch in Kiel"}]},{"@type":"WebSite","@id":"https:\/\/konsumpf.de\/#website","url":"https:\/\/konsumpf.de\/","name":"Konsumpf - Forum f\u00fcr kreative Konsumkritik - Culture Jamming, Nachhaltigkeit, Konzernkritik, Adbusting","description":"","potentialAction":[{"@type":"SearchAction","target":{"@type":"EntryPoint","urlTemplate":"https:\/\/konsumpf.de\/?s={search_term_string}"},"query-input":{"@type":"PropertyValueSpecification","valueRequired":true,"valueName":"search_term_string"}}],"inLanguage":"de"},{"@type":"Person","@id":"https:\/\/konsumpf.de\/#\/schema\/person\/e595a6d286b26994e7e0926d70699070","name":"Peter M.","sameAs":["http:\/\/konsumpf.de"]}]}},"_links":{"self":[{"href":"https:\/\/konsumpf.de\/index.php?rest_route=\/wp\/v2\/posts\/13203"}],"collection":[{"href":"https:\/\/konsumpf.de\/index.php?rest_route=\/wp\/v2\/posts"}],"about":[{"href":"https:\/\/konsumpf.de\/index.php?rest_route=\/wp\/v2\/types\/post"}],"author":[{"embeddable":true,"href":"https:\/\/konsumpf.de\/index.php?rest_route=\/wp\/v2\/users\/1"}],"replies":[{"embeddable":true,"href":"https:\/\/konsumpf.de\/index.php?rest_route=%2Fwp%2Fv2%2Fcomments&post=13203"}],"version-history":[{"count":3,"href":"https:\/\/konsumpf.de\/index.php?rest_route=\/wp\/v2\/posts\/13203\/revisions"}],"predecessor-version":[{"id":13206,"href":"https:\/\/konsumpf.de\/index.php?rest_route=\/wp\/v2\/posts\/13203\/revisions\/13206"}],"wp:attachment":[{"href":"https:\/\/konsumpf.de\/index.php?rest_route=%2Fwp%2Fv2%2Fmedia&parent=13203"}],"wp:term":[{"taxonomy":"category","embeddable":true,"href":"https:\/\/konsumpf.de\/index.php?rest_route=%2Fwp%2Fv2%2Fcategories&post=13203"},{"taxonomy":"post_tag","embeddable":true,"href":"https:\/\/konsumpf.de\/index.php?rest_route=%2Fwp%2Fv2%2Ftags&post=13203"}],"curies":[{"name":"wp","href":"https:\/\/api.w.org\/{rel}","templated":true}]}}