{"id":13180,"date":"2011-10-16T09:25:07","date_gmt":"2011-10-16T07:25:07","guid":{"rendered":"http:\/\/konsumpf.de\/?p=13180"},"modified":"2011-10-29T10:48:36","modified_gmt":"2011-10-29T08:48:36","slug":"rtl-und-die-asoziale-%e2%80%9esuper-nanny%e2%80%9c","status":"publish","type":"post","link":"https:\/\/konsumpf.de\/?p=13180","title":{"rendered":"RTL und die asoziale \u201eSuper Nanny\u201c"},"content":{"rendered":"<div id=\"attachment_13195\" style=\"width: 235px\" class=\"wp-caption alignright\"><img loading=\"lazy\" decoding=\"async\" aria-describedby=\"caption-attachment-13195\" class=\"size-full wp-image-13195\" title=\"meinm\" src=\"http:\/\/konsumpf.de\/wp-content\/uploads\/2011\/10\/meinm.jpg\" alt=\"\" width=\"225\" height=\"150\" \/><p id=\"caption-attachment-13195\" class=\"wp-caption-text\">\u201eMein M\u00fclleimer\u201d<\/p><\/div>\n<p>Ich will mal stark annehmen (oder doch zumindest hoffen), dass nur die wenigsten meiner Stammleser sich den Quatsch anschauen, den Sender wie RTL tagt\u00e4glich in die Welt rotzen \u2013 vor allem die ganzen \u201eDoku\u201c-Formate, in denen manipuliert und getrickst wird, um die erw\u00fcnschten Aufreger zu produzieren, sind seit jeher unter aller Kanone. Gerne wird da unter dem Deckm\u00e4ntelchen der vermeintlichen Hilfe f\u00fcr in Not geratene Zuschauer und Familien mit gefaketen Inhalten Quote gemacht, ohne R\u00fccksichtnahme auf die W\u00fcrde der Beteiligten. Von daher ist die Aussage \u201e<a href=\"http:\/\/konsumpf.de\/?p=12824\"><strong>Schei\u00df RTL<\/strong><\/a>\u201c nach wie vor unumst\u00f6\u00dflich g\u00fcltig. Ich selbst schaue seit l\u00e4ngerem kein Privatfernsehen mehr, da ich von dem bunten, kommerzdurchsetzten Geblubber nur Pickel kriege. Mein einziges Fenster in diese Abgr\u00fcnde ist deshalb (wie ich auch schond es \u00f6fteren hier schrieb) Holger Kreymeiers <a href=\"http:\/\/fernsehkritik.tv\"><strong>fernsehkritik.tv<\/strong><\/a>, ein Video-Podcast mit einem kritischen Auge auf den Bl\u00f6dsinn, der den Leuten tagein, tagaus als television\u00e4rer Abraum in die Wohnzimmer gebeamt wird.<\/p>\n<p><!--more-->Ein ganz besonders perfides Sendeformat ist die \u201e<strong>Super Nanny<\/strong>\u201c \u2013 hier nistet sich ein Fernsehteam und eine \u201eDiplom-P\u00e4dagogin\u201c (Katharina Saalfrank, die auch gerne durch Talkshows tingelt und sich f\u00fcr ihren Einsatz feiern l\u00e4sst) ein oder zwei Wochen bei einer Familie ein, die Probleme mit der Erziehung ihrer Kinder hat und h\u00e4lt bei allem, was so passiert, immer voll mit der Kamera drauf. Das w\u00e4re an sich schon abartig genug, aber es sind mehr als nur leise Zweifel angebracht, ob das, was dann in der endg\u00fcltigen Sendung \u00fcber den \u00c4ther geht, wirklich der Realit\u00e4t entspricht, oder ob RTL (und gleiches gilt sicherlich auch f\u00fcr andere Sender) hier nicht nachgeholfen und bewusst eskaliert hat, um \u201esch\u00f6ne\u201c (also m\u00f6glichst schockierende) Bilder zu erhalten. So hat diese Sendereihe gleich mehrere negative Auswirkungen \u2013 f\u00fcr die Familie, deren Leben television\u00e4r ausgeschlachtet wird und die sich hinterher blo\u00dfgestellt sieht (wobei ich mich immer frage, wieso da \u00fcberhaupt jemand mitmacht!), ohne dass ihr wirklich geholfen wurde. F\u00fcr die Zuschauer, die mit Pseudo-Weisheiten und M\u00f6chtegern-L\u00f6sungen hinters Licht gef\u00fchrt werden. Und f\u00fcr die Gesellschaft als Ganzes, die bei solch voyeuristischem Fernsehen eher verroht und darauf eingeschworen wird, dass das Fernsehen dein Freund und Helfer ist.<\/p>\n<p>Fernsehkritik.tv hat sich jedenfalls in der vorletzten (und auch in der neuesten) Folge mit einer betroffenen Familie unterhalten, die von der Super Nanny <span style=\"text-decoration: line-through;\">daheim besucht<\/span> heimgesucht wurde \u2013 hier wird einmal mehr deutlich, mit welchen dubiosen, asozialen und unmoralischen Methoden RTL arbeitet!<br \/>\n<img loading=\"lazy\" decoding=\"async\" src=\"http:\/\/vg08.met.vgwort.de\/na\/73960129df664d05838d8af1c153a494\" alt=\"\" width=\"1\" height=\"1\" \/><\/p>\n<p><object classid=\"clsid:d27cdb6e-ae6d-11cf-96b8-444553540000\" width=\"500\" height=\"284\" codebase=\"http:\/\/download.macromedia.com\/pub\/shockwave\/cabs\/flash\/swflash.cab#version=6,0,40,0\"><param name=\"allowFullScreen\" value=\"true\" \/><param name=\"allowscriptaccess\" value=\"always\" \/><param name=\"src\" value=\"http:\/\/www.youtube.com\/v\/QyhUh6pO1OQ?version=3&amp;hl=de_DE\" \/><param name=\"allowfullscreen\" value=\"true\" \/><embed type=\"application\/x-shockwave-flash\" width=\"500\" height=\"284\" src=\"http:\/\/www.youtube.com\/v\/QyhUh6pO1OQ?version=3&amp;hl=de_DE\" allowscriptaccess=\"always\" allowfullscreen=\"true\"><\/embed><\/object><\/p>\n<h3 class='related_post_title'>Verwandte Beitr\u00e4ge:<\/h3><ul class='related_post'><li><a href=\"https:\/\/konsumpf.de\/?p=13569\" title=\"Lesetipps: Super-Nanny | Chiquitas Etikettenschwindel | Amazon | Givebox | Bio-Zertifikate\">Lesetipps: Super-Nanny | Chiquitas Etikettenschwindel | Amazon | Givebox | Bio-Zertifikate<\/a><\/li><li><a href=\"https:\/\/konsumpf.de\/?p=11825\" title=\"Das L\u00fcgenfernsehen\">Das L\u00fcgenfernsehen<\/a><\/li><li><a href=\"https:\/\/konsumpf.de\/?p=12706\" title=\"Lesetipps: Plakate in der virtuellen Welt | Leben scripten | Zara | Voyeurismus-Fernsehen | Finanzkrise\">Lesetipps: Plakate in der virtuellen Welt | Leben scripten | Zara | Voyeurismus-Fernsehen | Finanzkrise<\/a><\/li><li><a href=\"https:\/\/konsumpf.de\/?p=5029\" title=\"Versendete Werte \u2013 Das Privatfernsehen\">Versendete Werte \u2013 Das Privatfernsehen<\/a><\/li><li><a href=\"https:\/\/konsumpf.de\/?p=12824\" title=\"\u201eSchei\u00df RTL\u201c\">\u201eSchei\u00df RTL\u201c<\/a><\/li><\/ul>","protected":false},"excerpt":{"rendered":"<p>Ich will mal stark annehmen (oder doch zumindest hoffen), dass nur die wenigsten meiner Stammleser sich den Quatsch anschauen, den Sender wie RTL tagt\u00e4glich in die Welt rotzen \u2013 vor allem die ganzen \u201eDoku\u201c-Formate, in denen manipuliert und getrickst wird, um die erw\u00fcnschten Aufreger zu produzieren, sind seit jeher unter aller Kanone. Gerne wird da [&hellip;]<\/p>\n","protected":false},"author":1,"featured_media":0,"comment_status":"open","ping_status":"open","sticky":false,"template":"","format":"standard","meta":{"footnotes":""},"categories":[34,265,16,33],"tags":[603,838,2192,2864,2427,900,64,2426],"yoast_head":"<!-- This site is optimized with the Yoast SEO plugin v24.4 - https:\/\/yoast.com\/wordpress\/plugins\/seo\/ -->\n<title>RTL und die asoziale \u201eSuper Nanny\u201c - Konsumpf - Forum f\u00fcr kreative Konsumkritik - Culture Jamming, Nachhaltigkeit, Konzernkritik, Adbusting<\/title>\n<meta name=\"robots\" content=\"index, follow, max-snippet:-1, max-image-preview:large, max-video-preview:-1\" \/>\n<link rel=\"canonical\" href=\"https:\/\/konsumpf.de\/?p=13180\" \/>\n<meta property=\"og:locale\" content=\"de_DE\" \/>\n<meta property=\"og:type\" content=\"article\" \/>\n<meta property=\"og:title\" content=\"RTL und die asoziale \u201eSuper Nanny\u201c - Konsumpf - Forum f\u00fcr kreative Konsumkritik - Culture Jamming, Nachhaltigkeit, Konzernkritik, Adbusting\" \/>\n<meta property=\"og:description\" content=\"Ich will mal stark annehmen (oder doch zumindest hoffen), dass nur die wenigsten meiner Stammleser sich den Quatsch anschauen, den Sender wie RTL tagt\u00e4glich in die Welt rotzen \u2013 vor allem die ganzen \u201eDoku\u201c-Formate, in denen manipuliert und getrickst wird, um die erw\u00fcnschten Aufreger zu produzieren, sind seit jeher unter aller Kanone. Gerne wird da [&hellip;]\" \/>\n<meta property=\"og:url\" content=\"https:\/\/konsumpf.de\/?p=13180\" \/>\n<meta property=\"og:site_name\" content=\"Konsumpf - Forum f\u00fcr kreative Konsumkritik - Culture Jamming, Nachhaltigkeit, Konzernkritik, Adbusting\" \/>\n<meta property=\"article:published_time\" content=\"2011-10-16T07:25:07+00:00\" \/>\n<meta property=\"article:modified_time\" content=\"2011-10-29T08:48:36+00:00\" \/>\n<meta property=\"og:image\" content=\"http:\/\/konsumpf.de\/wp-content\/uploads\/2011\/10\/meinm.jpg\" \/>\n<meta name=\"author\" content=\"Peter M.\" \/>\n<meta name=\"twitter:card\" content=\"summary_large_image\" \/>\n<meta name=\"twitter:label1\" content=\"Verfasst von\" \/>\n\t<meta name=\"twitter:data1\" content=\"Peter M.\" \/>\n\t<meta name=\"twitter:label2\" content=\"Gesch\u00e4tzte Lesezeit\" \/>\n\t<meta name=\"twitter:data2\" content=\"2\u00a0Minuten\" \/>\n<script type=\"application\/ld+json\" class=\"yoast-schema-graph\">{\"@context\":\"https:\/\/schema.org\",\"@graph\":[{\"@type\":\"WebPage\",\"@id\":\"https:\/\/konsumpf.de\/?p=13180\",\"url\":\"https:\/\/konsumpf.de\/?p=13180\",\"name\":\"RTL und die asoziale \u201eSuper Nanny\u201c - Konsumpf - Forum f\u00fcr kreative Konsumkritik - Culture Jamming, Nachhaltigkeit, Konzernkritik, Adbusting\",\"isPartOf\":{\"@id\":\"https:\/\/konsumpf.de\/#website\"},\"primaryImageOfPage\":{\"@id\":\"https:\/\/konsumpf.de\/?p=13180#primaryimage\"},\"image\":{\"@id\":\"https:\/\/konsumpf.de\/?p=13180#primaryimage\"},\"thumbnailUrl\":\"http:\/\/konsumpf.de\/wp-content\/uploads\/2011\/10\/meinm.jpg\",\"datePublished\":\"2011-10-16T07:25:07+00:00\",\"dateModified\":\"2011-10-29T08:48:36+00:00\",\"author\":{\"@id\":\"https:\/\/konsumpf.de\/#\/schema\/person\/e595a6d286b26994e7e0926d70699070\"},\"breadcrumb\":{\"@id\":\"https:\/\/konsumpf.de\/?p=13180#breadcrumb\"},\"inLanguage\":\"de\",\"potentialAction\":[{\"@type\":\"ReadAction\",\"target\":[\"https:\/\/konsumpf.de\/?p=13180\"]}]},{\"@type\":\"ImageObject\",\"inLanguage\":\"de\",\"@id\":\"https:\/\/konsumpf.de\/?p=13180#primaryimage\",\"url\":\"https:\/\/konsumpf.de\/wp-content\/uploads\/2011\/10\/meinm.jpg\",\"contentUrl\":\"https:\/\/konsumpf.de\/wp-content\/uploads\/2011\/10\/meinm.jpg\",\"width\":\"225\",\"height\":\"150\"},{\"@type\":\"BreadcrumbList\",\"@id\":\"https:\/\/konsumpf.de\/?p=13180#breadcrumb\",\"itemListElement\":[{\"@type\":\"ListItem\",\"position\":1,\"name\":\"Startseite\",\"item\":\"https:\/\/konsumpf.de\/\"},{\"@type\":\"ListItem\",\"position\":2,\"name\":\"RTL und die asoziale \u201eSuper Nanny\u201c\"}]},{\"@type\":\"WebSite\",\"@id\":\"https:\/\/konsumpf.de\/#website\",\"url\":\"https:\/\/konsumpf.de\/\",\"name\":\"Konsumpf - Forum f\u00fcr kreative Konsumkritik - Culture Jamming, Nachhaltigkeit, Konzernkritik, Adbusting\",\"description\":\"\",\"potentialAction\":[{\"@type\":\"SearchAction\",\"target\":{\"@type\":\"EntryPoint\",\"urlTemplate\":\"https:\/\/konsumpf.de\/?s={search_term_string}\"},\"query-input\":{\"@type\":\"PropertyValueSpecification\",\"valueRequired\":true,\"valueName\":\"search_term_string\"}}],\"inLanguage\":\"de\"},{\"@type\":\"Person\",\"@id\":\"https:\/\/konsumpf.de\/#\/schema\/person\/e595a6d286b26994e7e0926d70699070\",\"name\":\"Peter M.\",\"sameAs\":[\"http:\/\/konsumpf.de\"]}]}<\/script>\n<!-- \/ Yoast SEO plugin. -->","yoast_head_json":{"title":"RTL und die asoziale \u201eSuper Nanny\u201c - Konsumpf - Forum f\u00fcr kreative Konsumkritik - Culture Jamming, Nachhaltigkeit, Konzernkritik, Adbusting","robots":{"index":"index","follow":"follow","max-snippet":"max-snippet:-1","max-image-preview":"max-image-preview:large","max-video-preview":"max-video-preview:-1"},"canonical":"https:\/\/konsumpf.de\/?p=13180","og_locale":"de_DE","og_type":"article","og_title":"RTL und die asoziale \u201eSuper Nanny\u201c - Konsumpf - Forum f\u00fcr kreative Konsumkritik - Culture Jamming, Nachhaltigkeit, Konzernkritik, Adbusting","og_description":"Ich will mal stark annehmen (oder doch zumindest hoffen), dass nur die wenigsten meiner Stammleser sich den Quatsch anschauen, den Sender wie RTL tagt\u00e4glich in die Welt rotzen \u2013 vor allem die ganzen \u201eDoku\u201c-Formate, in denen manipuliert und getrickst wird, um die erw\u00fcnschten Aufreger zu produzieren, sind seit jeher unter aller Kanone. Gerne wird da [&hellip;]","og_url":"https:\/\/konsumpf.de\/?p=13180","og_site_name":"Konsumpf - Forum f\u00fcr kreative Konsumkritik - Culture Jamming, Nachhaltigkeit, Konzernkritik, Adbusting","article_published_time":"2011-10-16T07:25:07+00:00","article_modified_time":"2011-10-29T08:48:36+00:00","og_image":[{"url":"http:\/\/konsumpf.de\/wp-content\/uploads\/2011\/10\/meinm.jpg","type":"","width":"","height":""}],"author":"Peter M.","twitter_card":"summary_large_image","twitter_misc":{"Verfasst von":"Peter M.","Gesch\u00e4tzte Lesezeit":"2\u00a0Minuten"},"schema":{"@context":"https:\/\/schema.org","@graph":[{"@type":"WebPage","@id":"https:\/\/konsumpf.de\/?p=13180","url":"https:\/\/konsumpf.de\/?p=13180","name":"RTL und die asoziale \u201eSuper Nanny\u201c - Konsumpf - Forum f\u00fcr kreative Konsumkritik - Culture Jamming, Nachhaltigkeit, Konzernkritik, Adbusting","isPartOf":{"@id":"https:\/\/konsumpf.de\/#website"},"primaryImageOfPage":{"@id":"https:\/\/konsumpf.de\/?p=13180#primaryimage"},"image":{"@id":"https:\/\/konsumpf.de\/?p=13180#primaryimage"},"thumbnailUrl":"http:\/\/konsumpf.de\/wp-content\/uploads\/2011\/10\/meinm.jpg","datePublished":"2011-10-16T07:25:07+00:00","dateModified":"2011-10-29T08:48:36+00:00","author":{"@id":"https:\/\/konsumpf.de\/#\/schema\/person\/e595a6d286b26994e7e0926d70699070"},"breadcrumb":{"@id":"https:\/\/konsumpf.de\/?p=13180#breadcrumb"},"inLanguage":"de","potentialAction":[{"@type":"ReadAction","target":["https:\/\/konsumpf.de\/?p=13180"]}]},{"@type":"ImageObject","inLanguage":"de","@id":"https:\/\/konsumpf.de\/?p=13180#primaryimage","url":"https:\/\/konsumpf.de\/wp-content\/uploads\/2011\/10\/meinm.jpg","contentUrl":"https:\/\/konsumpf.de\/wp-content\/uploads\/2011\/10\/meinm.jpg","width":"225","height":"150"},{"@type":"BreadcrumbList","@id":"https:\/\/konsumpf.de\/?p=13180#breadcrumb","itemListElement":[{"@type":"ListItem","position":1,"name":"Startseite","item":"https:\/\/konsumpf.de\/"},{"@type":"ListItem","position":2,"name":"RTL und die asoziale \u201eSuper Nanny\u201c"}]},{"@type":"WebSite","@id":"https:\/\/konsumpf.de\/#website","url":"https:\/\/konsumpf.de\/","name":"Konsumpf - Forum f\u00fcr kreative Konsumkritik - Culture Jamming, Nachhaltigkeit, Konzernkritik, Adbusting","description":"","potentialAction":[{"@type":"SearchAction","target":{"@type":"EntryPoint","urlTemplate":"https:\/\/konsumpf.de\/?s={search_term_string}"},"query-input":{"@type":"PropertyValueSpecification","valueRequired":true,"valueName":"search_term_string"}}],"inLanguage":"de"},{"@type":"Person","@id":"https:\/\/konsumpf.de\/#\/schema\/person\/e595a6d286b26994e7e0926d70699070","name":"Peter M.","sameAs":["http:\/\/konsumpf.de"]}]}},"_links":{"self":[{"href":"https:\/\/konsumpf.de\/index.php?rest_route=\/wp\/v2\/posts\/13180"}],"collection":[{"href":"https:\/\/konsumpf.de\/index.php?rest_route=\/wp\/v2\/posts"}],"about":[{"href":"https:\/\/konsumpf.de\/index.php?rest_route=\/wp\/v2\/types\/post"}],"author":[{"embeddable":true,"href":"https:\/\/konsumpf.de\/index.php?rest_route=\/wp\/v2\/users\/1"}],"replies":[{"embeddable":true,"href":"https:\/\/konsumpf.de\/index.php?rest_route=%2Fwp%2Fv2%2Fcomments&post=13180"}],"version-history":[{"count":17,"href":"https:\/\/konsumpf.de\/index.php?rest_route=\/wp\/v2\/posts\/13180\/revisions"}],"predecessor-version":[{"id":13322,"href":"https:\/\/konsumpf.de\/index.php?rest_route=\/wp\/v2\/posts\/13180\/revisions\/13322"}],"wp:attachment":[{"href":"https:\/\/konsumpf.de\/index.php?rest_route=%2Fwp%2Fv2%2Fmedia&parent=13180"}],"wp:term":[{"taxonomy":"category","embeddable":true,"href":"https:\/\/konsumpf.de\/index.php?rest_route=%2Fwp%2Fv2%2Fcategories&post=13180"},{"taxonomy":"post_tag","embeddable":true,"href":"https:\/\/konsumpf.de\/index.php?rest_route=%2Fwp%2Fv2%2Ftags&post=13180"}],"curies":[{"name":"wp","href":"https:\/\/api.w.org\/{rel}","templated":true}]}}