{"id":13134,"date":"2011-10-13T10:18:56","date_gmt":"2011-10-13T08:18:56","guid":{"rendered":"http:\/\/konsumpf.de\/?p=13134"},"modified":"2011-10-10T19:11:59","modified_gmt":"2011-10-10T17:11:59","slug":"nimm2-ist-nicht-fur-kinder-und-danones-verpackungsschwindel","status":"publish","type":"post","link":"https:\/\/konsumpf.de\/?p=13134","title":{"rendered":"Nimm2 ist nicht f\u00fcr Kinder und Danones Verpackungsschwindel"},"content":{"rendered":"<p><strong>Foodwatch<\/strong> und <a href=\"http:\/\/www.abgespeist.de\"><strong>abgespeist.de<\/strong><\/a> vergeben ja allj\u00e4hrlich den \u201e<strong>Goldenen Windbeutel<\/strong>\u201c f\u00fcr die Werbel\u00fcge des Jahres. 2011 hat diesen Preis Ferrero f\u00fcr die Milchschnitte \u201egewonnen\u201c. Sehr sch\u00f6n war dabei auch der Beitrag \u00fcber Nimm2, die ebenfalls nominiert waren, und den ich Euch nicht vorenthalten m\u00f6chte, weil die Kackdreistigkeit des Herstellers, der sein verlogenes Marketing hier zu verteidigen sucht, schon beachtlich ist. Dementsprechend s\u00fcffisant wird Storck von Foodwatch mit der Realit\u00e4t konfrontiert.<\/p>\n<p><object classid=\"clsid:d27cdb6e-ae6d-11cf-96b8-444553540000\" width=\"500\" height=\"284\" codebase=\"http:\/\/download.macromedia.com\/pub\/shockwave\/cabs\/flash\/swflash.cab#version=6,0,40,0\"><param name=\"allowFullScreen\" value=\"true\" \/><param name=\"allowscriptaccess\" value=\"always\" \/><param name=\"src\" value=\"http:\/\/www.youtube.com\/v\/KBbnDEmQtbs?version=3&amp;hl=de_DE\" \/><param name=\"allowfullscreen\" value=\"true\" \/><embed type=\"application\/x-shockwave-flash\" width=\"500\" height=\"284\" src=\"http:\/\/www.youtube.com\/v\/KBbnDEmQtbs?version=3&amp;hl=de_DE\" allowscriptaccess=\"always\" allowfullscreen=\"true\"><\/embed><\/object><\/p>\n<p>Auch sonst wird es den Leuten von abgespeist.de so schnell nicht langweilig, da die Reklamefritzen der Konzerne nicht m\u00fcde werden, den Konsumenten in sp\u00e9 einen vom Pferd zu erz\u00e4hlen und mit teils haneb\u00fcchenen Geschichten zum Kauf zu animieren. <strong>Danone<\/strong> tut sich da mal wieder hervor \u2013 nachdem ihr Actimel sich als genauso gesund oder ungesund wie normaler Joghurt erwiesen hat (nur dass Actimel eben viel teurer ist), versucht sich die Firma nun ein gr\u00fcnes M\u00e4ntelchen umzuh\u00e4ngen und bewirbt ihren neuen <a href=\"http:\/\/abgespeist.de\/activia_becher\">Activia-Joghurtbecher als \u201eumweltfreundlich\u201c<\/a>. Von wegen!<\/p>\n<blockquote><p><strong>Der Becher f\u00e4llt nicht weit vom Stamm<\/strong><br \/>\nSp\u00e4testens seit Actimel und Activia wissen wir, wie die Damen und Herren  von Danone mithilfe wissen-schaftlicher Studien Marketing machen:  Minimale messbare Effekte werden in der Werbung maximal aufgeblasen, um  Verbrauchern das Geld aus der Tasche zu ziehen. Der j\u00fcngste Clou:  Activia gibt\u2019s neuerdings im vermeintlich \u201eumweltfreundlicheren\u201c Becher  aus Mais-st\u00e4rke (PLA). Bl\u00f6d nur, dass der neue Becher gar nicht wirklich  \u201eumweltfreundlicher\u201c ist als der alte, wenn man die \u00d6kobilanz-Ma\u00dfst\u00e4be  vom staatlichen Umweltbundesamt ansetzt. Unser Fazit: Wie der Joghurt,  so der Becher &#8211; ein dreister Schwindel.<\/p>\n<p><strong>Activia activiert Unterlassungserkl\u00e4rung<\/strong><br \/>\nDie Marketing-Menschen bei Danone haben Phantasie, das muss man ihnen  lassen. Immer wieder kommen sie mit neuen Ideen daher, wie sie aus  schn\u00f6den Joghurts angeblich ganz besondere Produkte kreieren k\u00f6nnen \u2013  erst mit Gesundheitsversprechen, jetzt mit dem vermeintlichen \u00d6kobecher.  Nur haben die Danones die Rechnung dieses Mal ohne die  Umweltorganisation Deutsche Umwelthilfe gemacht. Die hat den Konzern  n\u00e4mlich schon abgemahnt und nun eine Klage angek\u00fcndigt \u2013 Danone soll die  irref\u00fchrenden \u00d6ko-Aussagen zum neuen Becher unterlassen. Doch der  Konzern weigert sich zu unterzeichnen.<\/p>\n<p><strong>Das Blaue vom Recycling-Himmel<\/strong><br \/>\n\u201eDen Becher bitte in den gelben Sack entsorgen, damit dieser optimal  verwertet bzw. recycelt werden kann.\u201c, so der Werbetext auf der Packung  des vermeintlichen Verdauungswunders. Der Haken: Der Activia-Becher wird  momentan nicht recycelt, sondern in der Regel verbrannt. Er wird von  den Recycling-Anlagen n\u00e4mlich gar nicht aussortiert. Ein sogenannter  geschlossener Kreislauf sei laut Danone zwar geplant, doch das ist \u2013  wenn \u00fcberhaupt \u2013 Zukunftsmusik. Trotzdem verspricht der Konzern auf der  Verpackung das Blaue vom Recycling-Himmel.<\/p>\n<p><strong>W\u00e4hlerisch wie eine Diva beim Dorftanz<\/strong><br \/>\nEine von Danone finanzierte Studie des IFEU-Instituts kommt zu dem  klaren Ergebnis: Der neue Becher ist insgesamt nicht besser f\u00fcr die  Umwelt als der alte. W\u00e4hlerisch, wie die Danones sind, picken sie sich  einzelne Aspekte aus der Studie raus, bei denen der Neue besser  abschneidet: Treibhausgase und fossiler Ressourcenverbrauch. Bei  Auswirkungen der Herstellung auf z.B. B\u00f6den und Gew\u00e4sser ist der neue  Becher aber schlechter als der alte. Darum empfiehlt das Institut, stets  auch die Nachteile zu nennen. Das ignoriert Danone gnadenlos, wenn man  die Werbetexte auf der Verpackung liest.<\/p>\n<p><strong>Zertifiziert naturferne Intensivlandwirtschaft<\/strong><br \/>\nAuf der Packung fabulieren Danones Werbetexter von nachhaltigem Mais,  aus dem der Becher hergestellt werde. Wer sich da einen idyllischen  Bio-Bauernhof im Alpenvorland vorstellt, hat weit gefehlt. F\u00fcr den  Maisanbau sind unter anderem Pestizide und Minerald\u00fcnger erlaubt. Das  f\u00fchrt zu Belastung von B\u00f6den und Gew\u00e4ssern \u2013 Intensivlandwirtschaft  eben. Mit dem, was der Verbraucher unter \u201enachhaltig\u201c versteht, hat es  also wenig gemein.<\/p>\n<p><strong>Drei Schritte voraus<\/strong><br \/>\nDanone wei\u00df sogar selbst, dass der neue Becher nicht der gro\u00dfe Wurf ist.  Unter anderem, weil er derzeit \u00fcberhaupt nicht aussortiert und  recycelt, sondern in der Regel verbrannt wird. Der Konzern argumentiert  damit, dass irgendwann genug PLA-Becher im Umlauf sein sollen, um ein  Recycling zu erm\u00f6glichen. Dabei ist noch v\u00f6llig unklar, welche  Kunststoffe aus nachwachsenden Rohstoffen sich am besten eignen und am  umweltfreundlichsten sind. Im Werbetext auf der Becher-Banderole  suggeriert Danone trotzdem schon mal, der Neue sei ein  Verpackungswunder, weil \u201eumweltfreundlicher\u201c als der alte. Das ist  schlichtweg gelogen!<\/p><\/blockquote>\n<h3 class='related_post_title'>Verwandte Beitr\u00e4ge:<\/h3><ul class='related_post'><li><a href=\"http:\/\/konsumpf.de\/?p=7352\" title=\"Die dreisteste Werbel\u00fcge \u2013 Der Goldene Windbeutel 2010\">Die dreisteste Werbel\u00fcge \u2013 Der Goldene Windbeutel 2010<\/a><\/li><li><a href=\"http:\/\/konsumpf.de\/?p=3541\" title=\"And the winner is&#8230;\">And the winner is&#8230;<\/a><\/li><li><a href=\"http:\/\/konsumpf.de\/?p=15234\" title=\"Unilever und die Ekligkeit der Reklame\">Unilever und die Ekligkeit der Reklame<\/a><\/li><li><a href=\"http:\/\/konsumpf.de\/?p=8465\" title=\"Tricksereien der Lebensmittelindustrie: Sauerstoff-Fleisch und Nimm2\">Tricksereien der Lebensmittelindustrie: Sauerstoff-Fleisch und Nimm2<\/a><\/li><li><a href=\"http:\/\/konsumpf.de\/?p=6426\" title=\"Mal wieder Etikettenschwindel: \u201eProdukte aus der Heimat\u201c\">Mal wieder Etikettenschwindel: \u201eProdukte aus der Heimat\u201c<\/a><\/li><\/ul>","protected":false},"excerpt":{"rendered":"<p>Foodwatch und abgespeist.de vergeben ja allj\u00e4hrlich den \u201eGoldenen Windbeutel\u201c f\u00fcr die Werbel\u00fcge des Jahres. 2011 hat diesen Preis Ferrero f\u00fcr die Milchschnitte \u201egewonnen\u201c. Sehr sch\u00f6n war dabei auch der Beitrag \u00fcber Nimm2, die ebenfalls nominiert waren, und den ich Euch nicht vorenthalten m\u00f6chte, weil die Kackdreistigkeit des Herstellers, der sein verlogenes Marketing hier zu verteidigen [&hellip;]<\/p>\n","protected":false},"author":1,"featured_media":0,"comment_status":"open","ping_status":"open","sticky":false,"template":"","format":"standard","meta":{"footnotes":""},"categories":[256,1505,16,20],"tags":[2422,358,1566,2859,2421,730,623],"yoast_head":"<!-- This site is optimized with the Yoast SEO plugin v24.4 - https:\/\/yoast.com\/wordpress\/plugins\/seo\/ -->\n<title>Nimm2 ist nicht f\u00fcr Kinder und Danones Verpackungsschwindel - Konsumpf - Forum f\u00fcr kreative Konsumkritik - Culture Jamming, Nachhaltigkeit, Konzernkritik, Adbusting<\/title>\n<meta name=\"robots\" content=\"index, follow, max-snippet:-1, max-image-preview:large, max-video-preview:-1\" \/>\n<link rel=\"canonical\" href=\"https:\/\/konsumpf.de\/?p=13134\" \/>\n<meta property=\"og:locale\" content=\"de_DE\" \/>\n<meta property=\"og:type\" content=\"article\" \/>\n<meta property=\"og:title\" content=\"Nimm2 ist nicht f\u00fcr Kinder und Danones Verpackungsschwindel - Konsumpf - Forum f\u00fcr kreative Konsumkritik - Culture Jamming, Nachhaltigkeit, Konzernkritik, Adbusting\" \/>\n<meta property=\"og:description\" content=\"Foodwatch und abgespeist.de vergeben ja allj\u00e4hrlich den \u201eGoldenen Windbeutel\u201c f\u00fcr die Werbel\u00fcge des Jahres. 2011 hat diesen Preis Ferrero f\u00fcr die Milchschnitte \u201egewonnen\u201c. Sehr sch\u00f6n war dabei auch der Beitrag \u00fcber Nimm2, die ebenfalls nominiert waren, und den ich Euch nicht vorenthalten m\u00f6chte, weil die Kackdreistigkeit des Herstellers, der sein verlogenes Marketing hier zu verteidigen [&hellip;]\" \/>\n<meta property=\"og:url\" content=\"https:\/\/konsumpf.de\/?p=13134\" \/>\n<meta property=\"og:site_name\" content=\"Konsumpf - Forum f\u00fcr kreative Konsumkritik - Culture Jamming, Nachhaltigkeit, Konzernkritik, Adbusting\" \/>\n<meta property=\"article:published_time\" content=\"2011-10-13T08:18:56+00:00\" \/>\n<meta name=\"author\" content=\"Peter M.\" \/>\n<meta name=\"twitter:card\" content=\"summary_large_image\" \/>\n<meta name=\"twitter:label1\" content=\"Verfasst von\" \/>\n\t<meta name=\"twitter:data1\" content=\"Peter M.\" \/>\n\t<meta name=\"twitter:label2\" content=\"Gesch\u00e4tzte Lesezeit\" \/>\n\t<meta name=\"twitter:data2\" content=\"3\u00a0Minuten\" \/>\n<script type=\"application\/ld+json\" class=\"yoast-schema-graph\">{\"@context\":\"https:\/\/schema.org\",\"@graph\":[{\"@type\":\"WebPage\",\"@id\":\"https:\/\/konsumpf.de\/?p=13134\",\"url\":\"https:\/\/konsumpf.de\/?p=13134\",\"name\":\"Nimm2 ist nicht f\u00fcr Kinder und Danones Verpackungsschwindel - Konsumpf - Forum f\u00fcr kreative Konsumkritik - Culture Jamming, Nachhaltigkeit, Konzernkritik, Adbusting\",\"isPartOf\":{\"@id\":\"https:\/\/konsumpf.de\/#website\"},\"datePublished\":\"2011-10-13T08:18:56+00:00\",\"author\":{\"@id\":\"https:\/\/konsumpf.de\/#\/schema\/person\/e595a6d286b26994e7e0926d70699070\"},\"breadcrumb\":{\"@id\":\"https:\/\/konsumpf.de\/?p=13134#breadcrumb\"},\"inLanguage\":\"de\",\"potentialAction\":[{\"@type\":\"ReadAction\",\"target\":[\"https:\/\/konsumpf.de\/?p=13134\"]}]},{\"@type\":\"BreadcrumbList\",\"@id\":\"https:\/\/konsumpf.de\/?p=13134#breadcrumb\",\"itemListElement\":[{\"@type\":\"ListItem\",\"position\":1,\"name\":\"Startseite\",\"item\":\"https:\/\/konsumpf.de\/\"},{\"@type\":\"ListItem\",\"position\":2,\"name\":\"Nimm2 ist nicht f\u00fcr Kinder und Danones Verpackungsschwindel\"}]},{\"@type\":\"WebSite\",\"@id\":\"https:\/\/konsumpf.de\/#website\",\"url\":\"https:\/\/konsumpf.de\/\",\"name\":\"Konsumpf - Forum f\u00fcr kreative Konsumkritik - Culture Jamming, Nachhaltigkeit, Konzernkritik, Adbusting\",\"description\":\"\",\"potentialAction\":[{\"@type\":\"SearchAction\",\"target\":{\"@type\":\"EntryPoint\",\"urlTemplate\":\"https:\/\/konsumpf.de\/?s={search_term_string}\"},\"query-input\":{\"@type\":\"PropertyValueSpecification\",\"valueRequired\":true,\"valueName\":\"search_term_string\"}}],\"inLanguage\":\"de\"},{\"@type\":\"Person\",\"@id\":\"https:\/\/konsumpf.de\/#\/schema\/person\/e595a6d286b26994e7e0926d70699070\",\"name\":\"Peter M.\",\"sameAs\":[\"http:\/\/konsumpf.de\"]}]}<\/script>\n<!-- \/ Yoast SEO plugin. -->","yoast_head_json":{"title":"Nimm2 ist nicht f\u00fcr Kinder und Danones Verpackungsschwindel - Konsumpf - Forum f\u00fcr kreative Konsumkritik - Culture Jamming, Nachhaltigkeit, Konzernkritik, Adbusting","robots":{"index":"index","follow":"follow","max-snippet":"max-snippet:-1","max-image-preview":"max-image-preview:large","max-video-preview":"max-video-preview:-1"},"canonical":"https:\/\/konsumpf.de\/?p=13134","og_locale":"de_DE","og_type":"article","og_title":"Nimm2 ist nicht f\u00fcr Kinder und Danones Verpackungsschwindel - Konsumpf - Forum f\u00fcr kreative Konsumkritik - Culture Jamming, Nachhaltigkeit, Konzernkritik, Adbusting","og_description":"Foodwatch und abgespeist.de vergeben ja allj\u00e4hrlich den \u201eGoldenen Windbeutel\u201c f\u00fcr die Werbel\u00fcge des Jahres. 2011 hat diesen Preis Ferrero f\u00fcr die Milchschnitte \u201egewonnen\u201c. Sehr sch\u00f6n war dabei auch der Beitrag \u00fcber Nimm2, die ebenfalls nominiert waren, und den ich Euch nicht vorenthalten m\u00f6chte, weil die Kackdreistigkeit des Herstellers, der sein verlogenes Marketing hier zu verteidigen [&hellip;]","og_url":"https:\/\/konsumpf.de\/?p=13134","og_site_name":"Konsumpf - Forum f\u00fcr kreative Konsumkritik - Culture Jamming, Nachhaltigkeit, Konzernkritik, Adbusting","article_published_time":"2011-10-13T08:18:56+00:00","author":"Peter M.","twitter_card":"summary_large_image","twitter_misc":{"Verfasst von":"Peter M.","Gesch\u00e4tzte Lesezeit":"3\u00a0Minuten"},"schema":{"@context":"https:\/\/schema.org","@graph":[{"@type":"WebPage","@id":"https:\/\/konsumpf.de\/?p=13134","url":"https:\/\/konsumpf.de\/?p=13134","name":"Nimm2 ist nicht f\u00fcr Kinder und Danones Verpackungsschwindel - Konsumpf - Forum f\u00fcr kreative Konsumkritik - Culture Jamming, Nachhaltigkeit, Konzernkritik, Adbusting","isPartOf":{"@id":"https:\/\/konsumpf.de\/#website"},"datePublished":"2011-10-13T08:18:56+00:00","author":{"@id":"https:\/\/konsumpf.de\/#\/schema\/person\/e595a6d286b26994e7e0926d70699070"},"breadcrumb":{"@id":"https:\/\/konsumpf.de\/?p=13134#breadcrumb"},"inLanguage":"de","potentialAction":[{"@type":"ReadAction","target":["https:\/\/konsumpf.de\/?p=13134"]}]},{"@type":"BreadcrumbList","@id":"https:\/\/konsumpf.de\/?p=13134#breadcrumb","itemListElement":[{"@type":"ListItem","position":1,"name":"Startseite","item":"https:\/\/konsumpf.de\/"},{"@type":"ListItem","position":2,"name":"Nimm2 ist nicht f\u00fcr Kinder und Danones Verpackungsschwindel"}]},{"@type":"WebSite","@id":"https:\/\/konsumpf.de\/#website","url":"https:\/\/konsumpf.de\/","name":"Konsumpf - Forum f\u00fcr kreative Konsumkritik - Culture Jamming, Nachhaltigkeit, Konzernkritik, Adbusting","description":"","potentialAction":[{"@type":"SearchAction","target":{"@type":"EntryPoint","urlTemplate":"https:\/\/konsumpf.de\/?s={search_term_string}"},"query-input":{"@type":"PropertyValueSpecification","valueRequired":true,"valueName":"search_term_string"}}],"inLanguage":"de"},{"@type":"Person","@id":"https:\/\/konsumpf.de\/#\/schema\/person\/e595a6d286b26994e7e0926d70699070","name":"Peter M.","sameAs":["http:\/\/konsumpf.de"]}]}},"_links":{"self":[{"href":"https:\/\/konsumpf.de\/index.php?rest_route=\/wp\/v2\/posts\/13134"}],"collection":[{"href":"https:\/\/konsumpf.de\/index.php?rest_route=\/wp\/v2\/posts"}],"about":[{"href":"https:\/\/konsumpf.de\/index.php?rest_route=\/wp\/v2\/types\/post"}],"author":[{"embeddable":true,"href":"https:\/\/konsumpf.de\/index.php?rest_route=\/wp\/v2\/users\/1"}],"replies":[{"embeddable":true,"href":"https:\/\/konsumpf.de\/index.php?rest_route=%2Fwp%2Fv2%2Fcomments&post=13134"}],"version-history":[{"count":6,"href":"https:\/\/konsumpf.de\/index.php?rest_route=\/wp\/v2\/posts\/13134\/revisions"}],"predecessor-version":[{"id":13160,"href":"https:\/\/konsumpf.de\/index.php?rest_route=\/wp\/v2\/posts\/13134\/revisions\/13160"}],"wp:attachment":[{"href":"https:\/\/konsumpf.de\/index.php?rest_route=%2Fwp%2Fv2%2Fmedia&parent=13134"}],"wp:term":[{"taxonomy":"category","embeddable":true,"href":"https:\/\/konsumpf.de\/index.php?rest_route=%2Fwp%2Fv2%2Fcategories&post=13134"},{"taxonomy":"post_tag","embeddable":true,"href":"https:\/\/konsumpf.de\/index.php?rest_route=%2Fwp%2Fv2%2Ftags&post=13134"}],"curies":[{"name":"wp","href":"https:\/\/api.w.org\/{rel}","templated":true}]}}