{"id":12308,"date":"2011-06-30T22:57:54","date_gmt":"2011-06-30T20:57:54","guid":{"rendered":"http:\/\/konsumpf.de\/?p=12308"},"modified":"2011-06-30T22:58:03","modified_gmt":"2011-06-30T20:58:03","slug":"am-samstag-flashmob-in-hamburg-gegen-obdachlosigkeit","status":"publish","type":"post","link":"https:\/\/konsumpf.de\/?p=12308","title":{"rendered":"Am Samstag Flashmob in Hamburg gegen Obdachlosigkeit"},"content":{"rendered":"<p><img loading=\"lazy\" decoding=\"async\" class=\"alignright size-thumbnail wp-image-12309\" title=\"Logo_weeyoo\" src=\"http:\/\/konsumpf.de\/wp-content\/uploads\/2011\/06\/Logo_weeyoo-250x66.png\" alt=\"\" width=\"250\" height=\"66\" srcset=\"https:\/\/konsumpf.de\/wp-content\/uploads\/2011\/06\/Logo_weeyoo-250x66.png 250w, https:\/\/konsumpf.de\/wp-content\/uploads\/2011\/06\/Logo_weeyoo.png 252w\" sizes=\"(max-width: 250px) 100vw, 250px\" \/>Hier noch ein schneller Veranstaltungshinweis \u2013 das <a href=\"http:\/\/www.facebook.com\/WeeYoo\">weeyoo-Netzwerk<\/a> veranstaltet am Samstag in Hamburg den Flashmob \u201e<strong>Armes Hamburg<\/strong>\u201c:<\/p>\n<blockquote><p>In einer so gro\u00dfen und reichen Stadt wie Hamburg leben immer noch viele  Menschen auf der Stra\u00dfe. Mit diesem Smartmob wollen wir die  Aufmerksamkeit wieder auf die Menschen richten, die die Gesellschaft  manchmal zu vergessen scheint. Es gibt M\u00f6glichkeiten, zu helfen! Zum  Beispiel mit der Stra\u00dfenzeitschrift Hinz&amp;Kunzt!<\/p>\n<p><strong>Hier die Idee:<\/strong><br \/>\nAm Samstag, den 2. Juli, kommst Du mit Familie und so vielen Freunden wie m\u00f6glich zu dem Treffpunkt, den  wir kurz vorher hier auf der Seite ank\u00fcndigen. Am fr\u00fchen Nachmittag um  13:00 Uhr treffen wir uns, bringen Decken und\/oder Schlafs\u00e4cke mit und  setzen uns zusammen hin, um mit einer riesigen Menschenmenge &#8220;Platte zu  machen&#8221; (zu betteln). Auch Pappschilder und Sammelb\u00fcchsen oder -H\u00fcte  sind willkommen.<br \/>\nNach 15 Minuten, um Punkt 13:15 Uhr springen wir  alle gleichzeitig auf und rennen zu den am Platz stehenden  Hinz&amp;Kunzt-Verk\u00e4ufern und kaufen alle Zeitschriften weg!<\/p>\n<p><strong>Der Gedanke dahinter:<\/strong><br \/>\nZum  einen k\u00f6nnen wir so kurzfristig die Einnahmen der  Hinz&amp;Kunzt-Verk\u00e4ufer nach oben pushen. Sie sind eingeweiht, werden  also genug Material da haben. Es geht aber um viel mehr: Gemeinsam  wollen wir Aufmerksamkeit schaffen, damit die Armut vor der Haust\u00fcr  nicht in Vergessenheit ger\u00e4t. Wir wollen Gespr\u00e4che f\u00fchren, mit den  Obdachlosen und im Nachgang mit der Stadt und zusammen nach L\u00f6sungen  suchen. Menschen in Not systematisch zu ignorieren &#8211; das ist nicht die  Welt, in der wir leben wollen.<br \/>\nUnd bitte bedenkt: Dieser Smartmob  ist eine friedliche Aktion, um auf die Belange der Obdachlosen  aufmerksam zu machen und ihnen zu helfen. Randale und schlechtes  Benehmen jeglicher Art sind unerw\u00fcnscht und werden nicht akzeptiert. Wir  freuen uns auf ein tolles Event mit Euch!<br \/>\nWir bringen die Sonne, Ihr die Schlafs\u00e4cke!<\/p><\/blockquote>\n<h3 class='related_post_title'>Verwandte Beitr\u00e4ge:<\/h3><ul class='related_post'><li><a href=\"http:\/\/konsumpf.de\/?p=14257\" title=\"Lesetipps: Internet macht dumm? | IKEA-Wohnviertel | Olympia | Bayer spendet an Republikaner\">Lesetipps: Internet macht dumm? | IKEA-Wohnviertel | Olympia | Bayer spendet an Republikaner<\/a><\/li><li><a href=\"http:\/\/konsumpf.de\/?p=14171\" title=\"F\u00fcr ein Recht auf Stadt \u2013 der Kampf gegen Immobilienhaie und Gentrifizierung\">F\u00fcr ein Recht auf Stadt \u2013 der Kampf gegen Immobilienhaie und Gentrifizierung<\/a><\/li><li><a href=\"http:\/\/konsumpf.de\/?p=14146\" title=\"H&#038;M und beworbene Kunstprodukte\">H&#038;M und beworbene Kunstprodukte<\/a><\/li><li><a href=\"http:\/\/konsumpf.de\/?p=13857\" title=\"Geschlossene Gesellschaft\">Geschlossene Gesellschaft<\/a><\/li><li><a href=\"http:\/\/konsumpf.de\/?p=13824\" title=\"Fernsehtipp: Reiche B\u00fcrger \u2013 arme Stadt. Warum Kommunen pleite gehen\">Fernsehtipp: Reiche B\u00fcrger \u2013 arme Stadt. Warum Kommunen pleite gehen<\/a><\/li><\/ul>","protected":false},"excerpt":{"rendered":"<p>Hier noch ein schneller Veranstaltungshinweis \u2013 das weeyoo-Netzwerk veranstaltet am Samstag in Hamburg den Flashmob \u201eArmes Hamburg\u201c: In einer so gro\u00dfen und reichen Stadt wie Hamburg leben immer noch viele Menschen auf der Stra\u00dfe. Mit diesem Smartmob wollen wir die Aufmerksamkeit wieder auf die Menschen richten, die die Gesellschaft manchmal zu vergessen scheint. Es gibt [&hellip;]<\/p>\n","protected":false},"author":1,"featured_media":0,"comment_status":"open","ping_status":"open","sticky":false,"template":"","format":"standard","meta":{"footnotes":""},"categories":[1097,259],"tags":[611,716,1973,1794],"yoast_head":"<!-- This site is optimized with the Yoast SEO plugin v24.4 - https:\/\/yoast.com\/wordpress\/plugins\/seo\/ -->\n<title>Am Samstag Flashmob in Hamburg gegen Obdachlosigkeit - Konsumpf - Forum f\u00fcr kreative Konsumkritik - Culture Jamming, Nachhaltigkeit, Konzernkritik, Adbusting<\/title>\n<meta name=\"robots\" content=\"index, follow, max-snippet:-1, max-image-preview:large, max-video-preview:-1\" \/>\n<link rel=\"canonical\" href=\"https:\/\/konsumpf.de\/?p=12308\" \/>\n<meta property=\"og:locale\" content=\"de_DE\" \/>\n<meta property=\"og:type\" content=\"article\" \/>\n<meta property=\"og:title\" content=\"Am Samstag Flashmob in Hamburg gegen Obdachlosigkeit - Konsumpf - Forum f\u00fcr kreative Konsumkritik - Culture Jamming, Nachhaltigkeit, Konzernkritik, Adbusting\" \/>\n<meta property=\"og:description\" content=\"Hier noch ein schneller Veranstaltungshinweis \u2013 das weeyoo-Netzwerk veranstaltet am Samstag in Hamburg den Flashmob \u201eArmes Hamburg\u201c: In einer so gro\u00dfen und reichen Stadt wie Hamburg leben immer noch viele Menschen auf der Stra\u00dfe. Mit diesem Smartmob wollen wir die Aufmerksamkeit wieder auf die Menschen richten, die die Gesellschaft manchmal zu vergessen scheint. Es gibt [&hellip;]\" \/>\n<meta property=\"og:url\" content=\"https:\/\/konsumpf.de\/?p=12308\" \/>\n<meta property=\"og:site_name\" content=\"Konsumpf - Forum f\u00fcr kreative Konsumkritik - Culture Jamming, Nachhaltigkeit, Konzernkritik, Adbusting\" \/>\n<meta property=\"article:published_time\" content=\"2011-06-30T20:57:54+00:00\" \/>\n<meta property=\"article:modified_time\" content=\"2011-06-30T20:58:03+00:00\" \/>\n<meta property=\"og:image\" content=\"http:\/\/konsumpf.de\/wp-content\/uploads\/2011\/06\/Logo_weeyoo-250x66.png\" \/>\n<meta name=\"author\" content=\"Peter M.\" \/>\n<meta name=\"twitter:card\" content=\"summary_large_image\" \/>\n<meta name=\"twitter:label1\" content=\"Verfasst von\" \/>\n\t<meta name=\"twitter:data1\" content=\"Peter M.\" \/>\n\t<meta name=\"twitter:label2\" content=\"Gesch\u00e4tzte Lesezeit\" \/>\n\t<meta name=\"twitter:data2\" content=\"2\u00a0Minuten\" \/>\n<script type=\"application\/ld+json\" class=\"yoast-schema-graph\">{\"@context\":\"https:\/\/schema.org\",\"@graph\":[{\"@type\":\"WebPage\",\"@id\":\"https:\/\/konsumpf.de\/?p=12308\",\"url\":\"https:\/\/konsumpf.de\/?p=12308\",\"name\":\"Am Samstag Flashmob in Hamburg gegen Obdachlosigkeit - Konsumpf - Forum f\u00fcr kreative Konsumkritik - Culture Jamming, Nachhaltigkeit, Konzernkritik, Adbusting\",\"isPartOf\":{\"@id\":\"https:\/\/konsumpf.de\/#website\"},\"primaryImageOfPage\":{\"@id\":\"https:\/\/konsumpf.de\/?p=12308#primaryimage\"},\"image\":{\"@id\":\"https:\/\/konsumpf.de\/?p=12308#primaryimage\"},\"thumbnailUrl\":\"http:\/\/konsumpf.de\/wp-content\/uploads\/2011\/06\/Logo_weeyoo-250x66.png\",\"datePublished\":\"2011-06-30T20:57:54+00:00\",\"dateModified\":\"2011-06-30T20:58:03+00:00\",\"author\":{\"@id\":\"https:\/\/konsumpf.de\/#\/schema\/person\/e595a6d286b26994e7e0926d70699070\"},\"breadcrumb\":{\"@id\":\"https:\/\/konsumpf.de\/?p=12308#breadcrumb\"},\"inLanguage\":\"de\",\"potentialAction\":[{\"@type\":\"ReadAction\",\"target\":[\"https:\/\/konsumpf.de\/?p=12308\"]}]},{\"@type\":\"ImageObject\",\"inLanguage\":\"de\",\"@id\":\"https:\/\/konsumpf.de\/?p=12308#primaryimage\",\"url\":\"https:\/\/konsumpf.de\/wp-content\/uploads\/2011\/06\/Logo_weeyoo.png\",\"contentUrl\":\"https:\/\/konsumpf.de\/wp-content\/uploads\/2011\/06\/Logo_weeyoo.png\",\"width\":\"252\",\"height\":\"67\"},{\"@type\":\"BreadcrumbList\",\"@id\":\"https:\/\/konsumpf.de\/?p=12308#breadcrumb\",\"itemListElement\":[{\"@type\":\"ListItem\",\"position\":1,\"name\":\"Startseite\",\"item\":\"https:\/\/konsumpf.de\/\"},{\"@type\":\"ListItem\",\"position\":2,\"name\":\"Am Samstag Flashmob in Hamburg gegen Obdachlosigkeit\"}]},{\"@type\":\"WebSite\",\"@id\":\"https:\/\/konsumpf.de\/#website\",\"url\":\"https:\/\/konsumpf.de\/\",\"name\":\"Konsumpf - Forum f\u00fcr kreative Konsumkritik - Culture Jamming, Nachhaltigkeit, Konzernkritik, Adbusting\",\"description\":\"\",\"potentialAction\":[{\"@type\":\"SearchAction\",\"target\":{\"@type\":\"EntryPoint\",\"urlTemplate\":\"https:\/\/konsumpf.de\/?s={search_term_string}\"},\"query-input\":{\"@type\":\"PropertyValueSpecification\",\"valueRequired\":true,\"valueName\":\"search_term_string\"}}],\"inLanguage\":\"de\"},{\"@type\":\"Person\",\"@id\":\"https:\/\/konsumpf.de\/#\/schema\/person\/e595a6d286b26994e7e0926d70699070\",\"name\":\"Peter M.\",\"sameAs\":[\"http:\/\/konsumpf.de\"]}]}<\/script>\n<!-- \/ Yoast SEO plugin. -->","yoast_head_json":{"title":"Am Samstag Flashmob in Hamburg gegen Obdachlosigkeit - Konsumpf - Forum f\u00fcr kreative Konsumkritik - Culture Jamming, Nachhaltigkeit, Konzernkritik, Adbusting","robots":{"index":"index","follow":"follow","max-snippet":"max-snippet:-1","max-image-preview":"max-image-preview:large","max-video-preview":"max-video-preview:-1"},"canonical":"https:\/\/konsumpf.de\/?p=12308","og_locale":"de_DE","og_type":"article","og_title":"Am Samstag Flashmob in Hamburg gegen Obdachlosigkeit - Konsumpf - Forum f\u00fcr kreative Konsumkritik - Culture Jamming, Nachhaltigkeit, Konzernkritik, Adbusting","og_description":"Hier noch ein schneller Veranstaltungshinweis \u2013 das weeyoo-Netzwerk veranstaltet am Samstag in Hamburg den Flashmob \u201eArmes Hamburg\u201c: In einer so gro\u00dfen und reichen Stadt wie Hamburg leben immer noch viele Menschen auf der Stra\u00dfe. Mit diesem Smartmob wollen wir die Aufmerksamkeit wieder auf die Menschen richten, die die Gesellschaft manchmal zu vergessen scheint. Es gibt [&hellip;]","og_url":"https:\/\/konsumpf.de\/?p=12308","og_site_name":"Konsumpf - Forum f\u00fcr kreative Konsumkritik - Culture Jamming, Nachhaltigkeit, Konzernkritik, Adbusting","article_published_time":"2011-06-30T20:57:54+00:00","article_modified_time":"2011-06-30T20:58:03+00:00","og_image":[{"url":"http:\/\/konsumpf.de\/wp-content\/uploads\/2011\/06\/Logo_weeyoo-250x66.png","type":"","width":"","height":""}],"author":"Peter M.","twitter_card":"summary_large_image","twitter_misc":{"Verfasst von":"Peter M.","Gesch\u00e4tzte Lesezeit":"2\u00a0Minuten"},"schema":{"@context":"https:\/\/schema.org","@graph":[{"@type":"WebPage","@id":"https:\/\/konsumpf.de\/?p=12308","url":"https:\/\/konsumpf.de\/?p=12308","name":"Am Samstag Flashmob in Hamburg gegen Obdachlosigkeit - Konsumpf - Forum f\u00fcr kreative Konsumkritik - Culture Jamming, Nachhaltigkeit, Konzernkritik, Adbusting","isPartOf":{"@id":"https:\/\/konsumpf.de\/#website"},"primaryImageOfPage":{"@id":"https:\/\/konsumpf.de\/?p=12308#primaryimage"},"image":{"@id":"https:\/\/konsumpf.de\/?p=12308#primaryimage"},"thumbnailUrl":"http:\/\/konsumpf.de\/wp-content\/uploads\/2011\/06\/Logo_weeyoo-250x66.png","datePublished":"2011-06-30T20:57:54+00:00","dateModified":"2011-06-30T20:58:03+00:00","author":{"@id":"https:\/\/konsumpf.de\/#\/schema\/person\/e595a6d286b26994e7e0926d70699070"},"breadcrumb":{"@id":"https:\/\/konsumpf.de\/?p=12308#breadcrumb"},"inLanguage":"de","potentialAction":[{"@type":"ReadAction","target":["https:\/\/konsumpf.de\/?p=12308"]}]},{"@type":"ImageObject","inLanguage":"de","@id":"https:\/\/konsumpf.de\/?p=12308#primaryimage","url":"https:\/\/konsumpf.de\/wp-content\/uploads\/2011\/06\/Logo_weeyoo.png","contentUrl":"https:\/\/konsumpf.de\/wp-content\/uploads\/2011\/06\/Logo_weeyoo.png","width":"252","height":"67"},{"@type":"BreadcrumbList","@id":"https:\/\/konsumpf.de\/?p=12308#breadcrumb","itemListElement":[{"@type":"ListItem","position":1,"name":"Startseite","item":"https:\/\/konsumpf.de\/"},{"@type":"ListItem","position":2,"name":"Am Samstag Flashmob in Hamburg gegen Obdachlosigkeit"}]},{"@type":"WebSite","@id":"https:\/\/konsumpf.de\/#website","url":"https:\/\/konsumpf.de\/","name":"Konsumpf - Forum f\u00fcr kreative Konsumkritik - Culture Jamming, Nachhaltigkeit, Konzernkritik, Adbusting","description":"","potentialAction":[{"@type":"SearchAction","target":{"@type":"EntryPoint","urlTemplate":"https:\/\/konsumpf.de\/?s={search_term_string}"},"query-input":{"@type":"PropertyValueSpecification","valueRequired":true,"valueName":"search_term_string"}}],"inLanguage":"de"},{"@type":"Person","@id":"https:\/\/konsumpf.de\/#\/schema\/person\/e595a6d286b26994e7e0926d70699070","name":"Peter M.","sameAs":["http:\/\/konsumpf.de"]}]}},"_links":{"self":[{"href":"https:\/\/konsumpf.de\/index.php?rest_route=\/wp\/v2\/posts\/12308"}],"collection":[{"href":"https:\/\/konsumpf.de\/index.php?rest_route=\/wp\/v2\/posts"}],"about":[{"href":"https:\/\/konsumpf.de\/index.php?rest_route=\/wp\/v2\/types\/post"}],"author":[{"embeddable":true,"href":"https:\/\/konsumpf.de\/index.php?rest_route=\/wp\/v2\/users\/1"}],"replies":[{"embeddable":true,"href":"https:\/\/konsumpf.de\/index.php?rest_route=%2Fwp%2Fv2%2Fcomments&post=12308"}],"version-history":[{"count":2,"href":"https:\/\/konsumpf.de\/index.php?rest_route=\/wp\/v2\/posts\/12308\/revisions"}],"predecessor-version":[{"id":12311,"href":"https:\/\/konsumpf.de\/index.php?rest_route=\/wp\/v2\/posts\/12308\/revisions\/12311"}],"wp:attachment":[{"href":"https:\/\/konsumpf.de\/index.php?rest_route=%2Fwp%2Fv2%2Fmedia&parent=12308"}],"wp:term":[{"taxonomy":"category","embeddable":true,"href":"https:\/\/konsumpf.de\/index.php?rest_route=%2Fwp%2Fv2%2Fcategories&post=12308"},{"taxonomy":"post_tag","embeddable":true,"href":"https:\/\/konsumpf.de\/index.php?rest_route=%2Fwp%2Fv2%2Ftags&post=12308"}],"curies":[{"name":"wp","href":"https:\/\/api.w.org\/{rel}","templated":true}]}}