{"id":12180,"date":"2011-06-22T10:16:47","date_gmt":"2011-06-22T08:16:47","guid":{"rendered":"http:\/\/konsumpf.de\/?p=12180"},"modified":"2011-06-20T22:18:20","modified_gmt":"2011-06-20T20:18:20","slug":"erst-tragodie-dann-farce-%e2%80%93-uber-die-wirtschaft-mit-charity-anstrich","status":"publish","type":"post","link":"https:\/\/konsumpf.de\/?p=12180","title":{"rendered":"Erst Trag\u00f6die dann Farce \u2013 \u00fcber die Wirtschaft mit Charity-Anstrich"},"content":{"rendered":"<p>Als passenden Zusatzkommentar zu meinem <a href=\"http:\/\/konsumpf.de\/?p=12154\">gestrigen Bio-Beitrag<\/a> m\u00f6chte ich Euch noch diesen \u2013 wie \u00fcblich von RSAnimate wunderbar illustrierten \u2013 Auszug aus einem Vortrag \u201e<strong>First tragedy, then farce<\/strong>\u201c des slowenischen Philosophen <strong>Slavoj \u017di\u017eek<\/strong> pr\u00e4sentieren. Wer des Englischen m\u00e4chtig ist, wird seinen Spa\u00df an den Ausf\u00fchrungen haben, in denen \u017di\u017eek auch zeigt, dass Fairtrade bei Starbucks nur ein wenig kosmetischer Puder ist, da das Unternehmen das, was es auf der einen Seite durch sein profit- und marktanteilsmaximierendes Gebaren zerst\u00f6rt, auf der anderen Seite wieder ein wenig ausbessern will. Wirklich was Gutes tut man als Konsument damit aber nicht. (Generell d\u00fcrfte der Inhalt des Videos LOHAS wenig erfreuen, wird doch ein Grundpfeiler ihres Glaubens, n\u00e4mlich dass man sich eine bessere Welt kaufen kann, ohne wirklich etwas \u00e4ndern zu m\u00fcssen, ersch\u00fcttert.) Man muss nicht mit allem, was \u017di\u017eek erz\u00e4hlt, \u00fcbereinstimmen, auch nicht mit seinem skeptischen Menschenbild, aber interessant und anregend sind seine Gedankeng\u00e4nge allemal!<\/p>\n<p><object classid=\"clsid:d27cdb6e-ae6d-11cf-96b8-444553540000\" width=\"500\" height=\"314\" codebase=\"http:\/\/download.macromedia.com\/pub\/shockwave\/cabs\/flash\/swflash.cab#version=6,0,40,0\"><param name=\"allowFullScreen\" value=\"true\" \/><param name=\"allowscriptaccess\" value=\"always\" \/><param name=\"src\" value=\"http:\/\/www.youtube.com\/v\/hpAMbpQ8J7g?version=3&amp;hl=de_DE\" \/><param name=\"allowfullscreen\" value=\"true\" \/><embed type=\"application\/x-shockwave-flash\" width=\"500\" height=\"314\" src=\"http:\/\/www.youtube.com\/v\/hpAMbpQ8J7g?version=3&amp;hl=de_DE\" allowscriptaccess=\"always\" allowfullscreen=\"true\"><\/embed><\/object><\/p>\n<h3 class='related_post_title'>Verwandte Beitr\u00e4ge:<\/h3><ul class='related_post'><li><a href=\"http:\/\/konsumpf.de\/?p=4277\" title=\"Surftipp: Erkl\u00e4rung von Bern \/ Kinderarbeit f\u00fcr Schokolade\">Surftipp: Erkl\u00e4rung von Bern \/ Kinderarbeit f\u00fcr Schokolade<\/a><\/li><li><a href=\"http:\/\/konsumpf.de\/?p=13590\" title=\"Die Wei\u00dfen kommen \u2013 Die wahre Geschichte des Kolonialismus\">Die Wei\u00dfen kommen \u2013 Die wahre Geschichte des Kolonialismus<\/a><\/li><li><a href=\"http:\/\/konsumpf.de\/?p=13012\" title=\"Keine Ausbeutung mit Steuergeldern\">Keine Ausbeutung mit Steuergeldern<\/a><\/li><li><a href=\"http:\/\/konsumpf.de\/?p=12920\" title=\"Sorry, George \u2013 No Nespresso\">Sorry, George \u2013 No Nespresso<\/a><\/li><li><a href=\"http:\/\/konsumpf.de\/?p=12154\" title=\"Ausbeutung f\u00fcr Bio-Ware\">Ausbeutung f\u00fcr Bio-Ware<\/a><\/li><\/ul>","protected":false},"excerpt":{"rendered":"<p>Als passenden Zusatzkommentar zu meinem gestrigen Bio-Beitrag m\u00f6chte ich Euch noch diesen \u2013 wie \u00fcblich von RSAnimate wunderbar illustrierten \u2013 Auszug aus einem Vortrag \u201eFirst tragedy, then farce\u201c des slowenischen Philosophen Slavoj \u017di\u017eek pr\u00e4sentieren. Wer des Englischen m\u00e4chtig ist, wird seinen Spa\u00df an den Ausf\u00fchrungen haben, in denen \u017di\u017eek auch zeigt, dass Fairtrade bei Starbucks [&hellip;]<\/p>\n","protected":false},"author":1,"featured_media":0,"comment_status":"open","ping_status":"open","sticky":false,"template":"","format":"standard","meta":{"footnotes":""},"categories":[259,12,54],"tags":[603,1343,31,556,218,2244,1554],"yoast_head":"<!-- This site is optimized with the Yoast SEO plugin v24.4 - https:\/\/yoast.com\/wordpress\/plugins\/seo\/ -->\n<title>Erst Trag\u00f6die dann Farce \u2013 \u00fcber die Wirtschaft mit Charity-Anstrich - Konsumpf - Forum f\u00fcr kreative Konsumkritik - Culture Jamming, Nachhaltigkeit, Konzernkritik, Adbusting<\/title>\n<meta name=\"robots\" content=\"index, follow, max-snippet:-1, max-image-preview:large, max-video-preview:-1\" \/>\n<link rel=\"canonical\" href=\"https:\/\/konsumpf.de\/?p=12180\" \/>\n<meta property=\"og:locale\" content=\"de_DE\" \/>\n<meta property=\"og:type\" content=\"article\" \/>\n<meta property=\"og:title\" content=\"Erst Trag\u00f6die dann Farce \u2013 \u00fcber die Wirtschaft mit Charity-Anstrich - Konsumpf - Forum f\u00fcr kreative Konsumkritik - Culture Jamming, Nachhaltigkeit, Konzernkritik, Adbusting\" \/>\n<meta property=\"og:description\" content=\"Als passenden Zusatzkommentar zu meinem gestrigen Bio-Beitrag m\u00f6chte ich Euch noch diesen \u2013 wie \u00fcblich von RSAnimate wunderbar illustrierten \u2013 Auszug aus einem Vortrag \u201eFirst tragedy, then farce\u201c des slowenischen Philosophen Slavoj \u017di\u017eek pr\u00e4sentieren. Wer des Englischen m\u00e4chtig ist, wird seinen Spa\u00df an den Ausf\u00fchrungen haben, in denen \u017di\u017eek auch zeigt, dass Fairtrade bei Starbucks [&hellip;]\" \/>\n<meta property=\"og:url\" content=\"https:\/\/konsumpf.de\/?p=12180\" \/>\n<meta property=\"og:site_name\" content=\"Konsumpf - Forum f\u00fcr kreative Konsumkritik - Culture Jamming, Nachhaltigkeit, Konzernkritik, Adbusting\" \/>\n<meta property=\"article:published_time\" content=\"2011-06-22T08:16:47+00:00\" \/>\n<meta name=\"author\" content=\"Peter M.\" \/>\n<meta name=\"twitter:card\" content=\"summary_large_image\" \/>\n<meta name=\"twitter:label1\" content=\"Verfasst von\" \/>\n\t<meta name=\"twitter:data1\" content=\"Peter M.\" \/>\n\t<meta name=\"twitter:label2\" content=\"Gesch\u00e4tzte Lesezeit\" \/>\n\t<meta name=\"twitter:data2\" content=\"1\u00a0Minute\" \/>\n<script type=\"application\/ld+json\" class=\"yoast-schema-graph\">{\"@context\":\"https:\/\/schema.org\",\"@graph\":[{\"@type\":\"WebPage\",\"@id\":\"https:\/\/konsumpf.de\/?p=12180\",\"url\":\"https:\/\/konsumpf.de\/?p=12180\",\"name\":\"Erst Trag\u00f6die dann Farce \u2013 \u00fcber die Wirtschaft mit Charity-Anstrich - Konsumpf - Forum f\u00fcr kreative Konsumkritik - Culture Jamming, Nachhaltigkeit, Konzernkritik, Adbusting\",\"isPartOf\":{\"@id\":\"https:\/\/konsumpf.de\/#website\"},\"datePublished\":\"2011-06-22T08:16:47+00:00\",\"author\":{\"@id\":\"https:\/\/konsumpf.de\/#\/schema\/person\/e595a6d286b26994e7e0926d70699070\"},\"breadcrumb\":{\"@id\":\"https:\/\/konsumpf.de\/?p=12180#breadcrumb\"},\"inLanguage\":\"de\",\"potentialAction\":[{\"@type\":\"ReadAction\",\"target\":[\"https:\/\/konsumpf.de\/?p=12180\"]}]},{\"@type\":\"BreadcrumbList\",\"@id\":\"https:\/\/konsumpf.de\/?p=12180#breadcrumb\",\"itemListElement\":[{\"@type\":\"ListItem\",\"position\":1,\"name\":\"Startseite\",\"item\":\"https:\/\/konsumpf.de\/\"},{\"@type\":\"ListItem\",\"position\":2,\"name\":\"Erst Trag\u00f6die dann Farce \u2013 \u00fcber die Wirtschaft mit Charity-Anstrich\"}]},{\"@type\":\"WebSite\",\"@id\":\"https:\/\/konsumpf.de\/#website\",\"url\":\"https:\/\/konsumpf.de\/\",\"name\":\"Konsumpf - Forum f\u00fcr kreative Konsumkritik - Culture Jamming, Nachhaltigkeit, Konzernkritik, Adbusting\",\"description\":\"\",\"potentialAction\":[{\"@type\":\"SearchAction\",\"target\":{\"@type\":\"EntryPoint\",\"urlTemplate\":\"https:\/\/konsumpf.de\/?s={search_term_string}\"},\"query-input\":{\"@type\":\"PropertyValueSpecification\",\"valueRequired\":true,\"valueName\":\"search_term_string\"}}],\"inLanguage\":\"de\"},{\"@type\":\"Person\",\"@id\":\"https:\/\/konsumpf.de\/#\/schema\/person\/e595a6d286b26994e7e0926d70699070\",\"name\":\"Peter M.\",\"sameAs\":[\"http:\/\/konsumpf.de\"]}]}<\/script>\n<!-- \/ Yoast SEO plugin. -->","yoast_head_json":{"title":"Erst Trag\u00f6die dann Farce \u2013 \u00fcber die Wirtschaft mit Charity-Anstrich - Konsumpf - Forum f\u00fcr kreative Konsumkritik - Culture Jamming, Nachhaltigkeit, Konzernkritik, Adbusting","robots":{"index":"index","follow":"follow","max-snippet":"max-snippet:-1","max-image-preview":"max-image-preview:large","max-video-preview":"max-video-preview:-1"},"canonical":"https:\/\/konsumpf.de\/?p=12180","og_locale":"de_DE","og_type":"article","og_title":"Erst Trag\u00f6die dann Farce \u2013 \u00fcber die Wirtschaft mit Charity-Anstrich - Konsumpf - Forum f\u00fcr kreative Konsumkritik - Culture Jamming, Nachhaltigkeit, Konzernkritik, Adbusting","og_description":"Als passenden Zusatzkommentar zu meinem gestrigen Bio-Beitrag m\u00f6chte ich Euch noch diesen \u2013 wie \u00fcblich von RSAnimate wunderbar illustrierten \u2013 Auszug aus einem Vortrag \u201eFirst tragedy, then farce\u201c des slowenischen Philosophen Slavoj \u017di\u017eek pr\u00e4sentieren. Wer des Englischen m\u00e4chtig ist, wird seinen Spa\u00df an den Ausf\u00fchrungen haben, in denen \u017di\u017eek auch zeigt, dass Fairtrade bei Starbucks [&hellip;]","og_url":"https:\/\/konsumpf.de\/?p=12180","og_site_name":"Konsumpf - Forum f\u00fcr kreative Konsumkritik - Culture Jamming, Nachhaltigkeit, Konzernkritik, Adbusting","article_published_time":"2011-06-22T08:16:47+00:00","author":"Peter M.","twitter_card":"summary_large_image","twitter_misc":{"Verfasst von":"Peter M.","Gesch\u00e4tzte Lesezeit":"1\u00a0Minute"},"schema":{"@context":"https:\/\/schema.org","@graph":[{"@type":"WebPage","@id":"https:\/\/konsumpf.de\/?p=12180","url":"https:\/\/konsumpf.de\/?p=12180","name":"Erst Trag\u00f6die dann Farce \u2013 \u00fcber die Wirtschaft mit Charity-Anstrich - Konsumpf - Forum f\u00fcr kreative Konsumkritik - Culture Jamming, Nachhaltigkeit, Konzernkritik, Adbusting","isPartOf":{"@id":"https:\/\/konsumpf.de\/#website"},"datePublished":"2011-06-22T08:16:47+00:00","author":{"@id":"https:\/\/konsumpf.de\/#\/schema\/person\/e595a6d286b26994e7e0926d70699070"},"breadcrumb":{"@id":"https:\/\/konsumpf.de\/?p=12180#breadcrumb"},"inLanguage":"de","potentialAction":[{"@type":"ReadAction","target":["https:\/\/konsumpf.de\/?p=12180"]}]},{"@type":"BreadcrumbList","@id":"https:\/\/konsumpf.de\/?p=12180#breadcrumb","itemListElement":[{"@type":"ListItem","position":1,"name":"Startseite","item":"https:\/\/konsumpf.de\/"},{"@type":"ListItem","position":2,"name":"Erst Trag\u00f6die dann Farce \u2013 \u00fcber die Wirtschaft mit Charity-Anstrich"}]},{"@type":"WebSite","@id":"https:\/\/konsumpf.de\/#website","url":"https:\/\/konsumpf.de\/","name":"Konsumpf - Forum f\u00fcr kreative Konsumkritik - Culture Jamming, Nachhaltigkeit, Konzernkritik, Adbusting","description":"","potentialAction":[{"@type":"SearchAction","target":{"@type":"EntryPoint","urlTemplate":"https:\/\/konsumpf.de\/?s={search_term_string}"},"query-input":{"@type":"PropertyValueSpecification","valueRequired":true,"valueName":"search_term_string"}}],"inLanguage":"de"},{"@type":"Person","@id":"https:\/\/konsumpf.de\/#\/schema\/person\/e595a6d286b26994e7e0926d70699070","name":"Peter M.","sameAs":["http:\/\/konsumpf.de"]}]}},"_links":{"self":[{"href":"https:\/\/konsumpf.de\/index.php?rest_route=\/wp\/v2\/posts\/12180"}],"collection":[{"href":"https:\/\/konsumpf.de\/index.php?rest_route=\/wp\/v2\/posts"}],"about":[{"href":"https:\/\/konsumpf.de\/index.php?rest_route=\/wp\/v2\/types\/post"}],"author":[{"embeddable":true,"href":"https:\/\/konsumpf.de\/index.php?rest_route=\/wp\/v2\/users\/1"}],"replies":[{"embeddable":true,"href":"https:\/\/konsumpf.de\/index.php?rest_route=%2Fwp%2Fv2%2Fcomments&post=12180"}],"version-history":[{"count":5,"href":"https:\/\/konsumpf.de\/index.php?rest_route=\/wp\/v2\/posts\/12180\/revisions"}],"predecessor-version":[{"id":12187,"href":"https:\/\/konsumpf.de\/index.php?rest_route=\/wp\/v2\/posts\/12180\/revisions\/12187"}],"wp:attachment":[{"href":"https:\/\/konsumpf.de\/index.php?rest_route=%2Fwp%2Fv2%2Fmedia&parent=12180"}],"wp:term":[{"taxonomy":"category","embeddable":true,"href":"https:\/\/konsumpf.de\/index.php?rest_route=%2Fwp%2Fv2%2Fcategories&post=12180"},{"taxonomy":"post_tag","embeddable":true,"href":"https:\/\/konsumpf.de\/index.php?rest_route=%2Fwp%2Fv2%2Ftags&post=12180"}],"curies":[{"name":"wp","href":"https:\/\/api.w.org\/{rel}","templated":true}]}}