{"id":12133,"date":"2011-06-20T09:31:18","date_gmt":"2011-06-20T07:31:18","guid":{"rendered":"http:\/\/konsumpf.de\/?p=12133"},"modified":"2011-06-16T16:33:44","modified_gmt":"2011-06-16T14:33:44","slug":"das-dienstwagenprivileg-%e2%80%93-verdeckte-subventionen-fur-die-autoindustrie","status":"publish","type":"post","link":"https:\/\/konsumpf.de\/?p=12133","title":{"rendered":"Das Dienstwagenprivileg \u2013 verdeckte Subventionen f\u00fcr die Autoindustrie"},"content":{"rendered":"<p><img loading=\"lazy\" decoding=\"async\" class=\"alignright size-thumbnail wp-image-12139\" title=\"eauto Jamais_contente\" src=\"http:\/\/konsumpf.de\/wp-content\/uploads\/2011\/06\/eauto-Jamais_contente-250x173.jpg\" alt=\"\" width=\"250\" height=\"173\" srcset=\"https:\/\/konsumpf.de\/wp-content\/uploads\/2011\/06\/eauto-Jamais_contente-250x173.jpg 250w, https:\/\/konsumpf.de\/wp-content\/uploads\/2011\/06\/eauto-Jamais_contente-300x208.jpg 300w, https:\/\/konsumpf.de\/wp-content\/uploads\/2011\/06\/eauto-Jamais_contente.jpg 478w\" sizes=\"(max-width: 250px) 100vw, 250px\" \/>Als Selbst\u00e4ndiger habe ich mir \u00fcber so manches, was im steuerlichen und wirtschaftlichen Alltag so abl\u00e4uft ehrlich gesagt noch nie so richtig Gedanken gemacht. Ich bin immer froh, wenn ich meine Steuererkl\u00e4rungen p\u00fcnktlich abgegeben habe, das Finanzamt sich ausnahmsweise mal nicht zu meinen Ungunsten verrechnet (wie in den letzten zwei Jahren geschehen, aber zum Gl\u00fcck von mir rechtzeitig bemerkt und dann auch vom Amt z\u00e4hneknirschend korrigiert) und ansonsten vom Staat in Ruhe gelassen werde. Auf irgendwelche Vorteile oder Verg\u00fctungen braucht man, wenn man selbst\u00e4ndig t\u00e4tig ist, in Deutschland sowieso gar nicht erst gro\u00dfartig zu hoffen, denn hierzulande gilt man als nicht abh\u00e4ngig Besch\u00e4ftigter eher als Staatsfeind (da man ja vergleichsweise unabh\u00e4ngig von den sonstigen Zw\u00e4ngen des Systems agieren kann) und muss dementsprechend auch gepiesackt werden. Das ist der Preis der (vergleichsweisen) Freiheit, \u00fcber die eigene Zeit und den Tagesablauf und auch das Arbeitspensum zumindest teilweise selbst bestimmen zu k\u00f6nnen.<br \/>\n<img loading=\"lazy\" decoding=\"async\" src=\"http:\/\/vg02.met.vgwort.de\/na\/b9b9cac13b2644b2ad065cfc3b59f202\" width=\"1\" height=\"1\" alt=\"\"><br \/>\n<!--more-->Etwas so Exotisches wie das sogenannte \u201eDienstwagenprivileg\u201c kommt in meinem Kosmos eigentlich nicht vor \u2013 zu absurd erscheint mir dieses Konstrukt, bei dem der Staat Unternehmen steuerliche Vorteile daf\u00fcr einr\u00e4umt, dass seine Mitarbeiter dicke Schlitten f\u00fcr fast lau fahren k\u00f6nnen, so dass sich offenbar viele Firmen animiert f\u00fchlen, teure und \u00fcbermotorisierte Autos zu kaufen. Auf Kosten der Steuerzahler, versteht sich, die diese Steuerersparnisse schlie\u00dflich gegenfinanzieren m\u00fcssen. Die Autoindustrie freut sich dar\u00fcber nat\u00fcrlich, erh\u00e4lt sie so doch indirekt staatliche Subventionen, um noch mehr von den Blechkarossen von den Flie\u00dfb\u00e4ndern laufen zu lassen. Das nun ausgerufene Zeitalter der Elektromobilit\u00e4t wird daran leider nichts \u00e4ndern, sondern p\u00e4ppelt die Autofirmen weiter auf, da sie auf Staatskosten an Prototypen herumwurschteln k\u00f6nnen, wie der Beitrag des ARD-Magazins Kontraste neulich zeigte \u2013 \u201e<a href=\"http:\/\/www.rbb-online.de\/kontraste\/archiv\/kontraste_vom_09_06\/teure_e_autos_als.html\"><strong>Teure E-Autos als Steuersparmodell &#8211; Dienstwagenprivileg macht&#8217;s m\u00f6glich<\/strong><\/a>\u201c. Wer so etwas jetzt zum Kotzen findet hat meine volle Sympathie:<\/p>\n<blockquote><p>Die Bundesregierung will Elektroautos f\u00f6rdern. Ihre Ziele:  weniger CO2-Aussto\u00df und mehr technologische Innovationen. Dabei sollen  auch Steuersenkungen helfen. Wie KONTRASTE zeigt, profitieren davon am  meisten die Besitzer teurer Elektro-Dienstwagen. Den Schaden tr\u00e4gt der  Steuerzahler. (&#8230;)<\/p>\n<p>Harry Lehmann, Umweltbundesamt<br \/>\n\u201eWeil das Dienstwagenprivileg die Anschaffung von Fahrzeugen, die gro\u00df sind und die viel Verbrauch haben f\u00f6rdert. Deswegen denken wir neben vielen anderen Ma\u00dfnahmen geh\u00f6rt dieses Dienstwagenprivileg abgeschafft oder \u00f6kologisch angepasst.\u201c<\/p>\n<p>\u00dcbrigens: Die Bundesregierung will den E-Mobilen auch mit anderen Privilegien zum Durchbruch verhelfen. Sie sollen auf jeder Busspur fahren d\u00fcrfen, fordert die Kanzlerin. Freie Fahrt f\u00fcr Elektrofahrzeuge und private Spritztouren auf Kosten der anderen Steuerzahler. (&#8230;)<\/p><\/blockquote>\n<p><object classid=\"clsid:d27cdb6e-ae6d-11cf-96b8-444553540000\" width=\"500\" height=\"314\" codebase=\"http:\/\/download.macromedia.com\/pub\/shockwave\/cabs\/flash\/swflash.cab#version=6,0,40,0\"><param name=\"allowFullScreen\" value=\"true\" \/><param name=\"allowscriptaccess\" value=\"always\" \/><param name=\"src\" value=\"http:\/\/www.youtube.com\/v\/nMiGLvpHpsc?version=3&amp;hl=de_DE\" \/><param name=\"allowfullscreen\" value=\"true\" \/><embed type=\"application\/x-shockwave-flash\" width=\"500\" height=\"314\" src=\"http:\/\/www.youtube.com\/v\/nMiGLvpHpsc?version=3&amp;hl=de_DE\" allowscriptaccess=\"always\" allowfullscreen=\"true\"><\/embed><\/object><\/p>\n<h3 class='related_post_title'>Verwandte Beitr\u00e4ge:<\/h3><ul class='related_post'><li><a href=\"http:\/\/konsumpf.de\/?p=12302\" title=\"Die dunkle Seite von Volkswagen\">Die dunkle Seite von Volkswagen<\/a><\/li><li><a href=\"http:\/\/konsumpf.de\/?p=9955\" title=\"Lesetipps: Umbau der Autoindustrie \/ Planer will Auto aus den K\u00f6pfen bekommen \/ Das \u201ekonfliktfreie\u201c iPhone \/ \u201eSeid faul und militant!\u201c \/ Wie die EU Fair-Trade-Produkte verhindert\">Lesetipps: Umbau der Autoindustrie \/ Planer will Auto aus den K\u00f6pfen bekommen \/ Das \u201ekonfliktfreie\u201c iPhone \/ \u201eSeid faul und militant!\u201c \/ Wie die EU Fair-Trade-Produkte verhindert<\/a><\/li><li><a href=\"http:\/\/konsumpf.de\/?p=5830\" title=\"Verursachen Elektroautos die n\u00e4chste Umweltkrise?\">Verursachen Elektroautos die n\u00e4chste Umweltkrise?<\/a><\/li><li><a href=\"http:\/\/konsumpf.de\/?p=2990\" title=\"\u201eVerschrotten f\u00fcr die Konjunktur\u201c\">\u201eVerschrotten f\u00fcr die Konjunktur\u201c<\/a><\/li><li><a href=\"http:\/\/konsumpf.de\/?p=1898\" title=\"Eine Stadt f\u00fcr die Menschen\">Eine Stadt f\u00fcr die Menschen<\/a><\/li><\/ul>","protected":false},"excerpt":{"rendered":"<p>Als Selbst\u00e4ndiger habe ich mir \u00fcber so manches, was im steuerlichen und wirtschaftlichen Alltag so abl\u00e4uft ehrlich gesagt noch nie so richtig Gedanken gemacht. Ich bin immer froh, wenn ich meine Steuererkl\u00e4rungen p\u00fcnktlich abgegeben habe, das Finanzamt sich ausnahmsweise mal nicht zu meinen Ungunsten verrechnet (wie in den letzten zwei Jahren geschehen, aber zum Gl\u00fcck [&hellip;]<\/p>\n","protected":false},"author":1,"featured_media":0,"comment_status":"open","ping_status":"open","sticky":false,"template":"","format":"standard","meta":{"footnotes":""},"categories":[320,53,568,78],"tags":[110,318,2237,1037,1302,2238,1934],"yoast_head":"<!-- This site is optimized with the Yoast SEO plugin v24.4 - https:\/\/yoast.com\/wordpress\/plugins\/seo\/ -->\n<title>Das Dienstwagenprivileg \u2013 verdeckte Subventionen f\u00fcr die Autoindustrie - Konsumpf - Forum f\u00fcr kreative Konsumkritik - Culture Jamming, Nachhaltigkeit, Konzernkritik, Adbusting<\/title>\n<meta name=\"robots\" content=\"index, follow, max-snippet:-1, max-image-preview:large, max-video-preview:-1\" \/>\n<link rel=\"canonical\" href=\"https:\/\/konsumpf.de\/?p=12133\" \/>\n<meta property=\"og:locale\" content=\"de_DE\" \/>\n<meta property=\"og:type\" content=\"article\" \/>\n<meta property=\"og:title\" content=\"Das Dienstwagenprivileg \u2013 verdeckte Subventionen f\u00fcr die Autoindustrie - Konsumpf - Forum f\u00fcr kreative Konsumkritik - Culture Jamming, Nachhaltigkeit, Konzernkritik, Adbusting\" \/>\n<meta property=\"og:description\" content=\"Als Selbst\u00e4ndiger habe ich mir \u00fcber so manches, was im steuerlichen und wirtschaftlichen Alltag so abl\u00e4uft ehrlich gesagt noch nie so richtig Gedanken gemacht. Ich bin immer froh, wenn ich meine Steuererkl\u00e4rungen p\u00fcnktlich abgegeben habe, das Finanzamt sich ausnahmsweise mal nicht zu meinen Ungunsten verrechnet (wie in den letzten zwei Jahren geschehen, aber zum Gl\u00fcck [&hellip;]\" \/>\n<meta property=\"og:url\" content=\"https:\/\/konsumpf.de\/?p=12133\" \/>\n<meta property=\"og:site_name\" content=\"Konsumpf - Forum f\u00fcr kreative Konsumkritik - Culture Jamming, Nachhaltigkeit, Konzernkritik, Adbusting\" \/>\n<meta property=\"article:published_time\" content=\"2011-06-20T07:31:18+00:00\" \/>\n<meta property=\"og:image\" content=\"http:\/\/konsumpf.de\/wp-content\/uploads\/2011\/06\/eauto-Jamais_contente-250x173.jpg\" \/>\n<meta name=\"author\" content=\"Peter M.\" \/>\n<meta name=\"twitter:card\" content=\"summary_large_image\" \/>\n<meta name=\"twitter:label1\" content=\"Verfasst von\" \/>\n\t<meta name=\"twitter:data1\" content=\"Peter M.\" \/>\n\t<meta name=\"twitter:label2\" content=\"Gesch\u00e4tzte Lesezeit\" \/>\n\t<meta name=\"twitter:data2\" content=\"2\u00a0Minuten\" \/>\n<script type=\"application\/ld+json\" class=\"yoast-schema-graph\">{\"@context\":\"https:\/\/schema.org\",\"@graph\":[{\"@type\":\"WebPage\",\"@id\":\"https:\/\/konsumpf.de\/?p=12133\",\"url\":\"https:\/\/konsumpf.de\/?p=12133\",\"name\":\"Das Dienstwagenprivileg \u2013 verdeckte Subventionen f\u00fcr die Autoindustrie - Konsumpf - Forum f\u00fcr kreative Konsumkritik - Culture Jamming, Nachhaltigkeit, Konzernkritik, Adbusting\",\"isPartOf\":{\"@id\":\"https:\/\/konsumpf.de\/#website\"},\"primaryImageOfPage\":{\"@id\":\"https:\/\/konsumpf.de\/?p=12133#primaryimage\"},\"image\":{\"@id\":\"https:\/\/konsumpf.de\/?p=12133#primaryimage\"},\"thumbnailUrl\":\"http:\/\/konsumpf.de\/wp-content\/uploads\/2011\/06\/eauto-Jamais_contente-250x173.jpg\",\"datePublished\":\"2011-06-20T07:31:18+00:00\",\"author\":{\"@id\":\"https:\/\/konsumpf.de\/#\/schema\/person\/e595a6d286b26994e7e0926d70699070\"},\"breadcrumb\":{\"@id\":\"https:\/\/konsumpf.de\/?p=12133#breadcrumb\"},\"inLanguage\":\"de\",\"potentialAction\":[{\"@type\":\"ReadAction\",\"target\":[\"https:\/\/konsumpf.de\/?p=12133\"]}]},{\"@type\":\"ImageObject\",\"inLanguage\":\"de\",\"@id\":\"https:\/\/konsumpf.de\/?p=12133#primaryimage\",\"url\":\"https:\/\/konsumpf.de\/wp-content\/uploads\/2011\/06\/eauto-Jamais_contente.jpg\",\"contentUrl\":\"https:\/\/konsumpf.de\/wp-content\/uploads\/2011\/06\/eauto-Jamais_contente.jpg\",\"width\":\"478\",\"height\":\"332\"},{\"@type\":\"BreadcrumbList\",\"@id\":\"https:\/\/konsumpf.de\/?p=12133#breadcrumb\",\"itemListElement\":[{\"@type\":\"ListItem\",\"position\":1,\"name\":\"Startseite\",\"item\":\"https:\/\/konsumpf.de\/\"},{\"@type\":\"ListItem\",\"position\":2,\"name\":\"Das Dienstwagenprivileg \u2013 verdeckte Subventionen f\u00fcr die Autoindustrie\"}]},{\"@type\":\"WebSite\",\"@id\":\"https:\/\/konsumpf.de\/#website\",\"url\":\"https:\/\/konsumpf.de\/\",\"name\":\"Konsumpf - Forum f\u00fcr kreative Konsumkritik - Culture Jamming, Nachhaltigkeit, Konzernkritik, Adbusting\",\"description\":\"\",\"potentialAction\":[{\"@type\":\"SearchAction\",\"target\":{\"@type\":\"EntryPoint\",\"urlTemplate\":\"https:\/\/konsumpf.de\/?s={search_term_string}\"},\"query-input\":{\"@type\":\"PropertyValueSpecification\",\"valueRequired\":true,\"valueName\":\"search_term_string\"}}],\"inLanguage\":\"de\"},{\"@type\":\"Person\",\"@id\":\"https:\/\/konsumpf.de\/#\/schema\/person\/e595a6d286b26994e7e0926d70699070\",\"name\":\"Peter M.\",\"sameAs\":[\"http:\/\/konsumpf.de\"]}]}<\/script>\n<!-- \/ Yoast SEO plugin. -->","yoast_head_json":{"title":"Das Dienstwagenprivileg \u2013 verdeckte Subventionen f\u00fcr die Autoindustrie - Konsumpf - Forum f\u00fcr kreative Konsumkritik - Culture Jamming, Nachhaltigkeit, Konzernkritik, Adbusting","robots":{"index":"index","follow":"follow","max-snippet":"max-snippet:-1","max-image-preview":"max-image-preview:large","max-video-preview":"max-video-preview:-1"},"canonical":"https:\/\/konsumpf.de\/?p=12133","og_locale":"de_DE","og_type":"article","og_title":"Das Dienstwagenprivileg \u2013 verdeckte Subventionen f\u00fcr die Autoindustrie - Konsumpf - Forum f\u00fcr kreative Konsumkritik - Culture Jamming, Nachhaltigkeit, Konzernkritik, Adbusting","og_description":"Als Selbst\u00e4ndiger habe ich mir \u00fcber so manches, was im steuerlichen und wirtschaftlichen Alltag so abl\u00e4uft ehrlich gesagt noch nie so richtig Gedanken gemacht. Ich bin immer froh, wenn ich meine Steuererkl\u00e4rungen p\u00fcnktlich abgegeben habe, das Finanzamt sich ausnahmsweise mal nicht zu meinen Ungunsten verrechnet (wie in den letzten zwei Jahren geschehen, aber zum Gl\u00fcck [&hellip;]","og_url":"https:\/\/konsumpf.de\/?p=12133","og_site_name":"Konsumpf - Forum f\u00fcr kreative Konsumkritik - Culture Jamming, Nachhaltigkeit, Konzernkritik, Adbusting","article_published_time":"2011-06-20T07:31:18+00:00","og_image":[{"url":"http:\/\/konsumpf.de\/wp-content\/uploads\/2011\/06\/eauto-Jamais_contente-250x173.jpg","type":"","width":"","height":""}],"author":"Peter M.","twitter_card":"summary_large_image","twitter_misc":{"Verfasst von":"Peter M.","Gesch\u00e4tzte Lesezeit":"2\u00a0Minuten"},"schema":{"@context":"https:\/\/schema.org","@graph":[{"@type":"WebPage","@id":"https:\/\/konsumpf.de\/?p=12133","url":"https:\/\/konsumpf.de\/?p=12133","name":"Das Dienstwagenprivileg \u2013 verdeckte Subventionen f\u00fcr die Autoindustrie - Konsumpf - Forum f\u00fcr kreative Konsumkritik - Culture Jamming, Nachhaltigkeit, Konzernkritik, Adbusting","isPartOf":{"@id":"https:\/\/konsumpf.de\/#website"},"primaryImageOfPage":{"@id":"https:\/\/konsumpf.de\/?p=12133#primaryimage"},"image":{"@id":"https:\/\/konsumpf.de\/?p=12133#primaryimage"},"thumbnailUrl":"http:\/\/konsumpf.de\/wp-content\/uploads\/2011\/06\/eauto-Jamais_contente-250x173.jpg","datePublished":"2011-06-20T07:31:18+00:00","author":{"@id":"https:\/\/konsumpf.de\/#\/schema\/person\/e595a6d286b26994e7e0926d70699070"},"breadcrumb":{"@id":"https:\/\/konsumpf.de\/?p=12133#breadcrumb"},"inLanguage":"de","potentialAction":[{"@type":"ReadAction","target":["https:\/\/konsumpf.de\/?p=12133"]}]},{"@type":"ImageObject","inLanguage":"de","@id":"https:\/\/konsumpf.de\/?p=12133#primaryimage","url":"https:\/\/konsumpf.de\/wp-content\/uploads\/2011\/06\/eauto-Jamais_contente.jpg","contentUrl":"https:\/\/konsumpf.de\/wp-content\/uploads\/2011\/06\/eauto-Jamais_contente.jpg","width":"478","height":"332"},{"@type":"BreadcrumbList","@id":"https:\/\/konsumpf.de\/?p=12133#breadcrumb","itemListElement":[{"@type":"ListItem","position":1,"name":"Startseite","item":"https:\/\/konsumpf.de\/"},{"@type":"ListItem","position":2,"name":"Das Dienstwagenprivileg \u2013 verdeckte Subventionen f\u00fcr die Autoindustrie"}]},{"@type":"WebSite","@id":"https:\/\/konsumpf.de\/#website","url":"https:\/\/konsumpf.de\/","name":"Konsumpf - Forum f\u00fcr kreative Konsumkritik - Culture Jamming, Nachhaltigkeit, Konzernkritik, Adbusting","description":"","potentialAction":[{"@type":"SearchAction","target":{"@type":"EntryPoint","urlTemplate":"https:\/\/konsumpf.de\/?s={search_term_string}"},"query-input":{"@type":"PropertyValueSpecification","valueRequired":true,"valueName":"search_term_string"}}],"inLanguage":"de"},{"@type":"Person","@id":"https:\/\/konsumpf.de\/#\/schema\/person\/e595a6d286b26994e7e0926d70699070","name":"Peter M.","sameAs":["http:\/\/konsumpf.de"]}]}},"_links":{"self":[{"href":"https:\/\/konsumpf.de\/index.php?rest_route=\/wp\/v2\/posts\/12133"}],"collection":[{"href":"https:\/\/konsumpf.de\/index.php?rest_route=\/wp\/v2\/posts"}],"about":[{"href":"https:\/\/konsumpf.de\/index.php?rest_route=\/wp\/v2\/types\/post"}],"author":[{"embeddable":true,"href":"https:\/\/konsumpf.de\/index.php?rest_route=\/wp\/v2\/users\/1"}],"replies":[{"embeddable":true,"href":"https:\/\/konsumpf.de\/index.php?rest_route=%2Fwp%2Fv2%2Fcomments&post=12133"}],"version-history":[{"count":8,"href":"https:\/\/konsumpf.de\/index.php?rest_route=\/wp\/v2\/posts\/12133\/revisions"}],"predecessor-version":[{"id":12147,"href":"https:\/\/konsumpf.de\/index.php?rest_route=\/wp\/v2\/posts\/12133\/revisions\/12147"}],"wp:attachment":[{"href":"https:\/\/konsumpf.de\/index.php?rest_route=%2Fwp%2Fv2%2Fmedia&parent=12133"}],"wp:term":[{"taxonomy":"category","embeddable":true,"href":"https:\/\/konsumpf.de\/index.php?rest_route=%2Fwp%2Fv2%2Fcategories&post=12133"},{"taxonomy":"post_tag","embeddable":true,"href":"https:\/\/konsumpf.de\/index.php?rest_route=%2Fwp%2Fv2%2Ftags&post=12133"}],"curies":[{"name":"wp","href":"https:\/\/api.w.org\/{rel}","templated":true}]}}