{"id":11859,"date":"2011-05-20T10:05:54","date_gmt":"2011-05-20T08:05:54","guid":{"rendered":"http:\/\/konsumpf.de\/?p=11859"},"modified":"2011-05-18T11:34:22","modified_gmt":"2011-05-18T09:34:22","slug":"die-wahl-zum-goldenen-windbeutel-2011-%e2%80%93-die-dreisteste-werbeluge-des-jahres","status":"publish","type":"post","link":"https:\/\/konsumpf.de\/?p=11859","title":{"rendered":"Die Wahl zum Goldenen Windbeutel 2011 \u2013 die dreisteste Werbel\u00fcge des Jahres"},"content":{"rendered":"<p>Alle Jahre wieder k\u00fcrt die Verbraucherschutzorganisation <strong>Foodwatch<\/strong> ein Produkt zum \u201e<a href=\"http:\/\/www.abgespeist.de\/der_goldene_windbeutel_2011\/index_ger.html\"><strong>Goldenen Windbeutel<\/strong><\/a>\u201c \u2013 nominiert sind Firmen, deren Reklame besonders irref\u00fchrend oder dreist ist und die das Blaue vom Himmel versprechen, ohne dass das dahinterstehende Produkt dies rechtfertigen w\u00fcrde. 2011 stehen folgende Unternehmen zur Wahl (zum Gl\u00fcck alles Sachen, die ich eh nicht kaufen w\u00fcrde):<\/p>\n<blockquote><p><strong>Nimm2 von Storck<\/strong><br \/>\nDer \u00fcberfl\u00fcssige k\u00fcnstliche Vitamincocktail macht die Bonbons nicht ges\u00fcnder als andere.<\/p>\n<p><strong>Schlemmert\u00f6pfchen Feine G\u00fcrkchen von K\u00fchne<\/strong><br \/>\nAu\u00dfen angebliches Traditionsprodukt, innen standardisierte Industrieware mit Farbstoff und Aromen.<\/p>\n<p><strong>Ferdi Fuchs Mini-W\u00fcrstchen von Stockmeyer<\/strong><br \/>\nZu viel Salz f\u00fcr ein angeblich gesundes Kinderprodukt und damit ein Beitrag zum sp\u00e4teren Bluthochdruck.<\/p>\n<p><strong>Activia von Danone<\/strong><br \/>\nGarant f\u00fcr perfekte Verdauung? Keineswegs \u2013 kann die Verdauung nicht mal eben regulieren.<\/p>\n<p><strong>Milch-Schnitte von Ferrero<\/strong><br \/>\nKeine \u201eleichte\u201c Zwischenmahlzeit. Enth\u00e4lt mehr Zucker und Fett als Schoko-Sahne-Torte.<\/p><\/blockquote>\n<p><object classid=\"clsid:d27cdb6e-ae6d-11cf-96b8-444553540000\" width=\"500\" height=\"314\" codebase=\"http:\/\/download.macromedia.com\/pub\/shockwave\/cabs\/flash\/swflash.cab#version=6,0,40,0\"><param name=\"allowFullScreen\" value=\"true\" \/><param name=\"allowscriptaccess\" value=\"always\" \/><param name=\"src\" value=\"http:\/\/www.youtube.com\/v\/NtNLmLM7mso?fs=1&amp;hl=de_DE\" \/><param name=\"allowfullscreen\" value=\"true\" \/><embed type=\"application\/x-shockwave-flash\" width=\"500\" height=\"314\" src=\"http:\/\/www.youtube.com\/v\/NtNLmLM7mso?fs=1&amp;hl=de_DE\" allowscriptaccess=\"always\" allowfullscreen=\"true\"><\/embed><\/object><\/p>\n<p><object classid=\"clsid:d27cdb6e-ae6d-11cf-96b8-444553540000\" width=\"380\" height=\"235\" codebase=\"http:\/\/download.macromedia.com\/pub\/shockwave\/cabs\/flash\/swflash.cab#version=6,0,40,0\"><param name=\"src\" value=\"http:\/\/d1ig5sym2d8b6v.cloudfront.net\/windbeutel_2011\/windbeutel-Querformat_bl.swf\" \/><embed type=\"application\/x-shockwave-flash\" width=\"380\" height=\"235\" src=\"http:\/\/d1ig5sym2d8b6v.cloudfront.net\/windbeutel_2011\/windbeutel-Querformat_bl.swf\"><\/embed><\/object><\/p>\n<h3 class='related_post_title'>Verwandte Beitr\u00e4ge:<\/h3><ul class='related_post'><li><a href=\"http:\/\/konsumpf.de\/?p=14889\" title=\"Die Werbel\u00fcge des Jahres\">Die Werbel\u00fcge des Jahres<\/a><\/li><li><a href=\"http:\/\/konsumpf.de\/?p=14818\" title=\"McDonald&#8217;s raus aus der Schule!\">McDonald&#8217;s raus aus der Schule!<\/a><\/li><li><a href=\"http:\/\/konsumpf.de\/?p=13905\" title=\"Wie die Industrie aus Kindern Junkfood-Junkies macht\">Wie die Industrie aus Kindern Junkfood-Junkies macht<\/a><\/li><li><a href=\"http:\/\/konsumpf.de\/?p=13132\" title=\"Suchanfragen des Monats: Irref\u00fchrende Werbung, Weltuntergang, Privatfernsehen, Angst\">Suchanfragen des Monats: Irref\u00fchrende Werbung, Weltuntergang, Privatfernsehen, Angst<\/a><\/li><li><a href=\"http:\/\/konsumpf.de\/?p=6014\" title=\"Werbung gegen Realit\u00e4t, Teil 13 \u2013 Das M\u00e4rchen vom \u00d6ko-Image\">Werbung gegen Realit\u00e4t, Teil 13 \u2013 Das M\u00e4rchen vom \u00d6ko-Image<\/a><\/li><\/ul>","protected":false},"excerpt":{"rendered":"<p>Alle Jahre wieder k\u00fcrt die Verbraucherschutzorganisation Foodwatch ein Produkt zum \u201eGoldenen Windbeutel\u201c \u2013 nominiert sind Firmen, deren Reklame besonders irref\u00fchrend oder dreist ist und die das Blaue vom Himmel versprechen, ohne dass das dahinterstehende Produkt dies rechtfertigen w\u00fcrde. 2011 stehen folgende Unternehmen zur Wahl (zum Gl\u00fcck alles Sachen, die ich eh nicht kaufen w\u00fcrde): Nimm2 [&hellip;]<\/p>\n","protected":false},"author":1,"featured_media":0,"comment_status":"open","ping_status":"open","sticky":false,"template":"","format":"standard","meta":{"footnotes":""},"categories":[1097,20],"tags":[621,255,274,19],"yoast_head":"<!-- This site is optimized with the Yoast SEO plugin v24.4 - https:\/\/yoast.com\/wordpress\/plugins\/seo\/ -->\n<title>Die Wahl zum Goldenen Windbeutel 2011 \u2013 die dreisteste Werbel\u00fcge des Jahres - Konsumpf - Forum f\u00fcr kreative Konsumkritik - Culture Jamming, Nachhaltigkeit, Konzernkritik, Adbusting<\/title>\n<meta name=\"robots\" content=\"index, follow, max-snippet:-1, max-image-preview:large, max-video-preview:-1\" \/>\n<link rel=\"canonical\" href=\"https:\/\/konsumpf.de\/?p=11859\" \/>\n<meta property=\"og:locale\" content=\"de_DE\" \/>\n<meta property=\"og:type\" content=\"article\" \/>\n<meta property=\"og:title\" content=\"Die Wahl zum Goldenen Windbeutel 2011 \u2013 die dreisteste Werbel\u00fcge des Jahres - Konsumpf - Forum f\u00fcr kreative Konsumkritik - Culture Jamming, Nachhaltigkeit, Konzernkritik, Adbusting\" \/>\n<meta property=\"og:description\" content=\"Alle Jahre wieder k\u00fcrt die Verbraucherschutzorganisation Foodwatch ein Produkt zum \u201eGoldenen Windbeutel\u201c \u2013 nominiert sind Firmen, deren Reklame besonders irref\u00fchrend oder dreist ist und die das Blaue vom Himmel versprechen, ohne dass das dahinterstehende Produkt dies rechtfertigen w\u00fcrde. 2011 stehen folgende Unternehmen zur Wahl (zum Gl\u00fcck alles Sachen, die ich eh nicht kaufen w\u00fcrde): Nimm2 [&hellip;]\" \/>\n<meta property=\"og:url\" content=\"https:\/\/konsumpf.de\/?p=11859\" \/>\n<meta property=\"og:site_name\" content=\"Konsumpf - Forum f\u00fcr kreative Konsumkritik - Culture Jamming, Nachhaltigkeit, Konzernkritik, Adbusting\" \/>\n<meta property=\"article:published_time\" content=\"2011-05-20T08:05:54+00:00\" \/>\n<meta name=\"author\" content=\"Peter M.\" \/>\n<meta name=\"twitter:card\" content=\"summary_large_image\" \/>\n<meta name=\"twitter:label1\" content=\"Verfasst von\" \/>\n\t<meta name=\"twitter:data1\" content=\"Peter M.\" \/>\n\t<meta name=\"twitter:label2\" content=\"Gesch\u00e4tzte Lesezeit\" \/>\n\t<meta name=\"twitter:data2\" content=\"1\u00a0Minute\" \/>\n<script type=\"application\/ld+json\" class=\"yoast-schema-graph\">{\"@context\":\"https:\/\/schema.org\",\"@graph\":[{\"@type\":\"WebPage\",\"@id\":\"https:\/\/konsumpf.de\/?p=11859\",\"url\":\"https:\/\/konsumpf.de\/?p=11859\",\"name\":\"Die Wahl zum Goldenen Windbeutel 2011 \u2013 die dreisteste Werbel\u00fcge des Jahres - Konsumpf - Forum f\u00fcr kreative Konsumkritik - Culture Jamming, Nachhaltigkeit, Konzernkritik, Adbusting\",\"isPartOf\":{\"@id\":\"https:\/\/konsumpf.de\/#website\"},\"datePublished\":\"2011-05-20T08:05:54+00:00\",\"author\":{\"@id\":\"https:\/\/konsumpf.de\/#\/schema\/person\/e595a6d286b26994e7e0926d70699070\"},\"breadcrumb\":{\"@id\":\"https:\/\/konsumpf.de\/?p=11859#breadcrumb\"},\"inLanguage\":\"de\",\"potentialAction\":[{\"@type\":\"ReadAction\",\"target\":[\"https:\/\/konsumpf.de\/?p=11859\"]}]},{\"@type\":\"BreadcrumbList\",\"@id\":\"https:\/\/konsumpf.de\/?p=11859#breadcrumb\",\"itemListElement\":[{\"@type\":\"ListItem\",\"position\":1,\"name\":\"Startseite\",\"item\":\"https:\/\/konsumpf.de\/\"},{\"@type\":\"ListItem\",\"position\":2,\"name\":\"Die Wahl zum Goldenen Windbeutel 2011 \u2013 die dreisteste Werbel\u00fcge des Jahres\"}]},{\"@type\":\"WebSite\",\"@id\":\"https:\/\/konsumpf.de\/#website\",\"url\":\"https:\/\/konsumpf.de\/\",\"name\":\"Konsumpf - Forum f\u00fcr kreative Konsumkritik - Culture Jamming, Nachhaltigkeit, Konzernkritik, Adbusting\",\"description\":\"\",\"potentialAction\":[{\"@type\":\"SearchAction\",\"target\":{\"@type\":\"EntryPoint\",\"urlTemplate\":\"https:\/\/konsumpf.de\/?s={search_term_string}\"},\"query-input\":{\"@type\":\"PropertyValueSpecification\",\"valueRequired\":true,\"valueName\":\"search_term_string\"}}],\"inLanguage\":\"de\"},{\"@type\":\"Person\",\"@id\":\"https:\/\/konsumpf.de\/#\/schema\/person\/e595a6d286b26994e7e0926d70699070\",\"name\":\"Peter M.\",\"sameAs\":[\"http:\/\/konsumpf.de\"]}]}<\/script>\n<!-- \/ Yoast SEO plugin. -->","yoast_head_json":{"title":"Die Wahl zum Goldenen Windbeutel 2011 \u2013 die dreisteste Werbel\u00fcge des Jahres - Konsumpf - Forum f\u00fcr kreative Konsumkritik - Culture Jamming, Nachhaltigkeit, Konzernkritik, Adbusting","robots":{"index":"index","follow":"follow","max-snippet":"max-snippet:-1","max-image-preview":"max-image-preview:large","max-video-preview":"max-video-preview:-1"},"canonical":"https:\/\/konsumpf.de\/?p=11859","og_locale":"de_DE","og_type":"article","og_title":"Die Wahl zum Goldenen Windbeutel 2011 \u2013 die dreisteste Werbel\u00fcge des Jahres - Konsumpf - Forum f\u00fcr kreative Konsumkritik - Culture Jamming, Nachhaltigkeit, Konzernkritik, Adbusting","og_description":"Alle Jahre wieder k\u00fcrt die Verbraucherschutzorganisation Foodwatch ein Produkt zum \u201eGoldenen Windbeutel\u201c \u2013 nominiert sind Firmen, deren Reklame besonders irref\u00fchrend oder dreist ist und die das Blaue vom Himmel versprechen, ohne dass das dahinterstehende Produkt dies rechtfertigen w\u00fcrde. 2011 stehen folgende Unternehmen zur Wahl (zum Gl\u00fcck alles Sachen, die ich eh nicht kaufen w\u00fcrde): Nimm2 [&hellip;]","og_url":"https:\/\/konsumpf.de\/?p=11859","og_site_name":"Konsumpf - Forum f\u00fcr kreative Konsumkritik - Culture Jamming, Nachhaltigkeit, Konzernkritik, Adbusting","article_published_time":"2011-05-20T08:05:54+00:00","author":"Peter M.","twitter_card":"summary_large_image","twitter_misc":{"Verfasst von":"Peter M.","Gesch\u00e4tzte Lesezeit":"1\u00a0Minute"},"schema":{"@context":"https:\/\/schema.org","@graph":[{"@type":"WebPage","@id":"https:\/\/konsumpf.de\/?p=11859","url":"https:\/\/konsumpf.de\/?p=11859","name":"Die Wahl zum Goldenen Windbeutel 2011 \u2013 die dreisteste Werbel\u00fcge des Jahres - Konsumpf - Forum f\u00fcr kreative Konsumkritik - Culture Jamming, Nachhaltigkeit, Konzernkritik, Adbusting","isPartOf":{"@id":"https:\/\/konsumpf.de\/#website"},"datePublished":"2011-05-20T08:05:54+00:00","author":{"@id":"https:\/\/konsumpf.de\/#\/schema\/person\/e595a6d286b26994e7e0926d70699070"},"breadcrumb":{"@id":"https:\/\/konsumpf.de\/?p=11859#breadcrumb"},"inLanguage":"de","potentialAction":[{"@type":"ReadAction","target":["https:\/\/konsumpf.de\/?p=11859"]}]},{"@type":"BreadcrumbList","@id":"https:\/\/konsumpf.de\/?p=11859#breadcrumb","itemListElement":[{"@type":"ListItem","position":1,"name":"Startseite","item":"https:\/\/konsumpf.de\/"},{"@type":"ListItem","position":2,"name":"Die Wahl zum Goldenen Windbeutel 2011 \u2013 die dreisteste Werbel\u00fcge des Jahres"}]},{"@type":"WebSite","@id":"https:\/\/konsumpf.de\/#website","url":"https:\/\/konsumpf.de\/","name":"Konsumpf - Forum f\u00fcr kreative Konsumkritik - Culture Jamming, Nachhaltigkeit, Konzernkritik, Adbusting","description":"","potentialAction":[{"@type":"SearchAction","target":{"@type":"EntryPoint","urlTemplate":"https:\/\/konsumpf.de\/?s={search_term_string}"},"query-input":{"@type":"PropertyValueSpecification","valueRequired":true,"valueName":"search_term_string"}}],"inLanguage":"de"},{"@type":"Person","@id":"https:\/\/konsumpf.de\/#\/schema\/person\/e595a6d286b26994e7e0926d70699070","name":"Peter M.","sameAs":["http:\/\/konsumpf.de"]}]}},"_links":{"self":[{"href":"https:\/\/konsumpf.de\/index.php?rest_route=\/wp\/v2\/posts\/11859"}],"collection":[{"href":"https:\/\/konsumpf.de\/index.php?rest_route=\/wp\/v2\/posts"}],"about":[{"href":"https:\/\/konsumpf.de\/index.php?rest_route=\/wp\/v2\/types\/post"}],"author":[{"embeddable":true,"href":"https:\/\/konsumpf.de\/index.php?rest_route=\/wp\/v2\/users\/1"}],"replies":[{"embeddable":true,"href":"https:\/\/konsumpf.de\/index.php?rest_route=%2Fwp%2Fv2%2Fcomments&post=11859"}],"version-history":[{"count":4,"href":"https:\/\/konsumpf.de\/index.php?rest_route=\/wp\/v2\/posts\/11859\/revisions"}],"predecessor-version":[{"id":11862,"href":"https:\/\/konsumpf.de\/index.php?rest_route=\/wp\/v2\/posts\/11859\/revisions\/11862"}],"wp:attachment":[{"href":"https:\/\/konsumpf.de\/index.php?rest_route=%2Fwp%2Fv2%2Fmedia&parent=11859"}],"wp:term":[{"taxonomy":"category","embeddable":true,"href":"https:\/\/konsumpf.de\/index.php?rest_route=%2Fwp%2Fv2%2Fcategories&post=11859"},{"taxonomy":"post_tag","embeddable":true,"href":"https:\/\/konsumpf.de\/index.php?rest_route=%2Fwp%2Fv2%2Ftags&post=11859"}],"curies":[{"name":"wp","href":"https:\/\/api.w.org\/{rel}","templated":true}]}}