{"id":11838,"date":"2011-05-14T10:20:46","date_gmt":"2011-05-14T08:20:46","guid":{"rendered":"http:\/\/konsumpf.de\/?p=11838"},"modified":"2011-05-13T12:23:39","modified_gmt":"2011-05-13T10:23:39","slug":"studie-zu-blogs","status":"publish","type":"post","link":"https:\/\/konsumpf.de\/?p=11838","title":{"rendered":"Studie zu Blogs"},"content":{"rendered":"<p>Heute m\u00f6chte ich Euch mal wieder zur Beteiligung an einer wissenschaftlichen <strong>Studie<\/strong> animieren, in der es um Weblogs und deren Nutzung (und Nutzer) geht \u2013 hier der Infotext von <strong>Stefan Mayer<\/strong>:<\/p>\n<blockquote><p>Ich f\u00fchre im Rahmen meiner Diplomarbeit eine Studie zu Blogs durch. Erstmals soll es dabei nicht nur um die Autoren von Blogs gehen, sondern um das \u00bbgro\u00dfe Ganze\u00ab, also sowohl um Autoren, als auch um deren Leser. Anhand einiger Fragen zur Nutzung und zu Beweggr\u00fcnden wie auch anhand ein paar standardisierter Frageb\u00f6gen hoffe ich, einen tieferen, wissenschaftlichen Einblick in die Blog-Welt zu bekommen. Also Fragen wie \u00bbSind sich Blog-Autor und Leser \u00e4hnlich? Was bewegt einen dazu, ein Blog zu f\u00fchren. Oder eines zu lesen? Entstehen vielleicht sogar Freundschaften durch Blogs?\u00ab<\/p>\n<p>Neben Lesern und einer Kontrollgruppe ben\u00f6tige ich daf\u00fcr aber nat\u00fcrlich in erster Linie auch Blogger. Als kleine Aufwandsentsch\u00e4digung kann man allgemeines Feedback zur Studie oder ein pers\u00f6nliches Feedback zu den eingesetzten Frageb\u00f6gen erhalten. Au\u00dferdem gibt es eine Verlosung \u00fcber 5 x 50 EUR unter allen Teilnehmern.<\/p><\/blockquote>\n<p><a href=\"http:\/\/psymet03.sowi.uni-mainz.de\/survey\/index.php?sid=29452&amp;lang=de\">Und hier geht&#8217;s zum Onlinefragebogen.<\/a><\/p>\n<h3 class='related_post_title'>Verwandte Beitr\u00e4ge:<\/h3><ul class='related_post'><li><a href=\"http:\/\/konsumpf.de\/?p=4441\" title=\"Die Krake des Kommerz: Immer mehr Unternehmen bezahlen Blogger f\u00fcr gesch\u00f6nte Beitr\u00e4ge\">Die Krake des Kommerz: Immer mehr Unternehmen bezahlen Blogger f\u00fcr gesch\u00f6nte Beitr\u00e4ge<\/a><\/li><li><a href=\"http:\/\/konsumpf.de\/?p=15404\" title=\"Mein Leben als Werbefl\u00e4che: Youtube und die Generation Z\">Mein Leben als Werbefl\u00e4che: Youtube und die Generation Z<\/a><\/li><li><a href=\"http:\/\/konsumpf.de\/?p=15369\" title=\"Daten her!\">Daten her!<\/a><\/li><li><a href=\"http:\/\/konsumpf.de\/?p=15282\" title=\"Native Ads: Werbung oder Journalismus?\">Native Ads: Werbung oder Journalismus?<\/a><\/li><li><a href=\"http:\/\/konsumpf.de\/?p=15163\" title=\"Lesetipps: Materialismus macht krank |\u00a0Heile Bio-Welt? | Nespresso-M\u00fcll | Werbevideos | Filmeverschenken\">Lesetipps: Materialismus macht krank |\u00a0Heile Bio-Welt? | Nespresso-M\u00fcll | Werbevideos | Filmeverschenken<\/a><\/li><\/ul>","protected":false},"excerpt":{"rendered":"<p>Heute m\u00f6chte ich Euch mal wieder zur Beteiligung an einer wissenschaftlichen Studie animieren, in der es um Weblogs und deren Nutzung (und Nutzer) geht \u2013 hier der Infotext von Stefan Mayer: Ich f\u00fchre im Rahmen meiner Diplomarbeit eine Studie zu Blogs durch. Erstmals soll es dabei nicht nur um die Autoren von Blogs gehen, sondern [&hellip;]<\/p>\n","protected":false},"author":1,"featured_media":0,"comment_status":"open","ping_status":"open","sticky":false,"template":"","format":"standard","meta":{"footnotes":""},"categories":[265],"tags":[779,2882,506],"yoast_head":"<!-- This site is optimized with the Yoast SEO plugin v24.4 - https:\/\/yoast.com\/wordpress\/plugins\/seo\/ -->\n<title>Studie zu Blogs - Konsumpf - Forum f\u00fcr kreative Konsumkritik - Culture Jamming, Nachhaltigkeit, Konzernkritik, Adbusting<\/title>\n<meta name=\"robots\" content=\"index, follow, max-snippet:-1, max-image-preview:large, max-video-preview:-1\" \/>\n<link rel=\"canonical\" href=\"https:\/\/konsumpf.de\/?p=11838\" \/>\n<meta property=\"og:locale\" content=\"de_DE\" \/>\n<meta property=\"og:type\" content=\"article\" \/>\n<meta property=\"og:title\" content=\"Studie zu Blogs - Konsumpf - Forum f\u00fcr kreative Konsumkritik - Culture Jamming, Nachhaltigkeit, Konzernkritik, Adbusting\" \/>\n<meta property=\"og:description\" content=\"Heute m\u00f6chte ich Euch mal wieder zur Beteiligung an einer wissenschaftlichen Studie animieren, in der es um Weblogs und deren Nutzung (und Nutzer) geht \u2013 hier der Infotext von Stefan Mayer: Ich f\u00fchre im Rahmen meiner Diplomarbeit eine Studie zu Blogs durch. Erstmals soll es dabei nicht nur um die Autoren von Blogs gehen, sondern [&hellip;]\" \/>\n<meta property=\"og:url\" content=\"https:\/\/konsumpf.de\/?p=11838\" \/>\n<meta property=\"og:site_name\" content=\"Konsumpf - Forum f\u00fcr kreative Konsumkritik - Culture Jamming, Nachhaltigkeit, Konzernkritik, Adbusting\" \/>\n<meta property=\"article:published_time\" content=\"2011-05-14T08:20:46+00:00\" \/>\n<meta name=\"author\" content=\"Peter M.\" \/>\n<meta name=\"twitter:card\" content=\"summary_large_image\" \/>\n<meta name=\"twitter:label1\" content=\"Verfasst von\" \/>\n\t<meta name=\"twitter:data1\" content=\"Peter M.\" \/>\n\t<meta name=\"twitter:label2\" content=\"Gesch\u00e4tzte Lesezeit\" \/>\n\t<meta name=\"twitter:data2\" content=\"1\u00a0Minute\" \/>\n<script type=\"application\/ld+json\" class=\"yoast-schema-graph\">{\"@context\":\"https:\/\/schema.org\",\"@graph\":[{\"@type\":\"WebPage\",\"@id\":\"https:\/\/konsumpf.de\/?p=11838\",\"url\":\"https:\/\/konsumpf.de\/?p=11838\",\"name\":\"Studie zu Blogs - Konsumpf - Forum f\u00fcr kreative Konsumkritik - Culture Jamming, Nachhaltigkeit, Konzernkritik, Adbusting\",\"isPartOf\":{\"@id\":\"https:\/\/konsumpf.de\/#website\"},\"datePublished\":\"2011-05-14T08:20:46+00:00\",\"author\":{\"@id\":\"https:\/\/konsumpf.de\/#\/schema\/person\/e595a6d286b26994e7e0926d70699070\"},\"breadcrumb\":{\"@id\":\"https:\/\/konsumpf.de\/?p=11838#breadcrumb\"},\"inLanguage\":\"de\",\"potentialAction\":[{\"@type\":\"ReadAction\",\"target\":[\"https:\/\/konsumpf.de\/?p=11838\"]}]},{\"@type\":\"BreadcrumbList\",\"@id\":\"https:\/\/konsumpf.de\/?p=11838#breadcrumb\",\"itemListElement\":[{\"@type\":\"ListItem\",\"position\":1,\"name\":\"Startseite\",\"item\":\"https:\/\/konsumpf.de\/\"},{\"@type\":\"ListItem\",\"position\":2,\"name\":\"Studie zu Blogs\"}]},{\"@type\":\"WebSite\",\"@id\":\"https:\/\/konsumpf.de\/#website\",\"url\":\"https:\/\/konsumpf.de\/\",\"name\":\"Konsumpf - Forum f\u00fcr kreative Konsumkritik - Culture Jamming, Nachhaltigkeit, Konzernkritik, Adbusting\",\"description\":\"\",\"potentialAction\":[{\"@type\":\"SearchAction\",\"target\":{\"@type\":\"EntryPoint\",\"urlTemplate\":\"https:\/\/konsumpf.de\/?s={search_term_string}\"},\"query-input\":{\"@type\":\"PropertyValueSpecification\",\"valueRequired\":true,\"valueName\":\"search_term_string\"}}],\"inLanguage\":\"de\"},{\"@type\":\"Person\",\"@id\":\"https:\/\/konsumpf.de\/#\/schema\/person\/e595a6d286b26994e7e0926d70699070\",\"name\":\"Peter M.\",\"sameAs\":[\"http:\/\/konsumpf.de\"]}]}<\/script>\n<!-- \/ Yoast SEO plugin. -->","yoast_head_json":{"title":"Studie zu Blogs - Konsumpf - Forum f\u00fcr kreative Konsumkritik - Culture Jamming, Nachhaltigkeit, Konzernkritik, Adbusting","robots":{"index":"index","follow":"follow","max-snippet":"max-snippet:-1","max-image-preview":"max-image-preview:large","max-video-preview":"max-video-preview:-1"},"canonical":"https:\/\/konsumpf.de\/?p=11838","og_locale":"de_DE","og_type":"article","og_title":"Studie zu Blogs - Konsumpf - Forum f\u00fcr kreative Konsumkritik - Culture Jamming, Nachhaltigkeit, Konzernkritik, Adbusting","og_description":"Heute m\u00f6chte ich Euch mal wieder zur Beteiligung an einer wissenschaftlichen Studie animieren, in der es um Weblogs und deren Nutzung (und Nutzer) geht \u2013 hier der Infotext von Stefan Mayer: Ich f\u00fchre im Rahmen meiner Diplomarbeit eine Studie zu Blogs durch. Erstmals soll es dabei nicht nur um die Autoren von Blogs gehen, sondern [&hellip;]","og_url":"https:\/\/konsumpf.de\/?p=11838","og_site_name":"Konsumpf - Forum f\u00fcr kreative Konsumkritik - Culture Jamming, Nachhaltigkeit, Konzernkritik, Adbusting","article_published_time":"2011-05-14T08:20:46+00:00","author":"Peter M.","twitter_card":"summary_large_image","twitter_misc":{"Verfasst von":"Peter M.","Gesch\u00e4tzte Lesezeit":"1\u00a0Minute"},"schema":{"@context":"https:\/\/schema.org","@graph":[{"@type":"WebPage","@id":"https:\/\/konsumpf.de\/?p=11838","url":"https:\/\/konsumpf.de\/?p=11838","name":"Studie zu Blogs - Konsumpf - Forum f\u00fcr kreative Konsumkritik - Culture Jamming, Nachhaltigkeit, Konzernkritik, Adbusting","isPartOf":{"@id":"https:\/\/konsumpf.de\/#website"},"datePublished":"2011-05-14T08:20:46+00:00","author":{"@id":"https:\/\/konsumpf.de\/#\/schema\/person\/e595a6d286b26994e7e0926d70699070"},"breadcrumb":{"@id":"https:\/\/konsumpf.de\/?p=11838#breadcrumb"},"inLanguage":"de","potentialAction":[{"@type":"ReadAction","target":["https:\/\/konsumpf.de\/?p=11838"]}]},{"@type":"BreadcrumbList","@id":"https:\/\/konsumpf.de\/?p=11838#breadcrumb","itemListElement":[{"@type":"ListItem","position":1,"name":"Startseite","item":"https:\/\/konsumpf.de\/"},{"@type":"ListItem","position":2,"name":"Studie zu Blogs"}]},{"@type":"WebSite","@id":"https:\/\/konsumpf.de\/#website","url":"https:\/\/konsumpf.de\/","name":"Konsumpf - Forum f\u00fcr kreative Konsumkritik - Culture Jamming, Nachhaltigkeit, Konzernkritik, Adbusting","description":"","potentialAction":[{"@type":"SearchAction","target":{"@type":"EntryPoint","urlTemplate":"https:\/\/konsumpf.de\/?s={search_term_string}"},"query-input":{"@type":"PropertyValueSpecification","valueRequired":true,"valueName":"search_term_string"}}],"inLanguage":"de"},{"@type":"Person","@id":"https:\/\/konsumpf.de\/#\/schema\/person\/e595a6d286b26994e7e0926d70699070","name":"Peter M.","sameAs":["http:\/\/konsumpf.de"]}]}},"_links":{"self":[{"href":"https:\/\/konsumpf.de\/index.php?rest_route=\/wp\/v2\/posts\/11838"}],"collection":[{"href":"https:\/\/konsumpf.de\/index.php?rest_route=\/wp\/v2\/posts"}],"about":[{"href":"https:\/\/konsumpf.de\/index.php?rest_route=\/wp\/v2\/types\/post"}],"author":[{"embeddable":true,"href":"https:\/\/konsumpf.de\/index.php?rest_route=\/wp\/v2\/users\/1"}],"replies":[{"embeddable":true,"href":"https:\/\/konsumpf.de\/index.php?rest_route=%2Fwp%2Fv2%2Fcomments&post=11838"}],"version-history":[{"count":1,"href":"https:\/\/konsumpf.de\/index.php?rest_route=\/wp\/v2\/posts\/11838\/revisions"}],"predecessor-version":[{"id":11839,"href":"https:\/\/konsumpf.de\/index.php?rest_route=\/wp\/v2\/posts\/11838\/revisions\/11839"}],"wp:attachment":[{"href":"https:\/\/konsumpf.de\/index.php?rest_route=%2Fwp%2Fv2%2Fmedia&parent=11838"}],"wp:term":[{"taxonomy":"category","embeddable":true,"href":"https:\/\/konsumpf.de\/index.php?rest_route=%2Fwp%2Fv2%2Fcategories&post=11838"},{"taxonomy":"post_tag","embeddable":true,"href":"https:\/\/konsumpf.de\/index.php?rest_route=%2Fwp%2Fv2%2Ftags&post=11838"}],"curies":[{"name":"wp","href":"https:\/\/api.w.org\/{rel}","templated":true}]}}