{"id":11730,"date":"2011-05-09T10:01:49","date_gmt":"2011-05-09T08:01:49","guid":{"rendered":"http:\/\/konsumpf.de\/?p=11730"},"modified":"2011-04-30T13:23:59","modified_gmt":"2011-04-30T11:23:59","slug":"business-crime-control-konferenz-2011","status":"publish","type":"post","link":"https:\/\/konsumpf.de\/?p=11730","title":{"rendered":"Business Crime Control-Konferenz 2011"},"content":{"rendered":"<p><img loading=\"lazy\" decoding=\"async\" class=\"alignright size-full wp-image-11738\" title=\"bcc_logo_rgb85pxl\" src=\"http:\/\/konsumpf.de\/wp-content\/uploads\/2011\/04\/bcc_logo_rgb85pxl.jpg\" alt=\"\" width=\"85\" height=\"85\" \/>Organisiertes Verbrechen ist ein gro\u00dfes Problem unserer Tage. Und damit meine ich nicht nur Mafia oder osteurop\u00e4ische Einbrecherbanden, sondern vor allem das, was der Amerikaner \u201ewhite collar crimes\u201c nennt, also Verbrechen mit Schlips und Kragen \u2013 die unter dem Deckmantel vermeintlich seri\u00f6sen Wirtschaftens begangen werden bzw. die sogar als normales Wirtschaften gelten. Der Verein <a href=\"http:\/\/businesscrime.de\/\"><strong>Business Crime Control <\/strong><\/a>wurde mit der Absicht gegr\u00fcndet, diesen Wirtschaftsverbrechern auf die Finger zu schauen und daf\u00fcr zu sorgen, dass nicht alles unter den Teppich gekehrt und mit Schweigen umh\u00fcllt wird, was in dem Bereich so geschieht:<\/p>\n<blockquote><p>BCC besch\u00e4ftigt sich seit 1991 mit krimineller \u00d6konomie und ihren  sozialsch\u00e4dlichen Auswirkungen auf Arbeitspl\u00e4tze, L\u00f6hne, Geh\u00e4lter,  Einkommen, damit auf die Finanzn\u00f6te der Kommunen, L\u00e4nder, Staaten und  anderen Sozialleistungstr\u00e4ger. Mit der kriminellen \u00d6konomie beginnt auch  die systematische Zerst\u00f6rung der sozialstaatlichen Demokratie und  unserer nat\u00fcrlichen Lebensgrundlagen. Niemand au\u00dfer BCC fragt bisher  nach dem urs\u00e4chlichen Zusammenhang von Wirtschaftsverbrechen und  Wirtschaftskrisen. BCC lenkt nicht &#8211; wie manche pseudokritische  Organisation &#8211; von den Ursachen ab, BCC analysiert Interessen,  Abh\u00e4ngigkeiten und Verflechtungen verantwortlicher Personen und  Institutionen. BCC gibt im 18. Jg. die Vierteljahreszeitschrift &#8220;BIG  Business Crime&#8221; heraus.<\/p><\/blockquote>\n<p>Es gibt auch dieses Jahr wieder eine zentrale Veranstaltung von BCC \u2013 die <strong>Business Crime Control-Konferenz 2011<\/strong>, die am 14. Mai in Frankfurt\/M. stattfinden wird \u2013 weitere Infos wie das genaue Programm findet Ihr auf der <a href=\"http:\/\/businesscrime.de\/\">Website<\/a>:<\/p>\n<blockquote><p>Diese BCC-Konferenz 2011 steht im Zeichen der Erinnerung an die Gr\u00fcndung von BCC vor 20 Jahren. Das Thema:<br \/>\n<strong> \u201cWirtschaft zwischen sozialstaatlicher Demokratie und krimineller \u00d6konomie &#8211; 20 Jahre Business Crime Control &#8211; Bilanz &#8211; Analyse &#8211; Prognose.\u201d<\/strong><br \/>\nAuf dieser Konferenz wird der ehemalige Tourismusunternehmer G\u00fcnther Kozica aus Kassel\/Calden, der seit Mitte der 80er Jahre unter gr\u00f6\u00dften Risiken gegen das ihm von einer sowejtischen Reederei, deutschen Politikern, Beh\u00f6rden und der Justiz  als Opfer eines schweren Wirtschaftsverbrechens gegen das ihm zugef\u00fcgte Unrecht k\u00e4mpft, mit dem BCC-Preis f\u00fcr Zivicourage ausgezeichnet.<\/p>\n<p>Dann halten Hans See, Erich Sch\u00f6ndorf und Stephan Hessler \u00fcber verschiedene Problembereiche der kriminellen \u00d6konomie Referate, die anschlie\u00dfend mit den Teilnehmern diskutiert werden.<\/p>\n<p>Im Mittelpunkt wird das Referat der ehemaligen Oberstaatsanw\u00e4ltin Margrit Lichtinghagen stehen, das sich mit der Rolle der in Deutschland weisungsgebundenen Staatsanwaltschaften im Kampf gegen Wirtschaftskriminalit\u00e4t im Allgemeinen und Steuerkriminalit\u00e4t im Besonderen befassen wird. Margrit Lichtinghagen, die bekannt wurde, als sie den damaligen Telekomchef Klaus Zumwinckel verhaftete und in Verdacht geriet, dazu das Fernsehen informiert zu haben, wurde mit unberechtigten und inzwischen widerlegten Vorw\u00fcrfen aus dem Amt gemobbt und arbeitet jetzt als Richterin. Da sie gegen das Land Nordrhein-Westfalen klagt, wird sie nicht \u00fcber ihren Fall sprechen, sondern grunds\u00e4tzliche Probleme der Strafverfolgung darlegen, die bei der Verfolgung von (m\u00e4chtigen und prominenten) Wirtschafts- und Steuerstraft\u00e4tern auftreten und die Einhaltung rechtsstaatlicher Grunds\u00e4tze in nicht vertretbarer Weise behindern.<br \/>\nAls weiteren Referent hat BCC auch den Hessischen Steuerfahnder Rudolf Schmenger gewinnen k\u00f6nnen, der unter der Regierung Koch mit weiteren Kollegen Opfer der eigenen Beh\u00f6rde wurde.<br \/>\nAbschlie\u00dfend wird eine Podiumsdiskussion mit den Referenten stattfinden, die Hans See moderieren wird.<br \/>\nZum Ausklang der Konferenz wird der Kabarettist  Heinrich Pachl \u201cdie Spur des Geldes verfolgen\u201d und auf seine Weise alle noch offenen Fragen beantworten.<\/p><\/blockquote>\n<h3 class='related_post_title'>Verwandte Beitr\u00e4ge:<\/h3><ul class='related_post'><li><a href=\"http:\/\/konsumpf.de\/?p=15149\" title=\"Freihandelsabkommen: Alle Macht den Konzernen!\">Freihandelsabkommen: Alle Macht den Konzernen!<\/a><\/li><li><a href=\"http:\/\/konsumpf.de\/?p=14985\" title=\"Werbung: einige volkswirtschaftliche und soziale Auswirkungen, Teil 1\/2\">Werbung: einige volkswirtschaftliche und soziale Auswirkungen, Teil 1\/2<\/a><\/li><li><a href=\"http:\/\/konsumpf.de\/?p=13874\" title=\"Lesetipps: Angst macht b\u00f6se | Verlierer der deutschen Krise | Geplante Obsoleszenz | Der Barbar als Kulturheld\">Lesetipps: Angst macht b\u00f6se | Verlierer der deutschen Krise | Geplante Obsoleszenz | Der Barbar als Kulturheld<\/a><\/li><li><a href=\"http:\/\/konsumpf.de\/?p=13382\" title=\"Lesetipps: Krise und Wahn | 147 Konzerne kontrollieren die Wirtschaft | Fundamentalisten | \u00d6ko\">Lesetipps: Krise und Wahn | 147 Konzerne kontrollieren die Wirtschaft | Fundamentalisten | \u00d6ko<\/a><\/li><li><a href=\"http:\/\/konsumpf.de\/?p=12665\" title=\"Das \u00d6l-Zeitalter &#8211; Kriege und Konzerne\">Das \u00d6l-Zeitalter &#8211; Kriege und Konzerne<\/a><\/li><\/ul>","protected":false},"excerpt":{"rendered":"<p>Organisiertes Verbrechen ist ein gro\u00dfes Problem unserer Tage. Und damit meine ich nicht nur Mafia oder osteurop\u00e4ische Einbrecherbanden, sondern vor allem das, was der Amerikaner \u201ewhite collar crimes\u201c nennt, also Verbrechen mit Schlips und Kragen \u2013 die unter dem Deckmantel vermeintlich seri\u00f6sen Wirtschaftens begangen werden bzw. die sogar als normales Wirtschaften gelten. Der Verein Business [&hellip;]<\/p>\n","protected":false},"author":1,"featured_media":0,"comment_status":"open","ping_status":"open","sticky":false,"template":"","format":"standard","meta":{"footnotes":""},"categories":[12,16,320,78],"tags":[2171,2872,2172],"yoast_head":"<!-- This site is optimized with the Yoast SEO plugin v24.4 - https:\/\/yoast.com\/wordpress\/plugins\/seo\/ -->\n<title>Business Crime Control-Konferenz 2011 - Konsumpf - Forum f\u00fcr kreative Konsumkritik - Culture Jamming, Nachhaltigkeit, Konzernkritik, Adbusting<\/title>\n<meta name=\"robots\" content=\"index, follow, max-snippet:-1, max-image-preview:large, max-video-preview:-1\" \/>\n<link rel=\"canonical\" href=\"https:\/\/konsumpf.de\/?p=11730\" \/>\n<meta property=\"og:locale\" content=\"de_DE\" \/>\n<meta property=\"og:type\" content=\"article\" \/>\n<meta property=\"og:title\" content=\"Business Crime Control-Konferenz 2011 - Konsumpf - Forum f\u00fcr kreative Konsumkritik - Culture Jamming, Nachhaltigkeit, Konzernkritik, Adbusting\" \/>\n<meta property=\"og:description\" content=\"Organisiertes Verbrechen ist ein gro\u00dfes Problem unserer Tage. Und damit meine ich nicht nur Mafia oder osteurop\u00e4ische Einbrecherbanden, sondern vor allem das, was der Amerikaner \u201ewhite collar crimes\u201c nennt, also Verbrechen mit Schlips und Kragen \u2013 die unter dem Deckmantel vermeintlich seri\u00f6sen Wirtschaftens begangen werden bzw. die sogar als normales Wirtschaften gelten. Der Verein Business [&hellip;]\" \/>\n<meta property=\"og:url\" content=\"https:\/\/konsumpf.de\/?p=11730\" \/>\n<meta property=\"og:site_name\" content=\"Konsumpf - Forum f\u00fcr kreative Konsumkritik - Culture Jamming, Nachhaltigkeit, Konzernkritik, Adbusting\" \/>\n<meta property=\"article:published_time\" content=\"2011-05-09T08:01:49+00:00\" \/>\n<meta property=\"og:image\" content=\"http:\/\/konsumpf.de\/wp-content\/uploads\/2011\/04\/bcc_logo_rgb85pxl.jpg\" \/>\n<meta name=\"author\" content=\"Peter M.\" \/>\n<meta name=\"twitter:card\" content=\"summary_large_image\" \/>\n<meta name=\"twitter:label1\" content=\"Verfasst von\" \/>\n\t<meta name=\"twitter:data1\" content=\"Peter M.\" \/>\n\t<meta name=\"twitter:label2\" content=\"Gesch\u00e4tzte Lesezeit\" \/>\n\t<meta name=\"twitter:data2\" content=\"3\u00a0Minuten\" \/>\n<script type=\"application\/ld+json\" class=\"yoast-schema-graph\">{\"@context\":\"https:\/\/schema.org\",\"@graph\":[{\"@type\":\"WebPage\",\"@id\":\"https:\/\/konsumpf.de\/?p=11730\",\"url\":\"https:\/\/konsumpf.de\/?p=11730\",\"name\":\"Business Crime Control-Konferenz 2011 - Konsumpf - Forum f\u00fcr kreative Konsumkritik - Culture Jamming, Nachhaltigkeit, Konzernkritik, Adbusting\",\"isPartOf\":{\"@id\":\"https:\/\/konsumpf.de\/#website\"},\"primaryImageOfPage\":{\"@id\":\"https:\/\/konsumpf.de\/?p=11730#primaryimage\"},\"image\":{\"@id\":\"https:\/\/konsumpf.de\/?p=11730#primaryimage\"},\"thumbnailUrl\":\"http:\/\/konsumpf.de\/wp-content\/uploads\/2011\/04\/bcc_logo_rgb85pxl.jpg\",\"datePublished\":\"2011-05-09T08:01:49+00:00\",\"author\":{\"@id\":\"https:\/\/konsumpf.de\/#\/schema\/person\/e595a6d286b26994e7e0926d70699070\"},\"breadcrumb\":{\"@id\":\"https:\/\/konsumpf.de\/?p=11730#breadcrumb\"},\"inLanguage\":\"de\",\"potentialAction\":[{\"@type\":\"ReadAction\",\"target\":[\"https:\/\/konsumpf.de\/?p=11730\"]}]},{\"@type\":\"ImageObject\",\"inLanguage\":\"de\",\"@id\":\"https:\/\/konsumpf.de\/?p=11730#primaryimage\",\"url\":\"https:\/\/konsumpf.de\/wp-content\/uploads\/2011\/04\/bcc_logo_rgb85pxl.jpg\",\"contentUrl\":\"https:\/\/konsumpf.de\/wp-content\/uploads\/2011\/04\/bcc_logo_rgb85pxl.jpg\",\"width\":\"85\",\"height\":\"85\"},{\"@type\":\"BreadcrumbList\",\"@id\":\"https:\/\/konsumpf.de\/?p=11730#breadcrumb\",\"itemListElement\":[{\"@type\":\"ListItem\",\"position\":1,\"name\":\"Startseite\",\"item\":\"https:\/\/konsumpf.de\/\"},{\"@type\":\"ListItem\",\"position\":2,\"name\":\"Business Crime Control-Konferenz 2011\"}]},{\"@type\":\"WebSite\",\"@id\":\"https:\/\/konsumpf.de\/#website\",\"url\":\"https:\/\/konsumpf.de\/\",\"name\":\"Konsumpf - Forum f\u00fcr kreative Konsumkritik - Culture Jamming, Nachhaltigkeit, Konzernkritik, Adbusting\",\"description\":\"\",\"potentialAction\":[{\"@type\":\"SearchAction\",\"target\":{\"@type\":\"EntryPoint\",\"urlTemplate\":\"https:\/\/konsumpf.de\/?s={search_term_string}\"},\"query-input\":{\"@type\":\"PropertyValueSpecification\",\"valueRequired\":true,\"valueName\":\"search_term_string\"}}],\"inLanguage\":\"de\"},{\"@type\":\"Person\",\"@id\":\"https:\/\/konsumpf.de\/#\/schema\/person\/e595a6d286b26994e7e0926d70699070\",\"name\":\"Peter M.\",\"sameAs\":[\"http:\/\/konsumpf.de\"]}]}<\/script>\n<!-- \/ Yoast SEO plugin. -->","yoast_head_json":{"title":"Business Crime Control-Konferenz 2011 - Konsumpf - Forum f\u00fcr kreative Konsumkritik - Culture Jamming, Nachhaltigkeit, Konzernkritik, Adbusting","robots":{"index":"index","follow":"follow","max-snippet":"max-snippet:-1","max-image-preview":"max-image-preview:large","max-video-preview":"max-video-preview:-1"},"canonical":"https:\/\/konsumpf.de\/?p=11730","og_locale":"de_DE","og_type":"article","og_title":"Business Crime Control-Konferenz 2011 - Konsumpf - Forum f\u00fcr kreative Konsumkritik - Culture Jamming, Nachhaltigkeit, Konzernkritik, Adbusting","og_description":"Organisiertes Verbrechen ist ein gro\u00dfes Problem unserer Tage. Und damit meine ich nicht nur Mafia oder osteurop\u00e4ische Einbrecherbanden, sondern vor allem das, was der Amerikaner \u201ewhite collar crimes\u201c nennt, also Verbrechen mit Schlips und Kragen \u2013 die unter dem Deckmantel vermeintlich seri\u00f6sen Wirtschaftens begangen werden bzw. die sogar als normales Wirtschaften gelten. Der Verein Business [&hellip;]","og_url":"https:\/\/konsumpf.de\/?p=11730","og_site_name":"Konsumpf - Forum f\u00fcr kreative Konsumkritik - Culture Jamming, Nachhaltigkeit, Konzernkritik, Adbusting","article_published_time":"2011-05-09T08:01:49+00:00","og_image":[{"url":"http:\/\/konsumpf.de\/wp-content\/uploads\/2011\/04\/bcc_logo_rgb85pxl.jpg","type":"","width":"","height":""}],"author":"Peter M.","twitter_card":"summary_large_image","twitter_misc":{"Verfasst von":"Peter M.","Gesch\u00e4tzte Lesezeit":"3\u00a0Minuten"},"schema":{"@context":"https:\/\/schema.org","@graph":[{"@type":"WebPage","@id":"https:\/\/konsumpf.de\/?p=11730","url":"https:\/\/konsumpf.de\/?p=11730","name":"Business Crime Control-Konferenz 2011 - Konsumpf - Forum f\u00fcr kreative Konsumkritik - Culture Jamming, Nachhaltigkeit, Konzernkritik, Adbusting","isPartOf":{"@id":"https:\/\/konsumpf.de\/#website"},"primaryImageOfPage":{"@id":"https:\/\/konsumpf.de\/?p=11730#primaryimage"},"image":{"@id":"https:\/\/konsumpf.de\/?p=11730#primaryimage"},"thumbnailUrl":"http:\/\/konsumpf.de\/wp-content\/uploads\/2011\/04\/bcc_logo_rgb85pxl.jpg","datePublished":"2011-05-09T08:01:49+00:00","author":{"@id":"https:\/\/konsumpf.de\/#\/schema\/person\/e595a6d286b26994e7e0926d70699070"},"breadcrumb":{"@id":"https:\/\/konsumpf.de\/?p=11730#breadcrumb"},"inLanguage":"de","potentialAction":[{"@type":"ReadAction","target":["https:\/\/konsumpf.de\/?p=11730"]}]},{"@type":"ImageObject","inLanguage":"de","@id":"https:\/\/konsumpf.de\/?p=11730#primaryimage","url":"https:\/\/konsumpf.de\/wp-content\/uploads\/2011\/04\/bcc_logo_rgb85pxl.jpg","contentUrl":"https:\/\/konsumpf.de\/wp-content\/uploads\/2011\/04\/bcc_logo_rgb85pxl.jpg","width":"85","height":"85"},{"@type":"BreadcrumbList","@id":"https:\/\/konsumpf.de\/?p=11730#breadcrumb","itemListElement":[{"@type":"ListItem","position":1,"name":"Startseite","item":"https:\/\/konsumpf.de\/"},{"@type":"ListItem","position":2,"name":"Business Crime Control-Konferenz 2011"}]},{"@type":"WebSite","@id":"https:\/\/konsumpf.de\/#website","url":"https:\/\/konsumpf.de\/","name":"Konsumpf - Forum f\u00fcr kreative Konsumkritik - Culture Jamming, Nachhaltigkeit, Konzernkritik, Adbusting","description":"","potentialAction":[{"@type":"SearchAction","target":{"@type":"EntryPoint","urlTemplate":"https:\/\/konsumpf.de\/?s={search_term_string}"},"query-input":{"@type":"PropertyValueSpecification","valueRequired":true,"valueName":"search_term_string"}}],"inLanguage":"de"},{"@type":"Person","@id":"https:\/\/konsumpf.de\/#\/schema\/person\/e595a6d286b26994e7e0926d70699070","name":"Peter M.","sameAs":["http:\/\/konsumpf.de"]}]}},"_links":{"self":[{"href":"https:\/\/konsumpf.de\/index.php?rest_route=\/wp\/v2\/posts\/11730"}],"collection":[{"href":"https:\/\/konsumpf.de\/index.php?rest_route=\/wp\/v2\/posts"}],"about":[{"href":"https:\/\/konsumpf.de\/index.php?rest_route=\/wp\/v2\/types\/post"}],"author":[{"embeddable":true,"href":"https:\/\/konsumpf.de\/index.php?rest_route=\/wp\/v2\/users\/1"}],"replies":[{"embeddable":true,"href":"https:\/\/konsumpf.de\/index.php?rest_route=%2Fwp%2Fv2%2Fcomments&post=11730"}],"version-history":[{"count":6,"href":"https:\/\/konsumpf.de\/index.php?rest_route=\/wp\/v2\/posts\/11730\/revisions"}],"predecessor-version":[{"id":11739,"href":"https:\/\/konsumpf.de\/index.php?rest_route=\/wp\/v2\/posts\/11730\/revisions\/11739"}],"wp:attachment":[{"href":"https:\/\/konsumpf.de\/index.php?rest_route=%2Fwp%2Fv2%2Fmedia&parent=11730"}],"wp:term":[{"taxonomy":"category","embeddable":true,"href":"https:\/\/konsumpf.de\/index.php?rest_route=%2Fwp%2Fv2%2Fcategories&post=11730"},{"taxonomy":"post_tag","embeddable":true,"href":"https:\/\/konsumpf.de\/index.php?rest_route=%2Fwp%2Fv2%2Ftags&post=11730"}],"curies":[{"name":"wp","href":"https:\/\/api.w.org\/{rel}","templated":true}]}}