{"id":11699,"date":"2011-06-19T09:34:08","date_gmt":"2011-06-19T07:34:08","guid":{"rendered":"http:\/\/konsumpf.de\/?p=11699"},"modified":"2011-06-16T16:34:03","modified_gmt":"2011-06-16T14:34:03","slug":"regenerative-energie-dezentral-gewinnen-und-dezentral-speichern","status":"publish","type":"post","link":"https:\/\/konsumpf.de\/?p=11699","title":{"rendered":"Regenerative Energie dezentral gewinnen und dezentral speichern"},"content":{"rendered":"<div id=\"attachment_12103\" style=\"width: 260px\" class=\"wp-caption alignright\"><a href=\"http:\/\/www.sxc.hu\/photo\/1240690\"><img loading=\"lazy\" decoding=\"async\" aria-describedby=\"caption-attachment-12103\" class=\"size-thumbnail wp-image-12103\" title=\"windr\u00e4der\" src=\"http:\/\/konsumpf.de\/wp-content\/uploads\/2011\/06\/windr\u00e4der-250x187.jpg\" alt=\"\" width=\"250\" height=\"187\" \/><\/a><p id=\"caption-attachment-12103\" class=\"wp-caption-text\">\u00a9 ohzara, stock.xchng<\/p><\/div>\n<p>Jetzt, wo der Atomausstieg scheinbar (mal wieder) beschlossene Sache ist und die Bundesregierung nur wenige Monate nach der ersten \u201eEnergierevolution\u201c die zweite epochale Umw\u00e4lzung in der Energiepolitik proklamiert hat, stellen sich viele Fragen. Wie lange l\u00e4sst man die Atommeiler tats\u00e4chlich noch laufen? Wohin mit dem Atomm\u00fcll, der uns und die n\u00e4chsten hundert Generationen noch freudig strahlend begleiten wird? Wer zahlt das alles? Und sollte man die gro\u00dfen Energiekonzerne f\u00fcr ihre unversch\u00e4mte Gier, also den  Forderungen nach Entsch\u00e4digung f\u00fcr entgangene Gewinne, die sie eh nie  bekommen h\u00e4tten, wenn Schwarz-Gelb den urspr\u00fcnglichen Atomausstieg von  Rot-Gr\u00fcn nicht kassiert h\u00e4tte, alle teeren und federn oder gen\u00fcgt ein einfaches Abwickeln? Auf jeden Fall sind die technischen Herausforderungen des Atomausstiegs nicht zu untersch\u00e4tzen, was nicht zuletzt auch daran liegt, dass man in den vergangenen Jahrzehnten lieber Geld in die Atomkraft gesteckt hat, statt sich rechtzeitig Gedanken \u00fcber die Zeit danach zu machen.<br \/>\n<img loading=\"lazy\" decoding=\"async\" src=\"http:\/\/vg02.met.vgwort.de\/na\/e7f4d4df12844228a607e20c28ce4bac\" width=\"1\" height=\"1\" alt=\"\"><br \/>\n<!--more-->Dabei scheint die Stromerzeugung aus regenerativen Energien durchaus schon weit fortgeschritten (obwohl es auch dort noch viel Verbesserungspotntial gibt) \u2013 Hauptsorgen bereitet die Speicherung der Energie, die halt nicht immer dann anf\u00e4llt, wenn man es gerne h\u00e4tte \u2013 solange wir Wind und Sonne nicht beeinflussen k\u00f6nnen, muss auf diesem Gebiet noch einiges passieren. In einem der letzten \u201ePaukenschl\u00e4ge am Donnerstag\u201c von <strong>Egon W. Kreutzer<\/strong> ging es genau um das Thema, n\u00e4mlich darum, wie man \u201e<a href=\"http:\/\/www.egon-w-kreutzer.de\/0PaD2011\/15.html\"><strong>Regenerative Energie dezentral gewinnen und dezentral speichern<\/strong><\/a>\u201c kann. Schlie\u00dflich sollte die Energiewende nicht nur die Abkehr von Atom &amp; Kohle bedeuten, sondern am besten auch ein Losl\u00f6sen aus den F\u00e4ngen der schamlosen Energiekonzerne und deren Marktmacht. In dem Paukenschlag hatte Kreutzer dazu aufgerufen, Ideen f\u00fcr solche Mini-Pumpspeicher-Kraftwerke zu sammeln, und es finden sich bereits eine Vielzahl von Zuschriften:<\/p>\n<blockquote><p>Die Eigent\u00fcmer der fahrl\u00e4ssigerweise privatisierten Gro\u00dftechnologie zur Stromerzeugung und Verteilung, die uns als Oligopolisten am langen Arm der st\u00e4ndig steigenden Strompreise langsam aushungern, erkl\u00e4ren mit Nachdruck und ohne \u00fcber Alternativen nachzudenken, der Ausstieg aus der Kernenergie erfordere hunderte Milliarden Investitionen in neue, intelligente Stromnetze, was zwangsl\u00e4ufig zu noch weiter steigenden Strompreisen f\u00fchren wird.<br \/>\nDiese Behauptung halte ich f\u00fcr ein M\u00e4rchen.<\/p>\n<p>Auch wenn sich fachfremde Politiker in h\u00f6chsten \u00c4mtern dem ohne eigenes \u00dcberlegen gerne anschlie\u00dfen, auch wenn zu gr\u00f6\u00dften Anstrengungen und Opfern aufgerufen wird, die Energiewende zu stemmen, solange dabei wieder nur die in wenigen H\u00e4nden konzentrierte Macht der Konzerne herauskommt, haftet auch der sch\u00f6nsten Energiewende ein h\u00e4sslicher Makel an.<\/p>\n<p>Ich h\u00f6re derzeit &#8211; nach Abschaltung der alten Atomkraftwerke w\u00e4hrend des Moratoriums &#8211; von Betreibern von Fotovoltaik-Anlagen, dass ihnen die Anlage vom Netzbetreiber ohne Vorank\u00fcndigung regelm\u00e4\u00dfig abgeschaltet wird, sobald die Sonne einmal kr\u00e4ftiger scheint. Ich h\u00f6re, dass es f\u00fcr die Zeit der Abschaltung offenbar nicht automatisch eine Entsch\u00e4digung gibt, und dass es unm\u00f6glich scheint, herauszufinden, wie man diese Entsch\u00e4digung erlangen k\u00f6nnte.<\/p>\n<p>Dies alles, nachdem die Inbetriebnahme der Anlage vom Netzbetreiber vorher schon \u00fcber Monate verz\u00f6gert wurde, mit der Begr\u00fcndung, man habe nicht genug Personal &#8230;<\/p>\n<p>Eine der fadenscheinigsten Begr\u00fcndungen, die man vorbringen kann, wenn man vorher selbst Tausende von Mitarbeitern entlassen hat, um die Gewinne zu steigern!<\/p>\n<p>Die Entlassenen stehen fast alle noch dem Arbeitsmarkt zur Verf\u00fcgung. Wer braucht schon Fachkr\u00e4fte f\u00fcr Stromerzeugung und Verteilung, au\u00dfer den bekannten Gro\u00dfunternehmen f\u00fcr Stromerzeugung und Verteilung &#8230;?<\/p>\n<p>Nein, f\u00fcr mich scheint erkennbar, dass die Oligopolisten sich mit Kr\u00e4ften wehren, ihre mehr oder minder kartellm\u00e4\u00dfig organisierten Gebietspfr\u00fcnden aufgeben zu m\u00fcssen. (&#8230;)<\/p><\/blockquote>\n<blockquote><p>&#8212;&#8212;&#8212;&#8211;<\/p>\n<p>(&#8230;) Wenn man das EEG als Vorbild nimmt und daraus  ein entsprechendes &#8220;Energie-Speicher-Gesetz&#8221; macht, wie es der  Solarenergie-F\u00f6rderverein e.V. (<a href=\"http:\/\/www.sfv.de\">www.sfv.de<\/a>) fordert, kann in analoger Weise vorgegangen werden:<\/p>\n<p>Jeder (Eigent\u00fcmer UND Mieter) kann sich entweder mit einer eigenen lokalen  Speichertechnik, meistens einem Akku-Satz und geeigneter Elektronik, oder  genossenschaftlich organisiert an mittleren oder gr\u00f6\u00dferen Speicheranlagen  beteiligen. Bei &#8220;gro\u00df&#8221; denke ich ganz und gar nicht an neue Talsperren oder  das Projekt NorGer, wo deutsche Erzeugungs\u00fcberkapazit\u00e4ten in Norwegen  zwischengelagert werden sollen. Wurden die norwegischen Natursch\u00fctzer schon  mal gefragt? Diese Denkweise in Gro\u00df-gro\u00df ist typisches Konzerndenken genauso  wie bei Desertec-Projekt.<\/p>\n<p>Um noch einmal zusammenzufassen: Wir sollten nicht im  v\u00f6lligen Klein-klein unserer vier W\u00e4nde denken, sondern gesellschaftlich  orientiert.<br \/>\n(Georg Nowak)<\/p><\/blockquote>\n<p>Offenbar beginnt hier tats\u00e4chlich ein veritabler Trend, weg von den Gro\u00dfkonzernen, hin zu kommunaler Selbstversorgung \u2013 ein wichtiger Schritt! Spiegel Online greift dieses Thema in \u201e<a href=\"http:\/\/www.spiegel.de\/wissenschaft\/technik\/0%2C1518%2C752543%2C00.html\"><strong>Deutschand sucht den Superspeicher<\/strong><\/a>\u201c ebenfalls auf:<\/p>\n<blockquote><p>Elektrische Energie ist eine \u00e4u\u00dferst fl\u00fcchtige Ware. In der  technisierten Welt treibt sie letztlich alles an, direkt oder indirekt.  Wir haben uns daran gew\u00f6hnt, dass sie allgegenw\u00e4rtig und  selbstverst\u00e4ndlich ist. Dabei hat sie einen nicht unerheblichen  Nachteil: Man kann sie nur schwer verpacken, aufbewahren, lagern.<\/p>\n<p>Das ist schlecht, weil die industrielle Welt vor einer Z\u00e4sur steht. Sie  basiert auf dem Manko, dass wir die Energie, die wir ben\u00f6tigen, oft nur  Augenblicke zuvor produzieren k\u00f6nnen. Denn die Bereitstellung des Stroms  ist ein Vorgang, der fast in Echtzeit abl\u00e4uft. Die Energie, die Sie  gerade nutzen, um diesen Text auf einem Bildschirm darzustellen, hat vor  extrem kurzer Zeit ein Kraftwerk generiert. (&#8230;)<\/p>\n<p>Viele Technologien zur Effizienzsteigerung und Stromspeicherung im Netz  stehen zur Verf\u00fcgung oder werden gerade entwickelt. Wir haben uns  angesehen, was f\u00fcr und gegen die Technologien spricht, die die gr\u00f6\u00dften  Kapazit\u00e4ten versprechen. (&#8230;) <em>(Hier folgt dann ein Blick auf die Energiespeicherung durch Druck, Wasser und Gas.)<\/em><\/p><\/blockquote>\n<p>Der <strong>Freischwebende Aufmerksamkeits-Blog<\/strong> von <strong>Michael Wenzl<\/strong> befasst sich schon seit l\u00e4ngerem u.a. auch mit dem Thema Energiewende und hat auch die Probleme der m\u00f6glichen Speicherung mehrfach angesprochen \u2013 z.B. in \u201e<a href=\"http:\/\/michaelwenzl.de\/vergleich-stromspeicher\/\"><strong>Vergleich Stromspeicher<\/strong><\/a>\u201c:<\/p>\n<blockquote><p>(&#8230;) Beim Vergleich der Technologien f\u00e4llt auf, dass sich Gasspeicher  nicht zur \u00dcberbr\u00fcckung von kurzen Spitzen eignet. Daf\u00fcr sind die  Gaskraftwerke schneller in Betrieb als die klassischen  Wasserpumpspeicherkraftwerke und k\u00f6nnen auch l\u00e4nger Energie liefern.  Aufgrund des Speichervolumens im Erdgasnetz, kann eine Gasturbine mehrer  Monate durchlaufen. Wasserstoffbasierte Kraftwerke m\u00fcssen aktuell das  Gas in eigenen Reservoirs speichern, weil es daf\u00fcr keine vernetzte  Infrastruktur gibt. Daher ist hier der Betrieb auf etwa eine Woche  beschr\u00e4nkt. Abgesehen vom eingesparten Produktionsschritt  (Sabatier-Prozess H<sub>2<\/sub> + CO<sub>2<\/sub> -&gt; CH<sub>4<\/sub> + H<sub>2<\/sub>O),  bietet Wasserstoff keinen Vorteil gegen\u00fcber Methan. Vorausgesetzt  nat\u00fcrlich, dass das Gaskraftwerk ans Erdgasnetz angeschlossen ist.Die Frage, die sich bei einem Hybridkraftwerk als Solar- bzw.  Windenergie und Gas ist eigentlich wie man kurzfristige Spitzen abfangen  kann. Will man das \u00fcberhaupt in so einen Komplex einbinden oder soll an  der Stelle kompensiert werden, an der es jetzt schon geschieht?  Entscheidend wird dabei auch sein, ob und wie schnell sich  Laststeuerungen, also intelligente Stromnetze etablieren lassen. Diese  k\u00f6nnten neben der M\u00f6glichkeit Verbraucher in \u00dcberschusszeiten zu  aktivieren, auch helfen die Spitzenlast zu reduzieren.<\/p><\/blockquote>\n<h3 class='related_post_title'>Verwandte Beitr\u00e4ge:<\/h3><ul class='related_post'><li><a href=\"http:\/\/konsumpf.de\/?p=15161\" title=\"Guerilla-Strom\">Guerilla-Strom<\/a><\/li><li><a href=\"http:\/\/konsumpf.de\/?p=11760\" title=\"Lesetipps: Wie Goldman-Sachs die Agrar-Symmetrie zerst\u00f6rte | Energiewende | G\u00e4rtnern in der Stadt | Die Datenfresser | Apple(-Fanboys) in der Kritik\">Lesetipps: Wie Goldman-Sachs die Agrar-Symmetrie zerst\u00f6rte | Energiewende | G\u00e4rtnern in der Stadt | Die Datenfresser | Apple(-Fanboys) in der Kritik<\/a><\/li><li><a href=\"http:\/\/konsumpf.de\/?p=10469\" title=\"Filmtipps: \u201eDie 4. Revolution \u2013\u00a0Energy autonomy\u201c und \u201eGood Food Bad Food \u2013 Anleitung f\u00fcr eine bessere Landwirtschaft\u201c\">Filmtipps: \u201eDie 4. Revolution \u2013\u00a0Energy autonomy\u201c und \u201eGood Food Bad Food \u2013 Anleitung f\u00fcr eine bessere Landwirtschaft\u201c<\/a><\/li><li><a href=\"http:\/\/konsumpf.de\/?p=5082\" title=\"Nochmal Streifz\u00fcge \u2013 \u201eEnergiewende zwischen infantilen Phantasien und Ern\u00fcchterung\u201c und mehr\">Nochmal Streifz\u00fcge \u2013 \u201eEnergiewende zwischen infantilen Phantasien und Ern\u00fcchterung\u201c und mehr<\/a><\/li><li><a href=\"http:\/\/konsumpf.de\/?p=15224\" title=\"Vattenfall \u2013 Kohle kauft Meinung\">Vattenfall \u2013 Kohle kauft Meinung<\/a><\/li><\/ul>","protected":false},"excerpt":{"rendered":"<p>Jetzt, wo der Atomausstieg scheinbar (mal wieder) beschlossene Sache ist und die Bundesregierung nur wenige Monate nach der ersten \u201eEnergierevolution\u201c die zweite epochale Umw\u00e4lzung in der Energiepolitik proklamiert hat, stellen sich viele Fragen. Wie lange l\u00e4sst man die Atommeiler tats\u00e4chlich noch laufen? Wohin mit dem Atomm\u00fcll, der uns und die n\u00e4chsten hundert Generationen noch freudig [&hellip;]<\/p>\n","protected":false},"author":1,"featured_media":0,"comment_status":"open","ping_status":"open","sticky":false,"template":"","format":"standard","meta":{"footnotes":""},"categories":[69,259,12,216,54],"tags":[1218,896,897,2878,2233,2234],"yoast_head":"<!-- This site is optimized with the Yoast SEO plugin v24.4 - https:\/\/yoast.com\/wordpress\/plugins\/seo\/ -->\n<title>Regenerative Energie dezentral gewinnen und dezentral speichern - Konsumpf - Forum f\u00fcr kreative Konsumkritik - Culture Jamming, Nachhaltigkeit, Konzernkritik, Adbusting<\/title>\n<meta name=\"robots\" content=\"index, follow, max-snippet:-1, max-image-preview:large, max-video-preview:-1\" \/>\n<link rel=\"canonical\" href=\"https:\/\/konsumpf.de\/?p=11699\" \/>\n<meta property=\"og:locale\" content=\"de_DE\" \/>\n<meta property=\"og:type\" content=\"article\" \/>\n<meta property=\"og:title\" content=\"Regenerative Energie dezentral gewinnen und dezentral speichern - Konsumpf - Forum f\u00fcr kreative Konsumkritik - Culture Jamming, Nachhaltigkeit, Konzernkritik, Adbusting\" \/>\n<meta property=\"og:description\" content=\"Jetzt, wo der Atomausstieg scheinbar (mal wieder) beschlossene Sache ist und die Bundesregierung nur wenige Monate nach der ersten \u201eEnergierevolution\u201c die zweite epochale Umw\u00e4lzung in der Energiepolitik proklamiert hat, stellen sich viele Fragen. Wie lange l\u00e4sst man die Atommeiler tats\u00e4chlich noch laufen? Wohin mit dem Atomm\u00fcll, der uns und die n\u00e4chsten hundert Generationen noch freudig [&hellip;]\" \/>\n<meta property=\"og:url\" content=\"https:\/\/konsumpf.de\/?p=11699\" \/>\n<meta property=\"og:site_name\" content=\"Konsumpf - Forum f\u00fcr kreative Konsumkritik - Culture Jamming, Nachhaltigkeit, Konzernkritik, Adbusting\" \/>\n<meta property=\"article:published_time\" content=\"2011-06-19T07:34:08+00:00\" \/>\n<meta property=\"og:image\" content=\"http:\/\/vg02.met.vgwort.de\/na\/e7f4d4df12844228a607e20c28ce4bac\" \/>\n<meta name=\"author\" content=\"Peter M.\" \/>\n<meta name=\"twitter:card\" content=\"summary_large_image\" \/>\n<meta name=\"twitter:label1\" content=\"Verfasst von\" \/>\n\t<meta name=\"twitter:data1\" content=\"Peter M.\" \/>\n\t<meta name=\"twitter:label2\" content=\"Gesch\u00e4tzte Lesezeit\" \/>\n\t<meta name=\"twitter:data2\" content=\"6\u00a0Minuten\" \/>\n<script type=\"application\/ld+json\" class=\"yoast-schema-graph\">{\"@context\":\"https:\/\/schema.org\",\"@graph\":[{\"@type\":\"WebPage\",\"@id\":\"https:\/\/konsumpf.de\/?p=11699\",\"url\":\"https:\/\/konsumpf.de\/?p=11699\",\"name\":\"Regenerative Energie dezentral gewinnen und dezentral speichern - Konsumpf - Forum f\u00fcr kreative Konsumkritik - Culture Jamming, Nachhaltigkeit, Konzernkritik, Adbusting\",\"isPartOf\":{\"@id\":\"https:\/\/konsumpf.de\/#website\"},\"primaryImageOfPage\":{\"@id\":\"https:\/\/konsumpf.de\/?p=11699#primaryimage\"},\"image\":{\"@id\":\"https:\/\/konsumpf.de\/?p=11699#primaryimage\"},\"thumbnailUrl\":\"http:\/\/vg02.met.vgwort.de\/na\/e7f4d4df12844228a607e20c28ce4bac\",\"datePublished\":\"2011-06-19T07:34:08+00:00\",\"author\":{\"@id\":\"https:\/\/konsumpf.de\/#\/schema\/person\/e595a6d286b26994e7e0926d70699070\"},\"breadcrumb\":{\"@id\":\"https:\/\/konsumpf.de\/?p=11699#breadcrumb\"},\"inLanguage\":\"de\",\"potentialAction\":[{\"@type\":\"ReadAction\",\"target\":[\"https:\/\/konsumpf.de\/?p=11699\"]}]},{\"@type\":\"ImageObject\",\"inLanguage\":\"de\",\"@id\":\"https:\/\/konsumpf.de\/?p=11699#primaryimage\",\"url\":\"http:\/\/vg02.met.vgwort.de\/na\/e7f4d4df12844228a607e20c28ce4bac\",\"contentUrl\":\"http:\/\/vg02.met.vgwort.de\/na\/e7f4d4df12844228a607e20c28ce4bac\"},{\"@type\":\"BreadcrumbList\",\"@id\":\"https:\/\/konsumpf.de\/?p=11699#breadcrumb\",\"itemListElement\":[{\"@type\":\"ListItem\",\"position\":1,\"name\":\"Startseite\",\"item\":\"https:\/\/konsumpf.de\/\"},{\"@type\":\"ListItem\",\"position\":2,\"name\":\"Regenerative Energie dezentral gewinnen und dezentral speichern\"}]},{\"@type\":\"WebSite\",\"@id\":\"https:\/\/konsumpf.de\/#website\",\"url\":\"https:\/\/konsumpf.de\/\",\"name\":\"Konsumpf - Forum f\u00fcr kreative Konsumkritik - Culture Jamming, Nachhaltigkeit, Konzernkritik, Adbusting\",\"description\":\"\",\"potentialAction\":[{\"@type\":\"SearchAction\",\"target\":{\"@type\":\"EntryPoint\",\"urlTemplate\":\"https:\/\/konsumpf.de\/?s={search_term_string}\"},\"query-input\":{\"@type\":\"PropertyValueSpecification\",\"valueRequired\":true,\"valueName\":\"search_term_string\"}}],\"inLanguage\":\"de\"},{\"@type\":\"Person\",\"@id\":\"https:\/\/konsumpf.de\/#\/schema\/person\/e595a6d286b26994e7e0926d70699070\",\"name\":\"Peter M.\",\"sameAs\":[\"http:\/\/konsumpf.de\"]}]}<\/script>\n<!-- \/ Yoast SEO plugin. -->","yoast_head_json":{"title":"Regenerative Energie dezentral gewinnen und dezentral speichern - Konsumpf - Forum f\u00fcr kreative Konsumkritik - Culture Jamming, Nachhaltigkeit, Konzernkritik, Adbusting","robots":{"index":"index","follow":"follow","max-snippet":"max-snippet:-1","max-image-preview":"max-image-preview:large","max-video-preview":"max-video-preview:-1"},"canonical":"https:\/\/konsumpf.de\/?p=11699","og_locale":"de_DE","og_type":"article","og_title":"Regenerative Energie dezentral gewinnen und dezentral speichern - Konsumpf - Forum f\u00fcr kreative Konsumkritik - Culture Jamming, Nachhaltigkeit, Konzernkritik, Adbusting","og_description":"Jetzt, wo der Atomausstieg scheinbar (mal wieder) beschlossene Sache ist und die Bundesregierung nur wenige Monate nach der ersten \u201eEnergierevolution\u201c die zweite epochale Umw\u00e4lzung in der Energiepolitik proklamiert hat, stellen sich viele Fragen. Wie lange l\u00e4sst man die Atommeiler tats\u00e4chlich noch laufen? Wohin mit dem Atomm\u00fcll, der uns und die n\u00e4chsten hundert Generationen noch freudig [&hellip;]","og_url":"https:\/\/konsumpf.de\/?p=11699","og_site_name":"Konsumpf - Forum f\u00fcr kreative Konsumkritik - Culture Jamming, Nachhaltigkeit, Konzernkritik, Adbusting","article_published_time":"2011-06-19T07:34:08+00:00","og_image":[{"url":"http:\/\/vg02.met.vgwort.de\/na\/e7f4d4df12844228a607e20c28ce4bac","type":"","width":"","height":""}],"author":"Peter M.","twitter_card":"summary_large_image","twitter_misc":{"Verfasst von":"Peter M.","Gesch\u00e4tzte Lesezeit":"6\u00a0Minuten"},"schema":{"@context":"https:\/\/schema.org","@graph":[{"@type":"WebPage","@id":"https:\/\/konsumpf.de\/?p=11699","url":"https:\/\/konsumpf.de\/?p=11699","name":"Regenerative Energie dezentral gewinnen und dezentral speichern - Konsumpf - Forum f\u00fcr kreative Konsumkritik - Culture Jamming, Nachhaltigkeit, Konzernkritik, Adbusting","isPartOf":{"@id":"https:\/\/konsumpf.de\/#website"},"primaryImageOfPage":{"@id":"https:\/\/konsumpf.de\/?p=11699#primaryimage"},"image":{"@id":"https:\/\/konsumpf.de\/?p=11699#primaryimage"},"thumbnailUrl":"http:\/\/vg02.met.vgwort.de\/na\/e7f4d4df12844228a607e20c28ce4bac","datePublished":"2011-06-19T07:34:08+00:00","author":{"@id":"https:\/\/konsumpf.de\/#\/schema\/person\/e595a6d286b26994e7e0926d70699070"},"breadcrumb":{"@id":"https:\/\/konsumpf.de\/?p=11699#breadcrumb"},"inLanguage":"de","potentialAction":[{"@type":"ReadAction","target":["https:\/\/konsumpf.de\/?p=11699"]}]},{"@type":"ImageObject","inLanguage":"de","@id":"https:\/\/konsumpf.de\/?p=11699#primaryimage","url":"http:\/\/vg02.met.vgwort.de\/na\/e7f4d4df12844228a607e20c28ce4bac","contentUrl":"http:\/\/vg02.met.vgwort.de\/na\/e7f4d4df12844228a607e20c28ce4bac"},{"@type":"BreadcrumbList","@id":"https:\/\/konsumpf.de\/?p=11699#breadcrumb","itemListElement":[{"@type":"ListItem","position":1,"name":"Startseite","item":"https:\/\/konsumpf.de\/"},{"@type":"ListItem","position":2,"name":"Regenerative Energie dezentral gewinnen und dezentral speichern"}]},{"@type":"WebSite","@id":"https:\/\/konsumpf.de\/#website","url":"https:\/\/konsumpf.de\/","name":"Konsumpf - Forum f\u00fcr kreative Konsumkritik - Culture Jamming, Nachhaltigkeit, Konzernkritik, Adbusting","description":"","potentialAction":[{"@type":"SearchAction","target":{"@type":"EntryPoint","urlTemplate":"https:\/\/konsumpf.de\/?s={search_term_string}"},"query-input":{"@type":"PropertyValueSpecification","valueRequired":true,"valueName":"search_term_string"}}],"inLanguage":"de"},{"@type":"Person","@id":"https:\/\/konsumpf.de\/#\/schema\/person\/e595a6d286b26994e7e0926d70699070","name":"Peter M.","sameAs":["http:\/\/konsumpf.de"]}]}},"_links":{"self":[{"href":"https:\/\/konsumpf.de\/index.php?rest_route=\/wp\/v2\/posts\/11699"}],"collection":[{"href":"https:\/\/konsumpf.de\/index.php?rest_route=\/wp\/v2\/posts"}],"about":[{"href":"https:\/\/konsumpf.de\/index.php?rest_route=\/wp\/v2\/types\/post"}],"author":[{"embeddable":true,"href":"https:\/\/konsumpf.de\/index.php?rest_route=\/wp\/v2\/users\/1"}],"replies":[{"embeddable":true,"href":"https:\/\/konsumpf.de\/index.php?rest_route=%2Fwp%2Fv2%2Fcomments&post=11699"}],"version-history":[{"count":16,"href":"https:\/\/konsumpf.de\/index.php?rest_route=\/wp\/v2\/posts\/11699\/revisions"}],"predecessor-version":[{"id":12148,"href":"https:\/\/konsumpf.de\/index.php?rest_route=\/wp\/v2\/posts\/11699\/revisions\/12148"}],"wp:attachment":[{"href":"https:\/\/konsumpf.de\/index.php?rest_route=%2Fwp%2Fv2%2Fmedia&parent=11699"}],"wp:term":[{"taxonomy":"category","embeddable":true,"href":"https:\/\/konsumpf.de\/index.php?rest_route=%2Fwp%2Fv2%2Fcategories&post=11699"},{"taxonomy":"post_tag","embeddable":true,"href":"https:\/\/konsumpf.de\/index.php?rest_route=%2Fwp%2Fv2%2Ftags&post=11699"}],"curies":[{"name":"wp","href":"https:\/\/api.w.org\/{rel}","templated":true}]}}