{"id":1163,"date":"2008-11-24T13:27:16","date_gmt":"2008-11-24T12:27:16","guid":{"rendered":"http:\/\/konsumpf.de\/?p=1163"},"modified":"2008-11-25T20:51:11","modified_gmt":"2008-11-25T19:51:11","slug":"veranstaltungstipp-kiel-%e2%80%9eviele-grunde-fur-proteste-%e2%80%93-ist-ein-neues-1968-moglich%e2%80%9d%e2%80%9c","status":"publish","type":"post","link":"https:\/\/konsumpf.de\/?p=1163","title":{"rendered":"Veranstaltungstipp Kiel: \u201eViele Gr\u00fcnde f\u00fcr Proteste \u2013 ist ein neues &#8216;1968&#8217; m\u00f6glich\u201d?"},"content":{"rendered":"<p><strong>\u201eViele Gr\u00fcnde f\u00fcr Proteste \u2013 ist ein neues &#8216;1968&#8217; m\u00f6glich\u201c? <\/strong><br \/>\nMontag, 24.11.2008 um 19.30 h im gro\u00dfen Saal der Pumpe Ha\u00dfstr. 22, 24103 Kiel<\/p>\n<p>\u201eNeue Linke\u201d von 1968 in Kiel fast vergessen? &#8211; Nicht f\u00fcr attac Kiel \u2013 Diskussionsveranstaltung<\/p>\n<p>W\u00e4hrend in den gro\u00dfen St\u00e4dten, Berlin, Hamburg und Frankfurt\/Main, mit umfangreichen und kompetent besetzten Kongressen des Jubil\u00e4ums \u201e40 Jahre 1968\u201d gedacht wurde, tat sich in Kiel bislang \u2013 nichts. Nein! In dem kleinen widerst\u00e4ndischen, gallischen Dorf der attac Gruppe laufen seit einigen Wochen die Vorbereitungen f\u00fcr eine Diskussionsveranstaltung, die nicht beim Gedenken an die Ereignissen 1968 stehen bleiben, sondern den Blick auf das Heute und die Zukunft werfen m\u00f6chte.<\/p>\n<p>Dabei soll es nicht nur um linke Theorie gehen. Diese und die K\u00f6pfe, in denen sie sich in der Zeit um 1968 bewegte war fast zur Gewalt geworden, die zwar \u2013 wenn nicht die Massen \u2013 so doch gro\u00dfe Mengen von StudentInnen, in anderen L\u00e4ndern auch ArbeiterInnen und viele Frauen erfasst hatte. Es war die Zeit der ersten Gro\u00dfen Koalition in Deutschland, ein heftig kritisierter Krieg der USA tobte, \u00dcberproduktionskrisen ersch\u00fctterten erstmals wahrnehmbar die Bundesrepublik. Oberfl\u00e4chlich gesehen dr\u00e4ngen sich Parallelen zur heutigen Situation auf. Wieder eine Gro\u00dfe Koalition, wieder ein z. T. heftig kritisierter US-amerikanischer Krieg, wieder eine Krise, dieses Mal sogar mit weltweiter Ersch\u00fctterung des Finanz- und Bankensystems.<\/p>\n<p>Damals brodelte es: bei den StudentInnen, Lehrlingen, Frauen, Lesben und Schwulen. Hippies und Rocker pr\u00e4gten v\u00f6llig andere Lebensstile. Eine Neue Linke bildete sich, eine au\u00dferparlamentarische Opposition trug ihre Proteste auf die Stra\u00dfe, Kultur und Politik verbanden sich zu einer \u201eKulturrevolution\u201c. Die westliche Welt ver\u00e4nderte sich.<\/p>\n<p>Heute demonstrieren \u00f6kologische, humanistische, soziale und globalisierungskritische Netzwerke: gegen soziale Ungerechtigkeiten weltweit, gegen klimasch\u00e4dliche Energieformen, gegen Kriege, gegen den \u00dcberwachungsstaat, gegen\u00a0 Rassismus, gegen die Abschottung der westlichen Welt gegen\u00fcber Wirtschaftsfl\u00fcchtlingen aus der \u201eDritten\u201c Welt. Die Proteste scheinen jedoch an den Zentren der Macht abzuprallen.<\/p>\n<p>Wie kam es, dass \u201e1968\u201c Wirkung zeigte? Was tun, um heute \u201eeine andere Welt m\u00f6glich zu machen\u201c, wie attac es sich auf die Fahnen geschrieben hat? Eine Welt, in der vieles auf dem Pr\u00fcfstand steht: Unser Konsumverhalten und unser Lebensstil, das Wachstumsstreben der Wirtschaft, unsere Einstellung zur Natur und nicht zuletzt das Verh\u00e4ltnis zwischen den Geschlechtern.<br \/>\nDiesen Fragen will sich die attac Kiel stellen und hat dazu kompetente ReferentInnen eingeladen:<\/p>\n<p>Sven Giegold (38 Jahre), Wirtschaftswissenschaftler, Mitbegr\u00fcnder von attac Deutschland und Kandidat f\u00fcr die Europa-Liste von B\u00fc90\/Die Gr\u00fcnen,<\/p>\n<p>Prof. Dr. Ulrike Schultz (48 Jahre), Entwicklungssoziologin, z. Z. Vertretung des Lehrstuhls f\u00fcr Internationalisierung und Entwicklung an der Ruhr Universit\u00e4t Bochum Schwerpunkte: Geschlechterbeziehungen und Globalisierung in Afrika, Haushalts\u00f6konomie, Geschlechterpolitik, Forschung und Workshops in N- und O-Afrika u. a. zu Feminismus, Islam und Geschlechterpolitik,<\/p>\n<p>Prof. Dr. Detlef Siegfried (50 Jahre), Associate Professor f\u00fcr Neuere Deutsche Geschichte und Kulturgeschichte an der Universit\u00e4t Kopenhagen, Schwerpunkte Geschichte der Bundesrepublik in den 60er und 70er Jahren, \u201e1968\u201c,\u00a0 Monographie zu diesem Thema \u201eTime Is on My Side. Konsum und Politik in der westdeutschen Jugendkultur der 60er Jahre\u201c und<\/p>\n<p>Hilde Wackerhagen (62 Jahre), von Beginn an in der Frauenbewegung aktiv (Weiberrat), Mitglied des legend\u00e4ren Karl-Napp-Chaos-Theater (Kleinkunstpreis Mainz 1980), heute politische Kabarettistin.<\/p>\n<h3 class='related_post_title'>Verwandte Beitr\u00e4ge:<\/h3><ul class='related_post'><li><a href=\"http:\/\/konsumpf.de\/?p=13866\" title=\"McPlanet.com 2012 in Berlin\">McPlanet.com 2012 in Berlin<\/a><\/li><li><a href=\"http:\/\/konsumpf.de\/?p=13203\" title=\"Weltweiter Aktionstag am 15. Oktober \u2013 auch in Kiel\">Weltweiter Aktionstag am 15. Oktober \u2013 auch in Kiel<\/a><\/li><li><a href=\"http:\/\/konsumpf.de\/?p=13152\" title=\"Der 15. Oktober \u2013 Aufruf zum Widerstand gegen das Banken- und Finanzsystem\">Der 15. Oktober \u2013 Aufruf zum Widerstand gegen das Banken- und Finanzsystem<\/a><\/li><li><a href=\"http:\/\/konsumpf.de\/?p=11294\" title=\"L\u00f6bliche neue Initiativen im Netz: Kr\u00f6tenwanderung jetzt!, Bild? Ohne mich! und Savemynature\">L\u00f6bliche neue Initiativen im Netz: Kr\u00f6tenwanderung jetzt!, Bild? Ohne mich! und Savemynature<\/a><\/li><li><a href=\"http:\/\/konsumpf.de\/?p=10214\" title=\"Surftipp: PPP-Irrweg &#8211; gegen Geheimvertr\u00e4ge mit Gro\u00dfinvestoren\">Surftipp: PPP-Irrweg &#8211; gegen Geheimvertr\u00e4ge mit Gro\u00dfinvestoren<\/a><\/li><\/ul>","protected":false},"excerpt":{"rendered":"<p>\u201eViele Gr\u00fcnde f\u00fcr Proteste \u2013 ist ein neues &#8216;1968&#8217; m\u00f6glich\u201c? Montag, 24.11.2008 um 19.30 h im gro\u00dfen Saal der Pumpe Ha\u00dfstr. 22, 24103 Kiel \u201eNeue Linke\u201d von 1968 in Kiel fast vergessen? &#8211; Nicht f\u00fcr attac Kiel \u2013 Diskussionsveranstaltung W\u00e4hrend in den gro\u00dfen St\u00e4dten, Berlin, Hamburg und Frankfurt\/Main, mit umfangreichen und kompetent besetzten Kongressen des [&hellip;]<\/p>\n","protected":false},"author":1,"featured_media":0,"comment_status":"open","ping_status":"open","sticky":false,"template":"","format":"standard","meta":{"footnotes":""},"categories":[10,53],"tags":[177,90,107],"yoast_head":"<!-- This site is optimized with the Yoast SEO plugin v24.4 - https:\/\/yoast.com\/wordpress\/plugins\/seo\/ -->\n<title>Veranstaltungstipp Kiel: \u201eViele Gr\u00fcnde f\u00fcr Proteste \u2013 ist ein neues &#039;1968&#039; m\u00f6glich\u201d?  - Konsumpf - Forum f\u00fcr kreative Konsumkritik - Culture Jamming, Nachhaltigkeit, Konzernkritik, Adbusting<\/title>\n<meta name=\"robots\" content=\"index, follow, max-snippet:-1, max-image-preview:large, max-video-preview:-1\" \/>\n<link rel=\"canonical\" href=\"https:\/\/konsumpf.de\/?p=1163\" \/>\n<meta property=\"og:locale\" content=\"de_DE\" \/>\n<meta property=\"og:type\" content=\"article\" \/>\n<meta property=\"og:title\" content=\"Veranstaltungstipp Kiel: \u201eViele Gr\u00fcnde f\u00fcr Proteste \u2013 ist ein neues &#039;1968&#039; m\u00f6glich\u201d?  - Konsumpf - Forum f\u00fcr kreative Konsumkritik - Culture Jamming, Nachhaltigkeit, Konzernkritik, Adbusting\" \/>\n<meta property=\"og:description\" content=\"\u201eViele Gr\u00fcnde f\u00fcr Proteste \u2013 ist ein neues &#8216;1968&#8217; m\u00f6glich\u201c? Montag, 24.11.2008 um 19.30 h im gro\u00dfen Saal der Pumpe Ha\u00dfstr. 22, 24103 Kiel \u201eNeue Linke\u201d von 1968 in Kiel fast vergessen? &#8211; Nicht f\u00fcr attac Kiel \u2013 Diskussionsveranstaltung W\u00e4hrend in den gro\u00dfen St\u00e4dten, Berlin, Hamburg und Frankfurt\/Main, mit umfangreichen und kompetent besetzten Kongressen des [&hellip;]\" \/>\n<meta property=\"og:url\" content=\"https:\/\/konsumpf.de\/?p=1163\" \/>\n<meta property=\"og:site_name\" content=\"Konsumpf - Forum f\u00fcr kreative Konsumkritik - Culture Jamming, Nachhaltigkeit, Konzernkritik, Adbusting\" \/>\n<meta property=\"article:published_time\" content=\"2008-11-24T12:27:16+00:00\" \/>\n<meta property=\"article:modified_time\" content=\"2008-11-25T19:51:11+00:00\" \/>\n<meta name=\"author\" content=\"Peter M.\" \/>\n<meta name=\"twitter:card\" content=\"summary_large_image\" \/>\n<meta name=\"twitter:label1\" content=\"Verfasst von\" \/>\n\t<meta name=\"twitter:data1\" content=\"Peter M.\" \/>\n\t<meta name=\"twitter:label2\" content=\"Gesch\u00e4tzte Lesezeit\" \/>\n\t<meta name=\"twitter:data2\" content=\"3\u00a0Minuten\" \/>\n<script type=\"application\/ld+json\" class=\"yoast-schema-graph\">{\"@context\":\"https:\/\/schema.org\",\"@graph\":[{\"@type\":\"WebPage\",\"@id\":\"https:\/\/konsumpf.de\/?p=1163\",\"url\":\"https:\/\/konsumpf.de\/?p=1163\",\"name\":\"Veranstaltungstipp Kiel: \u201eViele Gr\u00fcnde f\u00fcr Proteste \u2013 ist ein neues '1968' m\u00f6glich\u201d? - Konsumpf - Forum f\u00fcr kreative Konsumkritik - Culture Jamming, Nachhaltigkeit, Konzernkritik, Adbusting\",\"isPartOf\":{\"@id\":\"https:\/\/konsumpf.de\/#website\"},\"datePublished\":\"2008-11-24T12:27:16+00:00\",\"dateModified\":\"2008-11-25T19:51:11+00:00\",\"author\":{\"@id\":\"https:\/\/konsumpf.de\/#\/schema\/person\/e595a6d286b26994e7e0926d70699070\"},\"breadcrumb\":{\"@id\":\"https:\/\/konsumpf.de\/?p=1163#breadcrumb\"},\"inLanguage\":\"de\",\"potentialAction\":[{\"@type\":\"ReadAction\",\"target\":[\"https:\/\/konsumpf.de\/?p=1163\"]}]},{\"@type\":\"BreadcrumbList\",\"@id\":\"https:\/\/konsumpf.de\/?p=1163#breadcrumb\",\"itemListElement\":[{\"@type\":\"ListItem\",\"position\":1,\"name\":\"Startseite\",\"item\":\"https:\/\/konsumpf.de\/\"},{\"@type\":\"ListItem\",\"position\":2,\"name\":\"Veranstaltungstipp Kiel: \u201eViele Gr\u00fcnde f\u00fcr Proteste \u2013 ist ein neues &#8216;1968&#8217; m\u00f6glich\u201d?\"}]},{\"@type\":\"WebSite\",\"@id\":\"https:\/\/konsumpf.de\/#website\",\"url\":\"https:\/\/konsumpf.de\/\",\"name\":\"Konsumpf - Forum f\u00fcr kreative Konsumkritik - Culture Jamming, Nachhaltigkeit, Konzernkritik, Adbusting\",\"description\":\"\",\"potentialAction\":[{\"@type\":\"SearchAction\",\"target\":{\"@type\":\"EntryPoint\",\"urlTemplate\":\"https:\/\/konsumpf.de\/?s={search_term_string}\"},\"query-input\":{\"@type\":\"PropertyValueSpecification\",\"valueRequired\":true,\"valueName\":\"search_term_string\"}}],\"inLanguage\":\"de\"},{\"@type\":\"Person\",\"@id\":\"https:\/\/konsumpf.de\/#\/schema\/person\/e595a6d286b26994e7e0926d70699070\",\"name\":\"Peter M.\",\"sameAs\":[\"http:\/\/konsumpf.de\"]}]}<\/script>\n<!-- \/ Yoast SEO plugin. -->","yoast_head_json":{"title":"Veranstaltungstipp Kiel: \u201eViele Gr\u00fcnde f\u00fcr Proteste \u2013 ist ein neues '1968' m\u00f6glich\u201d?  - Konsumpf - Forum f\u00fcr kreative Konsumkritik - Culture Jamming, Nachhaltigkeit, Konzernkritik, Adbusting","robots":{"index":"index","follow":"follow","max-snippet":"max-snippet:-1","max-image-preview":"max-image-preview:large","max-video-preview":"max-video-preview:-1"},"canonical":"https:\/\/konsumpf.de\/?p=1163","og_locale":"de_DE","og_type":"article","og_title":"Veranstaltungstipp Kiel: \u201eViele Gr\u00fcnde f\u00fcr Proteste \u2013 ist ein neues '1968' m\u00f6glich\u201d?  - Konsumpf - Forum f\u00fcr kreative Konsumkritik - Culture Jamming, Nachhaltigkeit, Konzernkritik, Adbusting","og_description":"\u201eViele Gr\u00fcnde f\u00fcr Proteste \u2013 ist ein neues &#8216;1968&#8217; m\u00f6glich\u201c? Montag, 24.11.2008 um 19.30 h im gro\u00dfen Saal der Pumpe Ha\u00dfstr. 22, 24103 Kiel \u201eNeue Linke\u201d von 1968 in Kiel fast vergessen? &#8211; Nicht f\u00fcr attac Kiel \u2013 Diskussionsveranstaltung W\u00e4hrend in den gro\u00dfen St\u00e4dten, Berlin, Hamburg und Frankfurt\/Main, mit umfangreichen und kompetent besetzten Kongressen des [&hellip;]","og_url":"https:\/\/konsumpf.de\/?p=1163","og_site_name":"Konsumpf - Forum f\u00fcr kreative Konsumkritik - Culture Jamming, Nachhaltigkeit, Konzernkritik, Adbusting","article_published_time":"2008-11-24T12:27:16+00:00","article_modified_time":"2008-11-25T19:51:11+00:00","author":"Peter M.","twitter_card":"summary_large_image","twitter_misc":{"Verfasst von":"Peter M.","Gesch\u00e4tzte Lesezeit":"3\u00a0Minuten"},"schema":{"@context":"https:\/\/schema.org","@graph":[{"@type":"WebPage","@id":"https:\/\/konsumpf.de\/?p=1163","url":"https:\/\/konsumpf.de\/?p=1163","name":"Veranstaltungstipp Kiel: \u201eViele Gr\u00fcnde f\u00fcr Proteste \u2013 ist ein neues '1968' m\u00f6glich\u201d? - Konsumpf - Forum f\u00fcr kreative Konsumkritik - Culture Jamming, Nachhaltigkeit, Konzernkritik, Adbusting","isPartOf":{"@id":"https:\/\/konsumpf.de\/#website"},"datePublished":"2008-11-24T12:27:16+00:00","dateModified":"2008-11-25T19:51:11+00:00","author":{"@id":"https:\/\/konsumpf.de\/#\/schema\/person\/e595a6d286b26994e7e0926d70699070"},"breadcrumb":{"@id":"https:\/\/konsumpf.de\/?p=1163#breadcrumb"},"inLanguage":"de","potentialAction":[{"@type":"ReadAction","target":["https:\/\/konsumpf.de\/?p=1163"]}]},{"@type":"BreadcrumbList","@id":"https:\/\/konsumpf.de\/?p=1163#breadcrumb","itemListElement":[{"@type":"ListItem","position":1,"name":"Startseite","item":"https:\/\/konsumpf.de\/"},{"@type":"ListItem","position":2,"name":"Veranstaltungstipp Kiel: \u201eViele Gr\u00fcnde f\u00fcr Proteste \u2013 ist ein neues &#8216;1968&#8217; m\u00f6glich\u201d?"}]},{"@type":"WebSite","@id":"https:\/\/konsumpf.de\/#website","url":"https:\/\/konsumpf.de\/","name":"Konsumpf - Forum f\u00fcr kreative Konsumkritik - Culture Jamming, Nachhaltigkeit, Konzernkritik, Adbusting","description":"","potentialAction":[{"@type":"SearchAction","target":{"@type":"EntryPoint","urlTemplate":"https:\/\/konsumpf.de\/?s={search_term_string}"},"query-input":{"@type":"PropertyValueSpecification","valueRequired":true,"valueName":"search_term_string"}}],"inLanguage":"de"},{"@type":"Person","@id":"https:\/\/konsumpf.de\/#\/schema\/person\/e595a6d286b26994e7e0926d70699070","name":"Peter M.","sameAs":["http:\/\/konsumpf.de"]}]}},"_links":{"self":[{"href":"https:\/\/konsumpf.de\/index.php?rest_route=\/wp\/v2\/posts\/1163"}],"collection":[{"href":"https:\/\/konsumpf.de\/index.php?rest_route=\/wp\/v2\/posts"}],"about":[{"href":"https:\/\/konsumpf.de\/index.php?rest_route=\/wp\/v2\/types\/post"}],"author":[{"embeddable":true,"href":"https:\/\/konsumpf.de\/index.php?rest_route=\/wp\/v2\/users\/1"}],"replies":[{"embeddable":true,"href":"https:\/\/konsumpf.de\/index.php?rest_route=%2Fwp%2Fv2%2Fcomments&post=1163"}],"version-history":[{"count":3,"href":"https:\/\/konsumpf.de\/index.php?rest_route=\/wp\/v2\/posts\/1163\/revisions"}],"predecessor-version":[{"id":1176,"href":"https:\/\/konsumpf.de\/index.php?rest_route=\/wp\/v2\/posts\/1163\/revisions\/1176"}],"wp:attachment":[{"href":"https:\/\/konsumpf.de\/index.php?rest_route=%2Fwp%2Fv2%2Fmedia&parent=1163"}],"wp:term":[{"taxonomy":"category","embeddable":true,"href":"https:\/\/konsumpf.de\/index.php?rest_route=%2Fwp%2Fv2%2Fcategories&post=1163"},{"taxonomy":"post_tag","embeddable":true,"href":"https:\/\/konsumpf.de\/index.php?rest_route=%2Fwp%2Fv2%2Ftags&post=1163"}],"curies":[{"name":"wp","href":"https:\/\/api.w.org\/{rel}","templated":true}]}}