{"id":11323,"date":"2011-03-23T18:00:00","date_gmt":"2011-03-23T17:00:00","guid":{"rendered":"http:\/\/konsumpf.de\/?p=11323"},"modified":"2011-03-22T11:04:59","modified_gmt":"2011-03-22T10:04:59","slug":"twestival-2011","status":"publish","type":"post","link":"https:\/\/konsumpf.de\/?p=11323","title":{"rendered":"Twestival 2011"},"content":{"rendered":"<p><img loading=\"lazy\" decoding=\"async\" class=\"alignright size-full wp-image-11324\" title=\"twestival lokal hh 2011\" src=\"http:\/\/konsumpf.de\/wp-content\/uploads\/2011\/03\/twestival-lokal-hh-2011.jpg\" alt=\"\" width=\"190\" height=\"180\" \/>An dieser Stelle noch ein kurzer Hinweis auf das morgen, am <strong>24. M\u00e4rz<\/strong> stattfindende <a href=\"http:\/\/www.twestival.com\/\"><strong>Twestival 2011<\/strong><\/a>, das als <a href=\"http:\/\/www.twestival.com\/german\"><strong>Twestival Local<\/strong><\/a> auch in Essen, Hamburg und Berlin stattfinden wird. Twestival, was ist denn das schon wieder?<\/p>\n<blockquote><p>Ein Twestival (oder  Twitter-Festival) ist eine globale Bewegung, die an einem einzigen Tag  die Macht der sozialen Medien nutzt, um Offline-Events zu organisieren,  die Gemeinden f\u00fcr die Unterst\u00fctzung von \u00f6rtlichen gemeinn\u00fctzigen  Organisationen mobilisieren. Seit 2009 haben \u00fcber 200 St\u00e4dte an  Twestival teilgenommen und dabei nahezu 1,2\u00a0Millionen USD (800.000 EUR)  f\u00fcr wichtige Dinge wie sauberes Wasser und Bildung gesammelt. Twestival  Local-Veranstaltungen werden zu 100\u00a0% durch Volont\u00e4re koordiniert und  die durch Ticketverk\u00e4ufe und Spenden gesammelten Gelder gehen zu 100\u00a0%  an \u00f6rtliche gemeinn\u00fctzige Projekte.<\/p><\/blockquote>\n<p><object classid=\"clsid:d27cdb6e-ae6d-11cf-96b8-444553540000\" width=\"500\" height=\"311\" codebase=\"http:\/\/download.macromedia.com\/pub\/shockwave\/cabs\/flash\/swflash.cab#version=6,0,40,0\"><param name=\"allowFullScreen\" value=\"true\" \/><param name=\"allowscriptaccess\" value=\"always\" \/><param name=\"src\" value=\"http:\/\/www.youtube.com\/v\/wg2w2EMIWTM?fs=1&amp;hl=de_DE\" \/><param name=\"allowfullscreen\" value=\"true\" \/><embed type=\"application\/x-shockwave-flash\" width=\"500\" height=\"311\" src=\"http:\/\/www.youtube.com\/v\/wg2w2EMIWTM?fs=1&amp;hl=de_DE\" allowscriptaccess=\"always\" allowfullscreen=\"true\"><\/embed><\/object><\/p>\n<h3 class='related_post_title'>Verwandte Beitr\u00e4ge:<\/h3><ul class='related_post'><li><a href=\"http:\/\/konsumpf.de\/?p=13857\" title=\"Geschlossene Gesellschaft\">Geschlossene Gesellschaft<\/a><\/li><li><a href=\"http:\/\/konsumpf.de\/?p=13553\" title=\"Werbung gegen Realit\u00e4t, Teil 15: Weltrettende Konzerne\">Werbung gegen Realit\u00e4t, Teil 15: Weltrettende Konzerne<\/a><\/li><li><a href=\"http:\/\/konsumpf.de\/?p=13541\" title=\"Verschwendung bei Bildungsprojekten\">Verschwendung bei Bildungsprojekten<\/a><\/li><li><a href=\"http:\/\/konsumpf.de\/?p=8766\" title=\"Lesetipps: I Can Stalk U \/ Leihen statt kaufen (Nachbarschaftshilfe im Netz) \/ Arbeit macht das Leben s\u00fc\u00df?\">Lesetipps: I Can Stalk U \/ Leihen statt kaufen (Nachbarschaftshilfe im Netz) \/ Arbeit macht das Leben s\u00fc\u00df?<\/a><\/li><li><a href=\"http:\/\/konsumpf.de\/?p=7530\" title=\"Zott \u201egewinnt\u201c den Goldenen Windbeutel 2010 und die Komplett-Kommerzialisierung der Sozialen Netzwerke\">Zott \u201egewinnt\u201c den Goldenen Windbeutel 2010 und die Komplett-Kommerzialisierung der Sozialen Netzwerke<\/a><\/li><\/ul>","protected":false},"excerpt":{"rendered":"<p>An dieser Stelle noch ein kurzer Hinweis auf das morgen, am 24. M\u00e4rz stattfindende Twestival 2011, das als Twestival Local auch in Essen, Hamburg und Berlin stattfinden wird. Twestival, was ist denn das schon wieder? Ein Twestival (oder Twitter-Festival) ist eine globale Bewegung, die an einem einzigen Tag die Macht der sozialen Medien nutzt, um [&hellip;]<\/p>\n","protected":false},"author":1,"featured_media":0,"comment_status":"open","ping_status":"open","sticky":false,"template":"","format":"standard","meta":{"footnotes":""},"categories":[1097,265,54],"tags":[1053,2105,2106,83,2104,1326],"yoast_head":"<!-- This site is optimized with the Yoast SEO plugin v24.4 - https:\/\/yoast.com\/wordpress\/plugins\/seo\/ -->\n<title>Twestival 2011 - Konsumpf - Forum f\u00fcr kreative Konsumkritik - Culture Jamming, Nachhaltigkeit, Konzernkritik, Adbusting<\/title>\n<meta name=\"robots\" content=\"index, follow, max-snippet:-1, max-image-preview:large, max-video-preview:-1\" \/>\n<link rel=\"canonical\" href=\"https:\/\/konsumpf.de\/?p=11323\" \/>\n<meta property=\"og:locale\" content=\"de_DE\" \/>\n<meta property=\"og:type\" content=\"article\" \/>\n<meta property=\"og:title\" content=\"Twestival 2011 - Konsumpf - Forum f\u00fcr kreative Konsumkritik - Culture Jamming, Nachhaltigkeit, Konzernkritik, Adbusting\" \/>\n<meta property=\"og:description\" content=\"An dieser Stelle noch ein kurzer Hinweis auf das morgen, am 24. M\u00e4rz stattfindende Twestival 2011, das als Twestival Local auch in Essen, Hamburg und Berlin stattfinden wird. Twestival, was ist denn das schon wieder? Ein Twestival (oder Twitter-Festival) ist eine globale Bewegung, die an einem einzigen Tag die Macht der sozialen Medien nutzt, um [&hellip;]\" \/>\n<meta property=\"og:url\" content=\"https:\/\/konsumpf.de\/?p=11323\" \/>\n<meta property=\"og:site_name\" content=\"Konsumpf - Forum f\u00fcr kreative Konsumkritik - Culture Jamming, Nachhaltigkeit, Konzernkritik, Adbusting\" \/>\n<meta property=\"article:published_time\" content=\"2011-03-23T17:00:00+00:00\" \/>\n<meta property=\"og:image\" content=\"http:\/\/konsumpf.de\/wp-content\/uploads\/2011\/03\/twestival-lokal-hh-2011.jpg\" \/>\n<meta name=\"author\" content=\"Peter M.\" \/>\n<meta name=\"twitter:card\" content=\"summary_large_image\" \/>\n<meta name=\"twitter:label1\" content=\"Verfasst von\" \/>\n\t<meta name=\"twitter:data1\" content=\"Peter M.\" \/>\n\t<meta name=\"twitter:label2\" content=\"Gesch\u00e4tzte Lesezeit\" \/>\n\t<meta name=\"twitter:data2\" content=\"1\u00a0Minute\" \/>\n<script type=\"application\/ld+json\" class=\"yoast-schema-graph\">{\"@context\":\"https:\/\/schema.org\",\"@graph\":[{\"@type\":\"WebPage\",\"@id\":\"https:\/\/konsumpf.de\/?p=11323\",\"url\":\"https:\/\/konsumpf.de\/?p=11323\",\"name\":\"Twestival 2011 - Konsumpf - Forum f\u00fcr kreative Konsumkritik - Culture Jamming, Nachhaltigkeit, Konzernkritik, Adbusting\",\"isPartOf\":{\"@id\":\"https:\/\/konsumpf.de\/#website\"},\"primaryImageOfPage\":{\"@id\":\"https:\/\/konsumpf.de\/?p=11323#primaryimage\"},\"image\":{\"@id\":\"https:\/\/konsumpf.de\/?p=11323#primaryimage\"},\"thumbnailUrl\":\"http:\/\/konsumpf.de\/wp-content\/uploads\/2011\/03\/twestival-lokal-hh-2011.jpg\",\"datePublished\":\"2011-03-23T17:00:00+00:00\",\"author\":{\"@id\":\"https:\/\/konsumpf.de\/#\/schema\/person\/e595a6d286b26994e7e0926d70699070\"},\"breadcrumb\":{\"@id\":\"https:\/\/konsumpf.de\/?p=11323#breadcrumb\"},\"inLanguage\":\"de\",\"potentialAction\":[{\"@type\":\"ReadAction\",\"target\":[\"https:\/\/konsumpf.de\/?p=11323\"]}]},{\"@type\":\"ImageObject\",\"inLanguage\":\"de\",\"@id\":\"https:\/\/konsumpf.de\/?p=11323#primaryimage\",\"url\":\"https:\/\/konsumpf.de\/wp-content\/uploads\/2011\/03\/twestival-lokal-hh-2011.jpg\",\"contentUrl\":\"https:\/\/konsumpf.de\/wp-content\/uploads\/2011\/03\/twestival-lokal-hh-2011.jpg\",\"width\":\"190\",\"height\":\"180\"},{\"@type\":\"BreadcrumbList\",\"@id\":\"https:\/\/konsumpf.de\/?p=11323#breadcrumb\",\"itemListElement\":[{\"@type\":\"ListItem\",\"position\":1,\"name\":\"Startseite\",\"item\":\"https:\/\/konsumpf.de\/\"},{\"@type\":\"ListItem\",\"position\":2,\"name\":\"Twestival 2011\"}]},{\"@type\":\"WebSite\",\"@id\":\"https:\/\/konsumpf.de\/#website\",\"url\":\"https:\/\/konsumpf.de\/\",\"name\":\"Konsumpf - Forum f\u00fcr kreative Konsumkritik - Culture Jamming, Nachhaltigkeit, Konzernkritik, Adbusting\",\"description\":\"\",\"potentialAction\":[{\"@type\":\"SearchAction\",\"target\":{\"@type\":\"EntryPoint\",\"urlTemplate\":\"https:\/\/konsumpf.de\/?s={search_term_string}\"},\"query-input\":{\"@type\":\"PropertyValueSpecification\",\"valueRequired\":true,\"valueName\":\"search_term_string\"}}],\"inLanguage\":\"de\"},{\"@type\":\"Person\",\"@id\":\"https:\/\/konsumpf.de\/#\/schema\/person\/e595a6d286b26994e7e0926d70699070\",\"name\":\"Peter M.\",\"sameAs\":[\"http:\/\/konsumpf.de\"]}]}<\/script>\n<!-- \/ Yoast SEO plugin. -->","yoast_head_json":{"title":"Twestival 2011 - Konsumpf - Forum f\u00fcr kreative Konsumkritik - Culture Jamming, Nachhaltigkeit, Konzernkritik, Adbusting","robots":{"index":"index","follow":"follow","max-snippet":"max-snippet:-1","max-image-preview":"max-image-preview:large","max-video-preview":"max-video-preview:-1"},"canonical":"https:\/\/konsumpf.de\/?p=11323","og_locale":"de_DE","og_type":"article","og_title":"Twestival 2011 - Konsumpf - Forum f\u00fcr kreative Konsumkritik - Culture Jamming, Nachhaltigkeit, Konzernkritik, Adbusting","og_description":"An dieser Stelle noch ein kurzer Hinweis auf das morgen, am 24. M\u00e4rz stattfindende Twestival 2011, das als Twestival Local auch in Essen, Hamburg und Berlin stattfinden wird. Twestival, was ist denn das schon wieder? Ein Twestival (oder Twitter-Festival) ist eine globale Bewegung, die an einem einzigen Tag die Macht der sozialen Medien nutzt, um [&hellip;]","og_url":"https:\/\/konsumpf.de\/?p=11323","og_site_name":"Konsumpf - Forum f\u00fcr kreative Konsumkritik - Culture Jamming, Nachhaltigkeit, Konzernkritik, Adbusting","article_published_time":"2011-03-23T17:00:00+00:00","og_image":[{"url":"http:\/\/konsumpf.de\/wp-content\/uploads\/2011\/03\/twestival-lokal-hh-2011.jpg","type":"","width":"","height":""}],"author":"Peter M.","twitter_card":"summary_large_image","twitter_misc":{"Verfasst von":"Peter M.","Gesch\u00e4tzte Lesezeit":"1\u00a0Minute"},"schema":{"@context":"https:\/\/schema.org","@graph":[{"@type":"WebPage","@id":"https:\/\/konsumpf.de\/?p=11323","url":"https:\/\/konsumpf.de\/?p=11323","name":"Twestival 2011 - Konsumpf - Forum f\u00fcr kreative Konsumkritik - Culture Jamming, Nachhaltigkeit, Konzernkritik, Adbusting","isPartOf":{"@id":"https:\/\/konsumpf.de\/#website"},"primaryImageOfPage":{"@id":"https:\/\/konsumpf.de\/?p=11323#primaryimage"},"image":{"@id":"https:\/\/konsumpf.de\/?p=11323#primaryimage"},"thumbnailUrl":"http:\/\/konsumpf.de\/wp-content\/uploads\/2011\/03\/twestival-lokal-hh-2011.jpg","datePublished":"2011-03-23T17:00:00+00:00","author":{"@id":"https:\/\/konsumpf.de\/#\/schema\/person\/e595a6d286b26994e7e0926d70699070"},"breadcrumb":{"@id":"https:\/\/konsumpf.de\/?p=11323#breadcrumb"},"inLanguage":"de","potentialAction":[{"@type":"ReadAction","target":["https:\/\/konsumpf.de\/?p=11323"]}]},{"@type":"ImageObject","inLanguage":"de","@id":"https:\/\/konsumpf.de\/?p=11323#primaryimage","url":"https:\/\/konsumpf.de\/wp-content\/uploads\/2011\/03\/twestival-lokal-hh-2011.jpg","contentUrl":"https:\/\/konsumpf.de\/wp-content\/uploads\/2011\/03\/twestival-lokal-hh-2011.jpg","width":"190","height":"180"},{"@type":"BreadcrumbList","@id":"https:\/\/konsumpf.de\/?p=11323#breadcrumb","itemListElement":[{"@type":"ListItem","position":1,"name":"Startseite","item":"https:\/\/konsumpf.de\/"},{"@type":"ListItem","position":2,"name":"Twestival 2011"}]},{"@type":"WebSite","@id":"https:\/\/konsumpf.de\/#website","url":"https:\/\/konsumpf.de\/","name":"Konsumpf - Forum f\u00fcr kreative Konsumkritik - Culture Jamming, Nachhaltigkeit, Konzernkritik, Adbusting","description":"","potentialAction":[{"@type":"SearchAction","target":{"@type":"EntryPoint","urlTemplate":"https:\/\/konsumpf.de\/?s={search_term_string}"},"query-input":{"@type":"PropertyValueSpecification","valueRequired":true,"valueName":"search_term_string"}}],"inLanguage":"de"},{"@type":"Person","@id":"https:\/\/konsumpf.de\/#\/schema\/person\/e595a6d286b26994e7e0926d70699070","name":"Peter M.","sameAs":["http:\/\/konsumpf.de"]}]}},"_links":{"self":[{"href":"https:\/\/konsumpf.de\/index.php?rest_route=\/wp\/v2\/posts\/11323"}],"collection":[{"href":"https:\/\/konsumpf.de\/index.php?rest_route=\/wp\/v2\/posts"}],"about":[{"href":"https:\/\/konsumpf.de\/index.php?rest_route=\/wp\/v2\/types\/post"}],"author":[{"embeddable":true,"href":"https:\/\/konsumpf.de\/index.php?rest_route=\/wp\/v2\/users\/1"}],"replies":[{"embeddable":true,"href":"https:\/\/konsumpf.de\/index.php?rest_route=%2Fwp%2Fv2%2Fcomments&post=11323"}],"version-history":[{"count":1,"href":"https:\/\/konsumpf.de\/index.php?rest_route=\/wp\/v2\/posts\/11323\/revisions"}],"predecessor-version":[{"id":11325,"href":"https:\/\/konsumpf.de\/index.php?rest_route=\/wp\/v2\/posts\/11323\/revisions\/11325"}],"wp:attachment":[{"href":"https:\/\/konsumpf.de\/index.php?rest_route=%2Fwp%2Fv2%2Fmedia&parent=11323"}],"wp:term":[{"taxonomy":"category","embeddable":true,"href":"https:\/\/konsumpf.de\/index.php?rest_route=%2Fwp%2Fv2%2Fcategories&post=11323"},{"taxonomy":"post_tag","embeddable":true,"href":"https:\/\/konsumpf.de\/index.php?rest_route=%2Fwp%2Fv2%2Ftags&post=11323"}],"curies":[{"name":"wp","href":"https:\/\/api.w.org\/{rel}","templated":true}]}}