{"id":11278,"date":"2011-03-20T09:47:34","date_gmt":"2011-03-20T08:47:34","guid":{"rendered":"http:\/\/konsumpf.de\/?p=11278"},"modified":"2011-03-19T11:30:01","modified_gmt":"2011-03-19T10:30:01","slug":"quer-uber-die-schwarz-gelbe-atomwende-und-die-gefahren-der-kernenergie","status":"publish","type":"post","link":"https:\/\/konsumpf.de\/?p=11278","title":{"rendered":"quer \u00fcber die schwarz-gelbe Atomwende und die Gefahren der Kernenergie"},"content":{"rendered":"<p>Langzeitleser meines Blog wissen, dass ich die Sendung <strong>quer<\/strong> im Bayerischen Fernsehen sehr sch\u00e4tze, da hier immer wieder unbequeme Fragen gestellt und kritisch berichtet wird. Die letzte Sendung widmete der Sender komplett dem Thema Atomkraft \u2013 man kann sie sich <a href=\"http:\/\/blog.br-online.de\/quer\/\">HIER<\/a> (in einzelnen Teilen) online anschauen. Zwei Beitr\u00e4ge m\u00f6chte ich, auf Grund der hohen Aktualit\u00e4t des Themas, hier im Blog doch noch einmal herausgreifen (ab morgen wende ich mich im Konsumpf dann auch wieder anderen Sachen zu, versprochen!) \u2013 zum einen \u201e<a href=\"http:\/\/blog.br-online.de\/quer\/studiogespraech-man-kann-nicht-einmal-5-millionen-evakuieren-18032011.html\"><strong>Man kann nicht einmal 5 Millionen evakuieren<\/strong><\/a>\u201c, ein Gespr\u00e4ch mit dem Strahlenbiologen <strong>Prof. Edmud Lengfelder<\/strong>, der sehr deutliche Worte zu dem Geschehen in Japan und dem Lavieren hierzulande findet:<\/p>\n<blockquote><p>Prof. Edmund Lengfelder ist einer der weltweit renommiertesten  Strahlenbiologen.  Er denkt, die japanische Regierung verharmlost die  Situation \u2013 um zu vermeiden,  dass zu sehr Panik ausbricht. Denn eine  Evakuierung Tokios w\u00e4re rein logistisch  schwierig bis unm\u00f6glich.<\/p><\/blockquote>\n<p><object classid=\"clsid:d27cdb6e-ae6d-11cf-96b8-444553540000\" width=\"500\" height=\"311\" codebase=\"http:\/\/download.macromedia.com\/pub\/shockwave\/cabs\/flash\/swflash.cab#version=6,0,40,0\"><param name=\"allowFullScreen\" value=\"true\" \/><param name=\"allowscriptaccess\" value=\"always\" \/><param name=\"src\" value=\"http:\/\/www.youtube.com\/v\/d4ZPon21Pew?fs=1&amp;hl=de_DE\" \/><param name=\"allowfullscreen\" value=\"true\" \/><embed type=\"application\/x-shockwave-flash\" width=\"500\" height=\"311\" src=\"http:\/\/www.youtube.com\/v\/d4ZPon21Pew?fs=1&amp;hl=de_DE\" allowscriptaccess=\"always\" allowfullscreen=\"true\"><\/embed><\/object><\/p>\n<p>Ebenfalls klare Worte werden der schwarz-gelben Regierung und ihrem offen opportunistischen Atomkurs zuteil \u2013 \u201e<a href=\"http:\/\/blog.br-online.de\/quer\/atom-wende-wie-glaubwuerdig-ist-schwarz-gelb-16032011.html\"><strong>Atomwende: Wie glaubw\u00fcrdig ist Schwarz-Gelb?<\/strong><\/a>\u201c:<\/p>\n<blockquote><p>Nach dem beschlossenen Ausstieg aus der Kernenergie unter Rot-Gr\u00fcn kam  unter Schwarz-Gelb die Laufzeitverl\u00e4ngerung. Nun kommt die erneute  Wende. Viele Menschen sch\u00fctteln \u00fcber das Hin und Her der Politik den  Kopf. Sie halten das vor\u00fcbergehende Abschalten der sieben \u00e4ltesten  Kernkraftwerke f\u00fcr reine Wahlkampftaktik der Koalition, um die kommenden  Landtagswahlen nicht zu gef\u00e4hrden. Schlie\u00dflich haben nicht wenige  Politiker in den letzten Tagen eine Meinungswende um 180 Grad vollzogen.<\/p><\/blockquote>\n<p><object classid=\"clsid:d27cdb6e-ae6d-11cf-96b8-444553540000\" width=\"500\" height=\"311\" codebase=\"http:\/\/download.macromedia.com\/pub\/shockwave\/cabs\/flash\/swflash.cab#version=6,0,40,0\"><param name=\"allowFullScreen\" value=\"true\" \/><param name=\"allowscriptaccess\" value=\"always\" \/><param name=\"src\" value=\"http:\/\/www.youtube.com\/v\/II1jSiA1HPI?fs=1&amp;hl=de_DE\" \/><param name=\"allowfullscreen\" value=\"true\" \/><embed type=\"application\/x-shockwave-flash\" width=\"500\" height=\"311\" src=\"http:\/\/www.youtube.com\/v\/II1jSiA1HPI?fs=1&amp;hl=de_DE\" allowscriptaccess=\"always\" allowfullscreen=\"true\"><\/embed><\/object><\/p>\n<p>Und weil wir grad beim Thema sind \u2013 der <strong>NDR<\/strong> drehte letztes Jahr im AKW Gorleben und E.ON wollte nicht, dass der St\u00f6rfall, der zuf\u00e4llig genau in der Zeit passierte und der die Ingenieure ratlos machte, gesendet wird. Der NDR tat\u2019s dennoch \u2013 sehr sch\u00f6n!<\/p>\n<p><object classid=\"clsid:d27cdb6e-ae6d-11cf-96b8-444553540000\" width=\"500\" height=\"405\" codebase=\"http:\/\/download.macromedia.com\/pub\/shockwave\/cabs\/flash\/swflash.cab#version=6,0,40,0\"><param name=\"allowFullScreen\" value=\"true\" \/><param name=\"allowscriptaccess\" value=\"always\" \/><param name=\"src\" value=\"http:\/\/www.youtube.com\/v\/WnpiKsRl9bg?fs=1&amp;hl=de_DE\" \/><param name=\"allowfullscreen\" value=\"true\" \/><embed type=\"application\/x-shockwave-flash\" width=\"500\" height=\"405\" src=\"http:\/\/www.youtube.com\/v\/WnpiKsRl9bg?fs=1&amp;hl=de_DE\" allowscriptaccess=\"always\" allowfullscreen=\"true\"><\/embed><\/object><\/p>\n<p>Auch die Sendung <a href=\"http:\/\/www.rbb-online.de\/kontraste\/archiv\/kontraste_17_03_2011\/geheimer_pruefkatalog.html\"><strong>Kontraste<\/strong><\/a> widmete sich nat\u00fcrlich dem Atomthema und beleuchtet die angeblich so sicheren deutschen AKW \u2013 mit unerfreulichem Ergebnis!<\/p>\n<blockquote><p>Interne Unterlagen der Bundesregierung, die KONTRASTE exklusiv  vorliegen, belegen: Allen deutschen Kernkraftwerken droht das AUS.  Experten fordern neue Sicherheitsstandards, deren Umsetzung die  Energiewirtschaft Milliarden kosten w\u00fcrde.<br \/>\nIn Deutschland hat die Katastrophe zu einer komplett neuen Bewertung der Atomkraft und der Frage der Sicherheit gef\u00fchrt.<br \/>\nW\u00e4hrend  die Kanzlerin vor die Presse tritt, um den neuen Kurs in der  Atompolitik mit Details zu unterf\u00fcttern, wird in den Hinterzimmern noch  getagt &#8211; mit Fachleuten aus den Atomaufsichtsbeh\u00f6rden der Bundesl\u00e4nder  und des Bundesumweltministeriums.<br \/>\nDieses Papier ist die Grundlage,  wie es mit den AKW weitergehen soll. Es liegt KONTRASTE exklusiv vor.  Eine Art Katalog, der vorgibt, wie in den n\u00e4chsten drei Monaten, also  w\u00e4hrend des Moratoriums, die Reaktoren in Deutschland \u00fcberpr\u00fcft werden  sollen. Und: welchen Sicherheitsanforderungen die Mailer gen\u00fcgen m\u00fcssen,  damit sie \u00fcberhaupt weiter laufen d\u00fcrfen.<br \/>\nDie Forderungen aus dem  Bundesumweltministerium sind \u00e4u\u00dferst brisant. Denn die Sicherheitsnormen  werden massiv nach oben gesetzt. Die H\u00fcrden f\u00fcr die Betreiber sind so  hoch, dass damit das Ende des deutschen Atomzeitalters eingel\u00e4utet  werden k\u00f6nnte.<\/p><\/blockquote>\n<p><object classid=\"clsid:d27cdb6e-ae6d-11cf-96b8-444553540000\" width=\"500\" height=\"311\" codebase=\"http:\/\/download.macromedia.com\/pub\/shockwave\/cabs\/flash\/swflash.cab#version=6,0,40,0\"><param name=\"allowFullScreen\" value=\"true\" \/><param name=\"allowscriptaccess\" value=\"always\" \/><param name=\"src\" value=\"http:\/\/www.youtube.com\/v\/kWoar2J0PBE?fs=1&amp;hl=de_DE\" \/><param name=\"allowfullscreen\" value=\"true\" \/><embed type=\"application\/x-shockwave-flash\" width=\"500\" height=\"311\" src=\"http:\/\/www.youtube.com\/v\/kWoar2J0PBE?fs=1&amp;hl=de_DE\" allowscriptaccess=\"always\" allowfullscreen=\"true\"><\/embed><\/object><\/p>\n<h3 class='related_post_title'>Verwandte Beitr\u00e4ge:<\/h3><ul class='related_post'><li><a href=\"http:\/\/konsumpf.de\/?p=11236\" title=\"Lesetipps: Atomkraft Sonder-Edition\">Lesetipps: Atomkraft Sonder-Edition<\/a><\/li><li><a href=\"http:\/\/konsumpf.de\/?p=11183\" title=\"Die Atom-Debatte reloaded\">Die Atom-Debatte reloaded<\/a><\/li><li><a href=\"http:\/\/konsumpf.de\/?p=8857\" title=\"Widerstand gegen Atompl\u00e4ne und Geheimvertr\u00e4ge\">Widerstand gegen Atompl\u00e4ne und Geheimvertr\u00e4ge<\/a><\/li><li><a href=\"http:\/\/konsumpf.de\/?p=11629\" title=\"Krebs durch Atomkraft und Panikmache der Energiekonzerne\">Krebs durch Atomkraft und Panikmache der Energiekonzerne<\/a><\/li><li><a href=\"http:\/\/konsumpf.de\/?p=11331\" title=\"Lesetipps: Ist Luxus unmoralisch? | Bundesrat stoppt Gentechnik im Saatgut | Atomkraft-Verflechtungen | Schleichwerbung in der Kita\">Lesetipps: Ist Luxus unmoralisch? | Bundesrat stoppt Gentechnik im Saatgut | Atomkraft-Verflechtungen | Schleichwerbung in der Kita<\/a><\/li><\/ul>","protected":false},"excerpt":{"rendered":"<p>Langzeitleser meines Blog wissen, dass ich die Sendung quer im Bayerischen Fernsehen sehr sch\u00e4tze, da hier immer wieder unbequeme Fragen gestellt und kritisch berichtet wird. Die letzte Sendung widmete der Sender komplett dem Thema Atomkraft \u2013 man kann sie sich HIER (in einzelnen Teilen) online anschauen. Zwei Beitr\u00e4ge m\u00f6chte ich, auf Grund der hohen Aktualit\u00e4t [&hellip;]<\/p>\n","protected":false},"author":1,"featured_media":0,"comment_status":"open","ping_status":"open","sticky":false,"template":"","format":"standard","meta":{"footnotes":""},"categories":[91,54,53],"tags":[169,2873,2077,52,2092,213,2098,1650,1051,2097],"yoast_head":"<!-- This site is optimized with the Yoast SEO plugin v24.4 - https:\/\/yoast.com\/wordpress\/plugins\/seo\/ -->\n<title>quer \u00fcber die schwarz-gelbe Atomwende und die Gefahren der Kernenergie - Konsumpf - Forum f\u00fcr kreative Konsumkritik - Culture Jamming, Nachhaltigkeit, Konzernkritik, Adbusting<\/title>\n<meta name=\"robots\" content=\"index, follow, max-snippet:-1, max-image-preview:large, max-video-preview:-1\" \/>\n<link rel=\"canonical\" href=\"https:\/\/konsumpf.de\/?p=11278\" \/>\n<meta property=\"og:locale\" content=\"de_DE\" \/>\n<meta property=\"og:type\" content=\"article\" \/>\n<meta property=\"og:title\" content=\"quer \u00fcber die schwarz-gelbe Atomwende und die Gefahren der Kernenergie - Konsumpf - Forum f\u00fcr kreative Konsumkritik - Culture Jamming, Nachhaltigkeit, Konzernkritik, Adbusting\" \/>\n<meta property=\"og:description\" content=\"Langzeitleser meines Blog wissen, dass ich die Sendung quer im Bayerischen Fernsehen sehr sch\u00e4tze, da hier immer wieder unbequeme Fragen gestellt und kritisch berichtet wird. Die letzte Sendung widmete der Sender komplett dem Thema Atomkraft \u2013 man kann sie sich HIER (in einzelnen Teilen) online anschauen. Zwei Beitr\u00e4ge m\u00f6chte ich, auf Grund der hohen Aktualit\u00e4t [&hellip;]\" \/>\n<meta property=\"og:url\" content=\"https:\/\/konsumpf.de\/?p=11278\" \/>\n<meta property=\"og:site_name\" content=\"Konsumpf - Forum f\u00fcr kreative Konsumkritik - Culture Jamming, Nachhaltigkeit, Konzernkritik, Adbusting\" \/>\n<meta property=\"article:published_time\" content=\"2011-03-20T08:47:34+00:00\" \/>\n<meta name=\"author\" content=\"Peter M.\" \/>\n<meta name=\"twitter:card\" content=\"summary_large_image\" \/>\n<meta name=\"twitter:label1\" content=\"Verfasst von\" \/>\n\t<meta name=\"twitter:data1\" content=\"Peter M.\" \/>\n\t<meta name=\"twitter:label2\" content=\"Gesch\u00e4tzte Lesezeit\" \/>\n\t<meta name=\"twitter:data2\" content=\"2\u00a0Minuten\" \/>\n<script type=\"application\/ld+json\" class=\"yoast-schema-graph\">{\"@context\":\"https:\/\/schema.org\",\"@graph\":[{\"@type\":\"WebPage\",\"@id\":\"https:\/\/konsumpf.de\/?p=11278\",\"url\":\"https:\/\/konsumpf.de\/?p=11278\",\"name\":\"quer \u00fcber die schwarz-gelbe Atomwende und die Gefahren der Kernenergie - Konsumpf - Forum f\u00fcr kreative Konsumkritik - Culture Jamming, Nachhaltigkeit, Konzernkritik, Adbusting\",\"isPartOf\":{\"@id\":\"https:\/\/konsumpf.de\/#website\"},\"datePublished\":\"2011-03-20T08:47:34+00:00\",\"author\":{\"@id\":\"https:\/\/konsumpf.de\/#\/schema\/person\/e595a6d286b26994e7e0926d70699070\"},\"breadcrumb\":{\"@id\":\"https:\/\/konsumpf.de\/?p=11278#breadcrumb\"},\"inLanguage\":\"de\",\"potentialAction\":[{\"@type\":\"ReadAction\",\"target\":[\"https:\/\/konsumpf.de\/?p=11278\"]}]},{\"@type\":\"BreadcrumbList\",\"@id\":\"https:\/\/konsumpf.de\/?p=11278#breadcrumb\",\"itemListElement\":[{\"@type\":\"ListItem\",\"position\":1,\"name\":\"Startseite\",\"item\":\"https:\/\/konsumpf.de\/\"},{\"@type\":\"ListItem\",\"position\":2,\"name\":\"quer \u00fcber die schwarz-gelbe Atomwende und die Gefahren der Kernenergie\"}]},{\"@type\":\"WebSite\",\"@id\":\"https:\/\/konsumpf.de\/#website\",\"url\":\"https:\/\/konsumpf.de\/\",\"name\":\"Konsumpf - Forum f\u00fcr kreative Konsumkritik - Culture Jamming, Nachhaltigkeit, Konzernkritik, Adbusting\",\"description\":\"\",\"potentialAction\":[{\"@type\":\"SearchAction\",\"target\":{\"@type\":\"EntryPoint\",\"urlTemplate\":\"https:\/\/konsumpf.de\/?s={search_term_string}\"},\"query-input\":{\"@type\":\"PropertyValueSpecification\",\"valueRequired\":true,\"valueName\":\"search_term_string\"}}],\"inLanguage\":\"de\"},{\"@type\":\"Person\",\"@id\":\"https:\/\/konsumpf.de\/#\/schema\/person\/e595a6d286b26994e7e0926d70699070\",\"name\":\"Peter M.\",\"sameAs\":[\"http:\/\/konsumpf.de\"]}]}<\/script>\n<!-- \/ Yoast SEO plugin. -->","yoast_head_json":{"title":"quer \u00fcber die schwarz-gelbe Atomwende und die Gefahren der Kernenergie - Konsumpf - Forum f\u00fcr kreative Konsumkritik - Culture Jamming, Nachhaltigkeit, Konzernkritik, Adbusting","robots":{"index":"index","follow":"follow","max-snippet":"max-snippet:-1","max-image-preview":"max-image-preview:large","max-video-preview":"max-video-preview:-1"},"canonical":"https:\/\/konsumpf.de\/?p=11278","og_locale":"de_DE","og_type":"article","og_title":"quer \u00fcber die schwarz-gelbe Atomwende und die Gefahren der Kernenergie - Konsumpf - Forum f\u00fcr kreative Konsumkritik - Culture Jamming, Nachhaltigkeit, Konzernkritik, Adbusting","og_description":"Langzeitleser meines Blog wissen, dass ich die Sendung quer im Bayerischen Fernsehen sehr sch\u00e4tze, da hier immer wieder unbequeme Fragen gestellt und kritisch berichtet wird. Die letzte Sendung widmete der Sender komplett dem Thema Atomkraft \u2013 man kann sie sich HIER (in einzelnen Teilen) online anschauen. Zwei Beitr\u00e4ge m\u00f6chte ich, auf Grund der hohen Aktualit\u00e4t [&hellip;]","og_url":"https:\/\/konsumpf.de\/?p=11278","og_site_name":"Konsumpf - Forum f\u00fcr kreative Konsumkritik - Culture Jamming, Nachhaltigkeit, Konzernkritik, Adbusting","article_published_time":"2011-03-20T08:47:34+00:00","author":"Peter M.","twitter_card":"summary_large_image","twitter_misc":{"Verfasst von":"Peter M.","Gesch\u00e4tzte Lesezeit":"2\u00a0Minuten"},"schema":{"@context":"https:\/\/schema.org","@graph":[{"@type":"WebPage","@id":"https:\/\/konsumpf.de\/?p=11278","url":"https:\/\/konsumpf.de\/?p=11278","name":"quer \u00fcber die schwarz-gelbe Atomwende und die Gefahren der Kernenergie - Konsumpf - Forum f\u00fcr kreative Konsumkritik - Culture Jamming, Nachhaltigkeit, Konzernkritik, Adbusting","isPartOf":{"@id":"https:\/\/konsumpf.de\/#website"},"datePublished":"2011-03-20T08:47:34+00:00","author":{"@id":"https:\/\/konsumpf.de\/#\/schema\/person\/e595a6d286b26994e7e0926d70699070"},"breadcrumb":{"@id":"https:\/\/konsumpf.de\/?p=11278#breadcrumb"},"inLanguage":"de","potentialAction":[{"@type":"ReadAction","target":["https:\/\/konsumpf.de\/?p=11278"]}]},{"@type":"BreadcrumbList","@id":"https:\/\/konsumpf.de\/?p=11278#breadcrumb","itemListElement":[{"@type":"ListItem","position":1,"name":"Startseite","item":"https:\/\/konsumpf.de\/"},{"@type":"ListItem","position":2,"name":"quer \u00fcber die schwarz-gelbe Atomwende und die Gefahren der Kernenergie"}]},{"@type":"WebSite","@id":"https:\/\/konsumpf.de\/#website","url":"https:\/\/konsumpf.de\/","name":"Konsumpf - Forum f\u00fcr kreative Konsumkritik - Culture Jamming, Nachhaltigkeit, Konzernkritik, Adbusting","description":"","potentialAction":[{"@type":"SearchAction","target":{"@type":"EntryPoint","urlTemplate":"https:\/\/konsumpf.de\/?s={search_term_string}"},"query-input":{"@type":"PropertyValueSpecification","valueRequired":true,"valueName":"search_term_string"}}],"inLanguage":"de"},{"@type":"Person","@id":"https:\/\/konsumpf.de\/#\/schema\/person\/e595a6d286b26994e7e0926d70699070","name":"Peter M.","sameAs":["http:\/\/konsumpf.de"]}]}},"_links":{"self":[{"href":"https:\/\/konsumpf.de\/index.php?rest_route=\/wp\/v2\/posts\/11278"}],"collection":[{"href":"https:\/\/konsumpf.de\/index.php?rest_route=\/wp\/v2\/posts"}],"about":[{"href":"https:\/\/konsumpf.de\/index.php?rest_route=\/wp\/v2\/types\/post"}],"author":[{"embeddable":true,"href":"https:\/\/konsumpf.de\/index.php?rest_route=\/wp\/v2\/users\/1"}],"replies":[{"embeddable":true,"href":"https:\/\/konsumpf.de\/index.php?rest_route=%2Fwp%2Fv2%2Fcomments&post=11278"}],"version-history":[{"count":9,"href":"https:\/\/konsumpf.de\/index.php?rest_route=\/wp\/v2\/posts\/11278\/revisions"}],"predecessor-version":[{"id":11290,"href":"https:\/\/konsumpf.de\/index.php?rest_route=\/wp\/v2\/posts\/11278\/revisions\/11290"}],"wp:attachment":[{"href":"https:\/\/konsumpf.de\/index.php?rest_route=%2Fwp%2Fv2%2Fmedia&parent=11278"}],"wp:term":[{"taxonomy":"category","embeddable":true,"href":"https:\/\/konsumpf.de\/index.php?rest_route=%2Fwp%2Fv2%2Fcategories&post=11278"},{"taxonomy":"post_tag","embeddable":true,"href":"https:\/\/konsumpf.de\/index.php?rest_route=%2Fwp%2Fv2%2Ftags&post=11278"}],"curies":[{"name":"wp","href":"https:\/\/api.w.org\/{rel}","templated":true}]}}