{"id":11236,"date":"2011-03-16T09:42:58","date_gmt":"2011-03-16T08:42:58","guid":{"rendered":"http:\/\/konsumpf.de\/?p=11236"},"modified":"2011-03-16T11:07:03","modified_gmt":"2011-03-16T10:07:03","slug":"lesetipps-atomkraft-sonder-edition","status":"publish","type":"post","link":"https:\/\/konsumpf.de\/?p=11236","title":{"rendered":"Lesetipps: Atomkraft Sonder-Edition"},"content":{"rendered":"<p><img loading=\"lazy\" decoding=\"async\" class=\"alignright size-thumbnail wp-image-11249\" title=\"fkshm\" src=\"http:\/\/konsumpf.de\/wp-content\/uploads\/2011\/03\/fkshm-249x172.jpg\" alt=\"\" width=\"249\" height=\"172\" srcset=\"https:\/\/konsumpf.de\/wp-content\/uploads\/2011\/03\/fkshm-249x172.jpg 249w, https:\/\/konsumpf.de\/wp-content\/uploads\/2011\/03\/fkshm-300x206.jpg 300w, https:\/\/konsumpf.de\/wp-content\/uploads\/2011\/03\/fkshm.jpg 580w\" sizes=\"(max-width: 249px) 100vw, 249px\" \/>Die atomare Katastrophe in Japan nimmt mittlerweile offenbar traurigerweise die grauenhaften Dimensionen an, die mancher am Wochenende, als die erste Nachrichten \u00fcber die Probleme im Reaktor Fukushima 1 durchsickerten, bereits bef\u00fcrchtete. Nun betreibe ich hier keinen Nachrichtenblog und will keinen Ticker f\u00fcr die neuesten Entwicklungen vor Ort bieten, aber da dieses Ungl\u00fcck logischerweise die Medien beherrscht und auch auf die deutsche Innenpolitik Auswirkungen hat, will ich heute mal ein paar besonders interessante Artikel zu dieser Thematik pr\u00e4sentieren. Die taz berichtete schon am Samstag \u00fcber den \u201e<a href=\"http:\/\/www.taz.de\/1\/zukunft\/umwelt\/artikel\/1\/tricksen-und-taeuschen\/\"><strong>Fukushima-Betreiber Tepco: Tricksen und t\u00e4uschen<\/strong><\/a>\u201c und verdeutlicht, dass dieses Vertuschen von Problemen, das wir ja auch von deutschen Energieriesen wie Vattenfall kennen, anscheinend ein universelles Ph\u00e4nomen ist:<\/p>\n<p><!--more--><\/p>\n<blockquote><p>(&#8230;) Auch Asiens  gr\u00f6\u00dfter Stromversorger Tokyo Electric Power (Tepco), der drei gro\u00dfe  Nuklearkomplexe mit 17 Reaktorbl\u00f6cken betreibt, stand immer wieder wegen  seiner Informationspolitik am Pranger. In mindestens zwei F\u00e4llen wurden  einige f\u00fcr Genehmigungen notwendige Reaktordaten sowie Schadensberichte  aus den Atomkraftwerken gef\u00e4lscht oder unterschlagen. 2003 musste Tepco  deswegen alle 17 Reaktoren f\u00fcr eine Sonderpr\u00fcfung abschalten.  Tepco-Reaktoren wurden auch mehrfach bei Erdbeben besch\u00e4digt. (&#8230;)<\/p><\/blockquote>\n<p>Wie konnte es \u00fcberhaupt soweit kommen, dass ausgerechnet in einem der dichtbev\u00f6lkertsten L\u00e4ndern der Erde, das dazu so erdbebengef\u00e4hrdet ist, ausgrechnet auf eine Hochrisikotechnoligie wie die Kernkraft setzt? <strong>Christoph Neidhart<\/strong> in der S\u00fcddeutschen Zeitung geht dem in \u201e<a href=\"http:\/\/www.sueddeutsche.de\/politik\/atomstaat-japan-der-blinde-glaube-an-die-technik-1.1071520\"><strong>Atomstaat Japan \u2013 der blinde Glaube an die Technik<\/strong><\/a>\u201c nach:<\/p>\n<blockquote><p>Japan ist das einzige Land, das jemals Angriffe durch Atombomben  erlitten hat. Doch trotz dieses nuklearen Traumas hat es dort nie eine  Debatte \u00fcber die Risiken der Kernkraft gegeben. Der blinde Glaube an die  Technik aus der Nachkriegszeit hat sich bis heute erhalten &#8211;  ungebrochen. Bis jetzt. (&#8230;)<\/p><\/blockquote>\n<p>Neben den tats\u00e4chlichen Geschehnissen ist es interessant zu sehen, wie die Medien mit der Katastrophe umgehen \u2013 letztlich so, wie man es in Zeiten des Eventwahns erwarten muss: gerne marktschreierisch (allen voran die BILD, die bislang immer pro-Atom eingestellt war und nun pl\u00f6tzlich Panik in die andere Richtung sch\u00fcrt; halt gerade so, wie es der Auflage dient), zuweilen auch geschmacklos bis peinlich. <strong>Alexander Kissler<\/strong> betrachtet im The European \u201e<a href=\"http:\/\/www.theeuropean.de\/alexander-kissler\/6024-der-tod-im-ticker\"><strong>Tod im Ticker \u2013 Sterben live<\/strong><\/a>\u201c, wie die sog. \u201eNachrichtensender\u201c ihre Sendungen gestalten:<\/p>\n<blockquote><p>(&#8230;) Ist es angemessen, Leid und Elend,  Krise und Tod, Untergang und Neuaufbau nach Art eines Sportberichts zu  pr\u00e4sentieren? \u201eVerfolgen Sie das dramatische Geschehen live\u201c: So stellt  man sich die Einleitung vor zu einem Pokalendspiel, einem Boxkampf oder  einem Mehrnationenwettstreit, vielleicht auch zur Verleihung bedeutsamer  Preise aus Kunst, Sport, Wissenschaft. (&#8230;)<\/p>\n<p><strong>Aufputschmittel Nachricht<\/strong><br \/>\nGenau diese Konsumentenhaltung aber, die <a href=\"http:\/\/www.bild.de\/\">aus Nachrichten ein Aufputschmittel f\u00fcr die Seele macht<\/a>,  kann zynisch werden, wenn das Nachrichten ausl\u00f6sende Moment ferne Tode  sind. Es mag die schlichte Anteilnahme sein oder das Entsetzen, beides  zutiefst menschliche Regungen, die uns in die Katastrophen- und  Kriegsticker hineinziehen. Sind wir aber einmal im Trommelfeuer der  Unterg\u00e4nge gelandet, stecken wir schnell fest in der Pose des  Elendskonsumenten.<\/p>\n<p>Der <a href=\"http:\/\/meedia.de\/details-topstory\/article\/japan-news--der-boom-der-live-ticker_100033759.html\">Sieg der Sportberichterstattung<\/a> \u00fcber den Nachrichtenjournalismus treibt an vielen St\u00e4tten sein Unwesen.  Auch wer \u00fcber Tarifverhandlungen oder Friedensgespr\u00e4che berichten muss,  sucht gerne sein Heil in der Sportmetapher, in der Fu\u00dfballdramaturgie.  Der Krisenticker treibt dieses Ph\u00e4nomen auf die Spitze. Er zeigt, dass  wir gerne im Minutentakt uns reizen lassen und eher ungern \u00fcber die  Minute hinaus denken. (&#8230;)<\/p><\/blockquote>\n<p>Auch <strong>Martin Oetting<\/strong> \u00e4rgert sich auf CARTA in einem Brief ans ZDF \u00fcber eine musikalisch \u00e4sthetisierte \u201e<a href=\"http:\/\/carta.info\/39074\/betr-erdbebenkatastrophe-als-geschmackloses-zdf-musikvideo\/\"><strong>Erdbebenkatastrophe als geschmackloses ZDF-Musikvideo<\/strong><\/a>\u201c:<\/p>\n<blockquote><p>(&#8230;) Dass Sie nicht davor zur\u00fcckschrecken, diese schlimmen Bilder zum  Rhythmus von Musik zu schneiden, also daraus sozusagen eine  Unterhaltungsshow zu formen, ist aus meiner Sicht schockierend. Ich wei\u00df  nicht, was in Ihre Redakteure gefahren ist. Und ich hoffe, dass ich so  etwas in Ihrem Programm nie wieder sehen muss. (&#8230;)<\/p><\/blockquote>\n<p>Nat\u00fcrlich gibt es in diesen Tagen Wichtigeres als sich \u00fcber die Berichterstattung zu wundern (die Medien sind eben so wie sie sind). Dass durch die atomare Katastrophe, die in Japan geschieht, nun auch die Debatte rund um die Atomkraft hierzulande (und anderswo auf der Welt) angefacht wird, ist vielleicht das Positivste, was man aus diesen Tagen ziehen kann. Auch wenn es erwartungsgem\u00e4\u00df f\u00fcr die schwarz-gelbe Atomregierung schwierig wird, das Gesicht zu wahren \u2013 so versucht man es zun\u00e4chst noch, kritische Stimmen als \u201ezynisch&#8221; abzutun, weil sie die Leiden der Opfer instrumentalisiern w\u00fcrden. Die entsprechende Antwort findet wiederum <strong>Martin Oetting<\/strong> auf CARTA \u2013 \u201e<a href=\"http:\/\/carta.info\/39063\/drei-populaere-irrtuemer-ueber-atomkraftgegner\/\"><strong>Drei popul\u00e4re Irrt\u00fcmer \u00fcber Atomkraftgegner<\/strong><\/a>\u201c:<\/p>\n<blockquote><p>(&#8230;) Wenn Atomkraftgegner angesichts der  aktuellen Vorf\u00e4lle in Japan darauf  hinweisen, dass es eine gute Idee  sein k\u00f6nnte, vielleicht die  Atomenergie abzuschaffen, dann hat das  nichts mit Zynismus zu tun,  sondern mit Logik. Zynismus herrscht bei  jenen, die einerseits den  beklagenswerten Unfall in Japan betrauern und  zugleich erkl\u00e4ren, dass  ansonsten alles so weitergehen m\u00fcsse wie bisher. (&#8230;)<\/p><\/blockquote>\n<p>Wie kommt es \u00fcberhaupt, dass die verniedlichend als \u201eKernenergie\u201c bezeichnete Atomkraft so stark vorangetrieben wurde und auch heute noch von gewissen Kreisen verteidigt wird? (Abgesehen von einer kleinen Handvoll vielleicht auch guter Argumente, die man f\u00fcr das Weiterbetreiben der Atomenergie zumjetzigen Zeitpunkt finden k\u00f6nnte (siehe einige der Kommentare zu meinem Artikel \u201eDie Atom-Debatte reloaded\u201c), \u00fcberwiegen in meinen Augen die Nachteile und Gefahren doch bei weitem.) <strong>Andrea Soth<\/strong> fragt sich in Hintergrund: \u201e<a href=\"http:\/\/www.hintergrund.de\/201103141440\/globales\/umwelt\/der-kernenergie-boom-und-seine-nutzniesser.html\"><strong>Der Kernenergie-Boom und seine Nutznie\u00dfer<\/strong><\/a>\u201c und listet neben den \u00fcblichen Verd\u00e4chtigen, also den gro\u00dfen Energiekonzernen, auch die Deutsche Bank und einige andere Unternehmen auf:<\/p>\n<blockquote><p>(&#8230;) F\u00fcr Laufzeitverl\u00e4ngerungen zu k\u00e4mpfen, lohnt sich \u2013 aus der Sicht der  Energieversorger. Deren Zusatzprofite w\u00fcrden nach einer Analyse der  Landesbank Baden-W\u00fcrttemberg bereits bei zehn Jahren l\u00e4ngerer Laufzeit  mehr als 44 Milliarden Euro betragen. Bei 15 Jahren w\u00e4ren es 70  Milliarden Euro. Gewinne in dieser Gr\u00f6\u00dfenordnung sind ein starkes  Argument und es gibt noch weitere Gr\u00fcnde, mit allen Mitteln gegen eine  Energiewende zu agieren: Im gleichen Ma\u00dfe wie der Ausbau der  erneuerbaren Energien voranschreitet, schrumpft die Macht der  Energiekonzerne und ihr gravierender Einfluss auf die Politik. Die  Monopolstellung, mit der sie andere Energieerzeuger behindern k\u00f6nnen,  wird weiter zur\u00fcckgedr\u00e4ngt. Viel schneller als angenommen wird ein  h\u00f6herer Anteil erneuerbarer Energie im Netz zu einem Systemkonflikt  f\u00fchren, denn der steigende Anteil von Erneuerbaren hat Vorrang und die  alten gro\u00dfen und unflexiblen Atom- und Kohlekraftwerke k\u00f6nnen nicht  bedarfsgerecht an- und abgeschaltet werden. Somit werden sie \u00fcberfl\u00fcssig  und st\u00f6ren sogar. Womit es f\u00fcr die vier Energieriesen nicht mehr nur um  l\u00e4ngere Laufzeiten oder neue Kohlekraftwerke geht, sondern auch um den\u00a0  Umbau und die Dezentralisierung unserer Energieversorgung, die f\u00fcr sie  einen Machtverlust bedeutet. (&#8230;)<\/p><\/blockquote>\n<p>Ganz schlimm ist das Herumlavieren, dass wir nun von \u201eunserer\u201c Regierung erleben \u2013 letzte Woche waren die deutschen Meiler alle noch sicher und Atomkraft alternativlos, weil sonst in Deutschland die Lichter ausgehen w\u00fcrden, und nun, im Angesicht von bevorstehenden Landtagswahlen und einer noch st\u00e4rkeren Ablehnung der Kernenergie in der Bev\u00f6lkerung, tun die Politiker von CDU und FDP so, als w\u00e4ren sie schon immer die gr\u00f6\u00dften Kritiker dieser Technologie gewesen. Erb\u00e4rmlicheres Schmierentheater hat man auf der politischen B\u00fchne lange nicht gesehen \u2013 da klammern sich Auslaufmodelle mit aller Kraft an die Macht&#8230;\u00a0 Entsprechende Kommentare finden sich dann auch in diversen Medien \u2013 so z.B. in Stefan Winterbauers \u201e<a href=\"http:\/\/meedia.de\/details-topstory\/article\/die-fleischgewordene-glaubwrdigkeitskrise_100033777.html?tx_ttnews[backPid]=23&amp;cHash=3512f36002366f4135f5b5c82b6e0e4f\"><strong>Mappus: die fleischgewordene Glaubw\u00fcrdigkeitskrise<\/strong><\/a>\u201c:<\/p>\n<blockquote><p>Der baden-w\u00fcrttembergische CDU-Ministerpr\u00e4sident  Stefan Mappus hat vor der Atom-Katastrophe in Japan versucht, sich als  Pro-Atom-Politiker zu profilieren. Jetzt spricht er pl\u00f6tzlich davon,  dass es kein \u201cweiter so\u201d geben k\u00f6nne. Mappus steht mit seiner  offensichtlichen Taktirerei in Sachen Atom und bei Stuttgart 21 f\u00fcr eine  fleischgewordene Glaubw\u00fcrdigkeitskrise. Zuletzt zeigt er dies in einem  selbstentlarvenden Interview im \u201cheute journal\u201d.<\/p>\n<div><noscript><br \/>\n<a href=\"http:\/\/meedia.adspirit.de\/adnoclick.php?pid=7\" target=\"_top\"><br \/>\n<img loading=\"lazy\" decoding=\"async\" src=\"http:\/\/meedia.adspirit.de\/adnoscript.php?pid=7\" alt=\"Hier klicken!\" border=\"0\" width=\"300\" height=\"250\" \/><br \/>\n<\/a><br \/>\n<\/noscript><\/div>\n<\/blockquote>\n<blockquote><p>In <a href=\"http:\/\/www.zdf.de\/ZDFmediathek\/hauptnavigation\/startseite#\/beitrag\/video\/1284646\/ZDF-heute-journal-vom-14-M%C3%A4rz-2011\" target=\"_blank\"><strong>diesem Interview<\/strong><\/a> konnte man all dies beobachten, was Stefan Mappus zu einem der derzeit  wohl unbeliebtesten Politiker Deutschlands macht. \u201cheute  journal\u201d-Moderator Claus Kleber stellte v\u00f6llig zurecht die Frage, woher  sein Gesinnungswandel in der Atomfrage komme, dass er nun pl\u00f6tzlich die  umstrittene Laufzeitverl\u00e4ngerung f\u00fcr alte deutsche Atomkraftwerke  auszusetzen bereit ist. Die deutschen Kraftwerke seien ja nicht  pl\u00f6tzlich unsicherer geworden, seit dem vergangenen Donnerstag.<\/p><\/blockquote>\n<blockquote><p>Wie  Mappus auf diese Gretchenfrage in Sachen Glaubw\u00fcrdigkeit reagierte, war  entlarvend. Offenbar hatte er mit seinen Beratern vorab einen  argumentativen Dreiklang komponiert, der ungef\u00e4hr so geht: \u201c\u00c4ngste ernst  nehmen. Kein weiter so. Ergebnisoffen diskutieren.\u201d Diese drei  Schlagworte wiederholte der bleiche, schwitzende Mappus, der aus der  baden-w\u00fcrttembergischen Provinz Gaildorf zugeschaltet war, wieder und  wieder. Egal auf welche Frage: \u00c4ngste ernst nehmen. Kein weiter so.  Ergebnisoffen. Wie ein Mantra. (&#8230;)<\/p><\/blockquote>\n<blockquote><p>(&#8230;) Hier zeigt sich, wie sich Mappus die Argumentationslinie bereits bis zum  Ende zurechtgelegt hat. Wahrscheinlich spekuliert er darauf, dass die  neuen Energienetze eben auch nicht beliebt sind &#8211; kein B\u00fcrger w\u00fcnscht  sich h\u00e4ssliche Starkstromtrassen vor der Haust\u00fcr &#8211; und dass man den  Atomausstieg am Ende schlicht nicht bezahlen kann. Irgendwo lugt dann  schon wieder das schlimme Un-Wort \u201calternativlos\u201d um die Ecke. Und so  glaubt man einem wie Mappus eben nicht, dass er wirklich \u201cergebnisoffen\u201d  handelt. (&#8230;)<\/p><\/blockquote>\n<p>\u00c4hnlich wird auch im Spiegel argumentiert (\u201e<a href=\"http:\/\/www.spiegel.de\/politik\/deutschland\/0,1518,751078,00.html\"><strong>Die neue Anti-AKW-Bewegung<\/strong><\/a>\u201c), in der Tagesschau (\u201e<a href=\"http:\/\/www.tagesschau.de\/kommentar\/atom162.html\"><strong>Merkels hilfloses Wahlkampfman\u00f6ver<\/strong><\/a>\u201c), in Der Freitag (\u201e<a href=\"http:\/\/www.freitag.de\/politik\/1110-merkel-entlarvt-ihre-atompolitik-1\"><strong>Merkel entlarvt ihre Atompolitik<\/strong><\/a>\u201c) oder auch in der taz (\u201e<a href=\"http:\/\/www.taz.de\/1\/debatte\/kommentar\/artikel\/1\/die-wendehaelse\/\"><strong>Die Wendeh\u00e4lse<\/strong><\/a>\u201c) und sogar im Handelsblatt (\u201e<a href=\"http:\/\/www.handelsblatt.com\/politik\/deutschland\/die-kanzlerin-verliert-die-kontrolle-\/3953194.html\">Die Kanzlerin verliert die Kontrolle<\/a>\u201c). Die Zeit hat einmal Aussagen verschiedener Unionspolitiker von \u201efr\u00fcher\u201c mit den aktuellen verglichen, um dieses windelweiche Lavieren zu dokumentieren \u2013 \u201e<a href=\"http:\/\/www.zeit.de\/politik\/deutschland\/2011-03\/politiker-stellung-atompolitik?page=1\"><strong>Schwarzer Sinneswandel<\/strong><\/a>\u201c:<\/p>\n<blockquote><p>Gestern Bef\u00fcrworter der Laufzeitverl\u00e4ngerung, heute Atomkraft-Skeptiker:  Die L\u00e4uterung manchen Unionspolitikers vollzog sich in atemberaubendem  Tempo. (&#8230;)<\/p><\/blockquote>\n<p>Und <strong>Bleib Passiv!<\/strong> stellt sich in \u201e<a href=\"http:\/\/bleib-passiv.de\/?p=2274\"><strong>7 auf einen Streich<\/strong><\/a>\u201c die \u00fcberaus berechtigte Frage, wieso man so pl\u00f6tzlich auf 7 Atomkraftwerke (zumindest vor\u00fcbergehend) verzichten kann, wo sie doch noch vor ein paar Tagen so wichtig f\u00fcr die Versorungssicherheit Deutschlands gewesen sein sollen:<\/p>\n<blockquote><p>(&#8230;) Am Beschluss die Alt-Meiler sofort, wenn auch zun\u00e4chst nur  vor\u00fcbergehend, abzuschalten, zeigt sich, dass die Bef\u00fcrworter der  Atomkraft all die Jahre mit absurden Argumenten hantierten. L\u00e4ngere  Atomlaufzeiten, so argumentierte Merkel noch vor kurzem, seien f\u00fcr die  Energiesicherheit notwendig, der Umstieg auf erneuerbare Energien sei  nicht so schnell zu vollziehen. Nun werden 7 der 17 (!) Kraftwerke  abgeschaltet, ohne dass irgendjemand auch nur die geringsten Zweifel an  der weiteren Energiesicherheit \u00e4u\u00dfern w\u00fcrde. Auch soll, so wurde es  heute verk\u00fcndet, der Ausbau erneuerbarer Energien nun forciert werden.  Warum dies nicht schon vorher m\u00f6glich war, erkl\u00e4rten die  Verantwortlichen von CDU\/CSU und FDP nicht.<\/p>\n<p>Wie sollten sie auch? Etwa mit dem Eingest\u00e4ndnis, dass ihnen die  Sicherheit bislang weitaus weniger wert war als der Pakt mit EnBW, Eon,  RWE und Vattenfall? Soviel Ehrlichkeit ist nicht zu erwarten, zumal sie  selbstzerst\u00f6rerisch w\u00e4re. Also werden Merkel und Co. sich weiterhin  eines <a href=\"http:\/\/www.netzpolitik.org\/2011\/martin-haase-merkel-zu-fukushima-mirror\/\">fadenscheinigen Neusprechs<\/a> bedienen und wenig Konkretes von sich geben, wenn sie ihren abrupten  Kurswechsel erkl\u00e4ren sollen. Denn es fehlen einfach die Argumente daf\u00fcr,  warum der Pro-Atomkurs vor dem japanischen Ungl\u00fcck richtig war, es nun  aber notwendig sei, diesen zu \u00fcberdenken. (&#8230;)<\/p><\/blockquote>\n<p>Man darf wohl davon ausgehen, dass dieses \u201eMoratorium\u201c, in dem die Sicherheit nochmals gepr\u00fcft werden soll, keinesfalls zu einem fr\u00fcheren Abschalten der Meiler f\u00fchren d\u00fcrfte \u2013 die \u201eBr\u00fcckentechnologie\u201c wird wohl eher vor\u00fcbergehend ausgesetzt, um die Zeit bis nach den Landtagswahlen zu \u00fcberbr\u00fccken. Kurz und knackig auf den Punkt bringt das das Titelblatt des Berliner Kuriers [via <a href=\"http:\/\/twitpic.com\/49qrg9\">Twitpic<\/a>], um mich mal in die Untiefen des Boulevards hinabzubegeben:<\/p>\n<p><img loading=\"lazy\" decoding=\"async\" class=\"aligncenter size-full wp-image-11247\" title=\"Berliner Kurier - Die Atomtrickser\" src=\"http:\/\/konsumpf.de\/wp-content\/uploads\/2011\/03\/Berliner-Kurier-Die-Atomtrickser.jpg\" alt=\"\" width=\"381\" height=\"489\" \/><\/p>\n<p>Sollte nun tats\u00e4chlich zumindest in Deutschland die Atomwende eingeleitet worden sein, so hat die <strong>dpa<\/strong> schon einmal nachgeforscht: \u201e<a href=\"http:\/\/www.greenpeace.de\/themen\/atomkraft\/nachrichten\/artikel\/wie_baut_man_eigentlich_ein_atomkraftwerk_ab_beispiel_obrigheim\/\"><strong>Wie baut man eigentlich ein Atomkraftwerk ab?<\/strong><\/a>\u201c Das ist n\u00e4mlich gar nicht so einfach und nicht nur langwierig, sondern auch extrem teuer. Man darf davon ausgehen, dass die Kosten nicht ausschlie\u00dflich von den Energiekonzernen getragen werden, die jahrzehntelang von den Meilern profitierten&#8230;<\/p>\n<blockquote><p>(&#8230;) Seit rund zwei Jahren sind Fachleute damit besch\u00e4ftigt, das alte  Kraftwerk Obrigheim im L\u00e4ndle abzubauen. Mehr als zehn Jahre werden die  Arbeiten insgesamt dauern und rund 500 Millionen Euro kosten. 275 000  Tonnen Material m\u00fcssen abgebaut werden, darunter 2300 Tonnen  radioaktiver Abfall. (&#8230;)<\/p><\/blockquote>\n<p><img loading=\"lazy\" decoding=\"async\" src=\"http:\/\/vg02.met.vgwort.de\/na\/4bf9974ecb474b0db9ea6b1444af0df2\" alt=\"\" width=\"1\" height=\"1\" \/><\/p>\n<h3 class='related_post_title'>Verwandte Beitr\u00e4ge:<\/h3><ul class='related_post'><li><a href=\"http:\/\/konsumpf.de\/?p=11278\" title=\"quer \u00fcber die schwarz-gelbe Atomwende und die Gefahren der Kernenergie\">quer \u00fcber die schwarz-gelbe Atomwende und die Gefahren der Kernenergie<\/a><\/li><li><a href=\"http:\/\/konsumpf.de\/?p=11183\" title=\"Die Atom-Debatte reloaded\">Die Atom-Debatte reloaded<\/a><\/li><li><a href=\"http:\/\/konsumpf.de\/?p=14138\" title=\"\u00d6ffentlichkeit unerw\u00fcnscht \u2013 ethecon kritisiert Blockadehaltung von TEPCO\">\u00d6ffentlichkeit unerw\u00fcnscht \u2013 ethecon kritisiert Blockadehaltung von TEPCO<\/a><\/li><li><a href=\"http:\/\/konsumpf.de\/?p=11629\" title=\"Krebs durch Atomkraft und Panikmache der Energiekonzerne\">Krebs durch Atomkraft und Panikmache der Energiekonzerne<\/a><\/li><li><a href=\"http:\/\/konsumpf.de\/?p=11331\" title=\"Lesetipps: Ist Luxus unmoralisch? | Bundesrat stoppt Gentechnik im Saatgut | Atomkraft-Verflechtungen | Schleichwerbung in der Kita\">Lesetipps: Ist Luxus unmoralisch? | Bundesrat stoppt Gentechnik im Saatgut | Atomkraft-Verflechtungen | Schleichwerbung in der Kita<\/a><\/li><\/ul>","protected":false},"excerpt":{"rendered":"<p>Die atomare Katastrophe in Japan nimmt mittlerweile offenbar traurigerweise die grauenhaften Dimensionen an, die mancher am Wochenende, als die erste Nachrichten \u00fcber die Probleme im Reaktor Fukushima 1 durchsickerten, bereits bef\u00fcrchtete. Nun betreibe ich hier keinen Nachrichtenblog und will keinen Ticker f\u00fcr die neuesten Entwicklungen vor Ort bieten, aber da dieses Ungl\u00fcck logischerweise die Medien [&hellip;]<\/p>\n","protected":false},"author":1,"featured_media":0,"comment_status":"open","ping_status":"open","sticky":false,"template":"","format":"standard","meta":{"footnotes":""},"categories":[91,69,259,1505,16,54,53,50,78],"tags":[169,2873,2091,2078,2089,2090,2093,2092,2094,1650,1051,1102],"yoast_head":"<!-- This site is optimized with the Yoast SEO plugin v24.4 - https:\/\/yoast.com\/wordpress\/plugins\/seo\/ -->\n<title>Lesetipps: Atomkraft Sonder-Edition - Konsumpf - Forum f\u00fcr kreative Konsumkritik - Culture Jamming, Nachhaltigkeit, Konzernkritik, Adbusting<\/title>\n<meta name=\"robots\" content=\"index, follow, max-snippet:-1, max-image-preview:large, max-video-preview:-1\" \/>\n<link rel=\"canonical\" href=\"https:\/\/konsumpf.de\/?p=11236\" \/>\n<meta property=\"og:locale\" content=\"de_DE\" \/>\n<meta property=\"og:type\" content=\"article\" \/>\n<meta property=\"og:title\" content=\"Lesetipps: Atomkraft Sonder-Edition - Konsumpf - Forum f\u00fcr kreative Konsumkritik - Culture Jamming, Nachhaltigkeit, Konzernkritik, Adbusting\" \/>\n<meta property=\"og:description\" content=\"Die atomare Katastrophe in Japan nimmt mittlerweile offenbar traurigerweise die grauenhaften Dimensionen an, die mancher am Wochenende, als die erste Nachrichten \u00fcber die Probleme im Reaktor Fukushima 1 durchsickerten, bereits bef\u00fcrchtete. Nun betreibe ich hier keinen Nachrichtenblog und will keinen Ticker f\u00fcr die neuesten Entwicklungen vor Ort bieten, aber da dieses Ungl\u00fcck logischerweise die Medien [&hellip;]\" \/>\n<meta property=\"og:url\" content=\"https:\/\/konsumpf.de\/?p=11236\" \/>\n<meta property=\"og:site_name\" content=\"Konsumpf - Forum f\u00fcr kreative Konsumkritik - Culture Jamming, Nachhaltigkeit, Konzernkritik, Adbusting\" \/>\n<meta property=\"article:published_time\" content=\"2011-03-16T08:42:58+00:00\" \/>\n<meta property=\"article:modified_time\" content=\"2011-03-16T10:07:03+00:00\" \/>\n<meta property=\"og:image\" content=\"http:\/\/konsumpf.de\/wp-content\/uploads\/2011\/03\/fkshm-249x172.jpg\" \/>\n<meta name=\"author\" content=\"Peter M.\" \/>\n<meta name=\"twitter:card\" content=\"summary_large_image\" \/>\n<meta name=\"twitter:label1\" content=\"Verfasst von\" \/>\n\t<meta name=\"twitter:data1\" content=\"Peter M.\" \/>\n\t<meta name=\"twitter:label2\" content=\"Gesch\u00e4tzte Lesezeit\" \/>\n\t<meta name=\"twitter:data2\" content=\"10\u00a0Minuten\" \/>\n<script type=\"application\/ld+json\" class=\"yoast-schema-graph\">{\"@context\":\"https:\/\/schema.org\",\"@graph\":[{\"@type\":\"WebPage\",\"@id\":\"https:\/\/konsumpf.de\/?p=11236\",\"url\":\"https:\/\/konsumpf.de\/?p=11236\",\"name\":\"Lesetipps: Atomkraft Sonder-Edition - Konsumpf - Forum f\u00fcr kreative Konsumkritik - Culture Jamming, Nachhaltigkeit, Konzernkritik, Adbusting\",\"isPartOf\":{\"@id\":\"https:\/\/konsumpf.de\/#website\"},\"primaryImageOfPage\":{\"@id\":\"https:\/\/konsumpf.de\/?p=11236#primaryimage\"},\"image\":{\"@id\":\"https:\/\/konsumpf.de\/?p=11236#primaryimage\"},\"thumbnailUrl\":\"http:\/\/konsumpf.de\/wp-content\/uploads\/2011\/03\/fkshm-249x172.jpg\",\"datePublished\":\"2011-03-16T08:42:58+00:00\",\"dateModified\":\"2011-03-16T10:07:03+00:00\",\"author\":{\"@id\":\"https:\/\/konsumpf.de\/#\/schema\/person\/e595a6d286b26994e7e0926d70699070\"},\"breadcrumb\":{\"@id\":\"https:\/\/konsumpf.de\/?p=11236#breadcrumb\"},\"inLanguage\":\"de\",\"potentialAction\":[{\"@type\":\"ReadAction\",\"target\":[\"https:\/\/konsumpf.de\/?p=11236\"]}]},{\"@type\":\"ImageObject\",\"inLanguage\":\"de\",\"@id\":\"https:\/\/konsumpf.de\/?p=11236#primaryimage\",\"url\":\"https:\/\/konsumpf.de\/wp-content\/uploads\/2011\/03\/fkshm.jpg\",\"contentUrl\":\"https:\/\/konsumpf.de\/wp-content\/uploads\/2011\/03\/fkshm.jpg\",\"width\":\"580\",\"height\":\"400\"},{\"@type\":\"BreadcrumbList\",\"@id\":\"https:\/\/konsumpf.de\/?p=11236#breadcrumb\",\"itemListElement\":[{\"@type\":\"ListItem\",\"position\":1,\"name\":\"Startseite\",\"item\":\"https:\/\/konsumpf.de\/\"},{\"@type\":\"ListItem\",\"position\":2,\"name\":\"Lesetipps: Atomkraft Sonder-Edition\"}]},{\"@type\":\"WebSite\",\"@id\":\"https:\/\/konsumpf.de\/#website\",\"url\":\"https:\/\/konsumpf.de\/\",\"name\":\"Konsumpf - Forum f\u00fcr kreative Konsumkritik - Culture Jamming, Nachhaltigkeit, Konzernkritik, Adbusting\",\"description\":\"\",\"potentialAction\":[{\"@type\":\"SearchAction\",\"target\":{\"@type\":\"EntryPoint\",\"urlTemplate\":\"https:\/\/konsumpf.de\/?s={search_term_string}\"},\"query-input\":{\"@type\":\"PropertyValueSpecification\",\"valueRequired\":true,\"valueName\":\"search_term_string\"}}],\"inLanguage\":\"de\"},{\"@type\":\"Person\",\"@id\":\"https:\/\/konsumpf.de\/#\/schema\/person\/e595a6d286b26994e7e0926d70699070\",\"name\":\"Peter M.\",\"sameAs\":[\"http:\/\/konsumpf.de\"]}]}<\/script>\n<!-- \/ Yoast SEO plugin. -->","yoast_head_json":{"title":"Lesetipps: Atomkraft Sonder-Edition - Konsumpf - Forum f\u00fcr kreative Konsumkritik - Culture Jamming, Nachhaltigkeit, Konzernkritik, Adbusting","robots":{"index":"index","follow":"follow","max-snippet":"max-snippet:-1","max-image-preview":"max-image-preview:large","max-video-preview":"max-video-preview:-1"},"canonical":"https:\/\/konsumpf.de\/?p=11236","og_locale":"de_DE","og_type":"article","og_title":"Lesetipps: Atomkraft Sonder-Edition - Konsumpf - Forum f\u00fcr kreative Konsumkritik - Culture Jamming, Nachhaltigkeit, Konzernkritik, Adbusting","og_description":"Die atomare Katastrophe in Japan nimmt mittlerweile offenbar traurigerweise die grauenhaften Dimensionen an, die mancher am Wochenende, als die erste Nachrichten \u00fcber die Probleme im Reaktor Fukushima 1 durchsickerten, bereits bef\u00fcrchtete. Nun betreibe ich hier keinen Nachrichtenblog und will keinen Ticker f\u00fcr die neuesten Entwicklungen vor Ort bieten, aber da dieses Ungl\u00fcck logischerweise die Medien [&hellip;]","og_url":"https:\/\/konsumpf.de\/?p=11236","og_site_name":"Konsumpf - Forum f\u00fcr kreative Konsumkritik - Culture Jamming, Nachhaltigkeit, Konzernkritik, Adbusting","article_published_time":"2011-03-16T08:42:58+00:00","article_modified_time":"2011-03-16T10:07:03+00:00","og_image":[{"url":"http:\/\/konsumpf.de\/wp-content\/uploads\/2011\/03\/fkshm-249x172.jpg","type":"","width":"","height":""}],"author":"Peter M.","twitter_card":"summary_large_image","twitter_misc":{"Verfasst von":"Peter M.","Gesch\u00e4tzte Lesezeit":"10\u00a0Minuten"},"schema":{"@context":"https:\/\/schema.org","@graph":[{"@type":"WebPage","@id":"https:\/\/konsumpf.de\/?p=11236","url":"https:\/\/konsumpf.de\/?p=11236","name":"Lesetipps: Atomkraft Sonder-Edition - Konsumpf - Forum f\u00fcr kreative Konsumkritik - Culture Jamming, Nachhaltigkeit, Konzernkritik, Adbusting","isPartOf":{"@id":"https:\/\/konsumpf.de\/#website"},"primaryImageOfPage":{"@id":"https:\/\/konsumpf.de\/?p=11236#primaryimage"},"image":{"@id":"https:\/\/konsumpf.de\/?p=11236#primaryimage"},"thumbnailUrl":"http:\/\/konsumpf.de\/wp-content\/uploads\/2011\/03\/fkshm-249x172.jpg","datePublished":"2011-03-16T08:42:58+00:00","dateModified":"2011-03-16T10:07:03+00:00","author":{"@id":"https:\/\/konsumpf.de\/#\/schema\/person\/e595a6d286b26994e7e0926d70699070"},"breadcrumb":{"@id":"https:\/\/konsumpf.de\/?p=11236#breadcrumb"},"inLanguage":"de","potentialAction":[{"@type":"ReadAction","target":["https:\/\/konsumpf.de\/?p=11236"]}]},{"@type":"ImageObject","inLanguage":"de","@id":"https:\/\/konsumpf.de\/?p=11236#primaryimage","url":"https:\/\/konsumpf.de\/wp-content\/uploads\/2011\/03\/fkshm.jpg","contentUrl":"https:\/\/konsumpf.de\/wp-content\/uploads\/2011\/03\/fkshm.jpg","width":"580","height":"400"},{"@type":"BreadcrumbList","@id":"https:\/\/konsumpf.de\/?p=11236#breadcrumb","itemListElement":[{"@type":"ListItem","position":1,"name":"Startseite","item":"https:\/\/konsumpf.de\/"},{"@type":"ListItem","position":2,"name":"Lesetipps: Atomkraft Sonder-Edition"}]},{"@type":"WebSite","@id":"https:\/\/konsumpf.de\/#website","url":"https:\/\/konsumpf.de\/","name":"Konsumpf - Forum f\u00fcr kreative Konsumkritik - Culture Jamming, Nachhaltigkeit, Konzernkritik, Adbusting","description":"","potentialAction":[{"@type":"SearchAction","target":{"@type":"EntryPoint","urlTemplate":"https:\/\/konsumpf.de\/?s={search_term_string}"},"query-input":{"@type":"PropertyValueSpecification","valueRequired":true,"valueName":"search_term_string"}}],"inLanguage":"de"},{"@type":"Person","@id":"https:\/\/konsumpf.de\/#\/schema\/person\/e595a6d286b26994e7e0926d70699070","name":"Peter M.","sameAs":["http:\/\/konsumpf.de"]}]}},"_links":{"self":[{"href":"https:\/\/konsumpf.de\/index.php?rest_route=\/wp\/v2\/posts\/11236"}],"collection":[{"href":"https:\/\/konsumpf.de\/index.php?rest_route=\/wp\/v2\/posts"}],"about":[{"href":"https:\/\/konsumpf.de\/index.php?rest_route=\/wp\/v2\/types\/post"}],"author":[{"embeddable":true,"href":"https:\/\/konsumpf.de\/index.php?rest_route=\/wp\/v2\/users\/1"}],"replies":[{"embeddable":true,"href":"https:\/\/konsumpf.de\/index.php?rest_route=%2Fwp%2Fv2%2Fcomments&post=11236"}],"version-history":[{"count":21,"href":"https:\/\/konsumpf.de\/index.php?rest_route=\/wp\/v2\/posts\/11236\/revisions"}],"predecessor-version":[{"id":11261,"href":"https:\/\/konsumpf.de\/index.php?rest_route=\/wp\/v2\/posts\/11236\/revisions\/11261"}],"wp:attachment":[{"href":"https:\/\/konsumpf.de\/index.php?rest_route=%2Fwp%2Fv2%2Fmedia&parent=11236"}],"wp:term":[{"taxonomy":"category","embeddable":true,"href":"https:\/\/konsumpf.de\/index.php?rest_route=%2Fwp%2Fv2%2Fcategories&post=11236"},{"taxonomy":"post_tag","embeddable":true,"href":"https:\/\/konsumpf.de\/index.php?rest_route=%2Fwp%2Fv2%2Ftags&post=11236"}],"curies":[{"name":"wp","href":"https:\/\/api.w.org\/{rel}","templated":true}]}}